{"id":497,"date":"2015-01-28T14:39:37","date_gmt":"2015-01-28T13:39:37","guid":{"rendered":"http:\/\/wp.kristdemokraterna.se\/kalmarlan\/?p=497"},"modified":"2015-01-28T14:39:37","modified_gmt":"2015-01-28T13:39:37","slug":"sjukskoterskejobb-i-sverige-maste-bli-mer-attraktivt","status":"publish","type":"post","link":"https:\/\/wp.kristdemokraterna.se\/kalmarlan\/sjukskoterskejobb-i-sverige-maste-bli-mer-attraktivt\/","title":{"rendered":"Sjuksk\u00f6terskejobb i Sverige m\u00e5ste bli mer attraktivt!"},"content":{"rendered":"<p><strong>Det \u00e4r illavarslande att bristen p\u00e5 sjuksk\u00f6terskor nu \u00e4r s\u00e5 stor p\u00e5 V\u00e4sterviks sjukhus, att man inte klarar av att h\u00e5lla alla v\u00e5rdplatser \u00f6ppna ens under vinterhalv\u00e5ret. Det inger farh\u00e5gor om \u00e4nnu st\u00f6rre neddragningar till sommaren. Det s\u00e4ger Gudrun Bruneg\u00e5rd, Kristdemokraterna, med anledning av beskedet att \u00e5tta platser p\u00e5 medicinavdelning 5 kommer att st\u00e4ngas. <\/strong><\/p>\n<p>&#8211; Det minskade antalet v\u00e5rdplatser kommer sannolikt inneb\u00e4ra att man m\u00e5ste vara \u00e4nnu sjukare f\u00f6r att bli inlagd och att v\u00e5rdtiderna blir \u00e4nnu kortare \u00e4n idag, med risk att patienter skickas hem tidigare \u00e4n vad som egentligen \u00e4r medicinskt s\u00e4kert. Med tanke p\u00e5 att V\u00e4sterviks sjukhus redan har en slimmad kostym och korta v\u00e5rdtider \u00e4r risken uppenbar att de mest sk\u00f6ra \u00e4ldre patienterna kommer att drabbas, s\u00e4ger Gudrun Bruneg\u00e5rd (KD).<\/p>\n<p>Sjuksk\u00f6terskebristen \u00e4r stor i hela landet, vilket Dagens Samh\u00e4lles temanummer den 18 december visar. Enligt den saknas 46 sjuksk\u00f6terskor i Landstinget i Kalmar l\u00e4n. I praktiken \u00e4r det \u00e4nnu fler sjuksk\u00f6terskor som saknas i l\u00e4net, eftersom flera kommuner ocks\u00e5 har vakanser. <\/p>\n<p>&#8211; Det \u00e4r bra att sjuksk\u00f6terskeutbildningen kommit ig\u00e5ng igen i norra l\u00e4nsdelen, men det r\u00e4cker inte. Idag kan sjuksk\u00f6terskor v\u00e4lja mellan att arbeta i landstinget, kommunen, hos privata v\u00e5rdgivare eller i bemanningsf\u00f6retag. M\u00e5nga sjuksk\u00f6terskor s\u00f6ker sig ocks\u00e5 till Norge, d\u00e4r man kan tj\u00e4na 10,000 kronor mer i m\u00e5naden. Varje \u00e5r ans\u00f6ker motsvarande en tredjedel av det antal som tagit svensk sjuksk\u00f6terskeexamen om norsk legitimation. Det st\u00e4ller stora krav p\u00e5 landstingen att kunna erbjuda en s\u00e5 mycket b\u00e4ttre arbetsmilj\u00f6 och bem\u00f6tande i s\u00e5dan konkurrens, s\u00e4ger Gudrun Bruneg\u00e5rd (KD). <\/p>\n<p>&#8211; Landstinget har allts\u00e5 en stor utmaning, b\u00e5de p\u00e5 kort och l\u00e5ng sikt, att rekrytera och beh\u00e5lla sin personal. Det m\u00e5ste med n\u00f6dv\u00e4ndighet bli mer attraktivt att jobba som sjuksk\u00f6terska i Sverige \u2013 och i landstinget i Kalmar l\u00e4n, avslutar Gudrun Bruneg\u00e5rd (KD). <\/p>\n<p><a href=\"http:\/\/wp.kristdemokraterna.se\/kalmarlan\/files\/2015\/01\/img_3468.jpg\"><img decoding=\"async\" src=\"http:\/\/wp.kristdemokraterna.se\/kalmarlan\/files\/2015\/01\/img_3468.jpg\" alt=\"img_3468.jpg\" class=\"alignnone size-full\" \/><\/a><\/p>\n","protected":false},"excerpt":{"rendered":"<p>Det \u00e4r illavarslande att bristen p\u00e5 sjuksk\u00f6terskor nu \u00e4r s\u00e5 stor p\u00e5 V\u00e4sterviks sjukhus, att man inte klarar av att h\u00e5lla alla v\u00e5rdplatser \u00f6ppna ens under vinterhalv\u00e5ret. Det inger farh\u00e5gor om \u00e4nnu st\u00f6rre neddragningar till sommaren. Det s\u00e4ger Gudrun Bruneg\u00e5rd, Kristdemokraterna, med anledning av beskedet att \u00e5tta platser p\u00e5 medicinavdelning 5 kommer att st\u00e4ngas. &#8211; <a class=\"read-more-link\" href=\"https:\/\/wp.kristdemokraterna.se\/kalmarlan\/sjukskoterskejobb-i-sverige-maste-bli-mer-attraktivt\/\">Read More<\/a><\/p>\n","protected":false},"author":417,"featured_media":496,"comment_status":"open","ping_status":"open","sticky":false,"template":"","format":"standard","meta":{"_acf_changed":false,"footnotes":""},"categories":[1],"tags":[],"class_list":["post-497","post","type-post","status-publish","format-standard","has-post-thumbnail","hentry","category-okategoriserade"],"acf":[],"yoast_head":"<!-- This site is optimized with the Yoast SEO plugin v27.4 - https:\/\/yoast.com\/product\/yoast-seo-wordpress\/ -->\n<title>Sjuksk\u00f6terskejobb i Sverige m\u00e5ste bli mer attraktivt! - i Kalmar l\u00e4n<\/title>\n<meta name=\"robots\" content=\"index, follow, max-snippet:-1, max-image-preview:large, max-video-preview:-1\" \/>\n<link rel=\"canonical\" href=\"https:\/\/wp.kristdemokraterna.se\/kalmarlan\/sjukskoterskejobb-i-sverige-maste-bli-mer-attraktivt\/\" \/>\n<meta property=\"og:locale\" content=\"sv_SE\" \/>\n<meta property=\"og:type\" content=\"article\" \/>\n<meta property=\"og:title\" content=\"Sjuksk\u00f6terskejobb i Sverige m\u00e5ste bli mer attraktivt! - i Kalmar l\u00e4n\" \/>\n<meta property=\"og:description\" content=\"Det \u00e4r illavarslande att bristen p\u00e5 sjuksk\u00f6terskor nu \u00e4r s\u00e5 stor p\u00e5 V\u00e4sterviks sjukhus, att man inte klarar av att h\u00e5lla alla v\u00e5rdplatser \u00f6ppna ens under vinterhalv\u00e5ret. Det inger farh\u00e5gor om \u00e4nnu st\u00f6rre neddragningar till sommaren. Det s\u00e4ger Gudrun Bruneg\u00e5rd, Kristdemokraterna, med anledning av beskedet att \u00e5tta platser p\u00e5 medicinavdelning 5 kommer att st\u00e4ngas. &#8211; Read More\" \/>\n<meta property=\"og:url\" content=\"https:\/\/wp.kristdemokraterna.se\/kalmarlan\/sjukskoterskejobb-i-sverige-maste-bli-mer-attraktivt\/\" \/>\n<meta property=\"og:site_name\" content=\"i Kalmar l\u00e4n\" \/>\n<meta property=\"article:published_time\" content=\"2015-01-28T13:39:37+00:00\" \/>\n<meta property=\"og:image\" content=\"https:\/\/wp.kristdemokraterna.se\/kalmarlan\/files\/2015\/01\/img_3465.jpg\" \/>\n\t<meta property=\"og:image:width\" content=\"2250\" \/>\n\t<meta property=\"og:image:height\" content=\"3000\" \/>\n\t<meta property=\"og:image:type\" content=\"image\/jpeg\" \/>\n<meta name=\"author\" content=\"kalmarlan\" \/>\n<meta name=\"twitter:card\" content=\"summary_large_image\" \/>\n<meta name=\"twitter:label1\" content=\"Skriven av\" \/>\n\t<meta name=\"twitter:data1\" content=\"kalmarlan\" \/>\n\t<meta name=\"twitter:label2\" content=\"Ber\u00e4knad l\u00e4stid\" \/>\n\t<meta name=\"twitter:data2\" content=\"2 minuter\" \/>\n<script type=\"application\/ld+json\" class=\"yoast-schema-graph\">{\"@context\":\"https:\\\/\\\/schema.org\",\"@graph\":[{\"@type\":\"Article\",\"@id\":\"https:\\\/\\\/wp.kristdemokraterna.se\\\/kalmarlan\\\/sjukskoterskejobb-i-sverige-maste-bli-mer-attraktivt\\\/#article\",\"isPartOf\":{\"@id\":\"https:\\\/\\\/wp.kristdemokraterna.se\\\/kalmarlan\\\/sjukskoterskejobb-i-sverige-maste-bli-mer-attraktivt\\\/\"},\"author\":{\"name\":\"kalmarlan\",\"@id\":\"https:\\\/\\\/wp.kristdemokraterna.se\\\/kalmarlan\\\/#\\\/schema\\\/person\\\/a1856739934bf9c6a11fb258646ea2a5\"},\"headline\":\"Sjuksk\u00f6terskejobb i Sverige m\u00e5ste bli mer attraktivt!\",\"datePublished\":\"2015-01-28T13:39:37+00:00\",\"mainEntityOfPage\":{\"@id\":\"https:\\\/\\\/wp.kristdemokraterna.se\\\/kalmarlan\\\/sjukskoterskejobb-i-sverige-maste-bli-mer-attraktivt\\\/\"},\"wordCount\":357,\"commentCount\":0,\"image\":{\"@id\":\"https:\\\/\\\/wp.kristdemokraterna.se\\\/kalmarlan\\\/sjukskoterskejobb-i-sverige-maste-bli-mer-attraktivt\\\/#primaryimage\"},\"thumbnailUrl\":\"https:\\\/\\\/wp.kristdemokraterna.se\\\/kalmarlan\\\/files\\\/2015\\\/01\\\/img_3465.jpg\",\"inLanguage\":\"sv-SE\"},{\"@type\":\"WebPage\",\"@id\":\"https:\\\/\\\/wp.kristdemokraterna.se\\\/kalmarlan\\\/sjukskoterskejobb-i-sverige-maste-bli-mer-attraktivt\\\/\",\"url\":\"https:\\\/\\\/wp.kristdemokraterna.se\\\/kalmarlan\\\/sjukskoterskejobb-i-sverige-maste-bli-mer-attraktivt\\\/\",\"name\":\"Sjuksk\u00f6terskejobb i Sverige m\u00e5ste bli mer attraktivt! - i Kalmar l\u00e4n\",\"isPartOf\":{\"@id\":\"https:\\\/\\\/wp.kristdemokraterna.se\\\/kalmarlan\\\/#website\"},\"primaryImageOfPage\":{\"@id\":\"https:\\\/\\\/wp.kristdemokraterna.se\\\/kalmarlan\\\/sjukskoterskejobb-i-sverige-maste-bli-mer-attraktivt\\\/#primaryimage\"},\"image\":{\"@id\":\"https:\\\/\\\/wp.kristdemokraterna.se\\\/kalmarlan\\\/sjukskoterskejobb-i-sverige-maste-bli-mer-attraktivt\\\/#primaryimage\"},\"thumbnailUrl\":\"https:\\\/\\\/wp.kristdemokraterna.se\\\/kalmarlan\\\/files\\\/2015\\\/01\\\/img_3465.jpg\",\"datePublished\":\"2015-01-28T13:39:37+00:00\",\"author\":{\"@id\":\"https:\\\/\\\/wp.kristdemokraterna.se\\\/kalmarlan\\\/#\\\/schema\\\/person\\\/a1856739934bf9c6a11fb258646ea2a5\"},\"breadcrumb\":{\"@id\":\"https:\\\/\\\/wp.kristdemokraterna.se\\\/kalmarlan\\\/sjukskoterskejobb-i-sverige-maste-bli-mer-attraktivt\\\/#breadcrumb\"},\"inLanguage\":\"sv-SE\",\"potentialAction\":[{\"@type\":\"ReadAction\",\"target\":[\"https:\\\/\\\/wp.kristdemokraterna.se\\\/kalmarlan\\\/sjukskoterskejobb-i-sverige-maste-bli-mer-attraktivt\\\/\"]}]},{\"@type\":\"ImageObject\",\"inLanguage\":\"sv-SE\",\"@id\":\"https:\\\/\\\/wp.kristdemokraterna.se\\\/kalmarlan\\\/sjukskoterskejobb-i-sverige-maste-bli-mer-attraktivt\\\/#primaryimage\",\"url\":\"https:\\\/\\\/wp.kristdemokraterna.se\\\/kalmarlan\\\/files\\\/2015\\\/01\\\/img_3465.jpg\",\"contentUrl\":\"https:\\\/\\\/wp.kristdemokraterna.se\\\/kalmarlan\\\/files\\\/2015\\\/01\\\/img_3465.jpg\",\"width\":2250,\"height\":3000},{\"@type\":\"BreadcrumbList\",\"@id\":\"https:\\\/\\\/wp.kristdemokraterna.se\\\/kalmarlan\\\/sjukskoterskejobb-i-sverige-maste-bli-mer-attraktivt\\\/#breadcrumb\",\"itemListElement\":[{\"@type\":\"ListItem\",\"position\":1,\"name\":\"Hem\",\"item\":\"https:\\\/\\\/wp.kristdemokraterna.se\\\/kalmarlan\\\/\"},{\"@type\":\"ListItem\",\"position\":2,\"name\":\"Sjuksk\u00f6terskejobb i Sverige m\u00e5ste bli mer attraktivt!\"}]},{\"@type\":\"WebSite\",\"@id\":\"https:\\\/\\\/wp.kristdemokraterna.se\\\/kalmarlan\\\/#website\",\"url\":\"https:\\\/\\\/wp.kristdemokraterna.se\\\/kalmarlan\\\/\",\"name\":\"i Kalmar l\u00e4n\",\"description\":\"\",\"inLanguage\":\"sv-SE\"},{\"@type\":\"Person\",\"@id\":\"https:\\\/\\\/wp.kristdemokraterna.se\\\/kalmarlan\\\/#\\\/schema\\\/person\\\/a1856739934bf9c6a11fb258646ea2a5\",\"name\":\"kalmarlan\",\"image\":{\"@type\":\"ImageObject\",\"inLanguage\":\"sv-SE\",\"@id\":\"https:\\\/\\\/secure.gravatar.com\\\/avatar\\\/ef1f7dcd1b21be34f0f3e58a032955c2de43794b20090a23118cd0e2a8964e6e?s=96&r=g\",\"url\":\"https:\\\/\\\/secure.gravatar.com\\\/avatar\\\/ef1f7dcd1b21be34f0f3e58a032955c2de43794b20090a23118cd0e2a8964e6e?s=96&r=g\",\"contentUrl\":\"https:\\\/\\\/secure.gravatar.com\\\/avatar\\\/ef1f7dcd1b21be34f0f3e58a032955c2de43794b20090a23118cd0e2a8964e6e?s=96&r=g\",\"caption\":\"kalmarlan\"},\"url\":\"https:\\\/\\\/wp.kristdemokraterna.se\\\/kalmarlan\\\/author\\\/kalmarlan\\\/\"}]}<\/script>\n<!-- \/ Yoast SEO plugin. -->","yoast_head_json":{"title":"Sjuksk\u00f6terskejobb i Sverige m\u00e5ste bli mer attraktivt! - i Kalmar l\u00e4n","robots":{"index":"index","follow":"follow","max-snippet":"max-snippet:-1","max-image-preview":"max-image-preview:large","max-video-preview":"max-video-preview:-1"},"canonical":"https:\/\/wp.kristdemokraterna.se\/kalmarlan\/sjukskoterskejobb-i-sverige-maste-bli-mer-attraktivt\/","og_locale":"sv_SE","og_type":"article","og_title":"Sjuksk\u00f6terskejobb i Sverige m\u00e5ste bli mer attraktivt! - i Kalmar l\u00e4n","og_description":"Det \u00e4r illavarslande att bristen p\u00e5 sjuksk\u00f6terskor nu \u00e4r s\u00e5 stor p\u00e5 V\u00e4sterviks sjukhus, att man inte klarar av att h\u00e5lla alla v\u00e5rdplatser \u00f6ppna ens under vinterhalv\u00e5ret. Det inger farh\u00e5gor om \u00e4nnu st\u00f6rre neddragningar till sommaren. Det s\u00e4ger Gudrun Bruneg\u00e5rd, Kristdemokraterna, med anledning av beskedet att \u00e5tta platser p\u00e5 medicinavdelning 5 kommer att st\u00e4ngas. &#8211; Read More","og_url":"https:\/\/wp.kristdemokraterna.se\/kalmarlan\/sjukskoterskejobb-i-sverige-maste-bli-mer-attraktivt\/","og_site_name":"i Kalmar l\u00e4n","article_published_time":"2015-01-28T13:39:37+00:00","og_image":[{"width":2250,"height":3000,"url":"https:\/\/wp.kristdemokraterna.se\/kalmarlan\/files\/2015\/01\/img_3465.jpg","type":"image\/jpeg"}],"author":"kalmarlan","twitter_card":"summary_large_image","twitter_misc":{"Skriven av":"kalmarlan","Ber\u00e4knad l\u00e4stid":"2 minuter"},"schema":{"@context":"https:\/\/schema.org","@graph":[{"@type":"Article","@id":"https:\/\/wp.kristdemokraterna.se\/kalmarlan\/sjukskoterskejobb-i-sverige-maste-bli-mer-attraktivt\/#article","isPartOf":{"@id":"https:\/\/wp.kristdemokraterna.se\/kalmarlan\/sjukskoterskejobb-i-sverige-maste-bli-mer-attraktivt\/"},"author":{"name":"kalmarlan","@id":"https:\/\/wp.kristdemokraterna.se\/kalmarlan\/#\/schema\/person\/a1856739934bf9c6a11fb258646ea2a5"},"headline":"Sjuksk\u00f6terskejobb i Sverige m\u00e5ste bli mer attraktivt!","datePublished":"2015-01-28T13:39:37+00:00","mainEntityOfPage":{"@id":"https:\/\/wp.kristdemokraterna.se\/kalmarlan\/sjukskoterskejobb-i-sverige-maste-bli-mer-attraktivt\/"},"wordCount":357,"commentCount":0,"image":{"@id":"https:\/\/wp.kristdemokraterna.se\/kalmarlan\/sjukskoterskejobb-i-sverige-maste-bli-mer-attraktivt\/#primaryimage"},"thumbnailUrl":"https:\/\/wp.kristdemokraterna.se\/kalmarlan\/files\/2015\/01\/img_3465.jpg","inLanguage":"sv-SE"},{"@type":"WebPage","@id":"https:\/\/wp.kristdemokraterna.se\/kalmarlan\/sjukskoterskejobb-i-sverige-maste-bli-mer-attraktivt\/","url":"https:\/\/wp.kristdemokraterna.se\/kalmarlan\/sjukskoterskejobb-i-sverige-maste-bli-mer-attraktivt\/","name":"Sjuksk\u00f6terskejobb i Sverige m\u00e5ste bli mer attraktivt! - i Kalmar l\u00e4n","isPartOf":{"@id":"https:\/\/wp.kristdemokraterna.se\/kalmarlan\/#website"},"primaryImageOfPage":{"@id":"https:\/\/wp.kristdemokraterna.se\/kalmarlan\/sjukskoterskejobb-i-sverige-maste-bli-mer-attraktivt\/#primaryimage"},"image":{"@id":"https:\/\/wp.kristdemokraterna.se\/kalmarlan\/sjukskoterskejobb-i-sverige-maste-bli-mer-attraktivt\/#primaryimage"},"thumbnailUrl":"https:\/\/wp.kristdemokraterna.se\/kalmarlan\/files\/2015\/01\/img_3465.jpg","datePublished":"2015-01-28T13:39:37+00:00","author":{"@id":"https:\/\/wp.kristdemokraterna.se\/kalmarlan\/#\/schema\/person\/a1856739934bf9c6a11fb258646ea2a5"},"breadcrumb":{"@id":"https:\/\/wp.kristdemokraterna.se\/kalmarlan\/sjukskoterskejobb-i-sverige-maste-bli-mer-attraktivt\/#breadcrumb"},"inLanguage":"sv-SE","potentialAction":[{"@type":"ReadAction","target":["https:\/\/wp.kristdemokraterna.se\/kalmarlan\/sjukskoterskejobb-i-sverige-maste-bli-mer-attraktivt\/"]}]},{"@type":"ImageObject","inLanguage":"sv-SE","@id":"https:\/\/wp.kristdemokraterna.se\/kalmarlan\/sjukskoterskejobb-i-sverige-maste-bli-mer-attraktivt\/#primaryimage","url":"https:\/\/wp.kristdemokraterna.se\/kalmarlan\/files\/2015\/01\/img_3465.jpg","contentUrl":"https:\/\/wp.kristdemokraterna.se\/kalmarlan\/files\/2015\/01\/img_3465.jpg","width":2250,"height":3000},{"@type":"BreadcrumbList","@id":"https:\/\/wp.kristdemokraterna.se\/kalmarlan\/sjukskoterskejobb-i-sverige-maste-bli-mer-attraktivt\/#breadcrumb","itemListElement":[{"@type":"ListItem","position":1,"name":"Hem","item":"https:\/\/wp.kristdemokraterna.se\/kalmarlan\/"},{"@type":"ListItem","position":2,"name":"Sjuksk\u00f6terskejobb i Sverige m\u00e5ste bli mer attraktivt!"}]},{"@type":"WebSite","@id":"https:\/\/wp.kristdemokraterna.se\/kalmarlan\/#website","url":"https:\/\/wp.kristdemokraterna.se\/kalmarlan\/","name":"i Kalmar l\u00e4n","description":"","inLanguage":"sv-SE"},{"@type":"Person","@id":"https:\/\/wp.kristdemokraterna.se\/kalmarlan\/#\/schema\/person\/a1856739934bf9c6a11fb258646ea2a5","name":"kalmarlan","image":{"@type":"ImageObject","inLanguage":"sv-SE","@id":"https:\/\/secure.gravatar.com\/avatar\/ef1f7dcd1b21be34f0f3e58a032955c2de43794b20090a23118cd0e2a8964e6e?s=96&r=g","url":"https:\/\/secure.gravatar.com\/avatar\/ef1f7dcd1b21be34f0f3e58a032955c2de43794b20090a23118cd0e2a8964e6e?s=96&r=g","contentUrl":"https:\/\/secure.gravatar.com\/avatar\/ef1f7dcd1b21be34f0f3e58a032955c2de43794b20090a23118cd0e2a8964e6e?s=96&r=g","caption":"kalmarlan"},"url":"https:\/\/wp.kristdemokraterna.se\/kalmarlan\/author\/kalmarlan\/"}]}},"_links":{"self":[{"href":"https:\/\/wp.kristdemokraterna.se\/kalmarlan\/wp-json\/wp\/v2\/posts\/497","targetHints":{"allow":["GET"]}}],"collection":[{"href":"https:\/\/wp.kristdemokraterna.se\/kalmarlan\/wp-json\/wp\/v2\/posts"}],"about":[{"href":"https:\/\/wp.kristdemokraterna.se\/kalmarlan\/wp-json\/wp\/v2\/types\/post"}],"author":[{"embeddable":true,"href":"https:\/\/wp.kristdemokraterna.se\/kalmarlan\/wp-json\/wp\/v2\/users\/417"}],"replies":[{"embeddable":true,"href":"https:\/\/wp.kristdemokraterna.se\/kalmarlan\/wp-json\/wp\/v2\/comments?post=497"}],"version-history":[{"count":1,"href":"https:\/\/wp.kristdemokraterna.se\/kalmarlan\/wp-json\/wp\/v2\/posts\/497\/revisions"}],"predecessor-version":[{"id":498,"href":"https:\/\/wp.kristdemokraterna.se\/kalmarlan\/wp-json\/wp\/v2\/posts\/497\/revisions\/498"}],"wp:featuredmedia":[{"embeddable":true,"href":"https:\/\/wp.kristdemokraterna.se\/kalmarlan\/wp-json\/wp\/v2\/media\/496"}],"wp:attachment":[{"href":"https:\/\/wp.kristdemokraterna.se\/kalmarlan\/wp-json\/wp\/v2\/media?parent=497"}],"wp:term":[{"taxonomy":"category","embeddable":true,"href":"https:\/\/wp.kristdemokraterna.se\/kalmarlan\/wp-json\/wp\/v2\/categories?post=497"},{"taxonomy":"post_tag","embeddable":true,"href":"https:\/\/wp.kristdemokraterna.se\/kalmarlan\/wp-json\/wp\/v2\/tags?post=497"}],"curies":[{"name":"wp","href":"https:\/\/api.w.org\/{rel}","templated":true}]}}