{"id":499,"date":"2015-03-04T11:25:42","date_gmt":"2015-03-04T10:25:42","guid":{"rendered":"http:\/\/wp.kristdemokraterna.se\/kalmarlan\/?p=499"},"modified":"2015-03-04T11:25:42","modified_gmt":"2015-03-04T10:25:42","slug":"jamnt-lopp-i-kalmar-lan-men-overvikt-for-ebba","status":"publish","type":"post","link":"https:\/\/wp.kristdemokraterna.se\/kalmarlan\/jamnt-lopp-i-kalmar-lan-men-overvikt-for-ebba\/","title":{"rendered":"J\u00e4mnt lopp i Kalmar l\u00e4n, men \u00f6vervikt f\u00f6r Ebba!"},"content":{"rendered":"<p><em>Pressmeddelande<\/em><br \/>\n Kristdemokraternas distriktsstyrelse i Kalmar l\u00e4n hade under tisdagskv\u00e4llen ett sammantr\u00e4de d\u00e4r man tog st\u00e4llning till dom olika kandidaterna till partiledare. Diskussionen var livlig och argument f\u00f6r de tv\u00e5 huvudkandidaterna framf\u00f6rdes.<br \/>\n&#8211; Eftersom det under debatten framkom att det var ett relativt j\u00e4mnt lopp mellan Ebba och Jakob valde ordf\u00f6randen att utan votering sammanfatta kv\u00e4llens samtal och argumentation med att en majoritet f\u00f6rordar Ebba Busch Thor som partiledare. Samtidigt uttalades i detta l\u00e4ge f\u00f6rord f\u00f6r Jakob Forssmed som vice partiordf\u00f6rande. Detta blev den sammanfattning som distriktsstyrelsen st\u00e4llde sig bakom, s\u00e4ger Madeleine Rosenqvist, ombudsman f\u00f6r Kristdemokraterna i Kalmar l\u00e4n.<br \/>\nF\u00f6r oss \u00e4r det viktigaste att f\u00e5 ett starkt lag som kan leda v\u00e5rt parti fram\u00e5t och det uppn\u00e5r vi inte i f\u00f6rsta hand genom votering mellan olika kandidater. D\u00e4rf\u00f6r blev beslutet att informera valberedningen om denna sammanfattning av diskussionerna i v\u00e5r distriktsstyrelse, s\u00e4ger ombudsman Madeleine Rosenqvist.<br \/>\n&#8211; Jag vill uppmana valberedningen att g\u00f6ra en sammanv\u00e4gning av olika kompetenser f\u00f6r att uppn\u00e5 b\u00e4sta laguppst\u00e4llning i partistyrelsen, s\u00e4ger distriktsordf\u00f6rande Anders Andersson i en kommentar efter m\u00f6tet med Kalmar-distriktet d\u00e4r han sj\u00e4lv argumenterade f\u00f6r Jakob Forssmed som ny partiledare.<\/p>\n<p>F\u00f6r mer information kontakta<br \/>\nOmbudsman Madeleine Rosenqvist 070 &#8211; 221 14 87<br \/>\nDistriktsordf\u00f6rande Anders Andersson 070 &#8211; 249 82 12<\/p>\n","protected":false},"excerpt":{"rendered":"<p>Pressmeddelande Kristdemokraternas distriktsstyrelse i Kalmar l\u00e4n hade under tisdagskv\u00e4llen ett sammantr\u00e4de d\u00e4r man tog st\u00e4llning till dom olika kandidaterna till partiledare. Diskussionen var livlig och argument f\u00f6r de tv\u00e5 huvudkandidaterna framf\u00f6rdes. &#8211; Eftersom det under debatten framkom att det var ett relativt j\u00e4mnt lopp mellan Ebba och Jakob valde ordf\u00f6randen att utan votering sammanfatta kv\u00e4llens <a class=\"read-more-link\" href=\"https:\/\/wp.kristdemokraterna.se\/kalmarlan\/jamnt-lopp-i-kalmar-lan-men-overvikt-for-ebba\/\">Read More<\/a><\/p>\n","protected":false},"author":417,"featured_media":0,"comment_status":"open","ping_status":"open","sticky":false,"template":"","format":"standard","meta":{"_acf_changed":false,"footnotes":""},"categories":[1],"tags":[],"class_list":["post-499","post","type-post","status-publish","format-standard","hentry","category-okategoriserade"],"acf":[],"yoast_head":"<!-- This site is optimized with the Yoast SEO plugin v27.4 - https:\/\/yoast.com\/product\/yoast-seo-wordpress\/ -->\n<title>J\u00e4mnt lopp i Kalmar l\u00e4n, men \u00f6vervikt f\u00f6r Ebba! - i Kalmar l\u00e4n<\/title>\n<meta name=\"robots\" content=\"index, follow, max-snippet:-1, max-image-preview:large, max-video-preview:-1\" \/>\n<link rel=\"canonical\" href=\"https:\/\/wp.kristdemokraterna.se\/kalmarlan\/jamnt-lopp-i-kalmar-lan-men-overvikt-for-ebba\/\" \/>\n<meta property=\"og:locale\" content=\"sv_SE\" \/>\n<meta property=\"og:type\" content=\"article\" \/>\n<meta property=\"og:title\" content=\"J\u00e4mnt lopp i Kalmar l\u00e4n, men \u00f6vervikt f\u00f6r Ebba! - i Kalmar l\u00e4n\" \/>\n<meta property=\"og:description\" content=\"Pressmeddelande Kristdemokraternas distriktsstyrelse i Kalmar l\u00e4n hade under tisdagskv\u00e4llen ett sammantr\u00e4de d\u00e4r man tog st\u00e4llning till dom olika kandidaterna till partiledare. Diskussionen var livlig och argument f\u00f6r de tv\u00e5 huvudkandidaterna framf\u00f6rdes. &#8211; Eftersom det under debatten framkom att det var ett relativt j\u00e4mnt lopp mellan Ebba och Jakob valde ordf\u00f6randen att utan votering sammanfatta kv\u00e4llens Read More\" \/>\n<meta property=\"og:url\" content=\"https:\/\/wp.kristdemokraterna.se\/kalmarlan\/jamnt-lopp-i-kalmar-lan-men-overvikt-for-ebba\/\" \/>\n<meta property=\"og:site_name\" content=\"i Kalmar l\u00e4n\" \/>\n<meta property=\"article:published_time\" content=\"2015-03-04T10:25:42+00:00\" \/>\n<meta name=\"author\" content=\"kalmarlan\" \/>\n<meta name=\"twitter:card\" content=\"summary_large_image\" \/>\n<meta name=\"twitter:label1\" content=\"Skriven av\" \/>\n\t<meta name=\"twitter:data1\" content=\"kalmarlan\" \/>\n\t<meta name=\"twitter:label2\" content=\"Ber\u00e4knad l\u00e4stid\" \/>\n\t<meta name=\"twitter:data2\" content=\"1 minut\" \/>\n<script type=\"application\/ld+json\" class=\"yoast-schema-graph\">{\"@context\":\"https:\\\/\\\/schema.org\",\"@graph\":[{\"@type\":\"Article\",\"@id\":\"https:\\\/\\\/wp.kristdemokraterna.se\\\/kalmarlan\\\/jamnt-lopp-i-kalmar-lan-men-overvikt-for-ebba\\\/#article\",\"isPartOf\":{\"@id\":\"https:\\\/\\\/wp.kristdemokraterna.se\\\/kalmarlan\\\/jamnt-lopp-i-kalmar-lan-men-overvikt-for-ebba\\\/\"},\"author\":{\"name\":\"kalmarlan\",\"@id\":\"https:\\\/\\\/wp.kristdemokraterna.se\\\/kalmarlan\\\/#\\\/schema\\\/person\\\/a1856739934bf9c6a11fb258646ea2a5\"},\"headline\":\"J\u00e4mnt lopp i Kalmar l\u00e4n, men \u00f6vervikt f\u00f6r Ebba!\",\"datePublished\":\"2015-03-04T10:25:42+00:00\",\"mainEntityOfPage\":{\"@id\":\"https:\\\/\\\/wp.kristdemokraterna.se\\\/kalmarlan\\\/jamnt-lopp-i-kalmar-lan-men-overvikt-for-ebba\\\/\"},\"wordCount\":250,\"commentCount\":0,\"inLanguage\":\"sv-SE\"},{\"@type\":\"WebPage\",\"@id\":\"https:\\\/\\\/wp.kristdemokraterna.se\\\/kalmarlan\\\/jamnt-lopp-i-kalmar-lan-men-overvikt-for-ebba\\\/\",\"url\":\"https:\\\/\\\/wp.kristdemokraterna.se\\\/kalmarlan\\\/jamnt-lopp-i-kalmar-lan-men-overvikt-for-ebba\\\/\",\"name\":\"J\u00e4mnt lopp i Kalmar l\u00e4n, men \u00f6vervikt f\u00f6r Ebba! - i Kalmar l\u00e4n\",\"isPartOf\":{\"@id\":\"https:\\\/\\\/wp.kristdemokraterna.se\\\/kalmarlan\\\/#website\"},\"datePublished\":\"2015-03-04T10:25:42+00:00\",\"author\":{\"@id\":\"https:\\\/\\\/wp.kristdemokraterna.se\\\/kalmarlan\\\/#\\\/schema\\\/person\\\/a1856739934bf9c6a11fb258646ea2a5\"},\"breadcrumb\":{\"@id\":\"https:\\\/\\\/wp.kristdemokraterna.se\\\/kalmarlan\\\/jamnt-lopp-i-kalmar-lan-men-overvikt-for-ebba\\\/#breadcrumb\"},\"inLanguage\":\"sv-SE\",\"potentialAction\":[{\"@type\":\"ReadAction\",\"target\":[\"https:\\\/\\\/wp.kristdemokraterna.se\\\/kalmarlan\\\/jamnt-lopp-i-kalmar-lan-men-overvikt-for-ebba\\\/\"]}]},{\"@type\":\"BreadcrumbList\",\"@id\":\"https:\\\/\\\/wp.kristdemokraterna.se\\\/kalmarlan\\\/jamnt-lopp-i-kalmar-lan-men-overvikt-for-ebba\\\/#breadcrumb\",\"itemListElement\":[{\"@type\":\"ListItem\",\"position\":1,\"name\":\"Hem\",\"item\":\"https:\\\/\\\/wp.kristdemokraterna.se\\\/kalmarlan\\\/\"},{\"@type\":\"ListItem\",\"position\":2,\"name\":\"J\u00e4mnt lopp i Kalmar l\u00e4n, men \u00f6vervikt f\u00f6r Ebba!\"}]},{\"@type\":\"WebSite\",\"@id\":\"https:\\\/\\\/wp.kristdemokraterna.se\\\/kalmarlan\\\/#website\",\"url\":\"https:\\\/\\\/wp.kristdemokraterna.se\\\/kalmarlan\\\/\",\"name\":\"i Kalmar l\u00e4n\",\"description\":\"\",\"inLanguage\":\"sv-SE\"},{\"@type\":\"Person\",\"@id\":\"https:\\\/\\\/wp.kristdemokraterna.se\\\/kalmarlan\\\/#\\\/schema\\\/person\\\/a1856739934bf9c6a11fb258646ea2a5\",\"name\":\"kalmarlan\",\"image\":{\"@type\":\"ImageObject\",\"inLanguage\":\"sv-SE\",\"@id\":\"https:\\\/\\\/secure.gravatar.com\\\/avatar\\\/ef1f7dcd1b21be34f0f3e58a032955c2de43794b20090a23118cd0e2a8964e6e?s=96&r=g\",\"url\":\"https:\\\/\\\/secure.gravatar.com\\\/avatar\\\/ef1f7dcd1b21be34f0f3e58a032955c2de43794b20090a23118cd0e2a8964e6e?s=96&r=g\",\"contentUrl\":\"https:\\\/\\\/secure.gravatar.com\\\/avatar\\\/ef1f7dcd1b21be34f0f3e58a032955c2de43794b20090a23118cd0e2a8964e6e?s=96&r=g\",\"caption\":\"kalmarlan\"},\"url\":\"https:\\\/\\\/wp.kristdemokraterna.se\\\/kalmarlan\\\/author\\\/kalmarlan\\\/\"}]}<\/script>\n<!-- \/ Yoast SEO plugin. -->","yoast_head_json":{"title":"J\u00e4mnt lopp i Kalmar l\u00e4n, men \u00f6vervikt f\u00f6r Ebba! - i Kalmar l\u00e4n","robots":{"index":"index","follow":"follow","max-snippet":"max-snippet:-1","max-image-preview":"max-image-preview:large","max-video-preview":"max-video-preview:-1"},"canonical":"https:\/\/wp.kristdemokraterna.se\/kalmarlan\/jamnt-lopp-i-kalmar-lan-men-overvikt-for-ebba\/","og_locale":"sv_SE","og_type":"article","og_title":"J\u00e4mnt lopp i Kalmar l\u00e4n, men \u00f6vervikt f\u00f6r Ebba! - i Kalmar l\u00e4n","og_description":"Pressmeddelande Kristdemokraternas distriktsstyrelse i Kalmar l\u00e4n hade under tisdagskv\u00e4llen ett sammantr\u00e4de d\u00e4r man tog st\u00e4llning till dom olika kandidaterna till partiledare. Diskussionen var livlig och argument f\u00f6r de tv\u00e5 huvudkandidaterna framf\u00f6rdes. &#8211; Eftersom det under debatten framkom att det var ett relativt j\u00e4mnt lopp mellan Ebba och Jakob valde ordf\u00f6randen att utan votering sammanfatta kv\u00e4llens Read More","og_url":"https:\/\/wp.kristdemokraterna.se\/kalmarlan\/jamnt-lopp-i-kalmar-lan-men-overvikt-for-ebba\/","og_site_name":"i Kalmar l\u00e4n","article_published_time":"2015-03-04T10:25:42+00:00","author":"kalmarlan","twitter_card":"summary_large_image","twitter_misc":{"Skriven av":"kalmarlan","Ber\u00e4knad l\u00e4stid":"1 minut"},"schema":{"@context":"https:\/\/schema.org","@graph":[{"@type":"Article","@id":"https:\/\/wp.kristdemokraterna.se\/kalmarlan\/jamnt-lopp-i-kalmar-lan-men-overvikt-for-ebba\/#article","isPartOf":{"@id":"https:\/\/wp.kristdemokraterna.se\/kalmarlan\/jamnt-lopp-i-kalmar-lan-men-overvikt-for-ebba\/"},"author":{"name":"kalmarlan","@id":"https:\/\/wp.kristdemokraterna.se\/kalmarlan\/#\/schema\/person\/a1856739934bf9c6a11fb258646ea2a5"},"headline":"J\u00e4mnt lopp i Kalmar l\u00e4n, men \u00f6vervikt f\u00f6r Ebba!","datePublished":"2015-03-04T10:25:42+00:00","mainEntityOfPage":{"@id":"https:\/\/wp.kristdemokraterna.se\/kalmarlan\/jamnt-lopp-i-kalmar-lan-men-overvikt-for-ebba\/"},"wordCount":250,"commentCount":0,"inLanguage":"sv-SE"},{"@type":"WebPage","@id":"https:\/\/wp.kristdemokraterna.se\/kalmarlan\/jamnt-lopp-i-kalmar-lan-men-overvikt-for-ebba\/","url":"https:\/\/wp.kristdemokraterna.se\/kalmarlan\/jamnt-lopp-i-kalmar-lan-men-overvikt-for-ebba\/","name":"J\u00e4mnt lopp i Kalmar l\u00e4n, men \u00f6vervikt f\u00f6r Ebba! - i Kalmar l\u00e4n","isPartOf":{"@id":"https:\/\/wp.kristdemokraterna.se\/kalmarlan\/#website"},"datePublished":"2015-03-04T10:25:42+00:00","author":{"@id":"https:\/\/wp.kristdemokraterna.se\/kalmarlan\/#\/schema\/person\/a1856739934bf9c6a11fb258646ea2a5"},"breadcrumb":{"@id":"https:\/\/wp.kristdemokraterna.se\/kalmarlan\/jamnt-lopp-i-kalmar-lan-men-overvikt-for-ebba\/#breadcrumb"},"inLanguage":"sv-SE","potentialAction":[{"@type":"ReadAction","target":["https:\/\/wp.kristdemokraterna.se\/kalmarlan\/jamnt-lopp-i-kalmar-lan-men-overvikt-for-ebba\/"]}]},{"@type":"BreadcrumbList","@id":"https:\/\/wp.kristdemokraterna.se\/kalmarlan\/jamnt-lopp-i-kalmar-lan-men-overvikt-for-ebba\/#breadcrumb","itemListElement":[{"@type":"ListItem","position":1,"name":"Hem","item":"https:\/\/wp.kristdemokraterna.se\/kalmarlan\/"},{"@type":"ListItem","position":2,"name":"J\u00e4mnt lopp i Kalmar l\u00e4n, men \u00f6vervikt f\u00f6r Ebba!"}]},{"@type":"WebSite","@id":"https:\/\/wp.kristdemokraterna.se\/kalmarlan\/#website","url":"https:\/\/wp.kristdemokraterna.se\/kalmarlan\/","name":"i Kalmar l\u00e4n","description":"","inLanguage":"sv-SE"},{"@type":"Person","@id":"https:\/\/wp.kristdemokraterna.se\/kalmarlan\/#\/schema\/person\/a1856739934bf9c6a11fb258646ea2a5","name":"kalmarlan","image":{"@type":"ImageObject","inLanguage":"sv-SE","@id":"https:\/\/secure.gravatar.com\/avatar\/ef1f7dcd1b21be34f0f3e58a032955c2de43794b20090a23118cd0e2a8964e6e?s=96&r=g","url":"https:\/\/secure.gravatar.com\/avatar\/ef1f7dcd1b21be34f0f3e58a032955c2de43794b20090a23118cd0e2a8964e6e?s=96&r=g","contentUrl":"https:\/\/secure.gravatar.com\/avatar\/ef1f7dcd1b21be34f0f3e58a032955c2de43794b20090a23118cd0e2a8964e6e?s=96&r=g","caption":"kalmarlan"},"url":"https:\/\/wp.kristdemokraterna.se\/kalmarlan\/author\/kalmarlan\/"}]}},"_links":{"self":[{"href":"https:\/\/wp.kristdemokraterna.se\/kalmarlan\/wp-json\/wp\/v2\/posts\/499","targetHints":{"allow":["GET"]}}],"collection":[{"href":"https:\/\/wp.kristdemokraterna.se\/kalmarlan\/wp-json\/wp\/v2\/posts"}],"about":[{"href":"https:\/\/wp.kristdemokraterna.se\/kalmarlan\/wp-json\/wp\/v2\/types\/post"}],"author":[{"embeddable":true,"href":"https:\/\/wp.kristdemokraterna.se\/kalmarlan\/wp-json\/wp\/v2\/users\/417"}],"replies":[{"embeddable":true,"href":"https:\/\/wp.kristdemokraterna.se\/kalmarlan\/wp-json\/wp\/v2\/comments?post=499"}],"version-history":[{"count":1,"href":"https:\/\/wp.kristdemokraterna.se\/kalmarlan\/wp-json\/wp\/v2\/posts\/499\/revisions"}],"predecessor-version":[{"id":500,"href":"https:\/\/wp.kristdemokraterna.se\/kalmarlan\/wp-json\/wp\/v2\/posts\/499\/revisions\/500"}],"wp:attachment":[{"href":"https:\/\/wp.kristdemokraterna.se\/kalmarlan\/wp-json\/wp\/v2\/media?parent=499"}],"wp:term":[{"taxonomy":"category","embeddable":true,"href":"https:\/\/wp.kristdemokraterna.se\/kalmarlan\/wp-json\/wp\/v2\/categories?post=499"},{"taxonomy":"post_tag","embeddable":true,"href":"https:\/\/wp.kristdemokraterna.se\/kalmarlan\/wp-json\/wp\/v2\/tags?post=499"}],"curies":[{"name":"wp","href":"https:\/\/api.w.org\/{rel}","templated":true}]}}