{"id":501,"date":"2015-03-16T07:57:59","date_gmt":"2015-03-16T06:57:59","guid":{"rendered":"http:\/\/wp.kristdemokraterna.se\/kalmarlan\/?p=501"},"modified":"2015-03-16T07:57:59","modified_gmt":"2015-03-16T06:57:59","slug":"kd-stamma-med-arbete-och-naringsliv-i-fokus","status":"publish","type":"post","link":"https:\/\/wp.kristdemokraterna.se\/kalmarlan\/kd-stamma-med-arbete-och-naringsliv-i-fokus\/","title":{"rendered":"KD-st\u00e4mma med arbete och n\u00e4ringsliv i fokus"},"content":{"rendered":"<p><strong>&#8211; Var och en ska ha r\u00e4tt att jobba hundra procent av sin f\u00f6rm\u00e5ga. Det finns personer med arbetshinder som fastnat i m\u00e5ng\u00e5riga sjukskrivningar. De kan ha viss arbetsf\u00f6rm\u00e5ga och skulle m\u00e5 bra av att under kanske n\u00e5gra timmar k\u00e4nna arbetsgemenskap och \u00f6ka sin ekonomiska sj\u00e4lvst\u00e4ndighet. Arbetsintegrerande sociala f\u00f6retag tar det sociala engagemanget p\u00e5 allvar och ger m\u00f6jlighet att arbetstr\u00e4na och hitta sin funktionsniv\u00e5.<br \/>\n <\/strong><br \/>\nDet sa riksdagsledamoten Penilla Gunther (KD) vid kristdemokraternas distriktsst\u00e4mma p\u00e5 Stensbergshemmet i Kalmar p\u00e5 l\u00f6rdagen.<\/p>\n<p>&#8211; L\u00e5t oss f\u00e5 forts\u00e4tta v\u00e4lja det vi \u00e4r kapabla att v\u00e4lja! R\u00e4tten att v\u00e4lja utf\u00f6rare i \u00e4ldreomsorgen \u00e4r lika sj\u00e4lvklar som r\u00e4tten att v\u00e4lja v\u00e5rdcentral eller mataff\u00e4r. Regeringens utredning om vinster i v\u00e4lf\u00e4rden \u00e4r ett hot mot den r\u00e4tten. Hur ska n\u00e5gon f\u00f6retagare v\u00e5ga anst\u00e4lla n\u00e5gon i det h\u00e4r l\u00e4get?<\/p>\n<p>&#8211; Vi beh\u00f6ver ett tankeskifte. Det ska inte bara vara naturligt att vara anst\u00e4lld, utan \u00e4ven att starta f\u00f6retag, avslutade Penilla Gunther.<br \/>\nMargreth Johansson, vice ordf\u00f6rande f\u00f6r KD Kalmar kommun, h\u00e4lsade v\u00e4lkomna. Vid st\u00e4mman uppvaktades distriktsordf\u00f6rande Anders Andersson, som fyllde 60 \u00e5r f\u00f6rra l\u00f6rdagen, med en alfabetdikt skaldad av Chatrine P\u00e5lsson Ahlgren, s\u00e5ng och ett bildspel med glimtar fr\u00e5n b\u00e5de familjeliv och politik. Jimmy Loord stod f\u00f6r s\u00e5ng och musik under st\u00e4mman.<\/p>\n<p>Distriktsstyrelsen best\u00e5r av Anders Andersson, J\u00e4rnforsen (ordf\u00f6rande), Chatrine P\u00e5lsson Ahlgren, M\u00f6nster\u00e5s (1:a vice ordf\u00f6rande), Jimmy Loord, Nybro (2:e vice ordf\u00f6rande), Eric Dickson, Kalmar (nyval), Gudrun Bruneg\u00e5rd, Vimmerby, \u00c5ke Nilsson, Hultsfred, Kerstin Lahi, V\u00e4stervik. Redan valda p\u00e5 tv\u00e5 \u00e5r 2014-2015 \u00e4r Elisabeth Englund, Oskarshamn, Marita Bj\u00f6rkvall, H\u00f6gsby, Christopher Dywik, Kalmar, Jonny Erlandsson, \u00d6land. Fyllnadsval p\u00e5 ett \u00e5r: Maud \u00c4rlebrant, V\u00e4stervik (nyval). Som ers\u00e4ttare p\u00e5 ett \u00e5r valdes Ola Gustafsson, Vimmerby, Torgny Karlsson, Emmaboda (nyval), Rebecka Englund, Oskarshamn (nyval), Mats Ohlsson, Tors\u00e5s, Margreth Johansson, Kalmar, Per-Eric Ohlsson, H\u00f6gsby, Jeanette Lindh, \u00d6land (nyval), Tobias Kallenryd, Nybro (nyval), Berit Sj\u00f6\u00f6, Oskarshamn.<\/p>\n<p>Vid st\u00e4mman valdes ocks\u00e5 ombud till riksting. De som f\u00e5r \u00e5ka till Stockholm och v\u00e4lja ny partiordf\u00f6rande och partistyrelse den 25 april \u00e4r Anders Andersson, Chatrine P\u00e5lsson Ahlgren, Jimmy Loord, Lars Elmborg, Gudrun Bruneg\u00e5rd, Madeleine Rosenqvist, Eric Dicksson, Jonny Erlandsson, Christopher Dywik, Kerstin Lahi och Rebecka Englund. Ers\u00e4ttare \u00e4r Ola Gustafsson, Maud \u00c4rlebrant, \u00c5ke Nilsson, Gull-Britt Hellborg, Ingemar Lennartsson, Christian Nytorpet, Arne Sj\u00f6gren, Mats Ohlsson, Margreth Johansson, Tuva Bojstedt och Sven Weckfors. Samma personer ska representera Kalmar l\u00e4n vid ordinarie riksting, som h\u00e5lls i V\u00e4ster\u00e5s i oktober.<\/p>\n<p>Tjugo motioner till h\u00f6stens riksting behandlades. De flitigaste motion\u00e4rerna var Gudrun Bruneg\u00e5rd, som ensam eller tillsammans med andra ligger bakom sex motioner, Arne Sj\u00f6gren och \u00d6lands lokalavdelning med fem motioner, och Eric Dicksson med tre motioner. \u00c4mnena varierade allt ifr\u00e5n elevh\u00e4lsa och tandh\u00e4lsa till strandskydd och v\u00e4rnskatt.<\/p>\n","protected":false},"excerpt":{"rendered":"<p>&#8211; Var och en ska ha r\u00e4tt att jobba hundra procent av sin f\u00f6rm\u00e5ga. Det finns personer med arbetshinder som fastnat i m\u00e5ng\u00e5riga sjukskrivningar. De kan ha viss arbetsf\u00f6rm\u00e5ga och skulle m\u00e5 bra av att under kanske n\u00e5gra timmar k\u00e4nna arbetsgemenskap och \u00f6ka sin ekonomiska sj\u00e4lvst\u00e4ndighet. Arbetsintegrerande sociala f\u00f6retag tar det sociala engagemanget p\u00e5 allvar <a class=\"read-more-link\" href=\"https:\/\/wp.kristdemokraterna.se\/kalmarlan\/kd-stamma-med-arbete-och-naringsliv-i-fokus\/\">Read More<\/a><\/p>\n","protected":false},"author":417,"featured_media":0,"comment_status":"open","ping_status":"open","sticky":false,"template":"","format":"standard","meta":{"_acf_changed":false,"footnotes":""},"categories":[1],"tags":[],"class_list":["post-501","post","type-post","status-publish","format-standard","hentry","category-okategoriserade"],"acf":[],"yoast_head":"<!-- This site is optimized with the Yoast SEO plugin v27.4 - https:\/\/yoast.com\/product\/yoast-seo-wordpress\/ -->\n<title>KD-st\u00e4mma med arbete och n\u00e4ringsliv i fokus - i Kalmar l\u00e4n<\/title>\n<meta name=\"robots\" content=\"index, follow, max-snippet:-1, max-image-preview:large, max-video-preview:-1\" \/>\n<link rel=\"canonical\" href=\"https:\/\/wp.kristdemokraterna.se\/kalmarlan\/kd-stamma-med-arbete-och-naringsliv-i-fokus\/\" \/>\n<meta property=\"og:locale\" content=\"sv_SE\" \/>\n<meta property=\"og:type\" content=\"article\" \/>\n<meta property=\"og:title\" content=\"KD-st\u00e4mma med arbete och n\u00e4ringsliv i fokus - i Kalmar l\u00e4n\" \/>\n<meta property=\"og:description\" content=\"&#8211; Var och en ska ha r\u00e4tt att jobba hundra procent av sin f\u00f6rm\u00e5ga. Det finns personer med arbetshinder som fastnat i m\u00e5ng\u00e5riga sjukskrivningar. De kan ha viss arbetsf\u00f6rm\u00e5ga och skulle m\u00e5 bra av att under kanske n\u00e5gra timmar k\u00e4nna arbetsgemenskap och \u00f6ka sin ekonomiska sj\u00e4lvst\u00e4ndighet. Arbetsintegrerande sociala f\u00f6retag tar det sociala engagemanget p\u00e5 allvar Read More\" \/>\n<meta property=\"og:url\" content=\"https:\/\/wp.kristdemokraterna.se\/kalmarlan\/kd-stamma-med-arbete-och-naringsliv-i-fokus\/\" \/>\n<meta property=\"og:site_name\" content=\"i Kalmar l\u00e4n\" \/>\n<meta property=\"article:published_time\" content=\"2015-03-16T06:57:59+00:00\" \/>\n<meta name=\"author\" content=\"kalmarlan\" \/>\n<meta name=\"twitter:card\" content=\"summary_large_image\" \/>\n<meta name=\"twitter:label1\" content=\"Skriven av\" \/>\n\t<meta name=\"twitter:data1\" content=\"kalmarlan\" \/>\n\t<meta name=\"twitter:label2\" content=\"Ber\u00e4knad l\u00e4stid\" \/>\n\t<meta name=\"twitter:data2\" content=\"3 minuter\" \/>\n<script type=\"application\/ld+json\" class=\"yoast-schema-graph\">{\"@context\":\"https:\\\/\\\/schema.org\",\"@graph\":[{\"@type\":\"Article\",\"@id\":\"https:\\\/\\\/wp.kristdemokraterna.se\\\/kalmarlan\\\/kd-stamma-med-arbete-och-naringsliv-i-fokus\\\/#article\",\"isPartOf\":{\"@id\":\"https:\\\/\\\/wp.kristdemokraterna.se\\\/kalmarlan\\\/kd-stamma-med-arbete-och-naringsliv-i-fokus\\\/\"},\"author\":{\"name\":\"kalmarlan\",\"@id\":\"https:\\\/\\\/wp.kristdemokraterna.se\\\/kalmarlan\\\/#\\\/schema\\\/person\\\/a1856739934bf9c6a11fb258646ea2a5\"},\"headline\":\"KD-st\u00e4mma med arbete och n\u00e4ringsliv i fokus\",\"datePublished\":\"2015-03-16T06:57:59+00:00\",\"mainEntityOfPage\":{\"@id\":\"https:\\\/\\\/wp.kristdemokraterna.se\\\/kalmarlan\\\/kd-stamma-med-arbete-och-naringsliv-i-fokus\\\/\"},\"wordCount\":532,\"commentCount\":0,\"inLanguage\":\"sv-SE\"},{\"@type\":\"WebPage\",\"@id\":\"https:\\\/\\\/wp.kristdemokraterna.se\\\/kalmarlan\\\/kd-stamma-med-arbete-och-naringsliv-i-fokus\\\/\",\"url\":\"https:\\\/\\\/wp.kristdemokraterna.se\\\/kalmarlan\\\/kd-stamma-med-arbete-och-naringsliv-i-fokus\\\/\",\"name\":\"KD-st\u00e4mma med arbete och n\u00e4ringsliv i fokus - i Kalmar l\u00e4n\",\"isPartOf\":{\"@id\":\"https:\\\/\\\/wp.kristdemokraterna.se\\\/kalmarlan\\\/#website\"},\"datePublished\":\"2015-03-16T06:57:59+00:00\",\"author\":{\"@id\":\"https:\\\/\\\/wp.kristdemokraterna.se\\\/kalmarlan\\\/#\\\/schema\\\/person\\\/a1856739934bf9c6a11fb258646ea2a5\"},\"breadcrumb\":{\"@id\":\"https:\\\/\\\/wp.kristdemokraterna.se\\\/kalmarlan\\\/kd-stamma-med-arbete-och-naringsliv-i-fokus\\\/#breadcrumb\"},\"inLanguage\":\"sv-SE\",\"potentialAction\":[{\"@type\":\"ReadAction\",\"target\":[\"https:\\\/\\\/wp.kristdemokraterna.se\\\/kalmarlan\\\/kd-stamma-med-arbete-och-naringsliv-i-fokus\\\/\"]}]},{\"@type\":\"BreadcrumbList\",\"@id\":\"https:\\\/\\\/wp.kristdemokraterna.se\\\/kalmarlan\\\/kd-stamma-med-arbete-och-naringsliv-i-fokus\\\/#breadcrumb\",\"itemListElement\":[{\"@type\":\"ListItem\",\"position\":1,\"name\":\"Hem\",\"item\":\"https:\\\/\\\/wp.kristdemokraterna.se\\\/kalmarlan\\\/\"},{\"@type\":\"ListItem\",\"position\":2,\"name\":\"KD-st\u00e4mma med arbete och n\u00e4ringsliv i fokus\"}]},{\"@type\":\"WebSite\",\"@id\":\"https:\\\/\\\/wp.kristdemokraterna.se\\\/kalmarlan\\\/#website\",\"url\":\"https:\\\/\\\/wp.kristdemokraterna.se\\\/kalmarlan\\\/\",\"name\":\"i Kalmar l\u00e4n\",\"description\":\"\",\"inLanguage\":\"sv-SE\"},{\"@type\":\"Person\",\"@id\":\"https:\\\/\\\/wp.kristdemokraterna.se\\\/kalmarlan\\\/#\\\/schema\\\/person\\\/a1856739934bf9c6a11fb258646ea2a5\",\"name\":\"kalmarlan\",\"image\":{\"@type\":\"ImageObject\",\"inLanguage\":\"sv-SE\",\"@id\":\"https:\\\/\\\/secure.gravatar.com\\\/avatar\\\/ef1f7dcd1b21be34f0f3e58a032955c2de43794b20090a23118cd0e2a8964e6e?s=96&r=g\",\"url\":\"https:\\\/\\\/secure.gravatar.com\\\/avatar\\\/ef1f7dcd1b21be34f0f3e58a032955c2de43794b20090a23118cd0e2a8964e6e?s=96&r=g\",\"contentUrl\":\"https:\\\/\\\/secure.gravatar.com\\\/avatar\\\/ef1f7dcd1b21be34f0f3e58a032955c2de43794b20090a23118cd0e2a8964e6e?s=96&r=g\",\"caption\":\"kalmarlan\"},\"url\":\"https:\\\/\\\/wp.kristdemokraterna.se\\\/kalmarlan\\\/author\\\/kalmarlan\\\/\"}]}<\/script>\n<!-- \/ Yoast SEO plugin. -->","yoast_head_json":{"title":"KD-st\u00e4mma med arbete och n\u00e4ringsliv i fokus - i Kalmar l\u00e4n","robots":{"index":"index","follow":"follow","max-snippet":"max-snippet:-1","max-image-preview":"max-image-preview:large","max-video-preview":"max-video-preview:-1"},"canonical":"https:\/\/wp.kristdemokraterna.se\/kalmarlan\/kd-stamma-med-arbete-och-naringsliv-i-fokus\/","og_locale":"sv_SE","og_type":"article","og_title":"KD-st\u00e4mma med arbete och n\u00e4ringsliv i fokus - i Kalmar l\u00e4n","og_description":"&#8211; Var och en ska ha r\u00e4tt att jobba hundra procent av sin f\u00f6rm\u00e5ga. Det finns personer med arbetshinder som fastnat i m\u00e5ng\u00e5riga sjukskrivningar. De kan ha viss arbetsf\u00f6rm\u00e5ga och skulle m\u00e5 bra av att under kanske n\u00e5gra timmar k\u00e4nna arbetsgemenskap och \u00f6ka sin ekonomiska sj\u00e4lvst\u00e4ndighet. Arbetsintegrerande sociala f\u00f6retag tar det sociala engagemanget p\u00e5 allvar Read More","og_url":"https:\/\/wp.kristdemokraterna.se\/kalmarlan\/kd-stamma-med-arbete-och-naringsliv-i-fokus\/","og_site_name":"i Kalmar l\u00e4n","article_published_time":"2015-03-16T06:57:59+00:00","author":"kalmarlan","twitter_card":"summary_large_image","twitter_misc":{"Skriven av":"kalmarlan","Ber\u00e4knad l\u00e4stid":"3 minuter"},"schema":{"@context":"https:\/\/schema.org","@graph":[{"@type":"Article","@id":"https:\/\/wp.kristdemokraterna.se\/kalmarlan\/kd-stamma-med-arbete-och-naringsliv-i-fokus\/#article","isPartOf":{"@id":"https:\/\/wp.kristdemokraterna.se\/kalmarlan\/kd-stamma-med-arbete-och-naringsliv-i-fokus\/"},"author":{"name":"kalmarlan","@id":"https:\/\/wp.kristdemokraterna.se\/kalmarlan\/#\/schema\/person\/a1856739934bf9c6a11fb258646ea2a5"},"headline":"KD-st\u00e4mma med arbete och n\u00e4ringsliv i fokus","datePublished":"2015-03-16T06:57:59+00:00","mainEntityOfPage":{"@id":"https:\/\/wp.kristdemokraterna.se\/kalmarlan\/kd-stamma-med-arbete-och-naringsliv-i-fokus\/"},"wordCount":532,"commentCount":0,"inLanguage":"sv-SE"},{"@type":"WebPage","@id":"https:\/\/wp.kristdemokraterna.se\/kalmarlan\/kd-stamma-med-arbete-och-naringsliv-i-fokus\/","url":"https:\/\/wp.kristdemokraterna.se\/kalmarlan\/kd-stamma-med-arbete-och-naringsliv-i-fokus\/","name":"KD-st\u00e4mma med arbete och n\u00e4ringsliv i fokus - i Kalmar l\u00e4n","isPartOf":{"@id":"https:\/\/wp.kristdemokraterna.se\/kalmarlan\/#website"},"datePublished":"2015-03-16T06:57:59+00:00","author":{"@id":"https:\/\/wp.kristdemokraterna.se\/kalmarlan\/#\/schema\/person\/a1856739934bf9c6a11fb258646ea2a5"},"breadcrumb":{"@id":"https:\/\/wp.kristdemokraterna.se\/kalmarlan\/kd-stamma-med-arbete-och-naringsliv-i-fokus\/#breadcrumb"},"inLanguage":"sv-SE","potentialAction":[{"@type":"ReadAction","target":["https:\/\/wp.kristdemokraterna.se\/kalmarlan\/kd-stamma-med-arbete-och-naringsliv-i-fokus\/"]}]},{"@type":"BreadcrumbList","@id":"https:\/\/wp.kristdemokraterna.se\/kalmarlan\/kd-stamma-med-arbete-och-naringsliv-i-fokus\/#breadcrumb","itemListElement":[{"@type":"ListItem","position":1,"name":"Hem","item":"https:\/\/wp.kristdemokraterna.se\/kalmarlan\/"},{"@type":"ListItem","position":2,"name":"KD-st\u00e4mma med arbete och n\u00e4ringsliv i fokus"}]},{"@type":"WebSite","@id":"https:\/\/wp.kristdemokraterna.se\/kalmarlan\/#website","url":"https:\/\/wp.kristdemokraterna.se\/kalmarlan\/","name":"i Kalmar l\u00e4n","description":"","inLanguage":"sv-SE"},{"@type":"Person","@id":"https:\/\/wp.kristdemokraterna.se\/kalmarlan\/#\/schema\/person\/a1856739934bf9c6a11fb258646ea2a5","name":"kalmarlan","image":{"@type":"ImageObject","inLanguage":"sv-SE","@id":"https:\/\/secure.gravatar.com\/avatar\/ef1f7dcd1b21be34f0f3e58a032955c2de43794b20090a23118cd0e2a8964e6e?s=96&r=g","url":"https:\/\/secure.gravatar.com\/avatar\/ef1f7dcd1b21be34f0f3e58a032955c2de43794b20090a23118cd0e2a8964e6e?s=96&r=g","contentUrl":"https:\/\/secure.gravatar.com\/avatar\/ef1f7dcd1b21be34f0f3e58a032955c2de43794b20090a23118cd0e2a8964e6e?s=96&r=g","caption":"kalmarlan"},"url":"https:\/\/wp.kristdemokraterna.se\/kalmarlan\/author\/kalmarlan\/"}]}},"_links":{"self":[{"href":"https:\/\/wp.kristdemokraterna.se\/kalmarlan\/wp-json\/wp\/v2\/posts\/501","targetHints":{"allow":["GET"]}}],"collection":[{"href":"https:\/\/wp.kristdemokraterna.se\/kalmarlan\/wp-json\/wp\/v2\/posts"}],"about":[{"href":"https:\/\/wp.kristdemokraterna.se\/kalmarlan\/wp-json\/wp\/v2\/types\/post"}],"author":[{"embeddable":true,"href":"https:\/\/wp.kristdemokraterna.se\/kalmarlan\/wp-json\/wp\/v2\/users\/417"}],"replies":[{"embeddable":true,"href":"https:\/\/wp.kristdemokraterna.se\/kalmarlan\/wp-json\/wp\/v2\/comments?post=501"}],"version-history":[{"count":1,"href":"https:\/\/wp.kristdemokraterna.se\/kalmarlan\/wp-json\/wp\/v2\/posts\/501\/revisions"}],"predecessor-version":[{"id":502,"href":"https:\/\/wp.kristdemokraterna.se\/kalmarlan\/wp-json\/wp\/v2\/posts\/501\/revisions\/502"}],"wp:attachment":[{"href":"https:\/\/wp.kristdemokraterna.se\/kalmarlan\/wp-json\/wp\/v2\/media?parent=501"}],"wp:term":[{"taxonomy":"category","embeddable":true,"href":"https:\/\/wp.kristdemokraterna.se\/kalmarlan\/wp-json\/wp\/v2\/categories?post=501"},{"taxonomy":"post_tag","embeddable":true,"href":"https:\/\/wp.kristdemokraterna.se\/kalmarlan\/wp-json\/wp\/v2\/tags?post=501"}],"curies":[{"name":"wp","href":"https:\/\/api.w.org\/{rel}","templated":true}]}}