{"id":505,"date":"2015-05-28T12:32:48","date_gmt":"2015-05-28T10:32:48","guid":{"rendered":"http:\/\/wp.kristdemokraterna.se\/kalmarlan\/?p=505"},"modified":"2015-05-28T18:51:30","modified_gmt":"2015-05-28T16:51:30","slug":"hur-lange-ska-kalmar-lan-slapa-efter-utan-ambulanshelikopter","status":"publish","type":"post","link":"https:\/\/wp.kristdemokraterna.se\/kalmarlan\/hur-lange-ska-kalmar-lan-slapa-efter-utan-ambulanshelikopter\/","title":{"rendered":"Hur l\u00e4nge ska Kalmar l\u00e4n sl\u00e4pa efter utan ambulanshelikopter?"},"content":{"rendered":"<p><em>Interpellation till landstingsstyrelsens ordf\u00f6rande Anders Henriksson i samband med landstingsfullm\u00e4ktige den 3 juni 2015 (S)<\/em><\/p>\n<p>I Sverige finns idag nio ambulanshelikoptrar. F\u00f6r att n\u00e5 ett rikst\u00e4ckande system beh\u00f6vs tolv stycken.<\/p>\n<p>Ett kommunalf\u00f6rbund mellan V\u00e4rmland, Dalarna och V\u00e4stra G\u00f6talandsregionen har etablerats. Samtal p\u00e5g\u00e5r mellan kommunalf\u00f6rbundet och \u00f6vriga landsting inom sjukv\u00e5rdsregionen Uppsala\/\u00d6rebro om medverkan i kommunalf\u00f6rbund respektive samarbetsavtal. En utredning har nyligen slutf\u00f6rts inom region \u00d6sterg\u00f6tland ang\u00e5ende ambulanshelikopter och diskussion p\u00e5g\u00e5r i Region Sk\u00e5ne.<\/p>\n<p>Detta framg\u00e5r av handlingarna i \u00e4rendet om bildande av Kommunalf\u00f6rbundet Svenskt Ambulansflyg, som just nu rullas genom landstingets beslutsprocess och kommer till landstingsstyrelsen den 9 juni. Redan vid fullm\u00e4ktige den 3 juni behandlas val\u00e4rendet om representanter fr\u00e5n Kalmar l\u00e4n. Ambulansflygets m\u00e5lgrupp \u00e4r framf\u00f6r allt patienter som beh\u00f6ver transporteras mellan olika sjukhus.<\/p>\n<p>Vid sv\u00e5ra och akuta sjukdomsfall och olyckor \u00e4r det dock inte aktuellt med ambulansflyg. Varje minut fr\u00e5n skadetillf\u00e4llet till dess patienten kommer under v\u00e5rd kan d\u00e5 vara avg\u00f6rande. Flera utredningar p\u00e5 nationell niv\u00e5 och i andra landsting\/regioner visar att ambulanshelikopter \u00e4r ett viktigt komplement till markbunden ambulans. Deras kombination av h\u00f6g kompetens och avancerad utrustning ombord och helikopterns snabbhet och framkomlighet \u00f6ver diverse hinder, vare sig det g\u00e4ller sj\u00f6ar, vikar, berg eller blockerade v\u00e4gbanor, r\u00e4ddar liv och g\u00f6r rehabiliteringstiderna kortare. Vinsterna f\u00f6r den enskilda patienten \u00e4r ov\u00e4rderliga. \u00c4ven samh\u00e4llsekonomiskt ber\u00e4knas det vara l\u00f6nsamt med ambulanshelikopter.<\/p>\n<p>Dessv\u00e4rre sl\u00e4par Landstinget i Kalmar l\u00e4n efter, b\u00e5de i nationellt och internationellt perspektiv. Snart \u00e4r det bara v\u00e5rt h\u00f6rn av v\u00e4stv\u00e4rlden som \u00e4r utan t\u00e4ckning inom optimal tid.<br \/>\n<a href=\"http:\/\/wp.kristdemokraterna.se\/kalmarlan\/files\/2015\/05\/helli-2-jpg.jpg\"><img loading=\"lazy\" decoding=\"async\" class=\"alignleft size-large wp-image-506\" src=\"http:\/\/wp.kristdemokraterna.se\/kalmarlan\/files\/2015\/05\/helli-2-jpg-540x304.jpg\" alt=\"helli-2-jpg\" width=\"540\" height=\"304\" srcset=\"https:\/\/wp.kristdemokraterna.se\/kalmarlan\/files\/2015\/05\/helli-2-jpg-540x304.jpg 540w, https:\/\/wp.kristdemokraterna.se\/kalmarlan\/files\/2015\/05\/helli-2-jpg-300x169.jpg 300w, https:\/\/wp.kristdemokraterna.se\/kalmarlan\/files\/2015\/05\/helli-2-jpg-576x324.jpg 576w, https:\/\/wp.kristdemokraterna.se\/kalmarlan\/files\/2015\/05\/helli-2-jpg-186x105.jpg 186w, https:\/\/wp.kristdemokraterna.se\/kalmarlan\/files\/2015\/05\/helli-2-jpg.jpg 650w\" sizes=\"auto, (max-width: 540px) 100vw, 540px\" \/><\/a><br \/>\n<em>Ambulanshelikoptert\u00e4ckning i Sm\u00e5land och \u00d6sterg\u00f6tland. K\u00e4lla: \u00d6sterg\u00f6tlands utredning.<\/em><\/p>\n<div id=\"attachment_508\" style=\"width: 284px\" class=\"wp-caption alignleft\"><a href=\"http:\/\/wp.kristdemokraterna.se\/kalmarlan\/files\/2015\/05\/vansterheli.png\"><img loading=\"lazy\" decoding=\"async\" aria-describedby=\"caption-attachment-508\" class=\" wp-image-508\" src=\"http:\/\/wp.kristdemokraterna.se\/kalmarlan\/files\/2015\/05\/vansterheli.png\" alt=\"Ambulanshelikoptrar i Europa. K\u00e4lla: Air Rescue Magazine\" width=\"274\" height=\"263\" srcset=\"https:\/\/wp.kristdemokraterna.se\/kalmarlan\/files\/2015\/05\/vansterheli.png 210w, https:\/\/wp.kristdemokraterna.se\/kalmarlan\/files\/2015\/05\/vansterheli-117x112.png 117w\" sizes=\"auto, (max-width: 274px) 100vw, 274px\" \/><\/a><p id=\"caption-attachment-508\" class=\"wp-caption-text\">Ambulanshelikoptrar i Europa.<br \/>K\u00e4lla: Air Rescue Magazine<\/p><\/div>\n<div id=\"attachment_510\" style=\"width: 193px\" class=\"wp-caption alignleft\"><a href=\"http:\/\/wp.kristdemokraterna.se\/kalmarlan\/files\/2015\/05\/hogerheli.png\"><img loading=\"lazy\" decoding=\"async\" aria-describedby=\"caption-attachment-510\" class=\"wp-image-510 \" src=\"http:\/\/wp.kristdemokraterna.se\/kalmarlan\/files\/2015\/05\/hogerheli.png\" alt=\"Ambulanshelikoptert\u00e4ckning i Norge. K\u00e4lla: KoKom och Luftambulansetjensten\" width=\"183\" height=\"251\" srcset=\"https:\/\/wp.kristdemokraterna.se\/kalmarlan\/files\/2015\/05\/hogerheli.png 151w, https:\/\/wp.kristdemokraterna.se\/kalmarlan\/files\/2015\/05\/hogerheli-82x112.png 82w\" sizes=\"auto, (max-width: 183px) 100vw, 183px\" \/><\/a><p id=\"caption-attachment-510\" class=\"wp-caption-text\">Ambulanshelikoptert\u00e4ckning i Norge. K\u00e4lla: KoKom och Luftambulansetjensten<\/p><\/div>\n<p>&nbsp;<\/p>\n<p>&nbsp;<\/p>\n<p>&nbsp;<\/p>\n<p>&nbsp;<\/p>\n<p>&nbsp;<\/p>\n<p>&nbsp;<\/p>\n<p>&nbsp;<\/p>\n<p>&nbsp;<\/p>\n<p><strong>Med h\u00e4nvisning till ovanst\u00e5ende undrar jag:<\/strong><\/p>\n<p>&#8211; Hur l\u00e4nge ska befolkningen i Kalmar l\u00e4n v\u00e4nta innan det kan finnas en<br \/>\nambulanshelikopter i regionen?<\/p>\n<p>&#8211; Hur agerar du f\u00f6r att skapa j\u00e4mlik v\u00e5rd i riket, n\u00e4r det g\u00e4ller befolkningens tillg\u00e5ng till<br \/>\nambulanshelikopter?<\/p>\n<p>Kalmar l\u00e4n den 26 maj 2015<\/p>\n<p>Gudrun Bruneg\u00e5rd<\/p>\n","protected":false},"excerpt":{"rendered":"<p>Interpellation till landstingsstyrelsens ordf\u00f6rande Anders Henriksson i samband med landstingsfullm\u00e4ktige den 3 juni 2015 (S) I Sverige finns idag nio ambulanshelikoptrar. F\u00f6r att n\u00e5 ett rikst\u00e4ckande system beh\u00f6vs tolv stycken. Ett kommunalf\u00f6rbund mellan V\u00e4rmland, Dalarna och V\u00e4stra G\u00f6talandsregionen har etablerats. Samtal p\u00e5g\u00e5r mellan kommunalf\u00f6rbundet och \u00f6vriga landsting inom sjukv\u00e5rdsregionen Uppsala\/\u00d6rebro om medverkan i kommunalf\u00f6rbund respektive <a class=\"read-more-link\" href=\"https:\/\/wp.kristdemokraterna.se\/kalmarlan\/hur-lange-ska-kalmar-lan-slapa-efter-utan-ambulanshelikopter\/\">Read More<\/a><\/p>\n","protected":false},"author":417,"featured_media":0,"comment_status":"closed","ping_status":"closed","sticky":false,"template":"","format":"standard","meta":{"_acf_changed":false,"footnotes":""},"categories":[1],"tags":[],"class_list":["post-505","post","type-post","status-publish","format-standard","hentry","category-okategoriserade"],"acf":[],"yoast_head":"<!-- This site is optimized with the Yoast SEO plugin v27.4 - https:\/\/yoast.com\/product\/yoast-seo-wordpress\/ -->\n<title>Hur l\u00e4nge ska Kalmar l\u00e4n sl\u00e4pa efter utan ambulanshelikopter? - i Kalmar l\u00e4n<\/title>\n<meta name=\"robots\" content=\"index, follow, max-snippet:-1, max-image-preview:large, max-video-preview:-1\" \/>\n<link rel=\"canonical\" href=\"https:\/\/wp.kristdemokraterna.se\/kalmarlan\/hur-lange-ska-kalmar-lan-slapa-efter-utan-ambulanshelikopter\/\" \/>\n<meta property=\"og:locale\" content=\"sv_SE\" \/>\n<meta property=\"og:type\" content=\"article\" \/>\n<meta property=\"og:title\" content=\"Hur l\u00e4nge ska Kalmar l\u00e4n sl\u00e4pa efter utan ambulanshelikopter? - i Kalmar l\u00e4n\" \/>\n<meta property=\"og:description\" content=\"Interpellation till landstingsstyrelsens ordf\u00f6rande Anders Henriksson i samband med landstingsfullm\u00e4ktige den 3 juni 2015 (S) I Sverige finns idag nio ambulanshelikoptrar. F\u00f6r att n\u00e5 ett rikst\u00e4ckande system beh\u00f6vs tolv stycken. Ett kommunalf\u00f6rbund mellan V\u00e4rmland, Dalarna och V\u00e4stra G\u00f6talandsregionen har etablerats. Samtal p\u00e5g\u00e5r mellan kommunalf\u00f6rbundet och \u00f6vriga landsting inom sjukv\u00e5rdsregionen Uppsala\/\u00d6rebro om medverkan i kommunalf\u00f6rbund respektive Read More\" \/>\n<meta property=\"og:url\" content=\"https:\/\/wp.kristdemokraterna.se\/kalmarlan\/hur-lange-ska-kalmar-lan-slapa-efter-utan-ambulanshelikopter\/\" \/>\n<meta property=\"og:site_name\" content=\"i Kalmar l\u00e4n\" \/>\n<meta property=\"article:published_time\" content=\"2015-05-28T10:32:48+00:00\" \/>\n<meta property=\"article:modified_time\" content=\"2015-05-28T16:51:30+00:00\" \/>\n<meta property=\"og:image\" content=\"http:\/\/wp.kristdemokraterna.se\/kalmarlan\/files\/2015\/05\/helli-2-jpg-540x304.jpg\" \/>\n<meta name=\"author\" content=\"kalmarlan\" \/>\n<meta name=\"twitter:card\" content=\"summary_large_image\" \/>\n<meta name=\"twitter:label1\" content=\"Skriven av\" \/>\n\t<meta name=\"twitter:data1\" content=\"kalmarlan\" \/>\n\t<meta name=\"twitter:label2\" content=\"Ber\u00e4knad l\u00e4stid\" \/>\n\t<meta name=\"twitter:data2\" content=\"2 minuter\" \/>\n<script type=\"application\/ld+json\" class=\"yoast-schema-graph\">{\"@context\":\"https:\\\/\\\/schema.org\",\"@graph\":[{\"@type\":\"Article\",\"@id\":\"https:\\\/\\\/wp.kristdemokraterna.se\\\/kalmarlan\\\/hur-lange-ska-kalmar-lan-slapa-efter-utan-ambulanshelikopter\\\/#article\",\"isPartOf\":{\"@id\":\"https:\\\/\\\/wp.kristdemokraterna.se\\\/kalmarlan\\\/hur-lange-ska-kalmar-lan-slapa-efter-utan-ambulanshelikopter\\\/\"},\"author\":{\"name\":\"kalmarlan\",\"@id\":\"https:\\\/\\\/wp.kristdemokraterna.se\\\/kalmarlan\\\/#\\\/schema\\\/person\\\/a1856739934bf9c6a11fb258646ea2a5\"},\"headline\":\"Hur l\u00e4nge ska Kalmar l\u00e4n sl\u00e4pa efter utan ambulanshelikopter?\",\"datePublished\":\"2015-05-28T10:32:48+00:00\",\"dateModified\":\"2015-05-28T16:51:30+00:00\",\"mainEntityOfPage\":{\"@id\":\"https:\\\/\\\/wp.kristdemokraterna.se\\\/kalmarlan\\\/hur-lange-ska-kalmar-lan-slapa-efter-utan-ambulanshelikopter\\\/\"},\"wordCount\":422,\"image\":{\"@id\":\"https:\\\/\\\/wp.kristdemokraterna.se\\\/kalmarlan\\\/hur-lange-ska-kalmar-lan-slapa-efter-utan-ambulanshelikopter\\\/#primaryimage\"},\"thumbnailUrl\":\"http:\\\/\\\/wp.kristdemokraterna.se\\\/kalmarlan\\\/files\\\/2015\\\/05\\\/helli-2-jpg-540x304.jpg\",\"inLanguage\":\"sv-SE\"},{\"@type\":\"WebPage\",\"@id\":\"https:\\\/\\\/wp.kristdemokraterna.se\\\/kalmarlan\\\/hur-lange-ska-kalmar-lan-slapa-efter-utan-ambulanshelikopter\\\/\",\"url\":\"https:\\\/\\\/wp.kristdemokraterna.se\\\/kalmarlan\\\/hur-lange-ska-kalmar-lan-slapa-efter-utan-ambulanshelikopter\\\/\",\"name\":\"Hur l\u00e4nge ska Kalmar l\u00e4n sl\u00e4pa efter utan ambulanshelikopter? - i Kalmar l\u00e4n\",\"isPartOf\":{\"@id\":\"https:\\\/\\\/wp.kristdemokraterna.se\\\/kalmarlan\\\/#website\"},\"primaryImageOfPage\":{\"@id\":\"https:\\\/\\\/wp.kristdemokraterna.se\\\/kalmarlan\\\/hur-lange-ska-kalmar-lan-slapa-efter-utan-ambulanshelikopter\\\/#primaryimage\"},\"image\":{\"@id\":\"https:\\\/\\\/wp.kristdemokraterna.se\\\/kalmarlan\\\/hur-lange-ska-kalmar-lan-slapa-efter-utan-ambulanshelikopter\\\/#primaryimage\"},\"thumbnailUrl\":\"http:\\\/\\\/wp.kristdemokraterna.se\\\/kalmarlan\\\/files\\\/2015\\\/05\\\/helli-2-jpg-540x304.jpg\",\"datePublished\":\"2015-05-28T10:32:48+00:00\",\"dateModified\":\"2015-05-28T16:51:30+00:00\",\"author\":{\"@id\":\"https:\\\/\\\/wp.kristdemokraterna.se\\\/kalmarlan\\\/#\\\/schema\\\/person\\\/a1856739934bf9c6a11fb258646ea2a5\"},\"breadcrumb\":{\"@id\":\"https:\\\/\\\/wp.kristdemokraterna.se\\\/kalmarlan\\\/hur-lange-ska-kalmar-lan-slapa-efter-utan-ambulanshelikopter\\\/#breadcrumb\"},\"inLanguage\":\"sv-SE\",\"potentialAction\":[{\"@type\":\"ReadAction\",\"target\":[\"https:\\\/\\\/wp.kristdemokraterna.se\\\/kalmarlan\\\/hur-lange-ska-kalmar-lan-slapa-efter-utan-ambulanshelikopter\\\/\"]}]},{\"@type\":\"ImageObject\",\"inLanguage\":\"sv-SE\",\"@id\":\"https:\\\/\\\/wp.kristdemokraterna.se\\\/kalmarlan\\\/hur-lange-ska-kalmar-lan-slapa-efter-utan-ambulanshelikopter\\\/#primaryimage\",\"url\":\"https:\\\/\\\/wp.kristdemokraterna.se\\\/kalmarlan\\\/files\\\/2015\\\/05\\\/helli-2-jpg.jpg\",\"contentUrl\":\"https:\\\/\\\/wp.kristdemokraterna.se\\\/kalmarlan\\\/files\\\/2015\\\/05\\\/helli-2-jpg.jpg\",\"width\":650,\"height\":366},{\"@type\":\"BreadcrumbList\",\"@id\":\"https:\\\/\\\/wp.kristdemokraterna.se\\\/kalmarlan\\\/hur-lange-ska-kalmar-lan-slapa-efter-utan-ambulanshelikopter\\\/#breadcrumb\",\"itemListElement\":[{\"@type\":\"ListItem\",\"position\":1,\"name\":\"Hem\",\"item\":\"https:\\\/\\\/wp.kristdemokraterna.se\\\/kalmarlan\\\/\"},{\"@type\":\"ListItem\",\"position\":2,\"name\":\"Hur l\u00e4nge ska Kalmar l\u00e4n sl\u00e4pa efter utan ambulanshelikopter?\"}]},{\"@type\":\"WebSite\",\"@id\":\"https:\\\/\\\/wp.kristdemokraterna.se\\\/kalmarlan\\\/#website\",\"url\":\"https:\\\/\\\/wp.kristdemokraterna.se\\\/kalmarlan\\\/\",\"name\":\"i Kalmar l\u00e4n\",\"description\":\"\",\"inLanguage\":\"sv-SE\"},{\"@type\":\"Person\",\"@id\":\"https:\\\/\\\/wp.kristdemokraterna.se\\\/kalmarlan\\\/#\\\/schema\\\/person\\\/a1856739934bf9c6a11fb258646ea2a5\",\"name\":\"kalmarlan\",\"image\":{\"@type\":\"ImageObject\",\"inLanguage\":\"sv-SE\",\"@id\":\"https:\\\/\\\/secure.gravatar.com\\\/avatar\\\/ef1f7dcd1b21be34f0f3e58a032955c2de43794b20090a23118cd0e2a8964e6e?s=96&r=g\",\"url\":\"https:\\\/\\\/secure.gravatar.com\\\/avatar\\\/ef1f7dcd1b21be34f0f3e58a032955c2de43794b20090a23118cd0e2a8964e6e?s=96&r=g\",\"contentUrl\":\"https:\\\/\\\/secure.gravatar.com\\\/avatar\\\/ef1f7dcd1b21be34f0f3e58a032955c2de43794b20090a23118cd0e2a8964e6e?s=96&r=g\",\"caption\":\"kalmarlan\"},\"url\":\"https:\\\/\\\/wp.kristdemokraterna.se\\\/kalmarlan\\\/author\\\/kalmarlan\\\/\"}]}<\/script>\n<!-- \/ Yoast SEO plugin. -->","yoast_head_json":{"title":"Hur l\u00e4nge ska Kalmar l\u00e4n sl\u00e4pa efter utan ambulanshelikopter? - i Kalmar l\u00e4n","robots":{"index":"index","follow":"follow","max-snippet":"max-snippet:-1","max-image-preview":"max-image-preview:large","max-video-preview":"max-video-preview:-1"},"canonical":"https:\/\/wp.kristdemokraterna.se\/kalmarlan\/hur-lange-ska-kalmar-lan-slapa-efter-utan-ambulanshelikopter\/","og_locale":"sv_SE","og_type":"article","og_title":"Hur l\u00e4nge ska Kalmar l\u00e4n sl\u00e4pa efter utan ambulanshelikopter? - i Kalmar l\u00e4n","og_description":"Interpellation till landstingsstyrelsens ordf\u00f6rande Anders Henriksson i samband med landstingsfullm\u00e4ktige den 3 juni 2015 (S) I Sverige finns idag nio ambulanshelikoptrar. F\u00f6r att n\u00e5 ett rikst\u00e4ckande system beh\u00f6vs tolv stycken. Ett kommunalf\u00f6rbund mellan V\u00e4rmland, Dalarna och V\u00e4stra G\u00f6talandsregionen har etablerats. Samtal p\u00e5g\u00e5r mellan kommunalf\u00f6rbundet och \u00f6vriga landsting inom sjukv\u00e5rdsregionen Uppsala\/\u00d6rebro om medverkan i kommunalf\u00f6rbund respektive Read More","og_url":"https:\/\/wp.kristdemokraterna.se\/kalmarlan\/hur-lange-ska-kalmar-lan-slapa-efter-utan-ambulanshelikopter\/","og_site_name":"i Kalmar l\u00e4n","article_published_time":"2015-05-28T10:32:48+00:00","article_modified_time":"2015-05-28T16:51:30+00:00","og_image":[{"url":"http:\/\/wp.kristdemokraterna.se\/kalmarlan\/files\/2015\/05\/helli-2-jpg-540x304.jpg","type":"","width":"","height":""}],"author":"kalmarlan","twitter_card":"summary_large_image","twitter_misc":{"Skriven av":"kalmarlan","Ber\u00e4knad l\u00e4stid":"2 minuter"},"schema":{"@context":"https:\/\/schema.org","@graph":[{"@type":"Article","@id":"https:\/\/wp.kristdemokraterna.se\/kalmarlan\/hur-lange-ska-kalmar-lan-slapa-efter-utan-ambulanshelikopter\/#article","isPartOf":{"@id":"https:\/\/wp.kristdemokraterna.se\/kalmarlan\/hur-lange-ska-kalmar-lan-slapa-efter-utan-ambulanshelikopter\/"},"author":{"name":"kalmarlan","@id":"https:\/\/wp.kristdemokraterna.se\/kalmarlan\/#\/schema\/person\/a1856739934bf9c6a11fb258646ea2a5"},"headline":"Hur l\u00e4nge ska Kalmar l\u00e4n sl\u00e4pa efter utan ambulanshelikopter?","datePublished":"2015-05-28T10:32:48+00:00","dateModified":"2015-05-28T16:51:30+00:00","mainEntityOfPage":{"@id":"https:\/\/wp.kristdemokraterna.se\/kalmarlan\/hur-lange-ska-kalmar-lan-slapa-efter-utan-ambulanshelikopter\/"},"wordCount":422,"image":{"@id":"https:\/\/wp.kristdemokraterna.se\/kalmarlan\/hur-lange-ska-kalmar-lan-slapa-efter-utan-ambulanshelikopter\/#primaryimage"},"thumbnailUrl":"http:\/\/wp.kristdemokraterna.se\/kalmarlan\/files\/2015\/05\/helli-2-jpg-540x304.jpg","inLanguage":"sv-SE"},{"@type":"WebPage","@id":"https:\/\/wp.kristdemokraterna.se\/kalmarlan\/hur-lange-ska-kalmar-lan-slapa-efter-utan-ambulanshelikopter\/","url":"https:\/\/wp.kristdemokraterna.se\/kalmarlan\/hur-lange-ska-kalmar-lan-slapa-efter-utan-ambulanshelikopter\/","name":"Hur l\u00e4nge ska Kalmar l\u00e4n sl\u00e4pa efter utan ambulanshelikopter? - i Kalmar l\u00e4n","isPartOf":{"@id":"https:\/\/wp.kristdemokraterna.se\/kalmarlan\/#website"},"primaryImageOfPage":{"@id":"https:\/\/wp.kristdemokraterna.se\/kalmarlan\/hur-lange-ska-kalmar-lan-slapa-efter-utan-ambulanshelikopter\/#primaryimage"},"image":{"@id":"https:\/\/wp.kristdemokraterna.se\/kalmarlan\/hur-lange-ska-kalmar-lan-slapa-efter-utan-ambulanshelikopter\/#primaryimage"},"thumbnailUrl":"http:\/\/wp.kristdemokraterna.se\/kalmarlan\/files\/2015\/05\/helli-2-jpg-540x304.jpg","datePublished":"2015-05-28T10:32:48+00:00","dateModified":"2015-05-28T16:51:30+00:00","author":{"@id":"https:\/\/wp.kristdemokraterna.se\/kalmarlan\/#\/schema\/person\/a1856739934bf9c6a11fb258646ea2a5"},"breadcrumb":{"@id":"https:\/\/wp.kristdemokraterna.se\/kalmarlan\/hur-lange-ska-kalmar-lan-slapa-efter-utan-ambulanshelikopter\/#breadcrumb"},"inLanguage":"sv-SE","potentialAction":[{"@type":"ReadAction","target":["https:\/\/wp.kristdemokraterna.se\/kalmarlan\/hur-lange-ska-kalmar-lan-slapa-efter-utan-ambulanshelikopter\/"]}]},{"@type":"ImageObject","inLanguage":"sv-SE","@id":"https:\/\/wp.kristdemokraterna.se\/kalmarlan\/hur-lange-ska-kalmar-lan-slapa-efter-utan-ambulanshelikopter\/#primaryimage","url":"https:\/\/wp.kristdemokraterna.se\/kalmarlan\/files\/2015\/05\/helli-2-jpg.jpg","contentUrl":"https:\/\/wp.kristdemokraterna.se\/kalmarlan\/files\/2015\/05\/helli-2-jpg.jpg","width":650,"height":366},{"@type":"BreadcrumbList","@id":"https:\/\/wp.kristdemokraterna.se\/kalmarlan\/hur-lange-ska-kalmar-lan-slapa-efter-utan-ambulanshelikopter\/#breadcrumb","itemListElement":[{"@type":"ListItem","position":1,"name":"Hem","item":"https:\/\/wp.kristdemokraterna.se\/kalmarlan\/"},{"@type":"ListItem","position":2,"name":"Hur l\u00e4nge ska Kalmar l\u00e4n sl\u00e4pa efter utan ambulanshelikopter?"}]},{"@type":"WebSite","@id":"https:\/\/wp.kristdemokraterna.se\/kalmarlan\/#website","url":"https:\/\/wp.kristdemokraterna.se\/kalmarlan\/","name":"i Kalmar l\u00e4n","description":"","inLanguage":"sv-SE"},{"@type":"Person","@id":"https:\/\/wp.kristdemokraterna.se\/kalmarlan\/#\/schema\/person\/a1856739934bf9c6a11fb258646ea2a5","name":"kalmarlan","image":{"@type":"ImageObject","inLanguage":"sv-SE","@id":"https:\/\/secure.gravatar.com\/avatar\/ef1f7dcd1b21be34f0f3e58a032955c2de43794b20090a23118cd0e2a8964e6e?s=96&r=g","url":"https:\/\/secure.gravatar.com\/avatar\/ef1f7dcd1b21be34f0f3e58a032955c2de43794b20090a23118cd0e2a8964e6e?s=96&r=g","contentUrl":"https:\/\/secure.gravatar.com\/avatar\/ef1f7dcd1b21be34f0f3e58a032955c2de43794b20090a23118cd0e2a8964e6e?s=96&r=g","caption":"kalmarlan"},"url":"https:\/\/wp.kristdemokraterna.se\/kalmarlan\/author\/kalmarlan\/"}]}},"_links":{"self":[{"href":"https:\/\/wp.kristdemokraterna.se\/kalmarlan\/wp-json\/wp\/v2\/posts\/505","targetHints":{"allow":["GET"]}}],"collection":[{"href":"https:\/\/wp.kristdemokraterna.se\/kalmarlan\/wp-json\/wp\/v2\/posts"}],"about":[{"href":"https:\/\/wp.kristdemokraterna.se\/kalmarlan\/wp-json\/wp\/v2\/types\/post"}],"author":[{"embeddable":true,"href":"https:\/\/wp.kristdemokraterna.se\/kalmarlan\/wp-json\/wp\/v2\/users\/417"}],"replies":[{"embeddable":true,"href":"https:\/\/wp.kristdemokraterna.se\/kalmarlan\/wp-json\/wp\/v2\/comments?post=505"}],"version-history":[{"count":3,"href":"https:\/\/wp.kristdemokraterna.se\/kalmarlan\/wp-json\/wp\/v2\/posts\/505\/revisions"}],"predecessor-version":[{"id":511,"href":"https:\/\/wp.kristdemokraterna.se\/kalmarlan\/wp-json\/wp\/v2\/posts\/505\/revisions\/511"}],"wp:attachment":[{"href":"https:\/\/wp.kristdemokraterna.se\/kalmarlan\/wp-json\/wp\/v2\/media?parent=505"}],"wp:term":[{"taxonomy":"category","embeddable":true,"href":"https:\/\/wp.kristdemokraterna.se\/kalmarlan\/wp-json\/wp\/v2\/categories?post=505"},{"taxonomy":"post_tag","embeddable":true,"href":"https:\/\/wp.kristdemokraterna.se\/kalmarlan\/wp-json\/wp\/v2\/tags?post=505"}],"curies":[{"name":"wp","href":"https:\/\/api.w.org\/{rel}","templated":true}]}}