{"id":512,"date":"2015-06-24T15:25:01","date_gmt":"2015-06-24T13:25:01","guid":{"rendered":"http:\/\/wp.kristdemokraterna.se\/kalmarlan\/?p=512"},"modified":"2015-06-24T21:45:50","modified_gmt":"2015-06-24T19:45:50","slug":"det-behovs-en-ny-mobil-halsocentral-i-hultsfred","status":"publish","type":"post","link":"https:\/\/wp.kristdemokraterna.se\/kalmarlan\/det-behovs-en-ny-mobil-halsocentral-i-hultsfred\/","title":{"rendered":"Det beh\u00f6vs en ny mobil h\u00e4lsocentral i Hultsfred!"},"content":{"rendered":"<div id=\"attachment_513\" style=\"width: 340px\" class=\"wp-caption alignleft\"><a href=\"http:\/\/wp.kristdemokraterna.se\/kalmarlan\/files\/2015\/06\/fullsizerender.jpg\"><img loading=\"lazy\" decoding=\"async\" aria-describedby=\"caption-attachment-513\" class=\" wp-image-513\" src=\"http:\/\/wp.kristdemokraterna.se\/kalmarlan\/files\/2015\/06\/fullsizerender-396x540.jpg\" alt=\"Gudrun Bruneg\u00e5rd, Anders Andersson och \u00c5ke Nilsson vill se en ny mobil h\u00e4lsocentral\" width=\"330\" height=\"450\" srcset=\"https:\/\/wp.kristdemokraterna.se\/kalmarlan\/files\/2015\/06\/fullsizerender-396x540.jpg 396w, https:\/\/wp.kristdemokraterna.se\/kalmarlan\/files\/2015\/06\/fullsizerender-220x300.jpg 220w, https:\/\/wp.kristdemokraterna.se\/kalmarlan\/files\/2015\/06\/fullsizerender-254x346.jpg 254w, https:\/\/wp.kristdemokraterna.se\/kalmarlan\/files\/2015\/06\/fullsizerender-82x112.jpg 82w, https:\/\/wp.kristdemokraterna.se\/kalmarlan\/files\/2015\/06\/fullsizerender.jpg 1502w\" sizes=\"auto, (max-width: 330px) 100vw, 330px\" \/><\/a><p id=\"caption-attachment-513\" class=\"wp-caption-text\">Gudrun Bruneg\u00e5rd, Anders Andersson och \u00c5ke Nilsson vill se en ny mobil h\u00e4lsocentral<\/p><\/div>\n<p>Kristdemokraterna i landstinget har en arbetsgrupp i norra l\u00e4nsdelen, som har f\u00f6rdjupat sig i asyl- och flyktingh\u00e4lsov\u00e5rden och hur den p\u00e5verkar h\u00e4lso- och sjukv\u00e5rden i \u00f6vrigt. Vi \u00e4r f\u00f6r en human och gener\u00f6s flyktingpolitik, men m\u00e5ste f\u00f6rb\u00e4ttra sjukv\u00e5rden f\u00f6r att inte tillg\u00e4ngligheten f\u00f6r den fasta befolkningen ska p\u00e5verkas.<\/p>\n<p>&#8211; Idag f\u00e5r alla nyanl\u00e4nda genomg\u00e5 en h\u00e4lsounders\u00f6kning. Det finns rymliga och nyrenoverade lokaler f\u00f6r det \u00e4ndam\u00e5let i St\u00e5lhagen. Lokalerna skulle mycket v\u00e4l r\u00e4cka till \u00e4ven f\u00f6r en mottagning, som skulle avlasta h\u00e4lsocentralerna, s\u00e4ger Gudrun Bruneg\u00e5rd.<\/p>\n<p>&#8211; F\u00f6r mig som kommun- och landstingspolitiker i Hultsfreds kommun k\u00e4nns det dom mycket angel\u00e4get att snarast hitta en l\u00f6sning, som ger flyktingar och asyls\u00f6kande b\u00e4sta service och trygghet i form av en s\u00e4rskild enhet f\u00f6r akut sjukv\u00e5rd. Som pluseffekt inneb\u00e4r det att vi kan avlasta h\u00e4lsocentralerna i Hultsfred och M\u00f6rlunda och d\u00e4rigenom \u00f6ka tillg\u00e4ngligheten f\u00f6r \u00f6vriga kommuninv\u00e5nare, s\u00e4ger Anders Andersson.<\/p>\n<p>-N\u00e4r Hultsfreds Bost\u00e4der byggde om lokalerna i St\u00e5lhagen togs h\u00e4nsyn till att verksamheten skulle kunna v\u00e4xa. Det vore utm\u00e4rkt med en sjukv\u00e5rdsmottagning som ligger mitt i omr\u00e5det d\u00e4r merparten av de 700-750 flyktingar bor, som annars ska ta sig till Hultsfreds h\u00e4lsocentral, s\u00e4ger \u00c5ke Nilsson.<\/p>\n<p>En s\u00e5dan enhet f\u00f6r akut asyl- och flyktingh\u00e4lsov\u00e5rd skulle beh\u00f6va vara mobil, f\u00f6r att kunna serva hela norra l\u00e4nsdelen.<\/p>\n","protected":false},"excerpt":{"rendered":"<p>Kristdemokraterna i landstinget har en arbetsgrupp i norra l\u00e4nsdelen, som har f\u00f6rdjupat sig i asyl- och flyktingh\u00e4lsov\u00e5rden och hur den p\u00e5verkar h\u00e4lso- och sjukv\u00e5rden i \u00f6vrigt. Vi \u00e4r f\u00f6r en human och gener\u00f6s flyktingpolitik, men m\u00e5ste f\u00f6rb\u00e4ttra sjukv\u00e5rden f\u00f6r att inte tillg\u00e4ngligheten f\u00f6r den fasta befolkningen ska p\u00e5verkas. &#8211; Idag f\u00e5r alla nyanl\u00e4nda genomg\u00e5 en <a class=\"read-more-link\" href=\"https:\/\/wp.kristdemokraterna.se\/kalmarlan\/det-behovs-en-ny-mobil-halsocentral-i-hultsfred\/\">Read More<\/a><\/p>\n","protected":false},"author":417,"featured_media":0,"comment_status":"closed","ping_status":"closed","sticky":false,"template":"","format":"standard","meta":{"_acf_changed":false,"footnotes":""},"categories":[1],"tags":[],"class_list":["post-512","post","type-post","status-publish","format-standard","hentry","category-okategoriserade"],"acf":[],"yoast_head":"<!-- This site is optimized with the Yoast SEO plugin v27.4 - https:\/\/yoast.com\/product\/yoast-seo-wordpress\/ -->\n<title>Det beh\u00f6vs en ny mobil h\u00e4lsocentral i Hultsfred! - i Kalmar l\u00e4n<\/title>\n<meta name=\"robots\" content=\"index, follow, max-snippet:-1, max-image-preview:large, max-video-preview:-1\" \/>\n<link rel=\"canonical\" href=\"https:\/\/wp.kristdemokraterna.se\/kalmarlan\/det-behovs-en-ny-mobil-halsocentral-i-hultsfred\/\" \/>\n<meta property=\"og:locale\" content=\"sv_SE\" \/>\n<meta property=\"og:type\" content=\"article\" \/>\n<meta property=\"og:title\" content=\"Det beh\u00f6vs en ny mobil h\u00e4lsocentral i Hultsfred! - i Kalmar l\u00e4n\" \/>\n<meta property=\"og:description\" content=\"Kristdemokraterna i landstinget har en arbetsgrupp i norra l\u00e4nsdelen, som har f\u00f6rdjupat sig i asyl- och flyktingh\u00e4lsov\u00e5rden och hur den p\u00e5verkar h\u00e4lso- och sjukv\u00e5rden i \u00f6vrigt. Vi \u00e4r f\u00f6r en human och gener\u00f6s flyktingpolitik, men m\u00e5ste f\u00f6rb\u00e4ttra sjukv\u00e5rden f\u00f6r att inte tillg\u00e4ngligheten f\u00f6r den fasta befolkningen ska p\u00e5verkas. &#8211; Idag f\u00e5r alla nyanl\u00e4nda genomg\u00e5 en Read More\" \/>\n<meta property=\"og:url\" content=\"https:\/\/wp.kristdemokraterna.se\/kalmarlan\/det-behovs-en-ny-mobil-halsocentral-i-hultsfred\/\" \/>\n<meta property=\"og:site_name\" content=\"i Kalmar l\u00e4n\" \/>\n<meta property=\"article:published_time\" content=\"2015-06-24T13:25:01+00:00\" \/>\n<meta property=\"article:modified_time\" content=\"2015-06-24T19:45:50+00:00\" \/>\n<meta property=\"og:image\" content=\"http:\/\/wp.kristdemokraterna.se\/kalmarlan\/files\/2015\/06\/fullsizerender-396x540.jpg\" \/>\n<meta name=\"author\" content=\"kalmarlan\" \/>\n<meta name=\"twitter:card\" content=\"summary_large_image\" \/>\n<meta name=\"twitter:label1\" content=\"Skriven av\" \/>\n\t<meta name=\"twitter:data1\" content=\"kalmarlan\" \/>\n\t<meta name=\"twitter:label2\" content=\"Ber\u00e4knad l\u00e4stid\" \/>\n\t<meta name=\"twitter:data2\" content=\"1 minut\" \/>\n<script type=\"application\/ld+json\" class=\"yoast-schema-graph\">{\"@context\":\"https:\\\/\\\/schema.org\",\"@graph\":[{\"@type\":\"Article\",\"@id\":\"https:\\\/\\\/wp.kristdemokraterna.se\\\/kalmarlan\\\/det-behovs-en-ny-mobil-halsocentral-i-hultsfred\\\/#article\",\"isPartOf\":{\"@id\":\"https:\\\/\\\/wp.kristdemokraterna.se\\\/kalmarlan\\\/det-behovs-en-ny-mobil-halsocentral-i-hultsfred\\\/\"},\"author\":{\"name\":\"kalmarlan\",\"@id\":\"https:\\\/\\\/wp.kristdemokraterna.se\\\/kalmarlan\\\/#\\\/schema\\\/person\\\/a1856739934bf9c6a11fb258646ea2a5\"},\"headline\":\"Det beh\u00f6vs en ny mobil h\u00e4lsocentral i Hultsfred!\",\"datePublished\":\"2015-06-24T13:25:01+00:00\",\"dateModified\":\"2015-06-24T19:45:50+00:00\",\"mainEntityOfPage\":{\"@id\":\"https:\\\/\\\/wp.kristdemokraterna.se\\\/kalmarlan\\\/det-behovs-en-ny-mobil-halsocentral-i-hultsfred\\\/\"},\"wordCount\":306,\"image\":{\"@id\":\"https:\\\/\\\/wp.kristdemokraterna.se\\\/kalmarlan\\\/det-behovs-en-ny-mobil-halsocentral-i-hultsfred\\\/#primaryimage\"},\"thumbnailUrl\":\"http:\\\/\\\/wp.kristdemokraterna.se\\\/kalmarlan\\\/files\\\/2015\\\/06\\\/fullsizerender-396x540.jpg\",\"inLanguage\":\"sv-SE\"},{\"@type\":\"WebPage\",\"@id\":\"https:\\\/\\\/wp.kristdemokraterna.se\\\/kalmarlan\\\/det-behovs-en-ny-mobil-halsocentral-i-hultsfred\\\/\",\"url\":\"https:\\\/\\\/wp.kristdemokraterna.se\\\/kalmarlan\\\/det-behovs-en-ny-mobil-halsocentral-i-hultsfred\\\/\",\"name\":\"Det beh\u00f6vs en ny mobil h\u00e4lsocentral i Hultsfred! - i Kalmar l\u00e4n\",\"isPartOf\":{\"@id\":\"https:\\\/\\\/wp.kristdemokraterna.se\\\/kalmarlan\\\/#website\"},\"primaryImageOfPage\":{\"@id\":\"https:\\\/\\\/wp.kristdemokraterna.se\\\/kalmarlan\\\/det-behovs-en-ny-mobil-halsocentral-i-hultsfred\\\/#primaryimage\"},\"image\":{\"@id\":\"https:\\\/\\\/wp.kristdemokraterna.se\\\/kalmarlan\\\/det-behovs-en-ny-mobil-halsocentral-i-hultsfred\\\/#primaryimage\"},\"thumbnailUrl\":\"http:\\\/\\\/wp.kristdemokraterna.se\\\/kalmarlan\\\/files\\\/2015\\\/06\\\/fullsizerender-396x540.jpg\",\"datePublished\":\"2015-06-24T13:25:01+00:00\",\"dateModified\":\"2015-06-24T19:45:50+00:00\",\"author\":{\"@id\":\"https:\\\/\\\/wp.kristdemokraterna.se\\\/kalmarlan\\\/#\\\/schema\\\/person\\\/a1856739934bf9c6a11fb258646ea2a5\"},\"breadcrumb\":{\"@id\":\"https:\\\/\\\/wp.kristdemokraterna.se\\\/kalmarlan\\\/det-behovs-en-ny-mobil-halsocentral-i-hultsfred\\\/#breadcrumb\"},\"inLanguage\":\"sv-SE\",\"potentialAction\":[{\"@type\":\"ReadAction\",\"target\":[\"https:\\\/\\\/wp.kristdemokraterna.se\\\/kalmarlan\\\/det-behovs-en-ny-mobil-halsocentral-i-hultsfred\\\/\"]}]},{\"@type\":\"ImageObject\",\"inLanguage\":\"sv-SE\",\"@id\":\"https:\\\/\\\/wp.kristdemokraterna.se\\\/kalmarlan\\\/det-behovs-en-ny-mobil-halsocentral-i-hultsfred\\\/#primaryimage\",\"url\":\"https:\\\/\\\/wp.kristdemokraterna.se\\\/kalmarlan\\\/files\\\/2015\\\/06\\\/fullsizerender.jpg\",\"contentUrl\":\"https:\\\/\\\/wp.kristdemokraterna.se\\\/kalmarlan\\\/files\\\/2015\\\/06\\\/fullsizerender.jpg\",\"width\":1502,\"height\":2049,\"caption\":\"Gudrun Bruneg\u00e5rd, Anders Andersson och \u00c5ke Nilsson vill se en ny mobil h\u00e4lsocentral\"},{\"@type\":\"BreadcrumbList\",\"@id\":\"https:\\\/\\\/wp.kristdemokraterna.se\\\/kalmarlan\\\/det-behovs-en-ny-mobil-halsocentral-i-hultsfred\\\/#breadcrumb\",\"itemListElement\":[{\"@type\":\"ListItem\",\"position\":1,\"name\":\"Hem\",\"item\":\"https:\\\/\\\/wp.kristdemokraterna.se\\\/kalmarlan\\\/\"},{\"@type\":\"ListItem\",\"position\":2,\"name\":\"Det beh\u00f6vs en ny mobil h\u00e4lsocentral i Hultsfred!\"}]},{\"@type\":\"WebSite\",\"@id\":\"https:\\\/\\\/wp.kristdemokraterna.se\\\/kalmarlan\\\/#website\",\"url\":\"https:\\\/\\\/wp.kristdemokraterna.se\\\/kalmarlan\\\/\",\"name\":\"i Kalmar l\u00e4n\",\"description\":\"\",\"inLanguage\":\"sv-SE\"},{\"@type\":\"Person\",\"@id\":\"https:\\\/\\\/wp.kristdemokraterna.se\\\/kalmarlan\\\/#\\\/schema\\\/person\\\/a1856739934bf9c6a11fb258646ea2a5\",\"name\":\"kalmarlan\",\"image\":{\"@type\":\"ImageObject\",\"inLanguage\":\"sv-SE\",\"@id\":\"https:\\\/\\\/secure.gravatar.com\\\/avatar\\\/ef1f7dcd1b21be34f0f3e58a032955c2de43794b20090a23118cd0e2a8964e6e?s=96&r=g\",\"url\":\"https:\\\/\\\/secure.gravatar.com\\\/avatar\\\/ef1f7dcd1b21be34f0f3e58a032955c2de43794b20090a23118cd0e2a8964e6e?s=96&r=g\",\"contentUrl\":\"https:\\\/\\\/secure.gravatar.com\\\/avatar\\\/ef1f7dcd1b21be34f0f3e58a032955c2de43794b20090a23118cd0e2a8964e6e?s=96&r=g\",\"caption\":\"kalmarlan\"},\"url\":\"https:\\\/\\\/wp.kristdemokraterna.se\\\/kalmarlan\\\/author\\\/kalmarlan\\\/\"}]}<\/script>\n<!-- \/ Yoast SEO plugin. -->","yoast_head_json":{"title":"Det beh\u00f6vs en ny mobil h\u00e4lsocentral i Hultsfred! - i Kalmar l\u00e4n","robots":{"index":"index","follow":"follow","max-snippet":"max-snippet:-1","max-image-preview":"max-image-preview:large","max-video-preview":"max-video-preview:-1"},"canonical":"https:\/\/wp.kristdemokraterna.se\/kalmarlan\/det-behovs-en-ny-mobil-halsocentral-i-hultsfred\/","og_locale":"sv_SE","og_type":"article","og_title":"Det beh\u00f6vs en ny mobil h\u00e4lsocentral i Hultsfred! - i Kalmar l\u00e4n","og_description":"Kristdemokraterna i landstinget har en arbetsgrupp i norra l\u00e4nsdelen, som har f\u00f6rdjupat sig i asyl- och flyktingh\u00e4lsov\u00e5rden och hur den p\u00e5verkar h\u00e4lso- och sjukv\u00e5rden i \u00f6vrigt. Vi \u00e4r f\u00f6r en human och gener\u00f6s flyktingpolitik, men m\u00e5ste f\u00f6rb\u00e4ttra sjukv\u00e5rden f\u00f6r att inte tillg\u00e4ngligheten f\u00f6r den fasta befolkningen ska p\u00e5verkas. &#8211; Idag f\u00e5r alla nyanl\u00e4nda genomg\u00e5 en Read More","og_url":"https:\/\/wp.kristdemokraterna.se\/kalmarlan\/det-behovs-en-ny-mobil-halsocentral-i-hultsfred\/","og_site_name":"i Kalmar l\u00e4n","article_published_time":"2015-06-24T13:25:01+00:00","article_modified_time":"2015-06-24T19:45:50+00:00","og_image":[{"url":"http:\/\/wp.kristdemokraterna.se\/kalmarlan\/files\/2015\/06\/fullsizerender-396x540.jpg","type":"","width":"","height":""}],"author":"kalmarlan","twitter_card":"summary_large_image","twitter_misc":{"Skriven av":"kalmarlan","Ber\u00e4knad l\u00e4stid":"1 minut"},"schema":{"@context":"https:\/\/schema.org","@graph":[{"@type":"Article","@id":"https:\/\/wp.kristdemokraterna.se\/kalmarlan\/det-behovs-en-ny-mobil-halsocentral-i-hultsfred\/#article","isPartOf":{"@id":"https:\/\/wp.kristdemokraterna.se\/kalmarlan\/det-behovs-en-ny-mobil-halsocentral-i-hultsfred\/"},"author":{"name":"kalmarlan","@id":"https:\/\/wp.kristdemokraterna.se\/kalmarlan\/#\/schema\/person\/a1856739934bf9c6a11fb258646ea2a5"},"headline":"Det beh\u00f6vs en ny mobil h\u00e4lsocentral i Hultsfred!","datePublished":"2015-06-24T13:25:01+00:00","dateModified":"2015-06-24T19:45:50+00:00","mainEntityOfPage":{"@id":"https:\/\/wp.kristdemokraterna.se\/kalmarlan\/det-behovs-en-ny-mobil-halsocentral-i-hultsfred\/"},"wordCount":306,"image":{"@id":"https:\/\/wp.kristdemokraterna.se\/kalmarlan\/det-behovs-en-ny-mobil-halsocentral-i-hultsfred\/#primaryimage"},"thumbnailUrl":"http:\/\/wp.kristdemokraterna.se\/kalmarlan\/files\/2015\/06\/fullsizerender-396x540.jpg","inLanguage":"sv-SE"},{"@type":"WebPage","@id":"https:\/\/wp.kristdemokraterna.se\/kalmarlan\/det-behovs-en-ny-mobil-halsocentral-i-hultsfred\/","url":"https:\/\/wp.kristdemokraterna.se\/kalmarlan\/det-behovs-en-ny-mobil-halsocentral-i-hultsfred\/","name":"Det beh\u00f6vs en ny mobil h\u00e4lsocentral i Hultsfred! - i Kalmar l\u00e4n","isPartOf":{"@id":"https:\/\/wp.kristdemokraterna.se\/kalmarlan\/#website"},"primaryImageOfPage":{"@id":"https:\/\/wp.kristdemokraterna.se\/kalmarlan\/det-behovs-en-ny-mobil-halsocentral-i-hultsfred\/#primaryimage"},"image":{"@id":"https:\/\/wp.kristdemokraterna.se\/kalmarlan\/det-behovs-en-ny-mobil-halsocentral-i-hultsfred\/#primaryimage"},"thumbnailUrl":"http:\/\/wp.kristdemokraterna.se\/kalmarlan\/files\/2015\/06\/fullsizerender-396x540.jpg","datePublished":"2015-06-24T13:25:01+00:00","dateModified":"2015-06-24T19:45:50+00:00","author":{"@id":"https:\/\/wp.kristdemokraterna.se\/kalmarlan\/#\/schema\/person\/a1856739934bf9c6a11fb258646ea2a5"},"breadcrumb":{"@id":"https:\/\/wp.kristdemokraterna.se\/kalmarlan\/det-behovs-en-ny-mobil-halsocentral-i-hultsfred\/#breadcrumb"},"inLanguage":"sv-SE","potentialAction":[{"@type":"ReadAction","target":["https:\/\/wp.kristdemokraterna.se\/kalmarlan\/det-behovs-en-ny-mobil-halsocentral-i-hultsfred\/"]}]},{"@type":"ImageObject","inLanguage":"sv-SE","@id":"https:\/\/wp.kristdemokraterna.se\/kalmarlan\/det-behovs-en-ny-mobil-halsocentral-i-hultsfred\/#primaryimage","url":"https:\/\/wp.kristdemokraterna.se\/kalmarlan\/files\/2015\/06\/fullsizerender.jpg","contentUrl":"https:\/\/wp.kristdemokraterna.se\/kalmarlan\/files\/2015\/06\/fullsizerender.jpg","width":1502,"height":2049,"caption":"Gudrun Bruneg\u00e5rd, Anders Andersson och \u00c5ke Nilsson vill se en ny mobil h\u00e4lsocentral"},{"@type":"BreadcrumbList","@id":"https:\/\/wp.kristdemokraterna.se\/kalmarlan\/det-behovs-en-ny-mobil-halsocentral-i-hultsfred\/#breadcrumb","itemListElement":[{"@type":"ListItem","position":1,"name":"Hem","item":"https:\/\/wp.kristdemokraterna.se\/kalmarlan\/"},{"@type":"ListItem","position":2,"name":"Det beh\u00f6vs en ny mobil h\u00e4lsocentral i Hultsfred!"}]},{"@type":"WebSite","@id":"https:\/\/wp.kristdemokraterna.se\/kalmarlan\/#website","url":"https:\/\/wp.kristdemokraterna.se\/kalmarlan\/","name":"i Kalmar l\u00e4n","description":"","inLanguage":"sv-SE"},{"@type":"Person","@id":"https:\/\/wp.kristdemokraterna.se\/kalmarlan\/#\/schema\/person\/a1856739934bf9c6a11fb258646ea2a5","name":"kalmarlan","image":{"@type":"ImageObject","inLanguage":"sv-SE","@id":"https:\/\/secure.gravatar.com\/avatar\/ef1f7dcd1b21be34f0f3e58a032955c2de43794b20090a23118cd0e2a8964e6e?s=96&r=g","url":"https:\/\/secure.gravatar.com\/avatar\/ef1f7dcd1b21be34f0f3e58a032955c2de43794b20090a23118cd0e2a8964e6e?s=96&r=g","contentUrl":"https:\/\/secure.gravatar.com\/avatar\/ef1f7dcd1b21be34f0f3e58a032955c2de43794b20090a23118cd0e2a8964e6e?s=96&r=g","caption":"kalmarlan"},"url":"https:\/\/wp.kristdemokraterna.se\/kalmarlan\/author\/kalmarlan\/"}]}},"_links":{"self":[{"href":"https:\/\/wp.kristdemokraterna.se\/kalmarlan\/wp-json\/wp\/v2\/posts\/512","targetHints":{"allow":["GET"]}}],"collection":[{"href":"https:\/\/wp.kristdemokraterna.se\/kalmarlan\/wp-json\/wp\/v2\/posts"}],"about":[{"href":"https:\/\/wp.kristdemokraterna.se\/kalmarlan\/wp-json\/wp\/v2\/types\/post"}],"author":[{"embeddable":true,"href":"https:\/\/wp.kristdemokraterna.se\/kalmarlan\/wp-json\/wp\/v2\/users\/417"}],"replies":[{"embeddable":true,"href":"https:\/\/wp.kristdemokraterna.se\/kalmarlan\/wp-json\/wp\/v2\/comments?post=512"}],"version-history":[{"count":3,"href":"https:\/\/wp.kristdemokraterna.se\/kalmarlan\/wp-json\/wp\/v2\/posts\/512\/revisions"}],"predecessor-version":[{"id":516,"href":"https:\/\/wp.kristdemokraterna.se\/kalmarlan\/wp-json\/wp\/v2\/posts\/512\/revisions\/516"}],"wp:attachment":[{"href":"https:\/\/wp.kristdemokraterna.se\/kalmarlan\/wp-json\/wp\/v2\/media?parent=512"}],"wp:term":[{"taxonomy":"category","embeddable":true,"href":"https:\/\/wp.kristdemokraterna.se\/kalmarlan\/wp-json\/wp\/v2\/categories?post=512"},{"taxonomy":"post_tag","embeddable":true,"href":"https:\/\/wp.kristdemokraterna.se\/kalmarlan\/wp-json\/wp\/v2\/tags?post=512"}],"curies":[{"name":"wp","href":"https:\/\/api.w.org\/{rel}","templated":true}]}}