{"id":518,"date":"2015-09-01T20:03:07","date_gmt":"2015-09-01T18:03:07","guid":{"rendered":"http:\/\/wp.kristdemokraterna.se\/kalmarlan\/?p=518"},"modified":"2015-09-02T12:36:34","modified_gmt":"2015-09-02T10:36:34","slug":"utveckling-av-asyl-och-flyktingsjukvarden","status":"publish","type":"post","link":"https:\/\/wp.kristdemokraterna.se\/kalmarlan\/utveckling-av-asyl-och-flyktingsjukvarden\/","title":{"rendered":"Utveckling av asyl- och flyktingsjukv\u00e5rden"},"content":{"rendered":"<p><em>Skrivelse till landstingsstyrelsen<\/em><\/p>\n<p>Sverige har ett medm\u00e4nskligt ansvar att bist\u00e5 vid internationella kriser och flyktingkatastrofer. Det nuvarande l\u00e4get i exempelvis Syrien medf\u00f6r stora flyktingsstr\u00f6mmar, som m\u00e5ste hanteras p\u00e5 ett s\u00e4tt som garanterar s\u00e5v\u00e4l de redan tidigare listade patienterna som de asyls\u00f6kande god och tillg\u00e4nglig h\u00e4lso- och sjukv\u00e5rd.<\/p>\n<p>Landstinget i Kalmar l\u00e4n har i flera avseenden visat goda ambitioner. Landstingets asyl- och flyktingh\u00e4lsov\u00e5rd ligger mycket bra till ur ett nationellt perspektiv. En mycket stor andel, 84 % av nyanl\u00e4nda j\u00e4mf\u00f6rt med 40 % i riket, genomg\u00e5r h\u00e4lsosamtal med en medicinsk bed\u00f6mning av eventuellt v\u00e5rdbehov, st\u00f6d eller andra \u00e5tg\u00e4rder. Genomg\u00e5ng g\u00f6rs av vaccinationsstatus och smittorisk, samt information om svensk h\u00e4lso- och sjukv\u00e5rd. 99 procent tackar ja, men n\u00e5gra hinner flytta innan h\u00e4lsosamtalet blivit av.<\/p>\n<p>I nul\u00e4get \u00e4r en sjuksk\u00f6terska mobil. \u00d6vriga fyra sjuksk\u00f6terskor \u00e5ker ut till asylboendena vid behov. \u00d6vrig personal \u00e4r allm\u00e4nl\u00e4kare, som kommer till Asyl- och flyktingh\u00e4lsov\u00e5rdens lokaler i Hultsfred n\u00e5gra g\u00e5nger i m\u00e5naden. Sjuksk\u00f6terskorna v\u00e4ljer ut vilka patienter som f\u00e5r tr\u00e4ffa l\u00e4karen. Det finns ocks\u00e5 fem sekreterare, fem undersk\u00f6terskor och en kurator. Tolk anlitas via gemensam upphandling med l\u00e4nets kommuner.<\/p>\n<p>F\u00f6r uppf\u00f6ljning och vid behov av akut sjukv\u00e5rd h\u00e4nvisas till prim\u00e4rv\u00e5rden. Provsvar skickas till den h\u00e4lsocentral personen \u00e4r listad p\u00e5, vilket \u00e4r kopplat till bostadsadress. I Hultsfred \u00e4r patienterna f\u00f6rdelade mellan h\u00e4lsocentralerna i Hultsfred, M\u00f6rlunda och Vimmerby samt de b\u00e5da privata l\u00e4karmottagningarna i Virserum.<\/p>\n<p>Det \u00e4r viktigt att de asyls\u00f6kande f\u00e5r den sjukv\u00e5rd de beh\u00f6ver i tid. M\u00e5nga av dem \u00e4r traumatiserade. Enligt m\u00e5ngas kultur f\u00f6ljer hela familjen med vid bes\u00f6k i sjukv\u00e5rden, vilket kan ge intryck av att det \u00e4r m\u00e5nga patienter. I Hultsfred finns 700-750 asyls\u00f6kande, sammantaget med M\u00f6rlunda 1000 stycken. Enligt lagen har vuxna asyls\u00f6kande r\u00e4tt till v\u00e5rd som inte kan anst\u00e5. Annat f\u00e5r v\u00e4nta tills man f\u00e5tt uppeh\u00e5llstillst\u00e5nd. F\u00f6r asyls\u00f6kande barn g\u00e4ller samma r\u00e4tt till h\u00e4lso- och sjukv\u00e5rd som f\u00f6r personer med permanent uppeh\u00e5llstillst\u00e5nd.<\/p>\n<p>Det beh\u00f6ver skapas en organisation som blir smidig f\u00f6r asyls\u00f6kande, utan att h\u00e4lsocentralernas fasta listade f\u00e5r s\u00e4mre tillg\u00e4nglighet. En fast sjukv\u00e5rdsmottagning skulle med f\u00f6rdel kunna inrymmas i lediga utrymmen i Asyl- och flyktingh\u00e4lsov\u00e5rdens lokaler i Hultsfred, f\u00f6r patienter i n\u00e4romr\u00e5det. Ambulerande team, administrativt kopplade till asyl- och flyktingh\u00e4lsov\u00e5rden f\u00f6r att garantera kompetens och likv\u00e4rdig v\u00e5rd runt om i l\u00e4net, skulle kunna avlasta prim\u00e4rv\u00e5rden i \u00f6vriga delar av l\u00e4net, genom regelbundna bes\u00f6k p\u00e5 st\u00f6rre asylboenden.<\/p>\n<p>Kristdemokraterna f\u00f6resl\u00e5r d\u00e4rf\u00f6r landstingsstyrelsen ge landstingsdirekt\u00f6ren i uppdrag<\/p>\n<p><strong>att<\/strong> utreda hur asyls\u00f6kande och flyktingars akuta sjukv\u00e5rdsbehov b\u00e4st kan tillgodoses, exempelvis genom mobila asylsjukv\u00e5rdsteam f\u00f6r akuta prim\u00e4rv\u00e5rds\u00e4renden, vilka kan ambulera\u00a0mellan de st\u00f6rre asylboendena, eller annan l\u00e4mplig l\u00f6sning, samt<\/p>\n<p><strong>att\u00a0<\/strong> inr\u00e4tta en fast mottagning f\u00f6r akuta prim\u00e4rv\u00e5rds\u00e4renden i lediga utrymmen i befintliga lokaler\u00a0f\u00f6r Asyl- och flyktingh\u00e4lsov\u00e5rden i St\u00e5lhagen, Hultsfred.<\/p>\n<p>Kalmar l\u00e4n den 31 augusti 2015<\/p>\n<p>&nbsp;<\/p>\n<p>Gudrun Bruneg\u00e5rd\u00a0\u00a0\u00a0\u00a0\u00a0\u00a0\u00a0\u00a0\u00a0\u00a0\u00a0\u00a0\u00a0\u00a0\u00a0\u00a0\u00a0\u00a0 Anders Andersson\u00a0\u00a0\u00a0\u00a0\u00a0\u00a0\u00a0\u00a0\u00a0\u00a0\u00a0\u00a0\u00a0\u00a0\u00a0\u00a0\u00a0\u00a0\u00a0 Jimmy Loord<\/p>\n","protected":false},"excerpt":{"rendered":"<p>Skrivelse till landstingsstyrelsen Sverige har ett medm\u00e4nskligt ansvar att bist\u00e5 vid internationella kriser och flyktingkatastrofer. Det nuvarande l\u00e4get i exempelvis Syrien medf\u00f6r stora flyktingsstr\u00f6mmar, som m\u00e5ste hanteras p\u00e5 ett s\u00e4tt som garanterar s\u00e5v\u00e4l de redan tidigare listade patienterna som de asyls\u00f6kande god och tillg\u00e4nglig h\u00e4lso- och sjukv\u00e5rd. Landstinget i Kalmar l\u00e4n har i flera avseenden <a class=\"read-more-link\" href=\"https:\/\/wp.kristdemokraterna.se\/kalmarlan\/utveckling-av-asyl-och-flyktingsjukvarden\/\">Read More<\/a><\/p>\n","protected":false},"author":417,"featured_media":0,"comment_status":"closed","ping_status":"closed","sticky":false,"template":"","format":"standard","meta":{"_acf_changed":false,"footnotes":""},"categories":[1],"tags":[],"class_list":["post-518","post","type-post","status-publish","format-standard","hentry","category-okategoriserade"],"acf":[],"yoast_head":"<!-- This site is optimized with the Yoast SEO plugin v27.4 - https:\/\/yoast.com\/product\/yoast-seo-wordpress\/ -->\n<title>Utveckling av asyl- och flyktingsjukv\u00e5rden - i Kalmar l\u00e4n<\/title>\n<meta name=\"robots\" content=\"index, follow, max-snippet:-1, max-image-preview:large, max-video-preview:-1\" \/>\n<link rel=\"canonical\" href=\"https:\/\/wp.kristdemokraterna.se\/kalmarlan\/utveckling-av-asyl-och-flyktingsjukvarden\/\" \/>\n<meta property=\"og:locale\" content=\"sv_SE\" \/>\n<meta property=\"og:type\" content=\"article\" \/>\n<meta property=\"og:title\" content=\"Utveckling av asyl- och flyktingsjukv\u00e5rden - i Kalmar l\u00e4n\" \/>\n<meta property=\"og:description\" content=\"Skrivelse till landstingsstyrelsen Sverige har ett medm\u00e4nskligt ansvar att bist\u00e5 vid internationella kriser och flyktingkatastrofer. Det nuvarande l\u00e4get i exempelvis Syrien medf\u00f6r stora flyktingsstr\u00f6mmar, som m\u00e5ste hanteras p\u00e5 ett s\u00e4tt som garanterar s\u00e5v\u00e4l de redan tidigare listade patienterna som de asyls\u00f6kande god och tillg\u00e4nglig h\u00e4lso- och sjukv\u00e5rd. Landstinget i Kalmar l\u00e4n har i flera avseenden Read More\" \/>\n<meta property=\"og:url\" content=\"https:\/\/wp.kristdemokraterna.se\/kalmarlan\/utveckling-av-asyl-och-flyktingsjukvarden\/\" \/>\n<meta property=\"og:site_name\" content=\"i Kalmar l\u00e4n\" \/>\n<meta property=\"article:published_time\" content=\"2015-09-01T18:03:07+00:00\" \/>\n<meta property=\"article:modified_time\" content=\"2015-09-02T10:36:34+00:00\" \/>\n<meta name=\"author\" content=\"kalmarlan\" \/>\n<meta name=\"twitter:card\" content=\"summary_large_image\" \/>\n<meta name=\"twitter:label1\" content=\"Skriven av\" \/>\n\t<meta name=\"twitter:data1\" content=\"kalmarlan\" \/>\n\t<meta name=\"twitter:label2\" content=\"Ber\u00e4knad l\u00e4stid\" \/>\n\t<meta name=\"twitter:data2\" content=\"3 minuter\" \/>\n<script type=\"application\/ld+json\" class=\"yoast-schema-graph\">{\"@context\":\"https:\\\/\\\/schema.org\",\"@graph\":[{\"@type\":\"Article\",\"@id\":\"https:\\\/\\\/wp.kristdemokraterna.se\\\/kalmarlan\\\/utveckling-av-asyl-och-flyktingsjukvarden\\\/#article\",\"isPartOf\":{\"@id\":\"https:\\\/\\\/wp.kristdemokraterna.se\\\/kalmarlan\\\/utveckling-av-asyl-och-flyktingsjukvarden\\\/\"},\"author\":{\"name\":\"kalmarlan\",\"@id\":\"https:\\\/\\\/wp.kristdemokraterna.se\\\/kalmarlan\\\/#\\\/schema\\\/person\\\/a1856739934bf9c6a11fb258646ea2a5\"},\"headline\":\"Utveckling av asyl- och flyktingsjukv\u00e5rden\",\"datePublished\":\"2015-09-01T18:03:07+00:00\",\"dateModified\":\"2015-09-02T10:36:34+00:00\",\"mainEntityOfPage\":{\"@id\":\"https:\\\/\\\/wp.kristdemokraterna.se\\\/kalmarlan\\\/utveckling-av-asyl-och-flyktingsjukvarden\\\/\"},\"wordCount\":593,\"inLanguage\":\"sv-SE\"},{\"@type\":\"WebPage\",\"@id\":\"https:\\\/\\\/wp.kristdemokraterna.se\\\/kalmarlan\\\/utveckling-av-asyl-och-flyktingsjukvarden\\\/\",\"url\":\"https:\\\/\\\/wp.kristdemokraterna.se\\\/kalmarlan\\\/utveckling-av-asyl-och-flyktingsjukvarden\\\/\",\"name\":\"Utveckling av asyl- och flyktingsjukv\u00e5rden - i Kalmar l\u00e4n\",\"isPartOf\":{\"@id\":\"https:\\\/\\\/wp.kristdemokraterna.se\\\/kalmarlan\\\/#website\"},\"datePublished\":\"2015-09-01T18:03:07+00:00\",\"dateModified\":\"2015-09-02T10:36:34+00:00\",\"author\":{\"@id\":\"https:\\\/\\\/wp.kristdemokraterna.se\\\/kalmarlan\\\/#\\\/schema\\\/person\\\/a1856739934bf9c6a11fb258646ea2a5\"},\"breadcrumb\":{\"@id\":\"https:\\\/\\\/wp.kristdemokraterna.se\\\/kalmarlan\\\/utveckling-av-asyl-och-flyktingsjukvarden\\\/#breadcrumb\"},\"inLanguage\":\"sv-SE\",\"potentialAction\":[{\"@type\":\"ReadAction\",\"target\":[\"https:\\\/\\\/wp.kristdemokraterna.se\\\/kalmarlan\\\/utveckling-av-asyl-och-flyktingsjukvarden\\\/\"]}]},{\"@type\":\"BreadcrumbList\",\"@id\":\"https:\\\/\\\/wp.kristdemokraterna.se\\\/kalmarlan\\\/utveckling-av-asyl-och-flyktingsjukvarden\\\/#breadcrumb\",\"itemListElement\":[{\"@type\":\"ListItem\",\"position\":1,\"name\":\"Hem\",\"item\":\"https:\\\/\\\/wp.kristdemokraterna.se\\\/kalmarlan\\\/\"},{\"@type\":\"ListItem\",\"position\":2,\"name\":\"Utveckling av asyl- och flyktingsjukv\u00e5rden\"}]},{\"@type\":\"WebSite\",\"@id\":\"https:\\\/\\\/wp.kristdemokraterna.se\\\/kalmarlan\\\/#website\",\"url\":\"https:\\\/\\\/wp.kristdemokraterna.se\\\/kalmarlan\\\/\",\"name\":\"i Kalmar l\u00e4n\",\"description\":\"\",\"inLanguage\":\"sv-SE\"},{\"@type\":\"Person\",\"@id\":\"https:\\\/\\\/wp.kristdemokraterna.se\\\/kalmarlan\\\/#\\\/schema\\\/person\\\/a1856739934bf9c6a11fb258646ea2a5\",\"name\":\"kalmarlan\",\"image\":{\"@type\":\"ImageObject\",\"inLanguage\":\"sv-SE\",\"@id\":\"https:\\\/\\\/secure.gravatar.com\\\/avatar\\\/ef1f7dcd1b21be34f0f3e58a032955c2de43794b20090a23118cd0e2a8964e6e?s=96&r=g\",\"url\":\"https:\\\/\\\/secure.gravatar.com\\\/avatar\\\/ef1f7dcd1b21be34f0f3e58a032955c2de43794b20090a23118cd0e2a8964e6e?s=96&r=g\",\"contentUrl\":\"https:\\\/\\\/secure.gravatar.com\\\/avatar\\\/ef1f7dcd1b21be34f0f3e58a032955c2de43794b20090a23118cd0e2a8964e6e?s=96&r=g\",\"caption\":\"kalmarlan\"},\"url\":\"https:\\\/\\\/wp.kristdemokraterna.se\\\/kalmarlan\\\/author\\\/kalmarlan\\\/\"}]}<\/script>\n<!-- \/ Yoast SEO plugin. -->","yoast_head_json":{"title":"Utveckling av asyl- och flyktingsjukv\u00e5rden - i Kalmar l\u00e4n","robots":{"index":"index","follow":"follow","max-snippet":"max-snippet:-1","max-image-preview":"max-image-preview:large","max-video-preview":"max-video-preview:-1"},"canonical":"https:\/\/wp.kristdemokraterna.se\/kalmarlan\/utveckling-av-asyl-och-flyktingsjukvarden\/","og_locale":"sv_SE","og_type":"article","og_title":"Utveckling av asyl- och flyktingsjukv\u00e5rden - i Kalmar l\u00e4n","og_description":"Skrivelse till landstingsstyrelsen Sverige har ett medm\u00e4nskligt ansvar att bist\u00e5 vid internationella kriser och flyktingkatastrofer. Det nuvarande l\u00e4get i exempelvis Syrien medf\u00f6r stora flyktingsstr\u00f6mmar, som m\u00e5ste hanteras p\u00e5 ett s\u00e4tt som garanterar s\u00e5v\u00e4l de redan tidigare listade patienterna som de asyls\u00f6kande god och tillg\u00e4nglig h\u00e4lso- och sjukv\u00e5rd. Landstinget i Kalmar l\u00e4n har i flera avseenden Read More","og_url":"https:\/\/wp.kristdemokraterna.se\/kalmarlan\/utveckling-av-asyl-och-flyktingsjukvarden\/","og_site_name":"i Kalmar l\u00e4n","article_published_time":"2015-09-01T18:03:07+00:00","article_modified_time":"2015-09-02T10:36:34+00:00","author":"kalmarlan","twitter_card":"summary_large_image","twitter_misc":{"Skriven av":"kalmarlan","Ber\u00e4knad l\u00e4stid":"3 minuter"},"schema":{"@context":"https:\/\/schema.org","@graph":[{"@type":"Article","@id":"https:\/\/wp.kristdemokraterna.se\/kalmarlan\/utveckling-av-asyl-och-flyktingsjukvarden\/#article","isPartOf":{"@id":"https:\/\/wp.kristdemokraterna.se\/kalmarlan\/utveckling-av-asyl-och-flyktingsjukvarden\/"},"author":{"name":"kalmarlan","@id":"https:\/\/wp.kristdemokraterna.se\/kalmarlan\/#\/schema\/person\/a1856739934bf9c6a11fb258646ea2a5"},"headline":"Utveckling av asyl- och flyktingsjukv\u00e5rden","datePublished":"2015-09-01T18:03:07+00:00","dateModified":"2015-09-02T10:36:34+00:00","mainEntityOfPage":{"@id":"https:\/\/wp.kristdemokraterna.se\/kalmarlan\/utveckling-av-asyl-och-flyktingsjukvarden\/"},"wordCount":593,"inLanguage":"sv-SE"},{"@type":"WebPage","@id":"https:\/\/wp.kristdemokraterna.se\/kalmarlan\/utveckling-av-asyl-och-flyktingsjukvarden\/","url":"https:\/\/wp.kristdemokraterna.se\/kalmarlan\/utveckling-av-asyl-och-flyktingsjukvarden\/","name":"Utveckling av asyl- och flyktingsjukv\u00e5rden - i Kalmar l\u00e4n","isPartOf":{"@id":"https:\/\/wp.kristdemokraterna.se\/kalmarlan\/#website"},"datePublished":"2015-09-01T18:03:07+00:00","dateModified":"2015-09-02T10:36:34+00:00","author":{"@id":"https:\/\/wp.kristdemokraterna.se\/kalmarlan\/#\/schema\/person\/a1856739934bf9c6a11fb258646ea2a5"},"breadcrumb":{"@id":"https:\/\/wp.kristdemokraterna.se\/kalmarlan\/utveckling-av-asyl-och-flyktingsjukvarden\/#breadcrumb"},"inLanguage":"sv-SE","potentialAction":[{"@type":"ReadAction","target":["https:\/\/wp.kristdemokraterna.se\/kalmarlan\/utveckling-av-asyl-och-flyktingsjukvarden\/"]}]},{"@type":"BreadcrumbList","@id":"https:\/\/wp.kristdemokraterna.se\/kalmarlan\/utveckling-av-asyl-och-flyktingsjukvarden\/#breadcrumb","itemListElement":[{"@type":"ListItem","position":1,"name":"Hem","item":"https:\/\/wp.kristdemokraterna.se\/kalmarlan\/"},{"@type":"ListItem","position":2,"name":"Utveckling av asyl- och flyktingsjukv\u00e5rden"}]},{"@type":"WebSite","@id":"https:\/\/wp.kristdemokraterna.se\/kalmarlan\/#website","url":"https:\/\/wp.kristdemokraterna.se\/kalmarlan\/","name":"i Kalmar l\u00e4n","description":"","inLanguage":"sv-SE"},{"@type":"Person","@id":"https:\/\/wp.kristdemokraterna.se\/kalmarlan\/#\/schema\/person\/a1856739934bf9c6a11fb258646ea2a5","name":"kalmarlan","image":{"@type":"ImageObject","inLanguage":"sv-SE","@id":"https:\/\/secure.gravatar.com\/avatar\/ef1f7dcd1b21be34f0f3e58a032955c2de43794b20090a23118cd0e2a8964e6e?s=96&r=g","url":"https:\/\/secure.gravatar.com\/avatar\/ef1f7dcd1b21be34f0f3e58a032955c2de43794b20090a23118cd0e2a8964e6e?s=96&r=g","contentUrl":"https:\/\/secure.gravatar.com\/avatar\/ef1f7dcd1b21be34f0f3e58a032955c2de43794b20090a23118cd0e2a8964e6e?s=96&r=g","caption":"kalmarlan"},"url":"https:\/\/wp.kristdemokraterna.se\/kalmarlan\/author\/kalmarlan\/"}]}},"_links":{"self":[{"href":"https:\/\/wp.kristdemokraterna.se\/kalmarlan\/wp-json\/wp\/v2\/posts\/518","targetHints":{"allow":["GET"]}}],"collection":[{"href":"https:\/\/wp.kristdemokraterna.se\/kalmarlan\/wp-json\/wp\/v2\/posts"}],"about":[{"href":"https:\/\/wp.kristdemokraterna.se\/kalmarlan\/wp-json\/wp\/v2\/types\/post"}],"author":[{"embeddable":true,"href":"https:\/\/wp.kristdemokraterna.se\/kalmarlan\/wp-json\/wp\/v2\/users\/417"}],"replies":[{"embeddable":true,"href":"https:\/\/wp.kristdemokraterna.se\/kalmarlan\/wp-json\/wp\/v2\/comments?post=518"}],"version-history":[{"count":4,"href":"https:\/\/wp.kristdemokraterna.se\/kalmarlan\/wp-json\/wp\/v2\/posts\/518\/revisions"}],"predecessor-version":[{"id":522,"href":"https:\/\/wp.kristdemokraterna.se\/kalmarlan\/wp-json\/wp\/v2\/posts\/518\/revisions\/522"}],"wp:attachment":[{"href":"https:\/\/wp.kristdemokraterna.se\/kalmarlan\/wp-json\/wp\/v2\/media?parent=518"}],"wp:term":[{"taxonomy":"category","embeddable":true,"href":"https:\/\/wp.kristdemokraterna.se\/kalmarlan\/wp-json\/wp\/v2\/categories?post=518"},{"taxonomy":"post_tag","embeddable":true,"href":"https:\/\/wp.kristdemokraterna.se\/kalmarlan\/wp-json\/wp\/v2\/tags?post=518"}],"curies":[{"name":"wp","href":"https:\/\/api.w.org\/{rel}","templated":true}]}}