{"id":523,"date":"2015-10-03T14:40:36","date_gmt":"2015-10-03T12:40:36","guid":{"rendered":"http:\/\/wp.kristdemokraterna.se\/kalmarlan\/?p=523"},"modified":"2015-10-03T14:40:36","modified_gmt":"2015-10-03T12:40:36","slug":"kd-kalmar-lan-riv-upp-decemberoverenskommelsen","status":"publish","type":"post","link":"https:\/\/wp.kristdemokraterna.se\/kalmarlan\/kd-kalmar-lan-riv-upp-decemberoverenskommelsen\/","title":{"rendered":"KD Kalmar l\u00e4n: Riv upp December\u00f6verenskommelsen!"},"content":{"rendered":"<p><em>Pressmeddelande<\/em><\/p>\n<p><strong>-Det \u00e4r nu dags att riva upp December\u00f6verens-kommelsen. Stefan L\u00f6fven har inte lagt sig vinn om att v\u00e5rda den. Han tycks tro att man kan skriva p\u00e5 ett papper bara f\u00f6r att g\u00f6mma det i en skrivbordsl\u00e5da och sedan strunta i det.<br \/>\nDet s\u00e4ger Gudrun Bruneg\u00e5rd, oppositionsr\u00e5d i landstinget i Kalmar l\u00e4n och delegationsledare, efter m\u00f6te med distriktsstyrelse och ombud inf\u00f6r n\u00e4sta veckas riksting. <\/strong><\/p>\n<p>-Socialdemokraterna, med st\u00f6d av Milj\u00f6partiet och V\u00e4nstern, river nu upp en rad reformer, som haft stort st\u00f6d bland befolkningen: Man reducerar ROT och RUT och vill begr\u00e4nsa m\u00f6jligheterna till valfrihet i barnomsorg, skola, v\u00e5rd och \u00e4ldreomsorg. Man drar in g\u00e5voskatteavdraget, i en tid d\u00e5 behovet av engagemang fr\u00e5n civilsamh\u00e4llet \u00e4r st\u00f6rre \u00e4n n\u00e5gonsin. P\u00e5 s\u00e5 s\u00e4tt har Stefan L\u00f6fven helt omintetgjort lojaliteten med tankarna bakom December\u00f6verens-kommelsen, s\u00e4ger Anders Andersson, distriktsordf\u00f6rande f\u00f6r Kristdemokraterna i Kalmar l\u00e4n. <\/p>\n<p>-Vi \u00e4r inte beredda att stillatigande st\u00e5 och se p\u00e5 hur Stefan L\u00f6fven och hans samarbetspartners nu sl\u00e5r s\u00f6nder allt det som Alliansen byggde upp och som gjorde Sverige till ett b\u00e4ttre land att leva i. D\u00e4rf\u00f6r har en klar majoritet av distriktsstyrelse och ombud f\u00f6r Kristdemokraterna i Kalmar l\u00e4n beslutat att st\u00f6dja de rikstingsmotioner som vill riva upp December\u00f6verenskommelsen, s\u00e4ger Jimmy Loord, vice distriktsordf\u00f6rande. <\/p>\n<p>F\u00f6r mer information:<br \/>\nGudrun Bruneg\u00e5rd, Oppositionsr\u00e5d och delegationsledare (KD) Kalmar l\u00e4n<br \/>\nmobil. 070-581 52 78<\/p>\n<p>Anders Andersson, Distriktsordf\u00f6rande (KD)<br \/>\nMobil 070-2498212<\/p>\n<p>Jimmy Loord, Vice distriktsordf\u00f6rande (KD)<br \/>\n076-1009014<\/p>\n","protected":false},"excerpt":{"rendered":"<p>Pressmeddelande -Det \u00e4r nu dags att riva upp December\u00f6verens-kommelsen. Stefan L\u00f6fven har inte lagt sig vinn om att v\u00e5rda den. Han tycks tro att man kan skriva p\u00e5 ett papper bara f\u00f6r att g\u00f6mma det i en skrivbordsl\u00e5da och sedan strunta i det. Det s\u00e4ger Gudrun Bruneg\u00e5rd, oppositionsr\u00e5d i landstinget i Kalmar l\u00e4n och delegationsledare, <a class=\"read-more-link\" href=\"https:\/\/wp.kristdemokraterna.se\/kalmarlan\/kd-kalmar-lan-riv-upp-decemberoverenskommelsen\/\">Read More<\/a><\/p>\n","protected":false},"author":417,"featured_media":0,"comment_status":"closed","ping_status":"closed","sticky":false,"template":"","format":"standard","meta":{"_acf_changed":false,"footnotes":""},"categories":[1],"tags":[],"class_list":["post-523","post","type-post","status-publish","format-standard","hentry","category-okategoriserade"],"acf":[],"yoast_head":"<!-- This site is optimized with the Yoast SEO plugin v27.4 - https:\/\/yoast.com\/product\/yoast-seo-wordpress\/ -->\n<title>KD Kalmar l\u00e4n: Riv upp December\u00f6verenskommelsen! - i Kalmar l\u00e4n<\/title>\n<meta name=\"robots\" content=\"index, follow, max-snippet:-1, max-image-preview:large, max-video-preview:-1\" \/>\n<link rel=\"canonical\" href=\"https:\/\/wp.kristdemokraterna.se\/kalmarlan\/kd-kalmar-lan-riv-upp-decemberoverenskommelsen\/\" \/>\n<meta property=\"og:locale\" content=\"sv_SE\" \/>\n<meta property=\"og:type\" content=\"article\" \/>\n<meta property=\"og:title\" content=\"KD Kalmar l\u00e4n: Riv upp December\u00f6verenskommelsen! - i Kalmar l\u00e4n\" \/>\n<meta property=\"og:description\" content=\"Pressmeddelande -Det \u00e4r nu dags att riva upp December\u00f6verens-kommelsen. Stefan L\u00f6fven har inte lagt sig vinn om att v\u00e5rda den. Han tycks tro att man kan skriva p\u00e5 ett papper bara f\u00f6r att g\u00f6mma det i en skrivbordsl\u00e5da och sedan strunta i det. Det s\u00e4ger Gudrun Bruneg\u00e5rd, oppositionsr\u00e5d i landstinget i Kalmar l\u00e4n och delegationsledare, Read More\" \/>\n<meta property=\"og:url\" content=\"https:\/\/wp.kristdemokraterna.se\/kalmarlan\/kd-kalmar-lan-riv-upp-decemberoverenskommelsen\/\" \/>\n<meta property=\"og:site_name\" content=\"i Kalmar l\u00e4n\" \/>\n<meta property=\"article:published_time\" content=\"2015-10-03T12:40:36+00:00\" \/>\n<meta name=\"author\" content=\"kalmarlan\" \/>\n<meta name=\"twitter:card\" content=\"summary_large_image\" \/>\n<meta name=\"twitter:label1\" content=\"Skriven av\" \/>\n\t<meta name=\"twitter:data1\" content=\"kalmarlan\" \/>\n\t<meta name=\"twitter:label2\" content=\"Ber\u00e4knad l\u00e4stid\" \/>\n\t<meta name=\"twitter:data2\" content=\"1 minut\" \/>\n<script type=\"application\/ld+json\" class=\"yoast-schema-graph\">{\"@context\":\"https:\\\/\\\/schema.org\",\"@graph\":[{\"@type\":\"Article\",\"@id\":\"https:\\\/\\\/wp.kristdemokraterna.se\\\/kalmarlan\\\/kd-kalmar-lan-riv-upp-decemberoverenskommelsen\\\/#article\",\"isPartOf\":{\"@id\":\"https:\\\/\\\/wp.kristdemokraterna.se\\\/kalmarlan\\\/kd-kalmar-lan-riv-upp-decemberoverenskommelsen\\\/\"},\"author\":{\"name\":\"kalmarlan\",\"@id\":\"https:\\\/\\\/wp.kristdemokraterna.se\\\/kalmarlan\\\/#\\\/schema\\\/person\\\/a1856739934bf9c6a11fb258646ea2a5\"},\"headline\":\"KD Kalmar l\u00e4n: Riv upp December\u00f6verenskommelsen!\",\"datePublished\":\"2015-10-03T12:40:36+00:00\",\"mainEntityOfPage\":{\"@id\":\"https:\\\/\\\/wp.kristdemokraterna.se\\\/kalmarlan\\\/kd-kalmar-lan-riv-upp-decemberoverenskommelsen\\\/\"},\"wordCount\":288,\"inLanguage\":\"sv-SE\"},{\"@type\":\"WebPage\",\"@id\":\"https:\\\/\\\/wp.kristdemokraterna.se\\\/kalmarlan\\\/kd-kalmar-lan-riv-upp-decemberoverenskommelsen\\\/\",\"url\":\"https:\\\/\\\/wp.kristdemokraterna.se\\\/kalmarlan\\\/kd-kalmar-lan-riv-upp-decemberoverenskommelsen\\\/\",\"name\":\"KD Kalmar l\u00e4n: Riv upp December\u00f6verenskommelsen! - i Kalmar l\u00e4n\",\"isPartOf\":{\"@id\":\"https:\\\/\\\/wp.kristdemokraterna.se\\\/kalmarlan\\\/#website\"},\"datePublished\":\"2015-10-03T12:40:36+00:00\",\"author\":{\"@id\":\"https:\\\/\\\/wp.kristdemokraterna.se\\\/kalmarlan\\\/#\\\/schema\\\/person\\\/a1856739934bf9c6a11fb258646ea2a5\"},\"breadcrumb\":{\"@id\":\"https:\\\/\\\/wp.kristdemokraterna.se\\\/kalmarlan\\\/kd-kalmar-lan-riv-upp-decemberoverenskommelsen\\\/#breadcrumb\"},\"inLanguage\":\"sv-SE\",\"potentialAction\":[{\"@type\":\"ReadAction\",\"target\":[\"https:\\\/\\\/wp.kristdemokraterna.se\\\/kalmarlan\\\/kd-kalmar-lan-riv-upp-decemberoverenskommelsen\\\/\"]}]},{\"@type\":\"BreadcrumbList\",\"@id\":\"https:\\\/\\\/wp.kristdemokraterna.se\\\/kalmarlan\\\/kd-kalmar-lan-riv-upp-decemberoverenskommelsen\\\/#breadcrumb\",\"itemListElement\":[{\"@type\":\"ListItem\",\"position\":1,\"name\":\"Hem\",\"item\":\"https:\\\/\\\/wp.kristdemokraterna.se\\\/kalmarlan\\\/\"},{\"@type\":\"ListItem\",\"position\":2,\"name\":\"KD Kalmar l\u00e4n: Riv upp December\u00f6verenskommelsen!\"}]},{\"@type\":\"WebSite\",\"@id\":\"https:\\\/\\\/wp.kristdemokraterna.se\\\/kalmarlan\\\/#website\",\"url\":\"https:\\\/\\\/wp.kristdemokraterna.se\\\/kalmarlan\\\/\",\"name\":\"i Kalmar l\u00e4n\",\"description\":\"\",\"inLanguage\":\"sv-SE\"},{\"@type\":\"Person\",\"@id\":\"https:\\\/\\\/wp.kristdemokraterna.se\\\/kalmarlan\\\/#\\\/schema\\\/person\\\/a1856739934bf9c6a11fb258646ea2a5\",\"name\":\"kalmarlan\",\"image\":{\"@type\":\"ImageObject\",\"inLanguage\":\"sv-SE\",\"@id\":\"https:\\\/\\\/secure.gravatar.com\\\/avatar\\\/ef1f7dcd1b21be34f0f3e58a032955c2de43794b20090a23118cd0e2a8964e6e?s=96&r=g\",\"url\":\"https:\\\/\\\/secure.gravatar.com\\\/avatar\\\/ef1f7dcd1b21be34f0f3e58a032955c2de43794b20090a23118cd0e2a8964e6e?s=96&r=g\",\"contentUrl\":\"https:\\\/\\\/secure.gravatar.com\\\/avatar\\\/ef1f7dcd1b21be34f0f3e58a032955c2de43794b20090a23118cd0e2a8964e6e?s=96&r=g\",\"caption\":\"kalmarlan\"},\"url\":\"https:\\\/\\\/wp.kristdemokraterna.se\\\/kalmarlan\\\/author\\\/kalmarlan\\\/\"}]}<\/script>\n<!-- \/ Yoast SEO plugin. -->","yoast_head_json":{"title":"KD Kalmar l\u00e4n: Riv upp December\u00f6verenskommelsen! - i Kalmar l\u00e4n","robots":{"index":"index","follow":"follow","max-snippet":"max-snippet:-1","max-image-preview":"max-image-preview:large","max-video-preview":"max-video-preview:-1"},"canonical":"https:\/\/wp.kristdemokraterna.se\/kalmarlan\/kd-kalmar-lan-riv-upp-decemberoverenskommelsen\/","og_locale":"sv_SE","og_type":"article","og_title":"KD Kalmar l\u00e4n: Riv upp December\u00f6verenskommelsen! - i Kalmar l\u00e4n","og_description":"Pressmeddelande -Det \u00e4r nu dags att riva upp December\u00f6verens-kommelsen. Stefan L\u00f6fven har inte lagt sig vinn om att v\u00e5rda den. Han tycks tro att man kan skriva p\u00e5 ett papper bara f\u00f6r att g\u00f6mma det i en skrivbordsl\u00e5da och sedan strunta i det. Det s\u00e4ger Gudrun Bruneg\u00e5rd, oppositionsr\u00e5d i landstinget i Kalmar l\u00e4n och delegationsledare, Read More","og_url":"https:\/\/wp.kristdemokraterna.se\/kalmarlan\/kd-kalmar-lan-riv-upp-decemberoverenskommelsen\/","og_site_name":"i Kalmar l\u00e4n","article_published_time":"2015-10-03T12:40:36+00:00","author":"kalmarlan","twitter_card":"summary_large_image","twitter_misc":{"Skriven av":"kalmarlan","Ber\u00e4knad l\u00e4stid":"1 minut"},"schema":{"@context":"https:\/\/schema.org","@graph":[{"@type":"Article","@id":"https:\/\/wp.kristdemokraterna.se\/kalmarlan\/kd-kalmar-lan-riv-upp-decemberoverenskommelsen\/#article","isPartOf":{"@id":"https:\/\/wp.kristdemokraterna.se\/kalmarlan\/kd-kalmar-lan-riv-upp-decemberoverenskommelsen\/"},"author":{"name":"kalmarlan","@id":"https:\/\/wp.kristdemokraterna.se\/kalmarlan\/#\/schema\/person\/a1856739934bf9c6a11fb258646ea2a5"},"headline":"KD Kalmar l\u00e4n: Riv upp December\u00f6verenskommelsen!","datePublished":"2015-10-03T12:40:36+00:00","mainEntityOfPage":{"@id":"https:\/\/wp.kristdemokraterna.se\/kalmarlan\/kd-kalmar-lan-riv-upp-decemberoverenskommelsen\/"},"wordCount":288,"inLanguage":"sv-SE"},{"@type":"WebPage","@id":"https:\/\/wp.kristdemokraterna.se\/kalmarlan\/kd-kalmar-lan-riv-upp-decemberoverenskommelsen\/","url":"https:\/\/wp.kristdemokraterna.se\/kalmarlan\/kd-kalmar-lan-riv-upp-decemberoverenskommelsen\/","name":"KD Kalmar l\u00e4n: Riv upp December\u00f6verenskommelsen! - i Kalmar l\u00e4n","isPartOf":{"@id":"https:\/\/wp.kristdemokraterna.se\/kalmarlan\/#website"},"datePublished":"2015-10-03T12:40:36+00:00","author":{"@id":"https:\/\/wp.kristdemokraterna.se\/kalmarlan\/#\/schema\/person\/a1856739934bf9c6a11fb258646ea2a5"},"breadcrumb":{"@id":"https:\/\/wp.kristdemokraterna.se\/kalmarlan\/kd-kalmar-lan-riv-upp-decemberoverenskommelsen\/#breadcrumb"},"inLanguage":"sv-SE","potentialAction":[{"@type":"ReadAction","target":["https:\/\/wp.kristdemokraterna.se\/kalmarlan\/kd-kalmar-lan-riv-upp-decemberoverenskommelsen\/"]}]},{"@type":"BreadcrumbList","@id":"https:\/\/wp.kristdemokraterna.se\/kalmarlan\/kd-kalmar-lan-riv-upp-decemberoverenskommelsen\/#breadcrumb","itemListElement":[{"@type":"ListItem","position":1,"name":"Hem","item":"https:\/\/wp.kristdemokraterna.se\/kalmarlan\/"},{"@type":"ListItem","position":2,"name":"KD Kalmar l\u00e4n: Riv upp December\u00f6verenskommelsen!"}]},{"@type":"WebSite","@id":"https:\/\/wp.kristdemokraterna.se\/kalmarlan\/#website","url":"https:\/\/wp.kristdemokraterna.se\/kalmarlan\/","name":"i Kalmar l\u00e4n","description":"","inLanguage":"sv-SE"},{"@type":"Person","@id":"https:\/\/wp.kristdemokraterna.se\/kalmarlan\/#\/schema\/person\/a1856739934bf9c6a11fb258646ea2a5","name":"kalmarlan","image":{"@type":"ImageObject","inLanguage":"sv-SE","@id":"https:\/\/secure.gravatar.com\/avatar\/ef1f7dcd1b21be34f0f3e58a032955c2de43794b20090a23118cd0e2a8964e6e?s=96&r=g","url":"https:\/\/secure.gravatar.com\/avatar\/ef1f7dcd1b21be34f0f3e58a032955c2de43794b20090a23118cd0e2a8964e6e?s=96&r=g","contentUrl":"https:\/\/secure.gravatar.com\/avatar\/ef1f7dcd1b21be34f0f3e58a032955c2de43794b20090a23118cd0e2a8964e6e?s=96&r=g","caption":"kalmarlan"},"url":"https:\/\/wp.kristdemokraterna.se\/kalmarlan\/author\/kalmarlan\/"}]}},"_links":{"self":[{"href":"https:\/\/wp.kristdemokraterna.se\/kalmarlan\/wp-json\/wp\/v2\/posts\/523","targetHints":{"allow":["GET"]}}],"collection":[{"href":"https:\/\/wp.kristdemokraterna.se\/kalmarlan\/wp-json\/wp\/v2\/posts"}],"about":[{"href":"https:\/\/wp.kristdemokraterna.se\/kalmarlan\/wp-json\/wp\/v2\/types\/post"}],"author":[{"embeddable":true,"href":"https:\/\/wp.kristdemokraterna.se\/kalmarlan\/wp-json\/wp\/v2\/users\/417"}],"replies":[{"embeddable":true,"href":"https:\/\/wp.kristdemokraterna.se\/kalmarlan\/wp-json\/wp\/v2\/comments?post=523"}],"version-history":[{"count":1,"href":"https:\/\/wp.kristdemokraterna.se\/kalmarlan\/wp-json\/wp\/v2\/posts\/523\/revisions"}],"predecessor-version":[{"id":524,"href":"https:\/\/wp.kristdemokraterna.se\/kalmarlan\/wp-json\/wp\/v2\/posts\/523\/revisions\/524"}],"wp:attachment":[{"href":"https:\/\/wp.kristdemokraterna.se\/kalmarlan\/wp-json\/wp\/v2\/media?parent=523"}],"wp:term":[{"taxonomy":"category","embeddable":true,"href":"https:\/\/wp.kristdemokraterna.se\/kalmarlan\/wp-json\/wp\/v2\/categories?post=523"},{"taxonomy":"post_tag","embeddable":true,"href":"https:\/\/wp.kristdemokraterna.se\/kalmarlan\/wp-json\/wp\/v2\/tags?post=523"}],"curies":[{"name":"wp","href":"https:\/\/api.w.org\/{rel}","templated":true}]}}