{"id":526,"date":"2015-10-15T13:23:39","date_gmt":"2015-10-15T11:23:39","guid":{"rendered":"http:\/\/wp.kristdemokraterna.se\/kalmarlan\/?p=526"},"modified":"2015-10-15T13:25:44","modified_gmt":"2015-10-15T11:25:44","slug":"rapport-fran-rikstinget","status":"publish","type":"post","link":"https:\/\/wp.kristdemokraterna.se\/kalmarlan\/rapport-fran-rikstinget\/","title":{"rendered":"KD Kalmar l\u00e4n bidrog till rafflande Riksting"},"content":{"rendered":"<p>Ingen har v\u00e4l undg\u00e5tt den mediala uppm\u00e4rksamheten, b\u00e5de inf\u00f6r, under och efter Kristdemokraternas riksting i V\u00e4ster\u00e5s. En av de st\u00f6rsta fokusfr\u00e5gorna var December\u00f6verenskommelsen. En vecka innan Rikstinget s\u00e5 valde Kristdemokraterna i Kalmar l\u00e4n att mobilisera i fr\u00e5gan. Vi tyckte att december\u00f6verenskommelsen lade en v\u00e5t filt \u00f6ver hela den politiska debatten. Vi menade ocks\u00e5 att Stefan L\u00f6fv\u00e9n aldrig lade sig vinn om att v\u00e5rda \u00f6verenskommelsen.<\/p>\n<div id=\"attachment_527\" style=\"width: 310px\" class=\"wp-caption alignright\"><a href=\"http:\/\/wp.kristdemokraterna.se\/kalmarlan\/files\/2015\/10\/img_5638.jpg\"><img loading=\"lazy\" decoding=\"async\" aria-describedby=\"caption-attachment-527\" class=\"size-medium wp-image-527\" src=\"http:\/\/wp.kristdemokraterna.se\/kalmarlan\/files\/2015\/10\/img_5638-300x300.jpg\" alt=\"Anders Andersson h\u00e5ller ett brandtal f\u00f6r att riva upp D\u00d6 och intervjuas efter\u00e5t av Ulf Kristofferson p\u00e5 TV4\" width=\"300\" height=\"300\" srcset=\"https:\/\/wp.kristdemokraterna.se\/kalmarlan\/files\/2015\/10\/img_5638-300x300.jpg 300w, https:\/\/wp.kristdemokraterna.se\/kalmarlan\/files\/2015\/10\/img_5638-150x150.jpg 150w, https:\/\/wp.kristdemokraterna.se\/kalmarlan\/files\/2015\/10\/img_5638-540x540.jpg 540w, https:\/\/wp.kristdemokraterna.se\/kalmarlan\/files\/2015\/10\/img_5638-346x346.jpg 346w, https:\/\/wp.kristdemokraterna.se\/kalmarlan\/files\/2015\/10\/img_5638-112x112.jpg 112w, https:\/\/wp.kristdemokraterna.se\/kalmarlan\/files\/2015\/10\/img_5638.jpg 2048w\" sizes=\"auto, (max-width: 300px) 100vw, 300px\" \/><\/a><p id=\"caption-attachment-527\" class=\"wp-caption-text\">Anders Andersson h\u00e5ller ett brandtal f\u00f6r att riva upp D\u00d6 och intervjuas efter\u00e5t av Ulf Kristofferson p\u00e5 TV4<\/p><\/div>\n<p>Regeringen har reducerat ROT och RUT vilket redan gett negativa effekter f\u00f6r entrepren\u00f6rer i branschen. Man har genomf\u00f6rt begr\u00e4nsade m\u00f6jligheter till valfrihet inom barnomsorg, skola, v\u00e5rd och \u00e4ldreomsorg. Det har ocks\u00e5 blivit tuffare att f\u00e5 ihop familjepusslet med tv\u00e5ngskvoterade f\u00f6r\u00e4ldradagar. I en tid n\u00e4r vi beh\u00f6ver det allra mest s\u00e5 drar man in g\u00e5voskatteavdraget vilket f\u00e5tt stora negativa effekter f\u00f6r de akt\u00f6rer som arbetar med hj\u00e4lpinsatser i en just nu krisdrabbad v\u00e4rld. Detta har ocks\u00e5 fr\u00e5ntagit civilsamh\u00e4llet ekonomiska muskler att agera. Regeringen minskar sina satsningar p\u00e5 v\u00e4lf\u00e4rden och b\u00e5de kommuner och landsting f\u00e5r spara p\u00e5 v\u00e4lf\u00e4rden. I en tid d\u00e5 flyktingstr\u00f6mmarna och m\u00e4nskligt lidande \u00e4r st\u00f6rre \u00e4n n\u00e5gonsin s\u00e5 v\u00e4ljer statsministern att vara helt osynlig i dessa fr\u00e5gor. I en tid som kr\u00e4ver tydligt politiskt ledarskap h\u00e5ller regeringen inte m\u00e5ttet. Det duger inte!<\/p>\n<p>Sverige befinner sig just nu p\u00e5 ett sluttande plan och d\u00e5 m\u00e5ste oppositionen ta sitt ansvar. D\u00e5 duger det inte att l\u00e5ta sig bakbindas av \u00f6verenskommelser som missgynnar landet. \u00d6ver 280 000 v\u00e4ljare valde att l\u00e4gga sin r\u00f6st p\u00e5 Kristdemokraterna i det senaste valet. Dessa v\u00e4ljare f\u00f6rv\u00e4ntar sig att vi g\u00f6r v\u00e5rt yttersta f\u00f6r att driva v\u00e5r politik. F\u00f6r det kr\u00e4vs b\u00e5de ideologisk och sakpolitisk hederlighet snarare \u00e4n \u00f6verkvalificerad partistrategi.<\/p>\n<p>Med facit i hand s\u00e5 var Kristdemokraterna i Kalmar l\u00e4n en starkt bidragande orsak till att vi lyckades riva upp D\u00d6 och d\u00e4rmed skriva svensk politisk historia.<\/p>\n<p>Under dessa dagar behandlades flera viktiga fr\u00e5gor och fr\u00e5n Kalmar l\u00e4n hade vi ett flertal motioner med fr\u00e5gor som vi menar skulle g\u00f6ra Sverige till ett b\u00e4ttre land att leva och bo i. H\u00e4r f\u00f6ljer n\u00e5gra exempel p\u00e5 viktiga fr\u00e5gor vi lyfte:<\/p>\n\n\t\t<style type=\"text\/css\">\n\t\t\t#gallery-1 {\n\t\t\t\tmargin: auto;\n\t\t\t}\n\t\t\t#gallery-1 .gallery-item {\n\t\t\t\tfloat: left;\n\t\t\t\tmargin-top: 10px;\n\t\t\t\ttext-align: center;\n\t\t\t\twidth: 33%;\n\t\t\t}\n\t\t\t#gallery-1 img {\n\t\t\t\tborder: 2px solid #cfcfcf;\n\t\t\t}\n\t\t\t#gallery-1 .gallery-caption {\n\t\t\t\tmargin-left: 0;\n\t\t\t}\n\t\t\t\/* see gallery_shortcode() in wp-includes\/media.php *\/\n\t\t<\/style>\n\t\t<div id='gallery-1' class='gallery galleryid-526 gallery-columns-3 gallery-size-large'><dl class='gallery-item'>\n\t\t\t<dt class='gallery-icon portrait'>\n\t\t\t\t<a href='https:\/\/wp.kristdemokraterna.se\/kalmarlan\/rapport-fran-rikstinget\/12122626-10204909091874617-4376715594038121374-n\/'><img loading=\"lazy\" decoding=\"async\" width=\"405\" height=\"540\" src=\"https:\/\/wp.kristdemokraterna.se\/kalmarlan\/files\/2015\/10\/12122626_10204909091874617_4376715594038121374_n-405x540.jpg\" class=\"attachment-large size-large\" alt=\"\" aria-describedby=\"gallery-1-530\" srcset=\"https:\/\/wp.kristdemokraterna.se\/kalmarlan\/files\/2015\/10\/12122626_10204909091874617_4376715594038121374_n-405x540.jpg 405w, https:\/\/wp.kristdemokraterna.se\/kalmarlan\/files\/2015\/10\/12122626_10204909091874617_4376715594038121374_n-225x300.jpg 225w, https:\/\/wp.kristdemokraterna.se\/kalmarlan\/files\/2015\/10\/12122626_10204909091874617_4376715594038121374_n-260x346.jpg 260w, https:\/\/wp.kristdemokraterna.se\/kalmarlan\/files\/2015\/10\/12122626_10204909091874617_4376715594038121374_n-84x112.jpg 84w, https:\/\/wp.kristdemokraterna.se\/kalmarlan\/files\/2015\/10\/12122626_10204909091874617_4376715594038121374_n.jpg 720w\" sizes=\"auto, (max-width: 405px) 100vw, 405px\" \/><\/a>\n\t\t\t<\/dt>\n\t\t\t\t<dd class='wp-caption-text gallery-caption' id='gallery-1-530'>\n\t\t\t\tGudrun Bruneg\u00e5rd fick med sig partistyrelsen n\u00e4r hon argumenterade f\u00f6r AT-utbildning f\u00f6r sjuksk\u00f6terskor. -Sjuksk\u00f6terskor beh\u00f6ver ocks\u00e5 tr\u00e4ning i en rad praktiska f\u00e4rdigheter f\u00f6r att kunna ut\u00f6va sitt yrke. En AT-utbildning f\u00f6r sjuksk\u00f6terskor skulle avhj\u00e4lpa detta.\n\t\t\t\t<\/dd><\/dl><dl class='gallery-item'>\n\t\t\t<dt class='gallery-icon landscape'>\n\t\t\t\t<a href='https:\/\/wp.kristdemokraterna.se\/kalmarlan\/rapport-fran-rikstinget\/12088047-10153653203187594-8550248086342619005-n\/'><img loading=\"lazy\" decoding=\"async\" width=\"540\" height=\"422\" src=\"https:\/\/wp.kristdemokraterna.se\/kalmarlan\/files\/2015\/10\/12088047_10153653203187594_8550248086342619005_n-540x422.jpg\" class=\"attachment-large size-large\" alt=\"\" aria-describedby=\"gallery-1-529\" srcset=\"https:\/\/wp.kristdemokraterna.se\/kalmarlan\/files\/2015\/10\/12088047_10153653203187594_8550248086342619005_n-540x422.jpg 540w, https:\/\/wp.kristdemokraterna.se\/kalmarlan\/files\/2015\/10\/12088047_10153653203187594_8550248086342619005_n-300x235.jpg 300w, https:\/\/wp.kristdemokraterna.se\/kalmarlan\/files\/2015\/10\/12088047_10153653203187594_8550248086342619005_n-442x346.jpg 442w, https:\/\/wp.kristdemokraterna.se\/kalmarlan\/files\/2015\/10\/12088047_10153653203187594_8550248086342619005_n-143x112.jpg 143w, https:\/\/wp.kristdemokraterna.se\/kalmarlan\/files\/2015\/10\/12088047_10153653203187594_8550248086342619005_n.jpg 960w\" sizes=\"auto, (max-width: 540px) 100vw, 540px\" \/><\/a>\n\t\t\t<\/dt>\n\t\t\t\t<dd class='wp-caption-text gallery-caption' id='gallery-1-529'>\n\t\t\t\tJimmy Loord menar att LSS:en b\u00f6r f\u00f6rstatligas. -Det \u00e4r viktigt att man oberoende vilken kommun man tillh\u00f6r f\u00e5r r\u00e4tt kvalitet i den st\u00f6d och service man har r\u00e4tt till. En sj\u00e4lvklarhet i ett inkluderande och medm\u00e4nskligt samh\u00e4lle.\n\t\t\t\t<\/dd><\/dl><dl class='gallery-item'>\n\t\t\t<dt class='gallery-icon landscape'>\n\t\t\t\t<a href='https:\/\/wp.kristdemokraterna.se\/kalmarlan\/rapport-fran-rikstinget\/iphone-image-452e03\/'><img loading=\"lazy\" decoding=\"async\" width=\"540\" height=\"304\" src=\"https:\/\/wp.kristdemokraterna.se\/kalmarlan\/files\/2015\/10\/iphone-image-452e03-540x304.jpg\" class=\"attachment-large size-large\" alt=\"\" aria-describedby=\"gallery-1-532\" srcset=\"https:\/\/wp.kristdemokraterna.se\/kalmarlan\/files\/2015\/10\/iphone-image-452e03-540x304.jpg 540w, https:\/\/wp.kristdemokraterna.se\/kalmarlan\/files\/2015\/10\/iphone-image-452e03-300x169.jpg 300w, https:\/\/wp.kristdemokraterna.se\/kalmarlan\/files\/2015\/10\/iphone-image-452e03-576x324.jpg 576w, https:\/\/wp.kristdemokraterna.se\/kalmarlan\/files\/2015\/10\/iphone-image-452e03-186x105.jpg 186w, https:\/\/wp.kristdemokraterna.se\/kalmarlan\/files\/2015\/10\/iphone-image-452e03.jpg 1920w\" sizes=\"auto, (max-width: 540px) 100vw, 540px\" \/><\/a>\n\t\t\t<\/dt>\n\t\t\t\t<dd class='wp-caption-text gallery-caption' id='gallery-1-532'>\n\t\t\t\tChatrine P\u00e5lsson Ahlgren valdes om som valberedningens ordf\u00f6rande\n\t\t\t\t<\/dd><\/dl><br style=\"clear: both\" \/><dl class='gallery-item'>\n\t\t\t<dt class='gallery-icon landscape'>\n\t\t\t\t<a href='https:\/\/wp.kristdemokraterna.se\/kalmarlan\/rapport-fran-rikstinget\/img-5631\/'><img loading=\"lazy\" decoding=\"async\" width=\"537\" height=\"399\" src=\"https:\/\/wp.kristdemokraterna.se\/kalmarlan\/files\/2015\/10\/img_5631.jpg\" class=\"attachment-large size-large\" alt=\"\" aria-describedby=\"gallery-1-536\" srcset=\"https:\/\/wp.kristdemokraterna.se\/kalmarlan\/files\/2015\/10\/img_5631.jpg 537w, https:\/\/wp.kristdemokraterna.se\/kalmarlan\/files\/2015\/10\/img_5631-300x223.jpg 300w, https:\/\/wp.kristdemokraterna.se\/kalmarlan\/files\/2015\/10\/img_5631-466x346.jpg 466w, https:\/\/wp.kristdemokraterna.se\/kalmarlan\/files\/2015\/10\/img_5631-151x112.jpg 151w\" sizes=\"auto, (max-width: 537px) 100vw, 537px\" \/><\/a>\n\t\t\t<\/dt>\n\t\t\t\t<dd class='wp-caption-text gallery-caption' id='gallery-1-536'>\n\t\t\t\tMadeleine Rosenqvist pl\u00e4derar f\u00f6r sin motion d\u00e4r hon menar att vi b\u00f6r arbeta f\u00f6r anh\u00f6rigas r\u00e4tt till tj\u00e4nstledighet. En mycket viktig fr\u00e5ga!\n\t\t\t\t<\/dd><\/dl><dl class='gallery-item'>\n\t\t\t<dt class='gallery-icon portrait'>\n\t\t\t\t<a href='https:\/\/wp.kristdemokraterna.se\/kalmarlan\/rapport-fran-rikstinget\/iphone-image-452dec\/'><img loading=\"lazy\" decoding=\"async\" width=\"335\" height=\"540\" src=\"https:\/\/wp.kristdemokraterna.se\/kalmarlan\/files\/2015\/10\/iphone-image-452dec-335x540.jpg\" class=\"attachment-large size-large\" alt=\"\" aria-describedby=\"gallery-1-531\" srcset=\"https:\/\/wp.kristdemokraterna.se\/kalmarlan\/files\/2015\/10\/iphone-image-452dec-335x540.jpg 335w, https:\/\/wp.kristdemokraterna.se\/kalmarlan\/files\/2015\/10\/iphone-image-452dec-186x300.jpg 186w, https:\/\/wp.kristdemokraterna.se\/kalmarlan\/files\/2015\/10\/iphone-image-452dec-215x346.jpg 215w, https:\/\/wp.kristdemokraterna.se\/kalmarlan\/files\/2015\/10\/iphone-image-452dec-70x112.jpg 70w, https:\/\/wp.kristdemokraterna.se\/kalmarlan\/files\/2015\/10\/iphone-image-452dec.jpg 1080w\" sizes=\"auto, (max-width: 335px) 100vw, 335px\" \/><\/a>\n\t\t\t<\/dt>\n\t\t\t\t<dd class='wp-caption-text gallery-caption' id='gallery-1-531'>\n\t\t\t\tChristopher Dywik gick in med liv och lust och debatterade de svenska mj\u00f6lb\u00f6ndernas situation. \n\t\t\t\t<\/dd><\/dl><dl class='gallery-item'>\n\t\t\t<dt class='gallery-icon landscape'>\n\t\t\t\t<a href='https:\/\/wp.kristdemokraterna.se\/kalmarlan\/rapport-fran-rikstinget\/iphone-image-452e16\/'><img loading=\"lazy\" decoding=\"async\" width=\"540\" height=\"304\" src=\"https:\/\/wp.kristdemokraterna.se\/kalmarlan\/files\/2015\/10\/iphone-image-452e16-540x304.jpg\" class=\"attachment-large size-large\" alt=\"\" aria-describedby=\"gallery-1-533\" srcset=\"https:\/\/wp.kristdemokraterna.se\/kalmarlan\/files\/2015\/10\/iphone-image-452e16-540x304.jpg 540w, https:\/\/wp.kristdemokraterna.se\/kalmarlan\/files\/2015\/10\/iphone-image-452e16-300x169.jpg 300w, https:\/\/wp.kristdemokraterna.se\/kalmarlan\/files\/2015\/10\/iphone-image-452e16-576x324.jpg 576w, https:\/\/wp.kristdemokraterna.se\/kalmarlan\/files\/2015\/10\/iphone-image-452e16-186x105.jpg 186w, https:\/\/wp.kristdemokraterna.se\/kalmarlan\/files\/2015\/10\/iphone-image-452e16.jpg 1920w\" sizes=\"auto, (max-width: 540px) 100vw, 540px\" \/><\/a>\n\t\t\t<\/dt>\n\t\t\t\t<dd class='wp-caption-text gallery-caption' id='gallery-1-533'>\n\t\t\t\tRebecka Englund var av best\u00e4md uppfattning att  kraftledningen som nu dras genom Kalmar l\u00e4n ska gr\u00e4vas ner. -Vi vill inte ha en luftledning mellan Oskarshamn och Olofstr\u00f6m, vi vill att den ska gr\u00e4vas ner och ge b\u00e4ttre med ers\u00e4ttning f\u00f6r de skogs- och mark\u00e4gare som ber\u00f6rs av ledningen, menade Rebecka.\n\t\t\t\t<\/dd><\/dl><br style=\"clear: both\" \/><dl class='gallery-item'>\n\t\t\t<dt class='gallery-icon landscape'>\n\t\t\t\t<a href='https:\/\/wp.kristdemokraterna.se\/kalmarlan\/rapport-fran-rikstinget\/iphone-image-452e22\/'><img loading=\"lazy\" decoding=\"async\" width=\"540\" height=\"381\" src=\"https:\/\/wp.kristdemokraterna.se\/kalmarlan\/files\/2015\/10\/iphone-image-452e22-540x381.jpg\" class=\"attachment-large size-large\" alt=\"\" aria-describedby=\"gallery-1-534\" srcset=\"https:\/\/wp.kristdemokraterna.se\/kalmarlan\/files\/2015\/10\/iphone-image-452e22-540x381.jpg 540w, https:\/\/wp.kristdemokraterna.se\/kalmarlan\/files\/2015\/10\/iphone-image-452e22-300x212.jpg 300w, https:\/\/wp.kristdemokraterna.se\/kalmarlan\/files\/2015\/10\/iphone-image-452e22-490x346.jpg 490w, https:\/\/wp.kristdemokraterna.se\/kalmarlan\/files\/2015\/10\/iphone-image-452e22-159x112.jpg 159w, https:\/\/wp.kristdemokraterna.se\/kalmarlan\/files\/2015\/10\/iphone-image-452e22.jpg 1530w\" sizes=\"auto, (max-width: 540px) 100vw, 540px\" \/><\/a>\n\t\t\t<\/dt>\n\t\t\t\t<dd class='wp-caption-text gallery-caption' id='gallery-1-534'>\n\t\t\t\tOla gustavsson \u00e4r i farten. Han menar att vid fortk\u00f6rning m\u00e5ste polisen direkt kunna visa upp teknisk bevisning f\u00f6r fortk\u00f6rare.\n\t\t\t\t<\/dd><\/dl><dl class='gallery-item'>\n\t\t\t<dt class='gallery-icon landscape'>\n\t\t\t\t<a href='https:\/\/wp.kristdemokraterna.se\/kalmarlan\/rapport-fran-rikstinget\/img-5471\/'><img loading=\"lazy\" decoding=\"async\" width=\"540\" height=\"540\" src=\"https:\/\/wp.kristdemokraterna.se\/kalmarlan\/files\/2015\/10\/img_5471-540x540.jpg\" class=\"attachment-large size-large\" alt=\"\" aria-describedby=\"gallery-1-535\" srcset=\"https:\/\/wp.kristdemokraterna.se\/kalmarlan\/files\/2015\/10\/img_5471-540x540.jpg 540w, https:\/\/wp.kristdemokraterna.se\/kalmarlan\/files\/2015\/10\/img_5471-150x150.jpg 150w, https:\/\/wp.kristdemokraterna.se\/kalmarlan\/files\/2015\/10\/img_5471-300x300.jpg 300w, https:\/\/wp.kristdemokraterna.se\/kalmarlan\/files\/2015\/10\/img_5471-346x346.jpg 346w, https:\/\/wp.kristdemokraterna.se\/kalmarlan\/files\/2015\/10\/img_5471-112x112.jpg 112w, https:\/\/wp.kristdemokraterna.se\/kalmarlan\/files\/2015\/10\/img_5471.jpg 2032w\" sizes=\"auto, (max-width: 540px) 100vw, 540px\" \/><\/a>\n\t\t\t<\/dt>\n\t\t\t\t<dd class='wp-caption-text gallery-caption' id='gallery-1-535'>\n\t\t\t\tEric Dicksson var tydlig: &#8211; Det \u00e4r dags att riva up D\u00d6!\n\t\t\t\t<\/dd><\/dl>\n\t\t\t<br style='clear: both' \/>\n\t\t<\/div>\n\n","protected":false},"excerpt":{"rendered":"<p>Ingen har v\u00e4l undg\u00e5tt den mediala uppm\u00e4rksamheten, b\u00e5de inf\u00f6r, under och efter Kristdemokraternas riksting i V\u00e4ster\u00e5s. En av de st\u00f6rsta fokusfr\u00e5gorna var December\u00f6verenskommelsen. En vecka innan Rikstinget s\u00e5 valde Kristdemokraterna i Kalmar l\u00e4n att mobilisera i fr\u00e5gan. Vi tyckte att december\u00f6verenskommelsen lade en v\u00e5t filt \u00f6ver hela den politiska debatten. Vi menade ocks\u00e5 att Stefan <a class=\"read-more-link\" href=\"https:\/\/wp.kristdemokraterna.se\/kalmarlan\/rapport-fran-rikstinget\/\">Read More<\/a><\/p>\n","protected":false},"author":417,"featured_media":0,"comment_status":"closed","ping_status":"closed","sticky":false,"template":"","format":"standard","meta":{"_acf_changed":false,"footnotes":""},"categories":[1],"tags":[],"class_list":["post-526","post","type-post","status-publish","format-standard","hentry","category-okategoriserade"],"acf":[],"yoast_head":"<!-- This site is optimized with the Yoast SEO plugin v27.4 - https:\/\/yoast.com\/product\/yoast-seo-wordpress\/ -->\n<title>KD Kalmar l\u00e4n bidrog till rafflande Riksting - i Kalmar l\u00e4n<\/title>\n<meta name=\"robots\" content=\"index, follow, max-snippet:-1, max-image-preview:large, max-video-preview:-1\" \/>\n<link rel=\"canonical\" href=\"https:\/\/wp.kristdemokraterna.se\/kalmarlan\/rapport-fran-rikstinget\/\" \/>\n<meta property=\"og:locale\" content=\"sv_SE\" \/>\n<meta property=\"og:type\" content=\"article\" \/>\n<meta property=\"og:title\" content=\"KD Kalmar l\u00e4n bidrog till rafflande Riksting - i Kalmar l\u00e4n\" \/>\n<meta property=\"og:description\" content=\"Ingen har v\u00e4l undg\u00e5tt den mediala uppm\u00e4rksamheten, b\u00e5de inf\u00f6r, under och efter Kristdemokraternas riksting i V\u00e4ster\u00e5s. En av de st\u00f6rsta fokusfr\u00e5gorna var December\u00f6verenskommelsen. En vecka innan Rikstinget s\u00e5 valde Kristdemokraterna i Kalmar l\u00e4n att mobilisera i fr\u00e5gan. Vi tyckte att december\u00f6verenskommelsen lade en v\u00e5t filt \u00f6ver hela den politiska debatten. Vi menade ocks\u00e5 att Stefan Read More\" \/>\n<meta property=\"og:url\" content=\"https:\/\/wp.kristdemokraterna.se\/kalmarlan\/rapport-fran-rikstinget\/\" \/>\n<meta property=\"og:site_name\" content=\"i Kalmar l\u00e4n\" \/>\n<meta property=\"article:published_time\" content=\"2015-10-15T11:23:39+00:00\" \/>\n<meta property=\"article:modified_time\" content=\"2015-10-15T11:25:44+00:00\" \/>\n<meta property=\"og:image\" content=\"https:\/\/wp.kristdemokraterna.se\/kalmarlan\/files\/2015\/10\/12122626_10204909091874617_4376715594038121374_n-405x540.jpg\" \/>\n<meta name=\"author\" content=\"kalmarlan\" \/>\n<meta name=\"twitter:card\" content=\"summary_large_image\" \/>\n<meta name=\"twitter:label1\" content=\"Skriven av\" \/>\n\t<meta name=\"twitter:data1\" content=\"kalmarlan\" \/>\n\t<meta name=\"twitter:label2\" content=\"Ber\u00e4knad l\u00e4stid\" \/>\n\t<meta name=\"twitter:data2\" content=\"2 minuter\" \/>\n<script type=\"application\/ld+json\" class=\"yoast-schema-graph\">{\"@context\":\"https:\\\/\\\/schema.org\",\"@graph\":[{\"@type\":\"Article\",\"@id\":\"https:\\\/\\\/wp.kristdemokraterna.se\\\/kalmarlan\\\/rapport-fran-rikstinget\\\/#article\",\"isPartOf\":{\"@id\":\"https:\\\/\\\/wp.kristdemokraterna.se\\\/kalmarlan\\\/rapport-fran-rikstinget\\\/\"},\"author\":{\"name\":\"kalmarlan\",\"@id\":\"https:\\\/\\\/wp.kristdemokraterna.se\\\/kalmarlan\\\/#\\\/schema\\\/person\\\/a1856739934bf9c6a11fb258646ea2a5\"},\"headline\":\"KD Kalmar l\u00e4n bidrog till rafflande Riksting\",\"datePublished\":\"2015-10-15T11:23:39+00:00\",\"dateModified\":\"2015-10-15T11:25:44+00:00\",\"mainEntityOfPage\":{\"@id\":\"https:\\\/\\\/wp.kristdemokraterna.se\\\/kalmarlan\\\/rapport-fran-rikstinget\\\/\"},\"wordCount\":452,\"image\":{\"@id\":\"https:\\\/\\\/wp.kristdemokraterna.se\\\/kalmarlan\\\/rapport-fran-rikstinget\\\/#primaryimage\"},\"thumbnailUrl\":\"http:\\\/\\\/wp.kristdemokraterna.se\\\/kalmarlan\\\/files\\\/2015\\\/10\\\/img_5638-300x300.jpg\",\"inLanguage\":\"sv-SE\"},{\"@type\":\"WebPage\",\"@id\":\"https:\\\/\\\/wp.kristdemokraterna.se\\\/kalmarlan\\\/rapport-fran-rikstinget\\\/\",\"url\":\"https:\\\/\\\/wp.kristdemokraterna.se\\\/kalmarlan\\\/rapport-fran-rikstinget\\\/\",\"name\":\"KD Kalmar l\u00e4n bidrog till rafflande Riksting - i Kalmar l\u00e4n\",\"isPartOf\":{\"@id\":\"https:\\\/\\\/wp.kristdemokraterna.se\\\/kalmarlan\\\/#website\"},\"primaryImageOfPage\":{\"@id\":\"https:\\\/\\\/wp.kristdemokraterna.se\\\/kalmarlan\\\/rapport-fran-rikstinget\\\/#primaryimage\"},\"image\":{\"@id\":\"https:\\\/\\\/wp.kristdemokraterna.se\\\/kalmarlan\\\/rapport-fran-rikstinget\\\/#primaryimage\"},\"thumbnailUrl\":\"http:\\\/\\\/wp.kristdemokraterna.se\\\/kalmarlan\\\/files\\\/2015\\\/10\\\/img_5638-300x300.jpg\",\"datePublished\":\"2015-10-15T11:23:39+00:00\",\"dateModified\":\"2015-10-15T11:25:44+00:00\",\"author\":{\"@id\":\"https:\\\/\\\/wp.kristdemokraterna.se\\\/kalmarlan\\\/#\\\/schema\\\/person\\\/a1856739934bf9c6a11fb258646ea2a5\"},\"breadcrumb\":{\"@id\":\"https:\\\/\\\/wp.kristdemokraterna.se\\\/kalmarlan\\\/rapport-fran-rikstinget\\\/#breadcrumb\"},\"inLanguage\":\"sv-SE\",\"potentialAction\":[{\"@type\":\"ReadAction\",\"target\":[\"https:\\\/\\\/wp.kristdemokraterna.se\\\/kalmarlan\\\/rapport-fran-rikstinget\\\/\"]}]},{\"@type\":\"ImageObject\",\"inLanguage\":\"sv-SE\",\"@id\":\"https:\\\/\\\/wp.kristdemokraterna.se\\\/kalmarlan\\\/rapport-fran-rikstinget\\\/#primaryimage\",\"url\":\"https:\\\/\\\/wp.kristdemokraterna.se\\\/kalmarlan\\\/files\\\/2015\\\/10\\\/img_5638.jpg\",\"contentUrl\":\"https:\\\/\\\/wp.kristdemokraterna.se\\\/kalmarlan\\\/files\\\/2015\\\/10\\\/img_5638.jpg\",\"width\":2048,\"height\":2048,\"caption\":\"Anders Andersson h\u00e5ller ett brandtal f\u00f6r att riva upp D\u00d6 och intervjuas efter\u00e5t av Ulf Kristofferson p\u00e5 TV4\"},{\"@type\":\"BreadcrumbList\",\"@id\":\"https:\\\/\\\/wp.kristdemokraterna.se\\\/kalmarlan\\\/rapport-fran-rikstinget\\\/#breadcrumb\",\"itemListElement\":[{\"@type\":\"ListItem\",\"position\":1,\"name\":\"Hem\",\"item\":\"https:\\\/\\\/wp.kristdemokraterna.se\\\/kalmarlan\\\/\"},{\"@type\":\"ListItem\",\"position\":2,\"name\":\"KD Kalmar l\u00e4n bidrog till rafflande Riksting\"}]},{\"@type\":\"WebSite\",\"@id\":\"https:\\\/\\\/wp.kristdemokraterna.se\\\/kalmarlan\\\/#website\",\"url\":\"https:\\\/\\\/wp.kristdemokraterna.se\\\/kalmarlan\\\/\",\"name\":\"i Kalmar l\u00e4n\",\"description\":\"\",\"inLanguage\":\"sv-SE\"},{\"@type\":\"Person\",\"@id\":\"https:\\\/\\\/wp.kristdemokraterna.se\\\/kalmarlan\\\/#\\\/schema\\\/person\\\/a1856739934bf9c6a11fb258646ea2a5\",\"name\":\"kalmarlan\",\"image\":{\"@type\":\"ImageObject\",\"inLanguage\":\"sv-SE\",\"@id\":\"https:\\\/\\\/secure.gravatar.com\\\/avatar\\\/ef1f7dcd1b21be34f0f3e58a032955c2de43794b20090a23118cd0e2a8964e6e?s=96&r=g\",\"url\":\"https:\\\/\\\/secure.gravatar.com\\\/avatar\\\/ef1f7dcd1b21be34f0f3e58a032955c2de43794b20090a23118cd0e2a8964e6e?s=96&r=g\",\"contentUrl\":\"https:\\\/\\\/secure.gravatar.com\\\/avatar\\\/ef1f7dcd1b21be34f0f3e58a032955c2de43794b20090a23118cd0e2a8964e6e?s=96&r=g\",\"caption\":\"kalmarlan\"},\"url\":\"https:\\\/\\\/wp.kristdemokraterna.se\\\/kalmarlan\\\/author\\\/kalmarlan\\\/\"}]}<\/script>\n<!-- \/ Yoast SEO plugin. -->","yoast_head_json":{"title":"KD Kalmar l\u00e4n bidrog till rafflande Riksting - i Kalmar l\u00e4n","robots":{"index":"index","follow":"follow","max-snippet":"max-snippet:-1","max-image-preview":"max-image-preview:large","max-video-preview":"max-video-preview:-1"},"canonical":"https:\/\/wp.kristdemokraterna.se\/kalmarlan\/rapport-fran-rikstinget\/","og_locale":"sv_SE","og_type":"article","og_title":"KD Kalmar l\u00e4n bidrog till rafflande Riksting - i Kalmar l\u00e4n","og_description":"Ingen har v\u00e4l undg\u00e5tt den mediala uppm\u00e4rksamheten, b\u00e5de inf\u00f6r, under och efter Kristdemokraternas riksting i V\u00e4ster\u00e5s. En av de st\u00f6rsta fokusfr\u00e5gorna var December\u00f6verenskommelsen. En vecka innan Rikstinget s\u00e5 valde Kristdemokraterna i Kalmar l\u00e4n att mobilisera i fr\u00e5gan. Vi tyckte att december\u00f6verenskommelsen lade en v\u00e5t filt \u00f6ver hela den politiska debatten. Vi menade ocks\u00e5 att Stefan Read More","og_url":"https:\/\/wp.kristdemokraterna.se\/kalmarlan\/rapport-fran-rikstinget\/","og_site_name":"i Kalmar l\u00e4n","article_published_time":"2015-10-15T11:23:39+00:00","article_modified_time":"2015-10-15T11:25:44+00:00","og_image":[{"url":"https:\/\/wp.kristdemokraterna.se\/kalmarlan\/files\/2015\/10\/12122626_10204909091874617_4376715594038121374_n-405x540.jpg","type":"","width":"","height":""}],"author":"kalmarlan","twitter_card":"summary_large_image","twitter_misc":{"Skriven av":"kalmarlan","Ber\u00e4knad l\u00e4stid":"2 minuter"},"schema":{"@context":"https:\/\/schema.org","@graph":[{"@type":"Article","@id":"https:\/\/wp.kristdemokraterna.se\/kalmarlan\/rapport-fran-rikstinget\/#article","isPartOf":{"@id":"https:\/\/wp.kristdemokraterna.se\/kalmarlan\/rapport-fran-rikstinget\/"},"author":{"name":"kalmarlan","@id":"https:\/\/wp.kristdemokraterna.se\/kalmarlan\/#\/schema\/person\/a1856739934bf9c6a11fb258646ea2a5"},"headline":"KD Kalmar l\u00e4n bidrog till rafflande Riksting","datePublished":"2015-10-15T11:23:39+00:00","dateModified":"2015-10-15T11:25:44+00:00","mainEntityOfPage":{"@id":"https:\/\/wp.kristdemokraterna.se\/kalmarlan\/rapport-fran-rikstinget\/"},"wordCount":452,"image":{"@id":"https:\/\/wp.kristdemokraterna.se\/kalmarlan\/rapport-fran-rikstinget\/#primaryimage"},"thumbnailUrl":"http:\/\/wp.kristdemokraterna.se\/kalmarlan\/files\/2015\/10\/img_5638-300x300.jpg","inLanguage":"sv-SE"},{"@type":"WebPage","@id":"https:\/\/wp.kristdemokraterna.se\/kalmarlan\/rapport-fran-rikstinget\/","url":"https:\/\/wp.kristdemokraterna.se\/kalmarlan\/rapport-fran-rikstinget\/","name":"KD Kalmar l\u00e4n bidrog till rafflande Riksting - i Kalmar l\u00e4n","isPartOf":{"@id":"https:\/\/wp.kristdemokraterna.se\/kalmarlan\/#website"},"primaryImageOfPage":{"@id":"https:\/\/wp.kristdemokraterna.se\/kalmarlan\/rapport-fran-rikstinget\/#primaryimage"},"image":{"@id":"https:\/\/wp.kristdemokraterna.se\/kalmarlan\/rapport-fran-rikstinget\/#primaryimage"},"thumbnailUrl":"http:\/\/wp.kristdemokraterna.se\/kalmarlan\/files\/2015\/10\/img_5638-300x300.jpg","datePublished":"2015-10-15T11:23:39+00:00","dateModified":"2015-10-15T11:25:44+00:00","author":{"@id":"https:\/\/wp.kristdemokraterna.se\/kalmarlan\/#\/schema\/person\/a1856739934bf9c6a11fb258646ea2a5"},"breadcrumb":{"@id":"https:\/\/wp.kristdemokraterna.se\/kalmarlan\/rapport-fran-rikstinget\/#breadcrumb"},"inLanguage":"sv-SE","potentialAction":[{"@type":"ReadAction","target":["https:\/\/wp.kristdemokraterna.se\/kalmarlan\/rapport-fran-rikstinget\/"]}]},{"@type":"ImageObject","inLanguage":"sv-SE","@id":"https:\/\/wp.kristdemokraterna.se\/kalmarlan\/rapport-fran-rikstinget\/#primaryimage","url":"https:\/\/wp.kristdemokraterna.se\/kalmarlan\/files\/2015\/10\/img_5638.jpg","contentUrl":"https:\/\/wp.kristdemokraterna.se\/kalmarlan\/files\/2015\/10\/img_5638.jpg","width":2048,"height":2048,"caption":"Anders Andersson h\u00e5ller ett brandtal f\u00f6r att riva upp D\u00d6 och intervjuas efter\u00e5t av Ulf Kristofferson p\u00e5 TV4"},{"@type":"BreadcrumbList","@id":"https:\/\/wp.kristdemokraterna.se\/kalmarlan\/rapport-fran-rikstinget\/#breadcrumb","itemListElement":[{"@type":"ListItem","position":1,"name":"Hem","item":"https:\/\/wp.kristdemokraterna.se\/kalmarlan\/"},{"@type":"ListItem","position":2,"name":"KD Kalmar l\u00e4n bidrog till rafflande Riksting"}]},{"@type":"WebSite","@id":"https:\/\/wp.kristdemokraterna.se\/kalmarlan\/#website","url":"https:\/\/wp.kristdemokraterna.se\/kalmarlan\/","name":"i Kalmar l\u00e4n","description":"","inLanguage":"sv-SE"},{"@type":"Person","@id":"https:\/\/wp.kristdemokraterna.se\/kalmarlan\/#\/schema\/person\/a1856739934bf9c6a11fb258646ea2a5","name":"kalmarlan","image":{"@type":"ImageObject","inLanguage":"sv-SE","@id":"https:\/\/secure.gravatar.com\/avatar\/ef1f7dcd1b21be34f0f3e58a032955c2de43794b20090a23118cd0e2a8964e6e?s=96&r=g","url":"https:\/\/secure.gravatar.com\/avatar\/ef1f7dcd1b21be34f0f3e58a032955c2de43794b20090a23118cd0e2a8964e6e?s=96&r=g","contentUrl":"https:\/\/secure.gravatar.com\/avatar\/ef1f7dcd1b21be34f0f3e58a032955c2de43794b20090a23118cd0e2a8964e6e?s=96&r=g","caption":"kalmarlan"},"url":"https:\/\/wp.kristdemokraterna.se\/kalmarlan\/author\/kalmarlan\/"}]}},"_links":{"self":[{"href":"https:\/\/wp.kristdemokraterna.se\/kalmarlan\/wp-json\/wp\/v2\/posts\/526","targetHints":{"allow":["GET"]}}],"collection":[{"href":"https:\/\/wp.kristdemokraterna.se\/kalmarlan\/wp-json\/wp\/v2\/posts"}],"about":[{"href":"https:\/\/wp.kristdemokraterna.se\/kalmarlan\/wp-json\/wp\/v2\/types\/post"}],"author":[{"embeddable":true,"href":"https:\/\/wp.kristdemokraterna.se\/kalmarlan\/wp-json\/wp\/v2\/users\/417"}],"replies":[{"embeddable":true,"href":"https:\/\/wp.kristdemokraterna.se\/kalmarlan\/wp-json\/wp\/v2\/comments?post=526"}],"version-history":[{"count":5,"href":"https:\/\/wp.kristdemokraterna.se\/kalmarlan\/wp-json\/wp\/v2\/posts\/526\/revisions"}],"predecessor-version":[{"id":540,"href":"https:\/\/wp.kristdemokraterna.se\/kalmarlan\/wp-json\/wp\/v2\/posts\/526\/revisions\/540"}],"wp:attachment":[{"href":"https:\/\/wp.kristdemokraterna.se\/kalmarlan\/wp-json\/wp\/v2\/media?parent=526"}],"wp:term":[{"taxonomy":"category","embeddable":true,"href":"https:\/\/wp.kristdemokraterna.se\/kalmarlan\/wp-json\/wp\/v2\/categories?post=526"},{"taxonomy":"post_tag","embeddable":true,"href":"https:\/\/wp.kristdemokraterna.se\/kalmarlan\/wp-json\/wp\/v2\/tags?post=526"}],"curies":[{"name":"wp","href":"https:\/\/api.w.org\/{rel}","templated":true}]}}