{"id":541,"date":"2015-10-15T13:34:38","date_gmt":"2015-10-15T11:34:38","guid":{"rendered":"http:\/\/wp.kristdemokraterna.se\/kalmarlan\/?p=541"},"modified":"2015-10-15T13:34:38","modified_gmt":"2015-10-15T11:34:38","slug":"bli-medlem-du-ocksa","status":"publish","type":"post","link":"https:\/\/wp.kristdemokraterna.se\/kalmarlan\/bli-medlem-du-ocksa\/","title":{"rendered":"Bli medlem du ocks\u00e5!"},"content":{"rendered":"<p>Antalet nya medlemmar str\u00f6mmar nu in till partiet. M\u00e5nga uppskattar v\u00e5rt initiativ att riva upp December\u00f6verenskommelsen och v\u00e5ra konkreta f\u00f6rslag vad g\u00e4ller migration och integration.<br \/>\nV\u00e5rt ih\u00e4rdiga arbete f\u00f6r ett samh\u00e4lle d\u00e4r fler tar ansvar och bryr sig om varandra. Vill du som vi, arbeta f\u00f6r barn och ungas uppv\u00e4xtvillkor, valfrihet och r\u00e4ttvisa f\u00f6r familjen, v\u00e4rdig v\u00e5rd och omsorg samt ett blomstrande n\u00e4ringsliv? Tror du p\u00e5 en politik som kombinerar hj\u00e4rta och hj\u00e4rna?\u00a0Bli medlem i partiet du ocks\u00e5 genom att klicka p\u00e5 l\u00e4nken nedan:<\/p>\n<p><a href=\"https:\/\/www.kristdemokraterna.se\/Engagera-Dig\/blimedlem\/\">https:\/\/www.kristdemokraterna.se\/Engagera-Dig\/blimedlem\/<\/a><a href=\"http:\/\/wp.kristdemokraterna.se\/kalmarlan\/files\/2015\/10\/kdlogo_580x200.jpg\"><img loading=\"lazy\" decoding=\"async\" class=\"aligncenter size-full wp-image-542\" src=\"http:\/\/wp.kristdemokraterna.se\/kalmarlan\/files\/2015\/10\/kdlogo_580x200.jpg\" alt=\"kdlogo_580x200\" width=\"580\" height=\"200\" srcset=\"https:\/\/wp.kristdemokraterna.se\/kalmarlan\/files\/2015\/10\/kdlogo_580x200.jpg 580w, https:\/\/wp.kristdemokraterna.se\/kalmarlan\/files\/2015\/10\/kdlogo_580x200-300x103.jpg 300w, https:\/\/wp.kristdemokraterna.se\/kalmarlan\/files\/2015\/10\/kdlogo_580x200-540x186.jpg 540w, https:\/\/wp.kristdemokraterna.se\/kalmarlan\/files\/2015\/10\/kdlogo_580x200-576x199.jpg 576w, https:\/\/wp.kristdemokraterna.se\/kalmarlan\/files\/2015\/10\/kdlogo_580x200-186x64.jpg 186w\" sizes=\"auto, (max-width: 580px) 100vw, 580px\" \/><\/a><\/p>\n<p>&nbsp;<\/p>\n","protected":false},"excerpt":{"rendered":"<p>Antalet nya medlemmar str\u00f6mmar nu in till partiet. M\u00e5nga uppskattar v\u00e5rt initiativ att riva upp December\u00f6verenskommelsen och v\u00e5ra konkreta f\u00f6rslag vad g\u00e4ller migration och integration. V\u00e5rt ih\u00e4rdiga arbete f\u00f6r ett samh\u00e4lle d\u00e4r fler tar ansvar och bryr sig om varandra. Vill du som vi, arbeta f\u00f6r barn och ungas uppv\u00e4xtvillkor, valfrihet och r\u00e4ttvisa f\u00f6r familjen, <a class=\"read-more-link\" href=\"https:\/\/wp.kristdemokraterna.se\/kalmarlan\/bli-medlem-du-ocksa\/\">Read More<\/a><\/p>\n","protected":false},"author":417,"featured_media":0,"comment_status":"closed","ping_status":"closed","sticky":false,"template":"","format":"standard","meta":{"_acf_changed":false,"footnotes":""},"categories":[1],"tags":[],"class_list":["post-541","post","type-post","status-publish","format-standard","hentry","category-okategoriserade"],"acf":[],"yoast_head":"<!-- This site is optimized with the Yoast SEO plugin v27.4 - https:\/\/yoast.com\/product\/yoast-seo-wordpress\/ -->\n<title>Bli medlem du ocks\u00e5! - i Kalmar l\u00e4n<\/title>\n<meta name=\"robots\" content=\"index, follow, max-snippet:-1, max-image-preview:large, max-video-preview:-1\" \/>\n<link rel=\"canonical\" href=\"https:\/\/wp.kristdemokraterna.se\/kalmarlan\/bli-medlem-du-ocksa\/\" \/>\n<meta property=\"og:locale\" content=\"sv_SE\" \/>\n<meta property=\"og:type\" content=\"article\" \/>\n<meta property=\"og:title\" content=\"Bli medlem du ocks\u00e5! - i Kalmar l\u00e4n\" \/>\n<meta property=\"og:description\" content=\"Antalet nya medlemmar str\u00f6mmar nu in till partiet. M\u00e5nga uppskattar v\u00e5rt initiativ att riva upp December\u00f6verenskommelsen och v\u00e5ra konkreta f\u00f6rslag vad g\u00e4ller migration och integration. V\u00e5rt ih\u00e4rdiga arbete f\u00f6r ett samh\u00e4lle d\u00e4r fler tar ansvar och bryr sig om varandra. Vill du som vi, arbeta f\u00f6r barn och ungas uppv\u00e4xtvillkor, valfrihet och r\u00e4ttvisa f\u00f6r familjen, Read More\" \/>\n<meta property=\"og:url\" content=\"https:\/\/wp.kristdemokraterna.se\/kalmarlan\/bli-medlem-du-ocksa\/\" \/>\n<meta property=\"og:site_name\" content=\"i Kalmar l\u00e4n\" \/>\n<meta property=\"article:published_time\" content=\"2015-10-15T11:34:38+00:00\" \/>\n<meta property=\"og:image\" content=\"http:\/\/wp.kristdemokraterna.se\/kalmarlan\/files\/2015\/10\/kdlogo_580x200.jpg\" \/>\n<meta name=\"author\" content=\"kalmarlan\" \/>\n<meta name=\"twitter:card\" content=\"summary_large_image\" \/>\n<meta name=\"twitter:label1\" content=\"Skriven av\" \/>\n\t<meta name=\"twitter:data1\" content=\"kalmarlan\" \/>\n\t<meta name=\"twitter:label2\" content=\"Ber\u00e4knad l\u00e4stid\" \/>\n\t<meta name=\"twitter:data2\" content=\"1 minut\" \/>\n<script type=\"application\/ld+json\" class=\"yoast-schema-graph\">{\"@context\":\"https:\\\/\\\/schema.org\",\"@graph\":[{\"@type\":\"Article\",\"@id\":\"https:\\\/\\\/wp.kristdemokraterna.se\\\/kalmarlan\\\/bli-medlem-du-ocksa\\\/#article\",\"isPartOf\":{\"@id\":\"https:\\\/\\\/wp.kristdemokraterna.se\\\/kalmarlan\\\/bli-medlem-du-ocksa\\\/\"},\"author\":{\"name\":\"kalmarlan\",\"@id\":\"https:\\\/\\\/wp.kristdemokraterna.se\\\/kalmarlan\\\/#\\\/schema\\\/person\\\/a1856739934bf9c6a11fb258646ea2a5\"},\"headline\":\"Bli medlem du ocks\u00e5!\",\"datePublished\":\"2015-10-15T11:34:38+00:00\",\"mainEntityOfPage\":{\"@id\":\"https:\\\/\\\/wp.kristdemokraterna.se\\\/kalmarlan\\\/bli-medlem-du-ocksa\\\/\"},\"wordCount\":118,\"image\":{\"@id\":\"https:\\\/\\\/wp.kristdemokraterna.se\\\/kalmarlan\\\/bli-medlem-du-ocksa\\\/#primaryimage\"},\"thumbnailUrl\":\"http:\\\/\\\/wp.kristdemokraterna.se\\\/kalmarlan\\\/files\\\/2015\\\/10\\\/kdlogo_580x200.jpg\",\"inLanguage\":\"sv-SE\"},{\"@type\":\"WebPage\",\"@id\":\"https:\\\/\\\/wp.kristdemokraterna.se\\\/kalmarlan\\\/bli-medlem-du-ocksa\\\/\",\"url\":\"https:\\\/\\\/wp.kristdemokraterna.se\\\/kalmarlan\\\/bli-medlem-du-ocksa\\\/\",\"name\":\"Bli medlem du ocks\u00e5! - i Kalmar l\u00e4n\",\"isPartOf\":{\"@id\":\"https:\\\/\\\/wp.kristdemokraterna.se\\\/kalmarlan\\\/#website\"},\"primaryImageOfPage\":{\"@id\":\"https:\\\/\\\/wp.kristdemokraterna.se\\\/kalmarlan\\\/bli-medlem-du-ocksa\\\/#primaryimage\"},\"image\":{\"@id\":\"https:\\\/\\\/wp.kristdemokraterna.se\\\/kalmarlan\\\/bli-medlem-du-ocksa\\\/#primaryimage\"},\"thumbnailUrl\":\"http:\\\/\\\/wp.kristdemokraterna.se\\\/kalmarlan\\\/files\\\/2015\\\/10\\\/kdlogo_580x200.jpg\",\"datePublished\":\"2015-10-15T11:34:38+00:00\",\"author\":{\"@id\":\"https:\\\/\\\/wp.kristdemokraterna.se\\\/kalmarlan\\\/#\\\/schema\\\/person\\\/a1856739934bf9c6a11fb258646ea2a5\"},\"breadcrumb\":{\"@id\":\"https:\\\/\\\/wp.kristdemokraterna.se\\\/kalmarlan\\\/bli-medlem-du-ocksa\\\/#breadcrumb\"},\"inLanguage\":\"sv-SE\",\"potentialAction\":[{\"@type\":\"ReadAction\",\"target\":[\"https:\\\/\\\/wp.kristdemokraterna.se\\\/kalmarlan\\\/bli-medlem-du-ocksa\\\/\"]}]},{\"@type\":\"ImageObject\",\"inLanguage\":\"sv-SE\",\"@id\":\"https:\\\/\\\/wp.kristdemokraterna.se\\\/kalmarlan\\\/bli-medlem-du-ocksa\\\/#primaryimage\",\"url\":\"https:\\\/\\\/wp.kristdemokraterna.se\\\/kalmarlan\\\/files\\\/2015\\\/10\\\/kdlogo_580x200.jpg\",\"contentUrl\":\"https:\\\/\\\/wp.kristdemokraterna.se\\\/kalmarlan\\\/files\\\/2015\\\/10\\\/kdlogo_580x200.jpg\",\"width\":580,\"height\":200},{\"@type\":\"BreadcrumbList\",\"@id\":\"https:\\\/\\\/wp.kristdemokraterna.se\\\/kalmarlan\\\/bli-medlem-du-ocksa\\\/#breadcrumb\",\"itemListElement\":[{\"@type\":\"ListItem\",\"position\":1,\"name\":\"Hem\",\"item\":\"https:\\\/\\\/wp.kristdemokraterna.se\\\/kalmarlan\\\/\"},{\"@type\":\"ListItem\",\"position\":2,\"name\":\"Bli medlem du ocks\u00e5!\"}]},{\"@type\":\"WebSite\",\"@id\":\"https:\\\/\\\/wp.kristdemokraterna.se\\\/kalmarlan\\\/#website\",\"url\":\"https:\\\/\\\/wp.kristdemokraterna.se\\\/kalmarlan\\\/\",\"name\":\"i Kalmar l\u00e4n\",\"description\":\"\",\"inLanguage\":\"sv-SE\"},{\"@type\":\"Person\",\"@id\":\"https:\\\/\\\/wp.kristdemokraterna.se\\\/kalmarlan\\\/#\\\/schema\\\/person\\\/a1856739934bf9c6a11fb258646ea2a5\",\"name\":\"kalmarlan\",\"image\":{\"@type\":\"ImageObject\",\"inLanguage\":\"sv-SE\",\"@id\":\"https:\\\/\\\/secure.gravatar.com\\\/avatar\\\/ef1f7dcd1b21be34f0f3e58a032955c2de43794b20090a23118cd0e2a8964e6e?s=96&r=g\",\"url\":\"https:\\\/\\\/secure.gravatar.com\\\/avatar\\\/ef1f7dcd1b21be34f0f3e58a032955c2de43794b20090a23118cd0e2a8964e6e?s=96&r=g\",\"contentUrl\":\"https:\\\/\\\/secure.gravatar.com\\\/avatar\\\/ef1f7dcd1b21be34f0f3e58a032955c2de43794b20090a23118cd0e2a8964e6e?s=96&r=g\",\"caption\":\"kalmarlan\"},\"url\":\"https:\\\/\\\/wp.kristdemokraterna.se\\\/kalmarlan\\\/author\\\/kalmarlan\\\/\"}]}<\/script>\n<!-- \/ Yoast SEO plugin. -->","yoast_head_json":{"title":"Bli medlem du ocks\u00e5! - i Kalmar l\u00e4n","robots":{"index":"index","follow":"follow","max-snippet":"max-snippet:-1","max-image-preview":"max-image-preview:large","max-video-preview":"max-video-preview:-1"},"canonical":"https:\/\/wp.kristdemokraterna.se\/kalmarlan\/bli-medlem-du-ocksa\/","og_locale":"sv_SE","og_type":"article","og_title":"Bli medlem du ocks\u00e5! - i Kalmar l\u00e4n","og_description":"Antalet nya medlemmar str\u00f6mmar nu in till partiet. M\u00e5nga uppskattar v\u00e5rt initiativ att riva upp December\u00f6verenskommelsen och v\u00e5ra konkreta f\u00f6rslag vad g\u00e4ller migration och integration. V\u00e5rt ih\u00e4rdiga arbete f\u00f6r ett samh\u00e4lle d\u00e4r fler tar ansvar och bryr sig om varandra. Vill du som vi, arbeta f\u00f6r barn och ungas uppv\u00e4xtvillkor, valfrihet och r\u00e4ttvisa f\u00f6r familjen, Read More","og_url":"https:\/\/wp.kristdemokraterna.se\/kalmarlan\/bli-medlem-du-ocksa\/","og_site_name":"i Kalmar l\u00e4n","article_published_time":"2015-10-15T11:34:38+00:00","og_image":[{"url":"http:\/\/wp.kristdemokraterna.se\/kalmarlan\/files\/2015\/10\/kdlogo_580x200.jpg","type":"","width":"","height":""}],"author":"kalmarlan","twitter_card":"summary_large_image","twitter_misc":{"Skriven av":"kalmarlan","Ber\u00e4knad l\u00e4stid":"1 minut"},"schema":{"@context":"https:\/\/schema.org","@graph":[{"@type":"Article","@id":"https:\/\/wp.kristdemokraterna.se\/kalmarlan\/bli-medlem-du-ocksa\/#article","isPartOf":{"@id":"https:\/\/wp.kristdemokraterna.se\/kalmarlan\/bli-medlem-du-ocksa\/"},"author":{"name":"kalmarlan","@id":"https:\/\/wp.kristdemokraterna.se\/kalmarlan\/#\/schema\/person\/a1856739934bf9c6a11fb258646ea2a5"},"headline":"Bli medlem du ocks\u00e5!","datePublished":"2015-10-15T11:34:38+00:00","mainEntityOfPage":{"@id":"https:\/\/wp.kristdemokraterna.se\/kalmarlan\/bli-medlem-du-ocksa\/"},"wordCount":118,"image":{"@id":"https:\/\/wp.kristdemokraterna.se\/kalmarlan\/bli-medlem-du-ocksa\/#primaryimage"},"thumbnailUrl":"http:\/\/wp.kristdemokraterna.se\/kalmarlan\/files\/2015\/10\/kdlogo_580x200.jpg","inLanguage":"sv-SE"},{"@type":"WebPage","@id":"https:\/\/wp.kristdemokraterna.se\/kalmarlan\/bli-medlem-du-ocksa\/","url":"https:\/\/wp.kristdemokraterna.se\/kalmarlan\/bli-medlem-du-ocksa\/","name":"Bli medlem du ocks\u00e5! - i Kalmar l\u00e4n","isPartOf":{"@id":"https:\/\/wp.kristdemokraterna.se\/kalmarlan\/#website"},"primaryImageOfPage":{"@id":"https:\/\/wp.kristdemokraterna.se\/kalmarlan\/bli-medlem-du-ocksa\/#primaryimage"},"image":{"@id":"https:\/\/wp.kristdemokraterna.se\/kalmarlan\/bli-medlem-du-ocksa\/#primaryimage"},"thumbnailUrl":"http:\/\/wp.kristdemokraterna.se\/kalmarlan\/files\/2015\/10\/kdlogo_580x200.jpg","datePublished":"2015-10-15T11:34:38+00:00","author":{"@id":"https:\/\/wp.kristdemokraterna.se\/kalmarlan\/#\/schema\/person\/a1856739934bf9c6a11fb258646ea2a5"},"breadcrumb":{"@id":"https:\/\/wp.kristdemokraterna.se\/kalmarlan\/bli-medlem-du-ocksa\/#breadcrumb"},"inLanguage":"sv-SE","potentialAction":[{"@type":"ReadAction","target":["https:\/\/wp.kristdemokraterna.se\/kalmarlan\/bli-medlem-du-ocksa\/"]}]},{"@type":"ImageObject","inLanguage":"sv-SE","@id":"https:\/\/wp.kristdemokraterna.se\/kalmarlan\/bli-medlem-du-ocksa\/#primaryimage","url":"https:\/\/wp.kristdemokraterna.se\/kalmarlan\/files\/2015\/10\/kdlogo_580x200.jpg","contentUrl":"https:\/\/wp.kristdemokraterna.se\/kalmarlan\/files\/2015\/10\/kdlogo_580x200.jpg","width":580,"height":200},{"@type":"BreadcrumbList","@id":"https:\/\/wp.kristdemokraterna.se\/kalmarlan\/bli-medlem-du-ocksa\/#breadcrumb","itemListElement":[{"@type":"ListItem","position":1,"name":"Hem","item":"https:\/\/wp.kristdemokraterna.se\/kalmarlan\/"},{"@type":"ListItem","position":2,"name":"Bli medlem du ocks\u00e5!"}]},{"@type":"WebSite","@id":"https:\/\/wp.kristdemokraterna.se\/kalmarlan\/#website","url":"https:\/\/wp.kristdemokraterna.se\/kalmarlan\/","name":"i Kalmar l\u00e4n","description":"","inLanguage":"sv-SE"},{"@type":"Person","@id":"https:\/\/wp.kristdemokraterna.se\/kalmarlan\/#\/schema\/person\/a1856739934bf9c6a11fb258646ea2a5","name":"kalmarlan","image":{"@type":"ImageObject","inLanguage":"sv-SE","@id":"https:\/\/secure.gravatar.com\/avatar\/ef1f7dcd1b21be34f0f3e58a032955c2de43794b20090a23118cd0e2a8964e6e?s=96&r=g","url":"https:\/\/secure.gravatar.com\/avatar\/ef1f7dcd1b21be34f0f3e58a032955c2de43794b20090a23118cd0e2a8964e6e?s=96&r=g","contentUrl":"https:\/\/secure.gravatar.com\/avatar\/ef1f7dcd1b21be34f0f3e58a032955c2de43794b20090a23118cd0e2a8964e6e?s=96&r=g","caption":"kalmarlan"},"url":"https:\/\/wp.kristdemokraterna.se\/kalmarlan\/author\/kalmarlan\/"}]}},"_links":{"self":[{"href":"https:\/\/wp.kristdemokraterna.se\/kalmarlan\/wp-json\/wp\/v2\/posts\/541","targetHints":{"allow":["GET"]}}],"collection":[{"href":"https:\/\/wp.kristdemokraterna.se\/kalmarlan\/wp-json\/wp\/v2\/posts"}],"about":[{"href":"https:\/\/wp.kristdemokraterna.se\/kalmarlan\/wp-json\/wp\/v2\/types\/post"}],"author":[{"embeddable":true,"href":"https:\/\/wp.kristdemokraterna.se\/kalmarlan\/wp-json\/wp\/v2\/users\/417"}],"replies":[{"embeddable":true,"href":"https:\/\/wp.kristdemokraterna.se\/kalmarlan\/wp-json\/wp\/v2\/comments?post=541"}],"version-history":[{"count":2,"href":"https:\/\/wp.kristdemokraterna.se\/kalmarlan\/wp-json\/wp\/v2\/posts\/541\/revisions"}],"predecessor-version":[{"id":544,"href":"https:\/\/wp.kristdemokraterna.se\/kalmarlan\/wp-json\/wp\/v2\/posts\/541\/revisions\/544"}],"wp:attachment":[{"href":"https:\/\/wp.kristdemokraterna.se\/kalmarlan\/wp-json\/wp\/v2\/media?parent=541"}],"wp:term":[{"taxonomy":"category","embeddable":true,"href":"https:\/\/wp.kristdemokraterna.se\/kalmarlan\/wp-json\/wp\/v2\/categories?post=541"},{"taxonomy":"post_tag","embeddable":true,"href":"https:\/\/wp.kristdemokraterna.se\/kalmarlan\/wp-json\/wp\/v2\/tags?post=541"}],"curies":[{"name":"wp","href":"https:\/\/api.w.org\/{rel}","templated":true}]}}