{"id":547,"date":"2015-11-15T15:40:06","date_gmt":"2015-11-15T14:40:06","guid":{"rendered":"http:\/\/wp.kristdemokraterna.se\/kalmarlan\/?p=547"},"modified":"2015-11-15T17:36:56","modified_gmt":"2015-11-15T16:36:56","slug":"kd-i-lanet-en-politisk-kraft","status":"publish","type":"post","link":"https:\/\/wp.kristdemokraterna.se\/kalmarlan\/kd-i-lanet-en-politisk-kraft\/","title":{"rendered":"KD i l\u00e4net \u2013 en politisk kraft"},"content":{"rendered":"<p>Kristdemokraterna i l\u00e4net samlades till h\u00f6stst\u00e4mma p\u00e5 l\u00f6rdagen i M\u00f6nster\u00e5s. Beskeden om de ohyggliga terrord\u00e5den i Paris under natten satte sin st\u00e4mning p\u00e5 st\u00e4mman. S\u00e5v\u00e4l Chatrine P\u00e5lsson Ahlgren som Anders Andersson valde att i \u00f6ppnandet av st\u00e4mman markera sin avsky mot det v\u00e5ld som oskyldiga m\u00e4nniskor f\u00e5tt uppleva och samtidigt l\u00e5ta v\u00e5ra tankar g\u00e5 till de familjer som nu drabbats.<\/p>\n<div id=\"attachment_552\" style=\"width: 1090px\" class=\"wp-caption alignright\"><a href=\"http:\/\/wp.kristdemokraterna.se\/kalmarlan\/files\/2015\/11\/iphone-image-6e5712.jpg\"><img loading=\"lazy\" decoding=\"async\" aria-describedby=\"caption-attachment-552\" class=\"size-full wp-image-552\" src=\"http:\/\/wp.kristdemokraterna.se\/kalmarlan\/files\/2015\/11\/iphone-image-6e5712.jpg\" alt=\"Anders Andersson inleder st\u00e4mman\" width=\"1080\" height=\"1920\" srcset=\"https:\/\/wp.kristdemokraterna.se\/kalmarlan\/files\/2015\/11\/iphone-image-6e5712.jpg 1080w, https:\/\/wp.kristdemokraterna.se\/kalmarlan\/files\/2015\/11\/iphone-image-6e5712-169x300.jpg 169w, https:\/\/wp.kristdemokraterna.se\/kalmarlan\/files\/2015\/11\/iphone-image-6e5712-304x540.jpg 304w, https:\/\/wp.kristdemokraterna.se\/kalmarlan\/files\/2015\/11\/iphone-image-6e5712-195x346.jpg 195w, https:\/\/wp.kristdemokraterna.se\/kalmarlan\/files\/2015\/11\/iphone-image-6e5712-63x112.jpg 63w\" sizes=\"auto, (max-width: 1080px) 100vw, 1080px\" \/><\/a><p id=\"caption-attachment-552\" class=\"wp-caption-text\">Anders Andersson inleder st\u00e4mman<\/p><\/div>\n<p><a href=\"http:\/\/wp.kristdemokraterna.se\/kalmarlan\/files\/2015\/11\/iphone-image-6e5720.jpg\">\u00a0<\/a>I sitt \u00f6ppningsanf\u00f6rande lyfte distriktsordf\u00f6rande Anders Andersson fram det Ebba Busch Thor po\u00e4ngterade i sitt Almedals-tal i juli m\u00e5nad. KD-ledaren sa d\u00e5 att det \u00e4r orimligt att v\u00e4lkomna och ibland \u00e4ven f\u00f6rs\u00f6rja svenskar som \u00e5ker f\u00f6r att strida med v\u00e5ldsbejakande terrorgrupper. Dessa borde ist\u00e4llet betraktas som landsf\u00f6rr\u00e4dare. Sant d\u00e5 och sant nu. Som partiledare har Ebba Busch Thor under h\u00f6sten gett konkreta f\u00f6rslag p\u00e5 hur vi hanterar den akuta flyktingsituationen samtidigt som vi v\u00e4rnar asylr\u00e4tten och m\u00e4nniskov\u00e4rdet. Kristdemokraterna visar inte enbart att man vill v\u00e4rna r\u00e4tten f\u00f6r de som s\u00f6ker asyl utan ocks\u00e5 hur detta ska g\u00e5 till och tvekar inte att tala klartext om vad som \u00e4r n\u00f6dv\u00e4ndigt, sa Anders Andersson.<\/p>\n<p>Kristdemokraternas riksting var en punkt p\u00e5 dagordningen d\u00e4r st\u00e4mmodeltagarna av Gudrun Bruneg\u00e5rd fick en ing\u00e5ende redovisning av hur beslutet v\u00e4xte fram och hur Kalmar-delegationen blev en drivande och vinnande kraft n\u00e4r man beslutade om att riva upp D\u00d6, december\u00f6verenskommelsen. Det helt fantastiska \u00e4r hur ombuden fr\u00e5n Kalmar l\u00e4n gick fr\u00e5n att ingen trodde det var m\u00f6jligt att \u00e4ndra denna uppg\u00f6relse, som de facto f\u00f6rhindrade en normal politisk debatt, till att vinna p\u00e5 rikstinget och d\u00e4refter f\u00f6ljde \u00f6vriga allianspartier med. D\u00d6 uppfattades som att Alliansen gav regeringen ett orimligt frikort till att genomf\u00f6ra v\u00e4nstersocialistisk politik som saknar st\u00f6d i riksdagen. D\u00e4rf\u00f6r var det n\u00f6dv\u00e4ndigt att v\u00e5ga bryta upp den och skapa frihet och \u00e5tervinna tilltron till demokratin, sa Anders Andersson n\u00e4r han kommenterade sin roll och det enormt stora media intresse som fanns dagarna f\u00f6re, under och efter rikstinget.<a href=\"http:\/\/wp.kristdemokraterna.se\/kalmarlan\/files\/2015\/11\/iphone-image-6e67bd.jpg\"><img loading=\"lazy\" decoding=\"async\" class=\"alignright size-full wp-image-557\" src=\"http:\/\/wp.kristdemokraterna.se\/kalmarlan\/files\/2015\/11\/iphone-image-6e67bd.jpg\" alt=\"iPhone Image 6E67BD\" width=\"2045\" height=\"2465\" srcset=\"https:\/\/wp.kristdemokraterna.se\/kalmarlan\/files\/2015\/11\/iphone-image-6e67bd.jpg 2045w, https:\/\/wp.kristdemokraterna.se\/kalmarlan\/files\/2015\/11\/iphone-image-6e67bd-249x300.jpg 249w, https:\/\/wp.kristdemokraterna.se\/kalmarlan\/files\/2015\/11\/iphone-image-6e67bd-448x540.jpg 448w, https:\/\/wp.kristdemokraterna.se\/kalmarlan\/files\/2015\/11\/iphone-image-6e67bd-287x346.jpg 287w, https:\/\/wp.kristdemokraterna.se\/kalmarlan\/files\/2015\/11\/iphone-image-6e67bd-93x112.jpg 93w\" sizes=\"auto, (max-width: 2045px) 100vw, 2045px\" \/><\/a><\/p>\n<p>H\u00f6stst\u00e4mman inneh\u00f6ll ocks\u00e5 flera utbildningspass d\u00e4r \u00e4ldrefr\u00e5gor, h\u00e4lso- och sjukv\u00e5rd, skola och utbildning samt integrationsfr\u00e5gor behandlades i s\u00e4rskilda seminarier.<\/p>\n<div id=\"attachment_554\" style=\"width: 3274px\" class=\"wp-caption aligncenter\"><a href=\"http:\/\/wp.kristdemokraterna.se\/kalmarlan\/files\/2015\/11\/iphone-image-6e5736.jpg\"><img loading=\"lazy\" decoding=\"async\" aria-describedby=\"caption-attachment-554\" class=\"wp-image-554 size-full\" src=\"http:\/\/wp.kristdemokraterna.se\/kalmarlan\/files\/2015\/11\/iphone-image-6e5736.jpg\" alt=\"iPhone Image 6E5736\" width=\"3264\" height=\"2448\" srcset=\"https:\/\/wp.kristdemokraterna.se\/kalmarlan\/files\/2015\/11\/iphone-image-6e5736.jpg 3264w, https:\/\/wp.kristdemokraterna.se\/kalmarlan\/files\/2015\/11\/iphone-image-6e5736-300x225.jpg 300w, https:\/\/wp.kristdemokraterna.se\/kalmarlan\/files\/2015\/11\/iphone-image-6e5736-540x405.jpg 540w, https:\/\/wp.kristdemokraterna.se\/kalmarlan\/files\/2015\/11\/iphone-image-6e5736-461x346.jpg 461w, https:\/\/wp.kristdemokraterna.se\/kalmarlan\/files\/2015\/11\/iphone-image-6e5736-149x112.jpg 149w\" sizes=\"auto, (max-width: 3264px) 100vw, 3264px\" \/><\/a><p id=\"caption-attachment-554\" class=\"wp-caption-text\">Martina och Henrik Augestrand stod f\u00f6r s\u00e5ng och musik<\/p><\/div>\n<div id=\"attachment_551\" style=\"width: 3274px\" class=\"wp-caption alignleft\"><a href=\"http:\/\/wp.kristdemokraterna.se\/kalmarlan\/files\/2015\/11\/iphone-image-6e5702.jpg\"><img loading=\"lazy\" decoding=\"async\" aria-describedby=\"caption-attachment-551\" class=\"wp-image-551 size-full\" src=\"http:\/\/wp.kristdemokraterna.se\/kalmarlan\/files\/2015\/11\/iphone-image-6e5702.jpg\" alt=\"iPhone Image 6E5702\" width=\"3264\" height=\"2448\" srcset=\"https:\/\/wp.kristdemokraterna.se\/kalmarlan\/files\/2015\/11\/iphone-image-6e5702.jpg 3264w, https:\/\/wp.kristdemokraterna.se\/kalmarlan\/files\/2015\/11\/iphone-image-6e5702-300x225.jpg 300w, https:\/\/wp.kristdemokraterna.se\/kalmarlan\/files\/2015\/11\/iphone-image-6e5702-540x405.jpg 540w, https:\/\/wp.kristdemokraterna.se\/kalmarlan\/files\/2015\/11\/iphone-image-6e5702-461x346.jpg 461w, https:\/\/wp.kristdemokraterna.se\/kalmarlan\/files\/2015\/11\/iphone-image-6e5702-149x112.jpg 149w\" sizes=\"auto, (max-width: 3264px) 100vw, 3264px\" \/><\/a><p id=\"caption-attachment-551\" class=\"wp-caption-text\">Jimmy Loord avslutade st\u00e4mman.<\/p><\/div>\n<p>Martina och Henrik Augestrand underh\u00f6ll med uppskattad s\u00e5ng och musik. Madeleine Rosenqvist informerade om aktuella kampanjer och kommande aktiviteter.\u00a0 Jimmy Loord avslutade st\u00e4mman med en inspirerande appell d\u00e4r han ankn\u00f6t till den politiska kraft som Kristdemokraterna i Kalmar l\u00e4n visat p\u00e5 att man \u00e4r.<\/p>\n<div id=\"attachment_549\" style=\"width: 1034px\" class=\"wp-caption aligncenter\"><a href=\"http:\/\/wp.kristdemokraterna.se\/kalmarlan\/files\/2015\/11\/iphone-image-6e56ec.jpg\"><img loading=\"lazy\" decoding=\"async\" aria-describedby=\"caption-attachment-549\" class=\"wp-image-549 size-full\" src=\"http:\/\/wp.kristdemokraterna.se\/kalmarlan\/files\/2015\/11\/iphone-image-6e56ec.jpg\" alt=\"iPhone Image 6E56EC\" width=\"1024\" height=\"768\" srcset=\"https:\/\/wp.kristdemokraterna.se\/kalmarlan\/files\/2015\/11\/iphone-image-6e56ec.jpg 1024w, https:\/\/wp.kristdemokraterna.se\/kalmarlan\/files\/2015\/11\/iphone-image-6e56ec-300x225.jpg 300w, https:\/\/wp.kristdemokraterna.se\/kalmarlan\/files\/2015\/11\/iphone-image-6e56ec-540x405.jpg 540w, https:\/\/wp.kristdemokraterna.se\/kalmarlan\/files\/2015\/11\/iphone-image-6e56ec-461x346.jpg 461w, https:\/\/wp.kristdemokraterna.se\/kalmarlan\/files\/2015\/11\/iphone-image-6e56ec-149x112.jpg 149w\" sizes=\"auto, (max-width: 1024px) 100vw, 1024px\" \/><\/a><p id=\"caption-attachment-549\" class=\"wp-caption-text\">Distriktspresidiet tillsammans med landstingsr\u00e5d och ombudsman.\u00a0 P\u00e5 bilden fr\u00e5n v\u00e4nster: Jimmy Loord, Madeleine Rosenqvist, Gudrun Bruneg\u00e5rd, Chatrine P\u00e5lsson Ahlgren och Anders Andersson<\/p><\/div>\n<p>St\u00e4mman h\u00f6lls i SPF-lokalen i M\u00f6nster\u00e5s och arrangerades i samverkan med Vuxenskolan.<\/p>\n\n\t\t<style type=\"text\/css\">\n\t\t\t#gallery-1 {\n\t\t\t\tmargin: auto;\n\t\t\t}\n\t\t\t#gallery-1 .gallery-item {\n\t\t\t\tfloat: left;\n\t\t\t\tmargin-top: 10px;\n\t\t\t\ttext-align: center;\n\t\t\t\twidth: 33%;\n\t\t\t}\n\t\t\t#gallery-1 img {\n\t\t\t\tborder: 2px solid #cfcfcf;\n\t\t\t}\n\t\t\t#gallery-1 .gallery-caption {\n\t\t\t\tmargin-left: 0;\n\t\t\t}\n\t\t\t\/* see gallery_shortcode() in wp-includes\/media.php *\/\n\t\t<\/style>\n\t\t<div id='gallery-1' class='gallery galleryid-547 gallery-columns-3 gallery-size-medium'><dl class='gallery-item'>\n\t\t\t<dt class='gallery-icon landscape'>\n\t\t\t\t<a href='https:\/\/wp.kristdemokraterna.se\/kalmarlan\/kd-i-lanet-en-politisk-kraft\/iphone-image-6e56f8-2\/'><img loading=\"lazy\" decoding=\"async\" width=\"300\" height=\"225\" src=\"https:\/\/wp.kristdemokraterna.se\/kalmarlan\/files\/2015\/11\/iphone-image-6e56f81-300x225.jpg\" class=\"attachment-medium size-medium\" alt=\"\" aria-describedby=\"gallery-1-559\" srcset=\"https:\/\/wp.kristdemokraterna.se\/kalmarlan\/files\/2015\/11\/iphone-image-6e56f81-300x225.jpg 300w, https:\/\/wp.kristdemokraterna.se\/kalmarlan\/files\/2015\/11\/iphone-image-6e56f81-540x405.jpg 540w, https:\/\/wp.kristdemokraterna.se\/kalmarlan\/files\/2015\/11\/iphone-image-6e56f81-461x346.jpg 461w, https:\/\/wp.kristdemokraterna.se\/kalmarlan\/files\/2015\/11\/iphone-image-6e56f81-149x112.jpg 149w\" sizes=\"auto, (max-width: 300px) 100vw, 300px\" \/><\/a>\n\t\t\t<\/dt>\n\t\t\t\t<dd class='wp-caption-text gallery-caption' id='gallery-1-559'>\n\t\t\t\tChatrine P\u00e5lsson Ahlgren h\u00e4lsade alla v\u00e4lkomna till h\u00f6stst\u00e4mman\n\t\t\t\t<\/dd><\/dl><dl class='gallery-item'>\n\t\t\t<dt class='gallery-icon landscape'>\n\t\t\t\t<a href='https:\/\/wp.kristdemokraterna.se\/kalmarlan\/kd-i-lanet-en-politisk-kraft\/img-2376\/'><img loading=\"lazy\" decoding=\"async\" width=\"300\" height=\"225\" src=\"https:\/\/wp.kristdemokraterna.se\/kalmarlan\/files\/2015\/11\/img_2376-300x225.jpg\" class=\"attachment-medium size-medium\" alt=\"\" aria-describedby=\"gallery-1-560\" srcset=\"https:\/\/wp.kristdemokraterna.se\/kalmarlan\/files\/2015\/11\/img_2376-300x225.jpg 300w, https:\/\/wp.kristdemokraterna.se\/kalmarlan\/files\/2015\/11\/img_2376-540x405.jpg 540w, https:\/\/wp.kristdemokraterna.se\/kalmarlan\/files\/2015\/11\/img_2376-461x346.jpg 461w, https:\/\/wp.kristdemokraterna.se\/kalmarlan\/files\/2015\/11\/img_2376-149x112.jpg 149w\" sizes=\"auto, (max-width: 300px) 100vw, 300px\" \/><\/a>\n\t\t\t<\/dt>\n\t\t\t\t<dd class='wp-caption-text gallery-caption' id='gallery-1-560'>\n\t\t\t\tOmbudsman Madeleine Rosenqvist tillsammans med distriktsordf\u00f6rande Anders Andersson ledde st\u00e4mmof\u00f6rhandlingarna\n\t\t\t\t<\/dd><\/dl><dl class='gallery-item'>\n\t\t\t<dt class='gallery-icon landscape'>\n\t\t\t\t<a href='https:\/\/wp.kristdemokraterna.se\/kalmarlan\/kd-i-lanet-en-politisk-kraft\/iphone-image-6e5720\/'><img loading=\"lazy\" decoding=\"async\" width=\"300\" height=\"169\" src=\"https:\/\/wp.kristdemokraterna.se\/kalmarlan\/files\/2015\/11\/iphone-image-6e5720-300x169.jpg\" class=\"attachment-medium size-medium\" alt=\"\" aria-describedby=\"gallery-1-553\" srcset=\"https:\/\/wp.kristdemokraterna.se\/kalmarlan\/files\/2015\/11\/iphone-image-6e5720-300x169.jpg 300w, https:\/\/wp.kristdemokraterna.se\/kalmarlan\/files\/2015\/11\/iphone-image-6e5720-540x304.jpg 540w, https:\/\/wp.kristdemokraterna.se\/kalmarlan\/files\/2015\/11\/iphone-image-6e5720-576x324.jpg 576w, https:\/\/wp.kristdemokraterna.se\/kalmarlan\/files\/2015\/11\/iphone-image-6e5720-186x105.jpg 186w, https:\/\/wp.kristdemokraterna.se\/kalmarlan\/files\/2015\/11\/iphone-image-6e5720.jpg 1920w\" sizes=\"auto, (max-width: 300px) 100vw, 300px\" \/><\/a>\n\t\t\t<\/dt>\n\t\t\t\t<dd class='wp-caption-text gallery-caption' id='gallery-1-553'>\n\t\t\t\tGudrun Bruneg\u00e5rd och Anders Andersson delar med sig av n\u00e5gra av de m\u00e5nga pressklipp som publicerades i samband med upprivandet av D\u00d6.\n\t\t\t\t<\/dd><\/dl><br style=\"clear: both\" \/>\n\t\t<\/div>\n\n<p>&nbsp;<\/p>\n","protected":false},"excerpt":{"rendered":"<p>Kristdemokraterna i l\u00e4net samlades till h\u00f6stst\u00e4mma p\u00e5 l\u00f6rdagen i M\u00f6nster\u00e5s. Beskeden om de ohyggliga terrord\u00e5den i Paris under natten satte sin st\u00e4mning p\u00e5 st\u00e4mman. S\u00e5v\u00e4l Chatrine P\u00e5lsson Ahlgren som Anders Andersson valde att i \u00f6ppnandet av st\u00e4mman markera sin avsky mot det v\u00e5ld som oskyldiga m\u00e4nniskor f\u00e5tt uppleva och samtidigt l\u00e5ta v\u00e5ra tankar g\u00e5 till <a class=\"read-more-link\" href=\"https:\/\/wp.kristdemokraterna.se\/kalmarlan\/kd-i-lanet-en-politisk-kraft\/\">Read More<\/a><\/p>\n","protected":false},"author":417,"featured_media":0,"comment_status":"closed","ping_status":"closed","sticky":false,"template":"","format":"standard","meta":{"_acf_changed":false,"footnotes":""},"categories":[1],"tags":[],"class_list":["post-547","post","type-post","status-publish","format-standard","hentry","category-okategoriserade"],"acf":[],"yoast_head":"<!-- This site is optimized with the Yoast SEO plugin v27.4 - https:\/\/yoast.com\/product\/yoast-seo-wordpress\/ -->\n<title>KD i l\u00e4net \u2013 en politisk kraft - i Kalmar l\u00e4n<\/title>\n<meta name=\"robots\" content=\"index, follow, max-snippet:-1, max-image-preview:large, max-video-preview:-1\" \/>\n<link rel=\"canonical\" href=\"https:\/\/wp.kristdemokraterna.se\/kalmarlan\/kd-i-lanet-en-politisk-kraft\/\" \/>\n<meta property=\"og:locale\" content=\"sv_SE\" \/>\n<meta property=\"og:type\" content=\"article\" \/>\n<meta property=\"og:title\" content=\"KD i l\u00e4net \u2013 en politisk kraft - i Kalmar l\u00e4n\" \/>\n<meta property=\"og:description\" content=\"Kristdemokraterna i l\u00e4net samlades till h\u00f6stst\u00e4mma p\u00e5 l\u00f6rdagen i M\u00f6nster\u00e5s. Beskeden om de ohyggliga terrord\u00e5den i Paris under natten satte sin st\u00e4mning p\u00e5 st\u00e4mman. S\u00e5v\u00e4l Chatrine P\u00e5lsson Ahlgren som Anders Andersson valde att i \u00f6ppnandet av st\u00e4mman markera sin avsky mot det v\u00e5ld som oskyldiga m\u00e4nniskor f\u00e5tt uppleva och samtidigt l\u00e5ta v\u00e5ra tankar g\u00e5 till Read More\" \/>\n<meta property=\"og:url\" content=\"https:\/\/wp.kristdemokraterna.se\/kalmarlan\/kd-i-lanet-en-politisk-kraft\/\" \/>\n<meta property=\"og:site_name\" content=\"i Kalmar l\u00e4n\" \/>\n<meta property=\"article:published_time\" content=\"2015-11-15T14:40:06+00:00\" \/>\n<meta property=\"article:modified_time\" content=\"2015-11-15T16:36:56+00:00\" \/>\n<meta property=\"og:image\" content=\"https:\/\/wp.kristdemokraterna.se\/kalmarlan\/files\/2015\/11\/iphone-image-6e56f81-300x225.jpg\" \/>\n<meta name=\"author\" content=\"kalmarlan\" \/>\n<meta name=\"twitter:card\" content=\"summary_large_image\" \/>\n<meta name=\"twitter:label1\" content=\"Skriven av\" \/>\n\t<meta name=\"twitter:data1\" content=\"kalmarlan\" \/>\n\t<meta name=\"twitter:label2\" content=\"Ber\u00e4knad l\u00e4stid\" \/>\n\t<meta name=\"twitter:data2\" content=\"3 minuter\" \/>\n<script type=\"application\/ld+json\" class=\"yoast-schema-graph\">{\"@context\":\"https:\\\/\\\/schema.org\",\"@graph\":[{\"@type\":\"Article\",\"@id\":\"https:\\\/\\\/wp.kristdemokraterna.se\\\/kalmarlan\\\/kd-i-lanet-en-politisk-kraft\\\/#article\",\"isPartOf\":{\"@id\":\"https:\\\/\\\/wp.kristdemokraterna.se\\\/kalmarlan\\\/kd-i-lanet-en-politisk-kraft\\\/\"},\"author\":{\"name\":\"kalmarlan\",\"@id\":\"https:\\\/\\\/wp.kristdemokraterna.se\\\/kalmarlan\\\/#\\\/schema\\\/person\\\/a1856739934bf9c6a11fb258646ea2a5\"},\"headline\":\"KD i l\u00e4net \u2013 en politisk kraft\",\"datePublished\":\"2015-11-15T14:40:06+00:00\",\"dateModified\":\"2015-11-15T16:36:56+00:00\",\"mainEntityOfPage\":{\"@id\":\"https:\\\/\\\/wp.kristdemokraterna.se\\\/kalmarlan\\\/kd-i-lanet-en-politisk-kraft\\\/\"},\"wordCount\":559,\"image\":{\"@id\":\"https:\\\/\\\/wp.kristdemokraterna.se\\\/kalmarlan\\\/kd-i-lanet-en-politisk-kraft\\\/#primaryimage\"},\"thumbnailUrl\":\"http:\\\/\\\/wp.kristdemokraterna.se\\\/kalmarlan\\\/files\\\/2015\\\/11\\\/iphone-image-6e5712.jpg\",\"inLanguage\":\"sv-SE\"},{\"@type\":\"WebPage\",\"@id\":\"https:\\\/\\\/wp.kristdemokraterna.se\\\/kalmarlan\\\/kd-i-lanet-en-politisk-kraft\\\/\",\"url\":\"https:\\\/\\\/wp.kristdemokraterna.se\\\/kalmarlan\\\/kd-i-lanet-en-politisk-kraft\\\/\",\"name\":\"KD i l\u00e4net \u2013 en politisk kraft - i Kalmar l\u00e4n\",\"isPartOf\":{\"@id\":\"https:\\\/\\\/wp.kristdemokraterna.se\\\/kalmarlan\\\/#website\"},\"primaryImageOfPage\":{\"@id\":\"https:\\\/\\\/wp.kristdemokraterna.se\\\/kalmarlan\\\/kd-i-lanet-en-politisk-kraft\\\/#primaryimage\"},\"image\":{\"@id\":\"https:\\\/\\\/wp.kristdemokraterna.se\\\/kalmarlan\\\/kd-i-lanet-en-politisk-kraft\\\/#primaryimage\"},\"thumbnailUrl\":\"http:\\\/\\\/wp.kristdemokraterna.se\\\/kalmarlan\\\/files\\\/2015\\\/11\\\/iphone-image-6e5712.jpg\",\"datePublished\":\"2015-11-15T14:40:06+00:00\",\"dateModified\":\"2015-11-15T16:36:56+00:00\",\"author\":{\"@id\":\"https:\\\/\\\/wp.kristdemokraterna.se\\\/kalmarlan\\\/#\\\/schema\\\/person\\\/a1856739934bf9c6a11fb258646ea2a5\"},\"breadcrumb\":{\"@id\":\"https:\\\/\\\/wp.kristdemokraterna.se\\\/kalmarlan\\\/kd-i-lanet-en-politisk-kraft\\\/#breadcrumb\"},\"inLanguage\":\"sv-SE\",\"potentialAction\":[{\"@type\":\"ReadAction\",\"target\":[\"https:\\\/\\\/wp.kristdemokraterna.se\\\/kalmarlan\\\/kd-i-lanet-en-politisk-kraft\\\/\"]}]},{\"@type\":\"ImageObject\",\"inLanguage\":\"sv-SE\",\"@id\":\"https:\\\/\\\/wp.kristdemokraterna.se\\\/kalmarlan\\\/kd-i-lanet-en-politisk-kraft\\\/#primaryimage\",\"url\":\"https:\\\/\\\/wp.kristdemokraterna.se\\\/kalmarlan\\\/files\\\/2015\\\/11\\\/iphone-image-6e5712.jpg\",\"contentUrl\":\"https:\\\/\\\/wp.kristdemokraterna.se\\\/kalmarlan\\\/files\\\/2015\\\/11\\\/iphone-image-6e5712.jpg\",\"width\":1080,\"height\":1920,\"caption\":\"Anders Andersson inleder st\u00e4mman\"},{\"@type\":\"BreadcrumbList\",\"@id\":\"https:\\\/\\\/wp.kristdemokraterna.se\\\/kalmarlan\\\/kd-i-lanet-en-politisk-kraft\\\/#breadcrumb\",\"itemListElement\":[{\"@type\":\"ListItem\",\"position\":1,\"name\":\"Hem\",\"item\":\"https:\\\/\\\/wp.kristdemokraterna.se\\\/kalmarlan\\\/\"},{\"@type\":\"ListItem\",\"position\":2,\"name\":\"KD i l\u00e4net \u2013 en politisk kraft\"}]},{\"@type\":\"WebSite\",\"@id\":\"https:\\\/\\\/wp.kristdemokraterna.se\\\/kalmarlan\\\/#website\",\"url\":\"https:\\\/\\\/wp.kristdemokraterna.se\\\/kalmarlan\\\/\",\"name\":\"i Kalmar l\u00e4n\",\"description\":\"\",\"inLanguage\":\"sv-SE\"},{\"@type\":\"Person\",\"@id\":\"https:\\\/\\\/wp.kristdemokraterna.se\\\/kalmarlan\\\/#\\\/schema\\\/person\\\/a1856739934bf9c6a11fb258646ea2a5\",\"name\":\"kalmarlan\",\"image\":{\"@type\":\"ImageObject\",\"inLanguage\":\"sv-SE\",\"@id\":\"https:\\\/\\\/secure.gravatar.com\\\/avatar\\\/ef1f7dcd1b21be34f0f3e58a032955c2de43794b20090a23118cd0e2a8964e6e?s=96&r=g\",\"url\":\"https:\\\/\\\/secure.gravatar.com\\\/avatar\\\/ef1f7dcd1b21be34f0f3e58a032955c2de43794b20090a23118cd0e2a8964e6e?s=96&r=g\",\"contentUrl\":\"https:\\\/\\\/secure.gravatar.com\\\/avatar\\\/ef1f7dcd1b21be34f0f3e58a032955c2de43794b20090a23118cd0e2a8964e6e?s=96&r=g\",\"caption\":\"kalmarlan\"},\"url\":\"https:\\\/\\\/wp.kristdemokraterna.se\\\/kalmarlan\\\/author\\\/kalmarlan\\\/\"}]}<\/script>\n<!-- \/ Yoast SEO plugin. -->","yoast_head_json":{"title":"KD i l\u00e4net \u2013 en politisk kraft - i Kalmar l\u00e4n","robots":{"index":"index","follow":"follow","max-snippet":"max-snippet:-1","max-image-preview":"max-image-preview:large","max-video-preview":"max-video-preview:-1"},"canonical":"https:\/\/wp.kristdemokraterna.se\/kalmarlan\/kd-i-lanet-en-politisk-kraft\/","og_locale":"sv_SE","og_type":"article","og_title":"KD i l\u00e4net \u2013 en politisk kraft - i Kalmar l\u00e4n","og_description":"Kristdemokraterna i l\u00e4net samlades till h\u00f6stst\u00e4mma p\u00e5 l\u00f6rdagen i M\u00f6nster\u00e5s. Beskeden om de ohyggliga terrord\u00e5den i Paris under natten satte sin st\u00e4mning p\u00e5 st\u00e4mman. S\u00e5v\u00e4l Chatrine P\u00e5lsson Ahlgren som Anders Andersson valde att i \u00f6ppnandet av st\u00e4mman markera sin avsky mot det v\u00e5ld som oskyldiga m\u00e4nniskor f\u00e5tt uppleva och samtidigt l\u00e5ta v\u00e5ra tankar g\u00e5 till Read More","og_url":"https:\/\/wp.kristdemokraterna.se\/kalmarlan\/kd-i-lanet-en-politisk-kraft\/","og_site_name":"i Kalmar l\u00e4n","article_published_time":"2015-11-15T14:40:06+00:00","article_modified_time":"2015-11-15T16:36:56+00:00","og_image":[{"url":"https:\/\/wp.kristdemokraterna.se\/kalmarlan\/files\/2015\/11\/iphone-image-6e56f81-300x225.jpg","type":"","width":"","height":""}],"author":"kalmarlan","twitter_card":"summary_large_image","twitter_misc":{"Skriven av":"kalmarlan","Ber\u00e4knad l\u00e4stid":"3 minuter"},"schema":{"@context":"https:\/\/schema.org","@graph":[{"@type":"Article","@id":"https:\/\/wp.kristdemokraterna.se\/kalmarlan\/kd-i-lanet-en-politisk-kraft\/#article","isPartOf":{"@id":"https:\/\/wp.kristdemokraterna.se\/kalmarlan\/kd-i-lanet-en-politisk-kraft\/"},"author":{"name":"kalmarlan","@id":"https:\/\/wp.kristdemokraterna.se\/kalmarlan\/#\/schema\/person\/a1856739934bf9c6a11fb258646ea2a5"},"headline":"KD i l\u00e4net \u2013 en politisk kraft","datePublished":"2015-11-15T14:40:06+00:00","dateModified":"2015-11-15T16:36:56+00:00","mainEntityOfPage":{"@id":"https:\/\/wp.kristdemokraterna.se\/kalmarlan\/kd-i-lanet-en-politisk-kraft\/"},"wordCount":559,"image":{"@id":"https:\/\/wp.kristdemokraterna.se\/kalmarlan\/kd-i-lanet-en-politisk-kraft\/#primaryimage"},"thumbnailUrl":"http:\/\/wp.kristdemokraterna.se\/kalmarlan\/files\/2015\/11\/iphone-image-6e5712.jpg","inLanguage":"sv-SE"},{"@type":"WebPage","@id":"https:\/\/wp.kristdemokraterna.se\/kalmarlan\/kd-i-lanet-en-politisk-kraft\/","url":"https:\/\/wp.kristdemokraterna.se\/kalmarlan\/kd-i-lanet-en-politisk-kraft\/","name":"KD i l\u00e4net \u2013 en politisk kraft - i Kalmar l\u00e4n","isPartOf":{"@id":"https:\/\/wp.kristdemokraterna.se\/kalmarlan\/#website"},"primaryImageOfPage":{"@id":"https:\/\/wp.kristdemokraterna.se\/kalmarlan\/kd-i-lanet-en-politisk-kraft\/#primaryimage"},"image":{"@id":"https:\/\/wp.kristdemokraterna.se\/kalmarlan\/kd-i-lanet-en-politisk-kraft\/#primaryimage"},"thumbnailUrl":"http:\/\/wp.kristdemokraterna.se\/kalmarlan\/files\/2015\/11\/iphone-image-6e5712.jpg","datePublished":"2015-11-15T14:40:06+00:00","dateModified":"2015-11-15T16:36:56+00:00","author":{"@id":"https:\/\/wp.kristdemokraterna.se\/kalmarlan\/#\/schema\/person\/a1856739934bf9c6a11fb258646ea2a5"},"breadcrumb":{"@id":"https:\/\/wp.kristdemokraterna.se\/kalmarlan\/kd-i-lanet-en-politisk-kraft\/#breadcrumb"},"inLanguage":"sv-SE","potentialAction":[{"@type":"ReadAction","target":["https:\/\/wp.kristdemokraterna.se\/kalmarlan\/kd-i-lanet-en-politisk-kraft\/"]}]},{"@type":"ImageObject","inLanguage":"sv-SE","@id":"https:\/\/wp.kristdemokraterna.se\/kalmarlan\/kd-i-lanet-en-politisk-kraft\/#primaryimage","url":"https:\/\/wp.kristdemokraterna.se\/kalmarlan\/files\/2015\/11\/iphone-image-6e5712.jpg","contentUrl":"https:\/\/wp.kristdemokraterna.se\/kalmarlan\/files\/2015\/11\/iphone-image-6e5712.jpg","width":1080,"height":1920,"caption":"Anders Andersson inleder st\u00e4mman"},{"@type":"BreadcrumbList","@id":"https:\/\/wp.kristdemokraterna.se\/kalmarlan\/kd-i-lanet-en-politisk-kraft\/#breadcrumb","itemListElement":[{"@type":"ListItem","position":1,"name":"Hem","item":"https:\/\/wp.kristdemokraterna.se\/kalmarlan\/"},{"@type":"ListItem","position":2,"name":"KD i l\u00e4net \u2013 en politisk kraft"}]},{"@type":"WebSite","@id":"https:\/\/wp.kristdemokraterna.se\/kalmarlan\/#website","url":"https:\/\/wp.kristdemokraterna.se\/kalmarlan\/","name":"i Kalmar l\u00e4n","description":"","inLanguage":"sv-SE"},{"@type":"Person","@id":"https:\/\/wp.kristdemokraterna.se\/kalmarlan\/#\/schema\/person\/a1856739934bf9c6a11fb258646ea2a5","name":"kalmarlan","image":{"@type":"ImageObject","inLanguage":"sv-SE","@id":"https:\/\/secure.gravatar.com\/avatar\/ef1f7dcd1b21be34f0f3e58a032955c2de43794b20090a23118cd0e2a8964e6e?s=96&r=g","url":"https:\/\/secure.gravatar.com\/avatar\/ef1f7dcd1b21be34f0f3e58a032955c2de43794b20090a23118cd0e2a8964e6e?s=96&r=g","contentUrl":"https:\/\/secure.gravatar.com\/avatar\/ef1f7dcd1b21be34f0f3e58a032955c2de43794b20090a23118cd0e2a8964e6e?s=96&r=g","caption":"kalmarlan"},"url":"https:\/\/wp.kristdemokraterna.se\/kalmarlan\/author\/kalmarlan\/"}]}},"_links":{"self":[{"href":"https:\/\/wp.kristdemokraterna.se\/kalmarlan\/wp-json\/wp\/v2\/posts\/547","targetHints":{"allow":["GET"]}}],"collection":[{"href":"https:\/\/wp.kristdemokraterna.se\/kalmarlan\/wp-json\/wp\/v2\/posts"}],"about":[{"href":"https:\/\/wp.kristdemokraterna.se\/kalmarlan\/wp-json\/wp\/v2\/types\/post"}],"author":[{"embeddable":true,"href":"https:\/\/wp.kristdemokraterna.se\/kalmarlan\/wp-json\/wp\/v2\/users\/417"}],"replies":[{"embeddable":true,"href":"https:\/\/wp.kristdemokraterna.se\/kalmarlan\/wp-json\/wp\/v2\/comments?post=547"}],"version-history":[{"count":4,"href":"https:\/\/wp.kristdemokraterna.se\/kalmarlan\/wp-json\/wp\/v2\/posts\/547\/revisions"}],"predecessor-version":[{"id":564,"href":"https:\/\/wp.kristdemokraterna.se\/kalmarlan\/wp-json\/wp\/v2\/posts\/547\/revisions\/564"}],"wp:attachment":[{"href":"https:\/\/wp.kristdemokraterna.se\/kalmarlan\/wp-json\/wp\/v2\/media?parent=547"}],"wp:term":[{"taxonomy":"category","embeddable":true,"href":"https:\/\/wp.kristdemokraterna.se\/kalmarlan\/wp-json\/wp\/v2\/categories?post=547"},{"taxonomy":"post_tag","embeddable":true,"href":"https:\/\/wp.kristdemokraterna.se\/kalmarlan\/wp-json\/wp\/v2\/tags?post=547"}],"curies":[{"name":"wp","href":"https:\/\/api.w.org\/{rel}","templated":true}]}}