{"id":566,"date":"2016-01-12T11:11:16","date_gmt":"2016-01-12T10:11:16","guid":{"rendered":"http:\/\/wp.kristdemokraterna.se\/kalmarlan\/?p=566"},"modified":"2016-01-12T11:11:16","modified_gmt":"2016-01-12T10:11:16","slug":"dags-att-kavla-upp-armarna","status":"publish","type":"post","link":"https:\/\/wp.kristdemokraterna.se\/kalmarlan\/dags-att-kavla-upp-armarna\/","title":{"rendered":"Dags att kavla upp \u00e4rmarna"},"content":{"rendered":"<p>Jimmy Loord skriver i Barometern\/OT om vikten att tydligare fokusera integrationsfr\u00e5gorna<\/p>\n<p>L\u00e4nk till debattartikeln p\u00e5 Barometern\/OT hittar du <a href=\"http:\/\/www.barometern.se\/debatt\/dags-att-kavla-upp-armarna\/\">h\u00e4r<\/a><\/p>\n<div class=\"main-text-content row\">\n<div class=\"col-md-9\">\n<div class=\"e-content\">\n<p>Sverige m\u00e5 vara ett litet land till ytan men har visat sig vara en stormakt i humanit\u00e4rt avseende. N\u00e4r grundl\u00e4ggande v\u00e4rderingar som m\u00e4nniskov\u00e4rde, frihet och demokrati \u00e4r utsatta f\u00f6r hot beh\u00f6ver v\u00e4rlden akt\u00f6rer som orkar st\u00e5 upp f\u00f6r det goda. Jag k\u00e4nner stolthet \u00f6ver Sveriges f\u00f6rm\u00e5ga att ge flyende m\u00e4nniskor skydd och m\u00f6jlighet till en nystart n\u00e4r allt det som vi tar f\u00f6r sj\u00e4lvklart har ryckts undan dem. Att Sverige tagit emot flest flyktingar per capita \u00e4r inget uttryck f\u00f6r naivitet, snarare storhet.<\/p>\n<p>Den senaste tidens politiska samtal har fokuserat p\u00e5 gr\u00e4nskontroller och f\u00e5 ner flyktingstr\u00f6mmarna p\u00e5 rimliga niv\u00e5er. Jag tror att det \u00e4r klokt. F\u00f6r att vi \u00e4ven forts\u00e4ttningsvis ska m\u00e4kta med att leva upp till v\u00e5rt rykte som en av v\u00e4rldens fr\u00e4msta v\u00e4lf\u00e4rdsstater s\u00e5 beh\u00f6ver vi f\u00e5 tid att anpassa systemen efter de nya f\u00f6ruts\u00e4ttningarna. Jag tror dock att det ligger en fara i att allt f\u00f6r l\u00e4nge stanna d\u00e4r.<\/p>\n<p>Ett gott politiskt ledarskap stannar inte vid problematiseringar utan lyckas ocks\u00e5 presentera l\u00e5ngsiktigt h\u00e5llbara l\u00f6sningar f\u00f6r en lyckad integration. H\u00e4r kommer nuvarande regeringen till korta. Statsminister Stefan L\u00f6fv\u00e9n har i ett halv\u00e5r ensidigt talat om \u00f6vriga EU-l\u00e4nders ansvar n\u00e4r han borde \u00e4gna sin tid \u00e5t att ta ansvar f\u00f6r v\u00e5rt eget lands integrationsutmaning.<\/p>\n<p>Regeringens jobbpolitik \u00e4r en mycket f\u00f6rsv\u00e5rande omst\u00e4ndighet f\u00f6r att lyckas med integrationsuppdraget. Det finns ingen f\u00f6rutom de invigda politikerna vid regeringsbordet som tror p\u00e5 den nu f\u00f6rda arbetsmarknadspolitiken. Att arbetsmarknaden \u00e4nd\u00e5 utvecklas bra beror p\u00e5 konjunkturen. Regeringens egen jobbpolitik skapar n\u00e4stan inga jobb och man har brist p\u00e5 id\u00e9er om hur nyanl\u00e4nda snabbare ska komma ut i arbete.<\/p>\n<p>Att i denna tid dessutom g\u00f6ra det dyrare att anst\u00e4lla unga samt inskr\u00e4nka den framg\u00e5ngsrika RUT-reformen m\u00e5ste anses olyckligt n\u00e4r vi beh\u00f6ver fler jobb som inte bara riktar sig mot de som skaffat sig l\u00e5nga h\u00f6gskoleutbildningar. Det \u00e4r beklagligt att regeringen av ideologiska sk\u00e4l nedv\u00e4rderar enkla jobb n\u00e4r de beh\u00f6vs som mest.<\/p>\n<p>Kristdemokraterna har i sin budget presenterat flera f\u00f6rslag f\u00f6r en f\u00f6rb\u00e4ttrad integration. Vi f\u00f6resl\u00e5r att man som ung upp till 25 \u00e5r eller nyanl\u00e4nd ska kunna tj\u00e4na sina f\u00f6rsta 500 000 kronor skattefritt. En person som tj\u00e4nar 20 000 i m\u00e5naden p\u00e5 sitt f\u00f6rsta jobb f\u00e5r med detta f\u00f6rslag en skattes\u00e4nkning med 105 000 kronor utstr\u00e4ckt p\u00e5 cirka 2 \u00e5r. Vi vill se ett dubbelt jobbskatteavdrag f\u00f6r l\u00e5ngtidsarbetsl\u00f6sa som f\u00e5r jobb. Ett utbyggt RUT och of\u00f6r\u00e4ndrat ROT. B\u00e4sta integrationen sker n\u00e4r du kommer in i en arbetsgemenskap och lyckas ordna din egen f\u00f6rs\u00f6rjning.<\/p>\n<p>Vi ser ocks\u00e5 ett behov av en nationell krissocialjour som kan avlasta anstr\u00e4ngda kommuner med mottagandet av ensamkommande barn och ungdomar. Det handlar om att ge barn och ungdomar en s\u00e5 bra start i Sverige som m\u00f6jligt. H\u00e4r kr\u00e4ver situationen en ny ansvarsf\u00f6rdelning mellan stat och kommun.<\/p>\n<p>Svensk politikutveckling b\u00f6r nu fokusera integration. Fler jobb, fler bost\u00e4der och ett st\u00e4rkt civilsamh\u00e4lle \u00e4r n\u00f6dv\u00e4ndiga ingredienser. Det \u00e4r dags att b\u00f6rja jobba h\u00e5rdare med politikutvecklingen, inte bara bevaka gr\u00e4nser. Det g\u00e4ller mitt eget parti liksom andra.<\/p>\n<p>Problematisera kan alla g\u00f6ra. Man b\u00f6r dock kunna avkr\u00e4va politiska l\u00f6sningar av en sittande regering. Jag efterlyser en handlingskraftig politik som med \u00e4rmarna uppkavlade kan peka ut den fortsatta v\u00e4gen fram\u00e5t.<\/p>\n<\/div>\n<\/div>\n<div class=\"col-md-3\">\n<aside class=\"art-meta\">\n<div class=\"art-tags\">\n<h3>TAGGAR:<\/h3>\n<p><span class=\"tag\"><a href=\"http:\/\/www.barometern.se\/om\/jimmy+loord\">Jimmy Loord<\/a><\/span><span class=\"tag\"><a href=\"http:\/\/www.barometern.se\/om\/migrationspolitik\">Migrationspolitik<\/a><\/span><span class=\"tag\"><a href=\"http:\/\/www.barometern.se\/om\/stefan+l%c3%b6fv%c3%a9n\">Stefan L\u00f6fv\u00e9n<\/a><\/span><span class=\"tag\"><a href=\"http:\/\/www.barometern.se\/om\/sverige\">Sverige<\/a><\/span><span class=\"tag\"><a href=\"http:\/\/www.barometern.se\/om\/debatt\">Debatt<\/a><\/span><\/div>\n<div class=\"art-advertisment\"><\/div>\n<\/aside>\n<\/div>\n<\/div>\n<footer>\n<div class=\"byline\">\n<div class=\"byline-body\"><span class=\"author-name\">JIMMY LOORD\u00a0<\/span><\/div>\n<div class=\"byline-body\"><span class=\"author-phone\">Vice ordf\u00f6rande Kristdemokraterna Kalmar l\u00e4n<\/span><\/div>\n<\/div>\n<\/footer>\n","protected":false},"excerpt":{"rendered":"<p>Jimmy Loord skriver i Barometern\/OT om vikten att tydligare fokusera integrationsfr\u00e5gorna L\u00e4nk till debattartikeln p\u00e5 Barometern\/OT hittar du h\u00e4r Sverige m\u00e5 vara ett litet land till ytan men har visat sig vara en stormakt i humanit\u00e4rt avseende. N\u00e4r grundl\u00e4ggande v\u00e4rderingar som m\u00e4nniskov\u00e4rde, frihet och demokrati \u00e4r utsatta f\u00f6r hot beh\u00f6ver v\u00e4rlden akt\u00f6rer som orkar st\u00e5 <a class=\"read-more-link\" href=\"https:\/\/wp.kristdemokraterna.se\/kalmarlan\/dags-att-kavla-upp-armarna\/\">Read More<\/a><\/p>\n","protected":false},"author":417,"featured_media":0,"comment_status":"closed","ping_status":"closed","sticky":false,"template":"","format":"standard","meta":{"_acf_changed":false,"footnotes":""},"categories":[1],"tags":[],"class_list":["post-566","post","type-post","status-publish","format-standard","hentry","category-okategoriserade"],"acf":[],"yoast_head":"<!-- This site is optimized with the Yoast SEO plugin v27.4 - https:\/\/yoast.com\/product\/yoast-seo-wordpress\/ -->\n<title>Dags att kavla upp \u00e4rmarna - i Kalmar l\u00e4n<\/title>\n<meta name=\"robots\" content=\"index, follow, max-snippet:-1, max-image-preview:large, max-video-preview:-1\" \/>\n<link rel=\"canonical\" href=\"https:\/\/wp.kristdemokraterna.se\/kalmarlan\/dags-att-kavla-upp-armarna\/\" \/>\n<meta property=\"og:locale\" content=\"sv_SE\" \/>\n<meta property=\"og:type\" content=\"article\" \/>\n<meta property=\"og:title\" content=\"Dags att kavla upp \u00e4rmarna - i Kalmar l\u00e4n\" \/>\n<meta property=\"og:description\" content=\"Jimmy Loord skriver i Barometern\/OT om vikten att tydligare fokusera integrationsfr\u00e5gorna L\u00e4nk till debattartikeln p\u00e5 Barometern\/OT hittar du h\u00e4r Sverige m\u00e5 vara ett litet land till ytan men har visat sig vara en stormakt i humanit\u00e4rt avseende. N\u00e4r grundl\u00e4ggande v\u00e4rderingar som m\u00e4nniskov\u00e4rde, frihet och demokrati \u00e4r utsatta f\u00f6r hot beh\u00f6ver v\u00e4rlden akt\u00f6rer som orkar st\u00e5 Read More\" \/>\n<meta property=\"og:url\" content=\"https:\/\/wp.kristdemokraterna.se\/kalmarlan\/dags-att-kavla-upp-armarna\/\" \/>\n<meta property=\"og:site_name\" content=\"i Kalmar l\u00e4n\" \/>\n<meta property=\"article:published_time\" content=\"2016-01-12T10:11:16+00:00\" \/>\n<meta name=\"author\" content=\"kalmarlan\" \/>\n<meta name=\"twitter:card\" content=\"summary_large_image\" \/>\n<meta name=\"twitter:label1\" content=\"Skriven av\" \/>\n\t<meta name=\"twitter:data1\" content=\"kalmarlan\" \/>\n\t<meta name=\"twitter:label2\" content=\"Ber\u00e4knad l\u00e4stid\" \/>\n\t<meta name=\"twitter:data2\" content=\"3 minuter\" \/>\n<script type=\"application\/ld+json\" class=\"yoast-schema-graph\">{\"@context\":\"https:\\\/\\\/schema.org\",\"@graph\":[{\"@type\":\"Article\",\"@id\":\"https:\\\/\\\/wp.kristdemokraterna.se\\\/kalmarlan\\\/dags-att-kavla-upp-armarna\\\/#article\",\"isPartOf\":{\"@id\":\"https:\\\/\\\/wp.kristdemokraterna.se\\\/kalmarlan\\\/dags-att-kavla-upp-armarna\\\/\"},\"author\":{\"name\":\"kalmarlan\",\"@id\":\"https:\\\/\\\/wp.kristdemokraterna.se\\\/kalmarlan\\\/#\\\/schema\\\/person\\\/a1856739934bf9c6a11fb258646ea2a5\"},\"headline\":\"Dags att kavla upp \u00e4rmarna\",\"datePublished\":\"2016-01-12T10:11:16+00:00\",\"mainEntityOfPage\":{\"@id\":\"https:\\\/\\\/wp.kristdemokraterna.se\\\/kalmarlan\\\/dags-att-kavla-upp-armarna\\\/\"},\"wordCount\":681,\"inLanguage\":\"sv-SE\"},{\"@type\":\"WebPage\",\"@id\":\"https:\\\/\\\/wp.kristdemokraterna.se\\\/kalmarlan\\\/dags-att-kavla-upp-armarna\\\/\",\"url\":\"https:\\\/\\\/wp.kristdemokraterna.se\\\/kalmarlan\\\/dags-att-kavla-upp-armarna\\\/\",\"name\":\"Dags att kavla upp \u00e4rmarna - i Kalmar l\u00e4n\",\"isPartOf\":{\"@id\":\"https:\\\/\\\/wp.kristdemokraterna.se\\\/kalmarlan\\\/#website\"},\"datePublished\":\"2016-01-12T10:11:16+00:00\",\"author\":{\"@id\":\"https:\\\/\\\/wp.kristdemokraterna.se\\\/kalmarlan\\\/#\\\/schema\\\/person\\\/a1856739934bf9c6a11fb258646ea2a5\"},\"breadcrumb\":{\"@id\":\"https:\\\/\\\/wp.kristdemokraterna.se\\\/kalmarlan\\\/dags-att-kavla-upp-armarna\\\/#breadcrumb\"},\"inLanguage\":\"sv-SE\",\"potentialAction\":[{\"@type\":\"ReadAction\",\"target\":[\"https:\\\/\\\/wp.kristdemokraterna.se\\\/kalmarlan\\\/dags-att-kavla-upp-armarna\\\/\"]}]},{\"@type\":\"BreadcrumbList\",\"@id\":\"https:\\\/\\\/wp.kristdemokraterna.se\\\/kalmarlan\\\/dags-att-kavla-upp-armarna\\\/#breadcrumb\",\"itemListElement\":[{\"@type\":\"ListItem\",\"position\":1,\"name\":\"Hem\",\"item\":\"https:\\\/\\\/wp.kristdemokraterna.se\\\/kalmarlan\\\/\"},{\"@type\":\"ListItem\",\"position\":2,\"name\":\"Dags att kavla upp \u00e4rmarna\"}]},{\"@type\":\"WebSite\",\"@id\":\"https:\\\/\\\/wp.kristdemokraterna.se\\\/kalmarlan\\\/#website\",\"url\":\"https:\\\/\\\/wp.kristdemokraterna.se\\\/kalmarlan\\\/\",\"name\":\"i Kalmar l\u00e4n\",\"description\":\"\",\"inLanguage\":\"sv-SE\"},{\"@type\":\"Person\",\"@id\":\"https:\\\/\\\/wp.kristdemokraterna.se\\\/kalmarlan\\\/#\\\/schema\\\/person\\\/a1856739934bf9c6a11fb258646ea2a5\",\"name\":\"kalmarlan\",\"image\":{\"@type\":\"ImageObject\",\"inLanguage\":\"sv-SE\",\"@id\":\"https:\\\/\\\/secure.gravatar.com\\\/avatar\\\/ef1f7dcd1b21be34f0f3e58a032955c2de43794b20090a23118cd0e2a8964e6e?s=96&r=g\",\"url\":\"https:\\\/\\\/secure.gravatar.com\\\/avatar\\\/ef1f7dcd1b21be34f0f3e58a032955c2de43794b20090a23118cd0e2a8964e6e?s=96&r=g\",\"contentUrl\":\"https:\\\/\\\/secure.gravatar.com\\\/avatar\\\/ef1f7dcd1b21be34f0f3e58a032955c2de43794b20090a23118cd0e2a8964e6e?s=96&r=g\",\"caption\":\"kalmarlan\"},\"url\":\"https:\\\/\\\/wp.kristdemokraterna.se\\\/kalmarlan\\\/author\\\/kalmarlan\\\/\"}]}<\/script>\n<!-- \/ Yoast SEO plugin. -->","yoast_head_json":{"title":"Dags att kavla upp \u00e4rmarna - i Kalmar l\u00e4n","robots":{"index":"index","follow":"follow","max-snippet":"max-snippet:-1","max-image-preview":"max-image-preview:large","max-video-preview":"max-video-preview:-1"},"canonical":"https:\/\/wp.kristdemokraterna.se\/kalmarlan\/dags-att-kavla-upp-armarna\/","og_locale":"sv_SE","og_type":"article","og_title":"Dags att kavla upp \u00e4rmarna - i Kalmar l\u00e4n","og_description":"Jimmy Loord skriver i Barometern\/OT om vikten att tydligare fokusera integrationsfr\u00e5gorna L\u00e4nk till debattartikeln p\u00e5 Barometern\/OT hittar du h\u00e4r Sverige m\u00e5 vara ett litet land till ytan men har visat sig vara en stormakt i humanit\u00e4rt avseende. N\u00e4r grundl\u00e4ggande v\u00e4rderingar som m\u00e4nniskov\u00e4rde, frihet och demokrati \u00e4r utsatta f\u00f6r hot beh\u00f6ver v\u00e4rlden akt\u00f6rer som orkar st\u00e5 Read More","og_url":"https:\/\/wp.kristdemokraterna.se\/kalmarlan\/dags-att-kavla-upp-armarna\/","og_site_name":"i Kalmar l\u00e4n","article_published_time":"2016-01-12T10:11:16+00:00","author":"kalmarlan","twitter_card":"summary_large_image","twitter_misc":{"Skriven av":"kalmarlan","Ber\u00e4knad l\u00e4stid":"3 minuter"},"schema":{"@context":"https:\/\/schema.org","@graph":[{"@type":"Article","@id":"https:\/\/wp.kristdemokraterna.se\/kalmarlan\/dags-att-kavla-upp-armarna\/#article","isPartOf":{"@id":"https:\/\/wp.kristdemokraterna.se\/kalmarlan\/dags-att-kavla-upp-armarna\/"},"author":{"name":"kalmarlan","@id":"https:\/\/wp.kristdemokraterna.se\/kalmarlan\/#\/schema\/person\/a1856739934bf9c6a11fb258646ea2a5"},"headline":"Dags att kavla upp \u00e4rmarna","datePublished":"2016-01-12T10:11:16+00:00","mainEntityOfPage":{"@id":"https:\/\/wp.kristdemokraterna.se\/kalmarlan\/dags-att-kavla-upp-armarna\/"},"wordCount":681,"inLanguage":"sv-SE"},{"@type":"WebPage","@id":"https:\/\/wp.kristdemokraterna.se\/kalmarlan\/dags-att-kavla-upp-armarna\/","url":"https:\/\/wp.kristdemokraterna.se\/kalmarlan\/dags-att-kavla-upp-armarna\/","name":"Dags att kavla upp \u00e4rmarna - i Kalmar l\u00e4n","isPartOf":{"@id":"https:\/\/wp.kristdemokraterna.se\/kalmarlan\/#website"},"datePublished":"2016-01-12T10:11:16+00:00","author":{"@id":"https:\/\/wp.kristdemokraterna.se\/kalmarlan\/#\/schema\/person\/a1856739934bf9c6a11fb258646ea2a5"},"breadcrumb":{"@id":"https:\/\/wp.kristdemokraterna.se\/kalmarlan\/dags-att-kavla-upp-armarna\/#breadcrumb"},"inLanguage":"sv-SE","potentialAction":[{"@type":"ReadAction","target":["https:\/\/wp.kristdemokraterna.se\/kalmarlan\/dags-att-kavla-upp-armarna\/"]}]},{"@type":"BreadcrumbList","@id":"https:\/\/wp.kristdemokraterna.se\/kalmarlan\/dags-att-kavla-upp-armarna\/#breadcrumb","itemListElement":[{"@type":"ListItem","position":1,"name":"Hem","item":"https:\/\/wp.kristdemokraterna.se\/kalmarlan\/"},{"@type":"ListItem","position":2,"name":"Dags att kavla upp \u00e4rmarna"}]},{"@type":"WebSite","@id":"https:\/\/wp.kristdemokraterna.se\/kalmarlan\/#website","url":"https:\/\/wp.kristdemokraterna.se\/kalmarlan\/","name":"i Kalmar l\u00e4n","description":"","inLanguage":"sv-SE"},{"@type":"Person","@id":"https:\/\/wp.kristdemokraterna.se\/kalmarlan\/#\/schema\/person\/a1856739934bf9c6a11fb258646ea2a5","name":"kalmarlan","image":{"@type":"ImageObject","inLanguage":"sv-SE","@id":"https:\/\/secure.gravatar.com\/avatar\/ef1f7dcd1b21be34f0f3e58a032955c2de43794b20090a23118cd0e2a8964e6e?s=96&r=g","url":"https:\/\/secure.gravatar.com\/avatar\/ef1f7dcd1b21be34f0f3e58a032955c2de43794b20090a23118cd0e2a8964e6e?s=96&r=g","contentUrl":"https:\/\/secure.gravatar.com\/avatar\/ef1f7dcd1b21be34f0f3e58a032955c2de43794b20090a23118cd0e2a8964e6e?s=96&r=g","caption":"kalmarlan"},"url":"https:\/\/wp.kristdemokraterna.se\/kalmarlan\/author\/kalmarlan\/"}]}},"_links":{"self":[{"href":"https:\/\/wp.kristdemokraterna.se\/kalmarlan\/wp-json\/wp\/v2\/posts\/566","targetHints":{"allow":["GET"]}}],"collection":[{"href":"https:\/\/wp.kristdemokraterna.se\/kalmarlan\/wp-json\/wp\/v2\/posts"}],"about":[{"href":"https:\/\/wp.kristdemokraterna.se\/kalmarlan\/wp-json\/wp\/v2\/types\/post"}],"author":[{"embeddable":true,"href":"https:\/\/wp.kristdemokraterna.se\/kalmarlan\/wp-json\/wp\/v2\/users\/417"}],"replies":[{"embeddable":true,"href":"https:\/\/wp.kristdemokraterna.se\/kalmarlan\/wp-json\/wp\/v2\/comments?post=566"}],"version-history":[{"count":1,"href":"https:\/\/wp.kristdemokraterna.se\/kalmarlan\/wp-json\/wp\/v2\/posts\/566\/revisions"}],"predecessor-version":[{"id":567,"href":"https:\/\/wp.kristdemokraterna.se\/kalmarlan\/wp-json\/wp\/v2\/posts\/566\/revisions\/567"}],"wp:attachment":[{"href":"https:\/\/wp.kristdemokraterna.se\/kalmarlan\/wp-json\/wp\/v2\/media?parent=566"}],"wp:term":[{"taxonomy":"category","embeddable":true,"href":"https:\/\/wp.kristdemokraterna.se\/kalmarlan\/wp-json\/wp\/v2\/categories?post=566"},{"taxonomy":"post_tag","embeddable":true,"href":"https:\/\/wp.kristdemokraterna.se\/kalmarlan\/wp-json\/wp\/v2\/tags?post=566"}],"curies":[{"name":"wp","href":"https:\/\/api.w.org\/{rel}","templated":true}]}}