{"id":568,"date":"2016-01-12T11:15:13","date_gmt":"2016-01-12T10:15:13","guid":{"rendered":"http:\/\/wp.kristdemokraterna.se\/kalmarlan\/?p=568"},"modified":"2016-01-12T11:15:13","modified_gmt":"2016-01-12T10:15:13","slug":"nej-till-hojd-bensin-och-dieselskatt","status":"publish","type":"post","link":"https:\/\/wp.kristdemokraterna.se\/kalmarlan\/nej-till-hojd-bensin-och-dieselskatt\/","title":{"rendered":"Nej till h\u00f6jd bensin- och dieselskatt"},"content":{"rendered":"<p>Ander Andersson skriver i Barometern\/OT om regeringens dramatiska h\u00f6jning av drivmedelsskatten.<\/p>\n<p>Debetartikeln p\u00e5 Barometern\/OT hittar du <a href=\"http:\/\/www.barometern.se\/debatt\/nej-till-hojd-bensin-och-dieselskatt\/\">h\u00e4r<\/a>.<\/p>\n<p>Nu \u00e4r det tyv\u00e4rr ett faktum. Fr\u00e5n och med 1 januari inf\u00f6rs dramatiska h\u00f6jningar av drivmedelsskatten. Dessutom ska drivmedelsskatten indexeras p\u00e5 ett nytt s\u00e4tt s\u00e5 att den f\u00f6r varje \u00e5r ska \u00f6ka med tv\u00e5 procentenheter mer \u00e4n konsumentprisindex. Dessa h\u00f6jningar har drivits igenom av den r\u00f6dgr\u00f6na regering som nu styr landet.<\/p>\n<p>Denna kraftiga h\u00f6jning av bensin- och dieselskatterna f\u00e5r negativa konsekvenser f\u00f6r dem som bor p\u00e5 landsbygden och \u00e4r beroende av bilen f\u00f6r att ta sig till jobbet eller skjutsa barnen till skolan. Det \u00e4r uppenbart att det i regeringskansliet finns ett tydligt storstadsperspektiv.<\/p>\n<p>Vi kristdemokrater har markerat mot de r\u00f6dgr\u00f6na partierna och f\u00f6resl\u00e5r en v\u00e4sentligt l\u00e4gre h\u00f6jning av bensin- och dieselskatten i j\u00e4mf\u00f6relse med regeringen. Vi s\u00e4ger ocks\u00e5 nej till den nya indexeringen. Det \u00e4r visserligen riktigt att h\u00f6ja skatten p\u00e5 s\u00e5dant som \u00e4r skadligt f\u00f6r milj\u00f6n och ist\u00e4llet s\u00e4nka skatten p\u00e5 arbete. Men den kraftiga r\u00f6dgr\u00f6na skatteh\u00f6jningen f\u00e5r en oproportionerlig slagsida mot landsbygden och skadar m\u00f6jligheterna att bo i hela landet. Dessutom skadar dessa \u00f6kade kostnader Sveriges konkurrenskraft.<\/p>\n<p>Vi anser att livet p\u00e5 landsbygden b\u00f6r underl\u00e4ttas i st\u00e4llet f\u00f6r att straffas ut. Vi vill d\u00e4rf\u00f6r inte tvinga m\u00e4nniskor att st\u00e4lla av bilen. Vi vill underl\u00e4tta och f\u00f6rb\u00e4ttra m\u00f6jligheterna till arbetspendling genom att h\u00f6ja milers\u00e4ttningen f\u00f6r arbetsresor med ytterligare 1,50 kronor per mil.<\/p>\n<p>I st\u00e4llet f\u00f6r att straffa dem som beh\u00f6ver anv\u00e4nda bilen p\u00e5 l\u00e5nga str\u00e4ckor i vardagen, vill Kristdemokraterna p\u00e5skynda en \u00f6verg\u00e5ng till fordon som \u00e4r mindre beroende av fossila br\u00e4nslen.<\/p>\n<p>Tillsammans med \u00f6vriga Alliansen genomf\u00f6rde vi en l\u00e5ng rad insatser f\u00f6r ett mer fossilfritt Sverige. I dag kan vi se resultaten av dessa. V\u00e4gtransporternas utsl\u00e4pp minskar, nya bilars utsl\u00e4pp har minskat rej\u00e4lt och andelen f\u00f6rnybara drivmedel har \u00f6kat kraftigt. D\u00e4rf\u00f6r \u00e4r det extra olyckligt att den r\u00f6dgr\u00f6na regeringen nu v\u00e4ljer att straffbeskatta alla boende p\u00e5 sm\u00e5orter och landsbygden genom en drastisk h\u00f6jning av drivmedelsskatten.<\/p>\n<p><span class=\"author-name\">ANDERS ANDERSSON (KD)\u00a0<\/span><span class=\"author-phone\">Distriktsordf\u00f6rande i Kalmar l\u00e4n<\/span><\/p>\n","protected":false},"excerpt":{"rendered":"<p>Ander Andersson skriver i Barometern\/OT om regeringens dramatiska h\u00f6jning av drivmedelsskatten. Debetartikeln p\u00e5 Barometern\/OT hittar du h\u00e4r. Nu \u00e4r det tyv\u00e4rr ett faktum. Fr\u00e5n och med 1 januari inf\u00f6rs dramatiska h\u00f6jningar av drivmedelsskatten. Dessutom ska drivmedelsskatten indexeras p\u00e5 ett nytt s\u00e4tt s\u00e5 att den f\u00f6r varje \u00e5r ska \u00f6ka med tv\u00e5 procentenheter mer \u00e4n konsumentprisindex. <a class=\"read-more-link\" href=\"https:\/\/wp.kristdemokraterna.se\/kalmarlan\/nej-till-hojd-bensin-och-dieselskatt\/\">Read More<\/a><\/p>\n","protected":false},"author":417,"featured_media":0,"comment_status":"closed","ping_status":"closed","sticky":false,"template":"","format":"standard","meta":{"_acf_changed":false,"footnotes":""},"categories":[1],"tags":[],"class_list":["post-568","post","type-post","status-publish","format-standard","hentry","category-okategoriserade"],"acf":[],"yoast_head":"<!-- This site is optimized with the Yoast SEO plugin v27.4 - https:\/\/yoast.com\/product\/yoast-seo-wordpress\/ -->\n<title>Nej till h\u00f6jd bensin- och dieselskatt - i Kalmar l\u00e4n<\/title>\n<meta name=\"robots\" content=\"index, follow, max-snippet:-1, max-image-preview:large, max-video-preview:-1\" \/>\n<link rel=\"canonical\" href=\"https:\/\/wp.kristdemokraterna.se\/kalmarlan\/nej-till-hojd-bensin-och-dieselskatt\/\" \/>\n<meta property=\"og:locale\" content=\"sv_SE\" \/>\n<meta property=\"og:type\" content=\"article\" \/>\n<meta property=\"og:title\" content=\"Nej till h\u00f6jd bensin- och dieselskatt - i Kalmar l\u00e4n\" \/>\n<meta property=\"og:description\" content=\"Ander Andersson skriver i Barometern\/OT om regeringens dramatiska h\u00f6jning av drivmedelsskatten. Debetartikeln p\u00e5 Barometern\/OT hittar du h\u00e4r. Nu \u00e4r det tyv\u00e4rr ett faktum. Fr\u00e5n och med 1 januari inf\u00f6rs dramatiska h\u00f6jningar av drivmedelsskatten. Dessutom ska drivmedelsskatten indexeras p\u00e5 ett nytt s\u00e4tt s\u00e5 att den f\u00f6r varje \u00e5r ska \u00f6ka med tv\u00e5 procentenheter mer \u00e4n konsumentprisindex. Read More\" \/>\n<meta property=\"og:url\" content=\"https:\/\/wp.kristdemokraterna.se\/kalmarlan\/nej-till-hojd-bensin-och-dieselskatt\/\" \/>\n<meta property=\"og:site_name\" content=\"i Kalmar l\u00e4n\" \/>\n<meta property=\"article:published_time\" content=\"2016-01-12T10:15:13+00:00\" \/>\n<meta name=\"author\" content=\"kalmarlan\" \/>\n<meta name=\"twitter:card\" content=\"summary_large_image\" \/>\n<meta name=\"twitter:label1\" content=\"Skriven av\" \/>\n\t<meta name=\"twitter:data1\" content=\"kalmarlan\" \/>\n\t<meta name=\"twitter:label2\" content=\"Ber\u00e4knad l\u00e4stid\" \/>\n\t<meta name=\"twitter:data2\" content=\"2 minuter\" \/>\n<script type=\"application\/ld+json\" class=\"yoast-schema-graph\">{\"@context\":\"https:\\\/\\\/schema.org\",\"@graph\":[{\"@type\":\"Article\",\"@id\":\"https:\\\/\\\/wp.kristdemokraterna.se\\\/kalmarlan\\\/nej-till-hojd-bensin-och-dieselskatt\\\/#article\",\"isPartOf\":{\"@id\":\"https:\\\/\\\/wp.kristdemokraterna.se\\\/kalmarlan\\\/nej-till-hojd-bensin-och-dieselskatt\\\/\"},\"author\":{\"name\":\"kalmarlan\",\"@id\":\"https:\\\/\\\/wp.kristdemokraterna.se\\\/kalmarlan\\\/#\\\/schema\\\/person\\\/a1856739934bf9c6a11fb258646ea2a5\"},\"headline\":\"Nej till h\u00f6jd bensin- och dieselskatt\",\"datePublished\":\"2016-01-12T10:15:13+00:00\",\"mainEntityOfPage\":{\"@id\":\"https:\\\/\\\/wp.kristdemokraterna.se\\\/kalmarlan\\\/nej-till-hojd-bensin-och-dieselskatt\\\/\"},\"wordCount\":415,\"inLanguage\":\"sv-SE\"},{\"@type\":\"WebPage\",\"@id\":\"https:\\\/\\\/wp.kristdemokraterna.se\\\/kalmarlan\\\/nej-till-hojd-bensin-och-dieselskatt\\\/\",\"url\":\"https:\\\/\\\/wp.kristdemokraterna.se\\\/kalmarlan\\\/nej-till-hojd-bensin-och-dieselskatt\\\/\",\"name\":\"Nej till h\u00f6jd bensin- och dieselskatt - i Kalmar l\u00e4n\",\"isPartOf\":{\"@id\":\"https:\\\/\\\/wp.kristdemokraterna.se\\\/kalmarlan\\\/#website\"},\"datePublished\":\"2016-01-12T10:15:13+00:00\",\"author\":{\"@id\":\"https:\\\/\\\/wp.kristdemokraterna.se\\\/kalmarlan\\\/#\\\/schema\\\/person\\\/a1856739934bf9c6a11fb258646ea2a5\"},\"breadcrumb\":{\"@id\":\"https:\\\/\\\/wp.kristdemokraterna.se\\\/kalmarlan\\\/nej-till-hojd-bensin-och-dieselskatt\\\/#breadcrumb\"},\"inLanguage\":\"sv-SE\",\"potentialAction\":[{\"@type\":\"ReadAction\",\"target\":[\"https:\\\/\\\/wp.kristdemokraterna.se\\\/kalmarlan\\\/nej-till-hojd-bensin-och-dieselskatt\\\/\"]}]},{\"@type\":\"BreadcrumbList\",\"@id\":\"https:\\\/\\\/wp.kristdemokraterna.se\\\/kalmarlan\\\/nej-till-hojd-bensin-och-dieselskatt\\\/#breadcrumb\",\"itemListElement\":[{\"@type\":\"ListItem\",\"position\":1,\"name\":\"Hem\",\"item\":\"https:\\\/\\\/wp.kristdemokraterna.se\\\/kalmarlan\\\/\"},{\"@type\":\"ListItem\",\"position\":2,\"name\":\"Nej till h\u00f6jd bensin- och dieselskatt\"}]},{\"@type\":\"WebSite\",\"@id\":\"https:\\\/\\\/wp.kristdemokraterna.se\\\/kalmarlan\\\/#website\",\"url\":\"https:\\\/\\\/wp.kristdemokraterna.se\\\/kalmarlan\\\/\",\"name\":\"i Kalmar l\u00e4n\",\"description\":\"\",\"inLanguage\":\"sv-SE\"},{\"@type\":\"Person\",\"@id\":\"https:\\\/\\\/wp.kristdemokraterna.se\\\/kalmarlan\\\/#\\\/schema\\\/person\\\/a1856739934bf9c6a11fb258646ea2a5\",\"name\":\"kalmarlan\",\"image\":{\"@type\":\"ImageObject\",\"inLanguage\":\"sv-SE\",\"@id\":\"https:\\\/\\\/secure.gravatar.com\\\/avatar\\\/ef1f7dcd1b21be34f0f3e58a032955c2de43794b20090a23118cd0e2a8964e6e?s=96&r=g\",\"url\":\"https:\\\/\\\/secure.gravatar.com\\\/avatar\\\/ef1f7dcd1b21be34f0f3e58a032955c2de43794b20090a23118cd0e2a8964e6e?s=96&r=g\",\"contentUrl\":\"https:\\\/\\\/secure.gravatar.com\\\/avatar\\\/ef1f7dcd1b21be34f0f3e58a032955c2de43794b20090a23118cd0e2a8964e6e?s=96&r=g\",\"caption\":\"kalmarlan\"},\"url\":\"https:\\\/\\\/wp.kristdemokraterna.se\\\/kalmarlan\\\/author\\\/kalmarlan\\\/\"}]}<\/script>\n<!-- \/ Yoast SEO plugin. -->","yoast_head_json":{"title":"Nej till h\u00f6jd bensin- och dieselskatt - i Kalmar l\u00e4n","robots":{"index":"index","follow":"follow","max-snippet":"max-snippet:-1","max-image-preview":"max-image-preview:large","max-video-preview":"max-video-preview:-1"},"canonical":"https:\/\/wp.kristdemokraterna.se\/kalmarlan\/nej-till-hojd-bensin-och-dieselskatt\/","og_locale":"sv_SE","og_type":"article","og_title":"Nej till h\u00f6jd bensin- och dieselskatt - i Kalmar l\u00e4n","og_description":"Ander Andersson skriver i Barometern\/OT om regeringens dramatiska h\u00f6jning av drivmedelsskatten. Debetartikeln p\u00e5 Barometern\/OT hittar du h\u00e4r. Nu \u00e4r det tyv\u00e4rr ett faktum. Fr\u00e5n och med 1 januari inf\u00f6rs dramatiska h\u00f6jningar av drivmedelsskatten. Dessutom ska drivmedelsskatten indexeras p\u00e5 ett nytt s\u00e4tt s\u00e5 att den f\u00f6r varje \u00e5r ska \u00f6ka med tv\u00e5 procentenheter mer \u00e4n konsumentprisindex. Read More","og_url":"https:\/\/wp.kristdemokraterna.se\/kalmarlan\/nej-till-hojd-bensin-och-dieselskatt\/","og_site_name":"i Kalmar l\u00e4n","article_published_time":"2016-01-12T10:15:13+00:00","author":"kalmarlan","twitter_card":"summary_large_image","twitter_misc":{"Skriven av":"kalmarlan","Ber\u00e4knad l\u00e4stid":"2 minuter"},"schema":{"@context":"https:\/\/schema.org","@graph":[{"@type":"Article","@id":"https:\/\/wp.kristdemokraterna.se\/kalmarlan\/nej-till-hojd-bensin-och-dieselskatt\/#article","isPartOf":{"@id":"https:\/\/wp.kristdemokraterna.se\/kalmarlan\/nej-till-hojd-bensin-och-dieselskatt\/"},"author":{"name":"kalmarlan","@id":"https:\/\/wp.kristdemokraterna.se\/kalmarlan\/#\/schema\/person\/a1856739934bf9c6a11fb258646ea2a5"},"headline":"Nej till h\u00f6jd bensin- och dieselskatt","datePublished":"2016-01-12T10:15:13+00:00","mainEntityOfPage":{"@id":"https:\/\/wp.kristdemokraterna.se\/kalmarlan\/nej-till-hojd-bensin-och-dieselskatt\/"},"wordCount":415,"inLanguage":"sv-SE"},{"@type":"WebPage","@id":"https:\/\/wp.kristdemokraterna.se\/kalmarlan\/nej-till-hojd-bensin-och-dieselskatt\/","url":"https:\/\/wp.kristdemokraterna.se\/kalmarlan\/nej-till-hojd-bensin-och-dieselskatt\/","name":"Nej till h\u00f6jd bensin- och dieselskatt - i Kalmar l\u00e4n","isPartOf":{"@id":"https:\/\/wp.kristdemokraterna.se\/kalmarlan\/#website"},"datePublished":"2016-01-12T10:15:13+00:00","author":{"@id":"https:\/\/wp.kristdemokraterna.se\/kalmarlan\/#\/schema\/person\/a1856739934bf9c6a11fb258646ea2a5"},"breadcrumb":{"@id":"https:\/\/wp.kristdemokraterna.se\/kalmarlan\/nej-till-hojd-bensin-och-dieselskatt\/#breadcrumb"},"inLanguage":"sv-SE","potentialAction":[{"@type":"ReadAction","target":["https:\/\/wp.kristdemokraterna.se\/kalmarlan\/nej-till-hojd-bensin-och-dieselskatt\/"]}]},{"@type":"BreadcrumbList","@id":"https:\/\/wp.kristdemokraterna.se\/kalmarlan\/nej-till-hojd-bensin-och-dieselskatt\/#breadcrumb","itemListElement":[{"@type":"ListItem","position":1,"name":"Hem","item":"https:\/\/wp.kristdemokraterna.se\/kalmarlan\/"},{"@type":"ListItem","position":2,"name":"Nej till h\u00f6jd bensin- och dieselskatt"}]},{"@type":"WebSite","@id":"https:\/\/wp.kristdemokraterna.se\/kalmarlan\/#website","url":"https:\/\/wp.kristdemokraterna.se\/kalmarlan\/","name":"i Kalmar l\u00e4n","description":"","inLanguage":"sv-SE"},{"@type":"Person","@id":"https:\/\/wp.kristdemokraterna.se\/kalmarlan\/#\/schema\/person\/a1856739934bf9c6a11fb258646ea2a5","name":"kalmarlan","image":{"@type":"ImageObject","inLanguage":"sv-SE","@id":"https:\/\/secure.gravatar.com\/avatar\/ef1f7dcd1b21be34f0f3e58a032955c2de43794b20090a23118cd0e2a8964e6e?s=96&r=g","url":"https:\/\/secure.gravatar.com\/avatar\/ef1f7dcd1b21be34f0f3e58a032955c2de43794b20090a23118cd0e2a8964e6e?s=96&r=g","contentUrl":"https:\/\/secure.gravatar.com\/avatar\/ef1f7dcd1b21be34f0f3e58a032955c2de43794b20090a23118cd0e2a8964e6e?s=96&r=g","caption":"kalmarlan"},"url":"https:\/\/wp.kristdemokraterna.se\/kalmarlan\/author\/kalmarlan\/"}]}},"_links":{"self":[{"href":"https:\/\/wp.kristdemokraterna.se\/kalmarlan\/wp-json\/wp\/v2\/posts\/568","targetHints":{"allow":["GET"]}}],"collection":[{"href":"https:\/\/wp.kristdemokraterna.se\/kalmarlan\/wp-json\/wp\/v2\/posts"}],"about":[{"href":"https:\/\/wp.kristdemokraterna.se\/kalmarlan\/wp-json\/wp\/v2\/types\/post"}],"author":[{"embeddable":true,"href":"https:\/\/wp.kristdemokraterna.se\/kalmarlan\/wp-json\/wp\/v2\/users\/417"}],"replies":[{"embeddable":true,"href":"https:\/\/wp.kristdemokraterna.se\/kalmarlan\/wp-json\/wp\/v2\/comments?post=568"}],"version-history":[{"count":1,"href":"https:\/\/wp.kristdemokraterna.se\/kalmarlan\/wp-json\/wp\/v2\/posts\/568\/revisions"}],"predecessor-version":[{"id":569,"href":"https:\/\/wp.kristdemokraterna.se\/kalmarlan\/wp-json\/wp\/v2\/posts\/568\/revisions\/569"}],"wp:attachment":[{"href":"https:\/\/wp.kristdemokraterna.se\/kalmarlan\/wp-json\/wp\/v2\/media?parent=568"}],"wp:term":[{"taxonomy":"category","embeddable":true,"href":"https:\/\/wp.kristdemokraterna.se\/kalmarlan\/wp-json\/wp\/v2\/categories?post=568"},{"taxonomy":"post_tag","embeddable":true,"href":"https:\/\/wp.kristdemokraterna.se\/kalmarlan\/wp-json\/wp\/v2\/tags?post=568"}],"curies":[{"name":"wp","href":"https:\/\/api.w.org\/{rel}","templated":true}]}}