{"id":570,"date":"2016-01-12T11:21:35","date_gmt":"2016-01-12T10:21:35","guid":{"rendered":"http:\/\/wp.kristdemokraterna.se\/kalmarlan\/?p=570"},"modified":"2016-01-12T11:21:35","modified_gmt":"2016-01-12T10:21:35","slug":"svt-om-decemberoverenskommelsens-fall","status":"publish","type":"post","link":"https:\/\/wp.kristdemokraterna.se\/kalmarlan\/svt-om-decemberoverenskommelsens-fall\/","title":{"rendered":"SVT om December\u00f6verenskommelsens fall"},"content":{"rendered":"<p>S\u00f6ndagen den 27 december s\u00e4nde SVT dokument\u00e4ren Uppg\u00f6relsen som speglar h\u00e4ndelserna kring det som kom att bli uppg\u00f6relsens fall. Anders Andersson, Kristdemokraternas distriktsordf\u00f6rande i Kalmar l\u00e4n, kom att spela en viktig roll och han intervjuas i programmet.<\/p>\n<p>Dokument\u00e4ren i sin helhet kan du se p\u00e5 <a href=\"http:\/\/www.svtplay.se\/video\/5567950\/uppgorelsen\/uppgorelsen-avsnitt-1\">SVT Play.<\/a><\/p>\n<p>&nbsp;<\/p>\n","protected":false},"excerpt":{"rendered":"<p>S\u00f6ndagen den 27 december s\u00e4nde SVT dokument\u00e4ren Uppg\u00f6relsen som speglar h\u00e4ndelserna kring det som kom att bli uppg\u00f6relsens fall. Anders Andersson, Kristdemokraternas distriktsordf\u00f6rande i Kalmar l\u00e4n, kom att spela en viktig roll och han intervjuas i programmet. Dokument\u00e4ren i sin helhet kan du se p\u00e5 SVT Play. &nbsp;<\/p>\n","protected":false},"author":417,"featured_media":0,"comment_status":"closed","ping_status":"closed","sticky":false,"template":"","format":"standard","meta":{"_acf_changed":false,"footnotes":""},"categories":[1],"tags":[],"class_list":["post-570","post","type-post","status-publish","format-standard","hentry","category-okategoriserade"],"acf":[],"yoast_head":"<!-- This site is optimized with the Yoast SEO plugin v27.4 - https:\/\/yoast.com\/product\/yoast-seo-wordpress\/ -->\n<title>SVT om December\u00f6verenskommelsens fall - i Kalmar l\u00e4n<\/title>\n<meta name=\"robots\" content=\"index, follow, max-snippet:-1, max-image-preview:large, max-video-preview:-1\" \/>\n<link rel=\"canonical\" href=\"https:\/\/wp.kristdemokraterna.se\/kalmarlan\/svt-om-decemberoverenskommelsens-fall\/\" \/>\n<meta property=\"og:locale\" content=\"sv_SE\" \/>\n<meta property=\"og:type\" content=\"article\" \/>\n<meta property=\"og:title\" content=\"SVT om December\u00f6verenskommelsens fall - i Kalmar l\u00e4n\" \/>\n<meta property=\"og:description\" content=\"S\u00f6ndagen den 27 december s\u00e4nde SVT dokument\u00e4ren Uppg\u00f6relsen som speglar h\u00e4ndelserna kring det som kom att bli uppg\u00f6relsens fall. Anders Andersson, Kristdemokraternas distriktsordf\u00f6rande i Kalmar l\u00e4n, kom att spela en viktig roll och han intervjuas i programmet. Dokument\u00e4ren i sin helhet kan du se p\u00e5 SVT Play. &nbsp;\" \/>\n<meta property=\"og:url\" content=\"https:\/\/wp.kristdemokraterna.se\/kalmarlan\/svt-om-decemberoverenskommelsens-fall\/\" \/>\n<meta property=\"og:site_name\" content=\"i Kalmar l\u00e4n\" \/>\n<meta property=\"article:published_time\" content=\"2016-01-12T10:21:35+00:00\" \/>\n<meta name=\"author\" content=\"kalmarlan\" \/>\n<meta name=\"twitter:card\" content=\"summary_large_image\" \/>\n<meta name=\"twitter:label1\" content=\"Skriven av\" \/>\n\t<meta name=\"twitter:data1\" content=\"kalmarlan\" \/>\n<script type=\"application\/ld+json\" class=\"yoast-schema-graph\">{\"@context\":\"https:\\\/\\\/schema.org\",\"@graph\":[{\"@type\":\"Article\",\"@id\":\"https:\\\/\\\/wp.kristdemokraterna.se\\\/kalmarlan\\\/svt-om-decemberoverenskommelsens-fall\\\/#article\",\"isPartOf\":{\"@id\":\"https:\\\/\\\/wp.kristdemokraterna.se\\\/kalmarlan\\\/svt-om-decemberoverenskommelsens-fall\\\/\"},\"author\":{\"name\":\"kalmarlan\",\"@id\":\"https:\\\/\\\/wp.kristdemokraterna.se\\\/kalmarlan\\\/#\\\/schema\\\/person\\\/a1856739934bf9c6a11fb258646ea2a5\"},\"headline\":\"SVT om December\u00f6verenskommelsens fall\",\"datePublished\":\"2016-01-12T10:21:35+00:00\",\"mainEntityOfPage\":{\"@id\":\"https:\\\/\\\/wp.kristdemokraterna.se\\\/kalmarlan\\\/svt-om-decemberoverenskommelsens-fall\\\/\"},\"wordCount\":61,\"inLanguage\":\"sv-SE\"},{\"@type\":\"WebPage\",\"@id\":\"https:\\\/\\\/wp.kristdemokraterna.se\\\/kalmarlan\\\/svt-om-decemberoverenskommelsens-fall\\\/\",\"url\":\"https:\\\/\\\/wp.kristdemokraterna.se\\\/kalmarlan\\\/svt-om-decemberoverenskommelsens-fall\\\/\",\"name\":\"SVT om December\u00f6verenskommelsens fall - i Kalmar l\u00e4n\",\"isPartOf\":{\"@id\":\"https:\\\/\\\/wp.kristdemokraterna.se\\\/kalmarlan\\\/#website\"},\"datePublished\":\"2016-01-12T10:21:35+00:00\",\"author\":{\"@id\":\"https:\\\/\\\/wp.kristdemokraterna.se\\\/kalmarlan\\\/#\\\/schema\\\/person\\\/a1856739934bf9c6a11fb258646ea2a5\"},\"breadcrumb\":{\"@id\":\"https:\\\/\\\/wp.kristdemokraterna.se\\\/kalmarlan\\\/svt-om-decemberoverenskommelsens-fall\\\/#breadcrumb\"},\"inLanguage\":\"sv-SE\",\"potentialAction\":[{\"@type\":\"ReadAction\",\"target\":[\"https:\\\/\\\/wp.kristdemokraterna.se\\\/kalmarlan\\\/svt-om-decemberoverenskommelsens-fall\\\/\"]}]},{\"@type\":\"BreadcrumbList\",\"@id\":\"https:\\\/\\\/wp.kristdemokraterna.se\\\/kalmarlan\\\/svt-om-decemberoverenskommelsens-fall\\\/#breadcrumb\",\"itemListElement\":[{\"@type\":\"ListItem\",\"position\":1,\"name\":\"Hem\",\"item\":\"https:\\\/\\\/wp.kristdemokraterna.se\\\/kalmarlan\\\/\"},{\"@type\":\"ListItem\",\"position\":2,\"name\":\"SVT om December\u00f6verenskommelsens fall\"}]},{\"@type\":\"WebSite\",\"@id\":\"https:\\\/\\\/wp.kristdemokraterna.se\\\/kalmarlan\\\/#website\",\"url\":\"https:\\\/\\\/wp.kristdemokraterna.se\\\/kalmarlan\\\/\",\"name\":\"i Kalmar l\u00e4n\",\"description\":\"\",\"inLanguage\":\"sv-SE\"},{\"@type\":\"Person\",\"@id\":\"https:\\\/\\\/wp.kristdemokraterna.se\\\/kalmarlan\\\/#\\\/schema\\\/person\\\/a1856739934bf9c6a11fb258646ea2a5\",\"name\":\"kalmarlan\",\"image\":{\"@type\":\"ImageObject\",\"inLanguage\":\"sv-SE\",\"@id\":\"https:\\\/\\\/secure.gravatar.com\\\/avatar\\\/ef1f7dcd1b21be34f0f3e58a032955c2de43794b20090a23118cd0e2a8964e6e?s=96&r=g\",\"url\":\"https:\\\/\\\/secure.gravatar.com\\\/avatar\\\/ef1f7dcd1b21be34f0f3e58a032955c2de43794b20090a23118cd0e2a8964e6e?s=96&r=g\",\"contentUrl\":\"https:\\\/\\\/secure.gravatar.com\\\/avatar\\\/ef1f7dcd1b21be34f0f3e58a032955c2de43794b20090a23118cd0e2a8964e6e?s=96&r=g\",\"caption\":\"kalmarlan\"},\"url\":\"https:\\\/\\\/wp.kristdemokraterna.se\\\/kalmarlan\\\/author\\\/kalmarlan\\\/\"}]}<\/script>\n<!-- \/ Yoast SEO plugin. -->","yoast_head_json":{"title":"SVT om December\u00f6verenskommelsens fall - i Kalmar l\u00e4n","robots":{"index":"index","follow":"follow","max-snippet":"max-snippet:-1","max-image-preview":"max-image-preview:large","max-video-preview":"max-video-preview:-1"},"canonical":"https:\/\/wp.kristdemokraterna.se\/kalmarlan\/svt-om-decemberoverenskommelsens-fall\/","og_locale":"sv_SE","og_type":"article","og_title":"SVT om December\u00f6verenskommelsens fall - i Kalmar l\u00e4n","og_description":"S\u00f6ndagen den 27 december s\u00e4nde SVT dokument\u00e4ren Uppg\u00f6relsen som speglar h\u00e4ndelserna kring det som kom att bli uppg\u00f6relsens fall. Anders Andersson, Kristdemokraternas distriktsordf\u00f6rande i Kalmar l\u00e4n, kom att spela en viktig roll och han intervjuas i programmet. Dokument\u00e4ren i sin helhet kan du se p\u00e5 SVT Play. &nbsp;","og_url":"https:\/\/wp.kristdemokraterna.se\/kalmarlan\/svt-om-decemberoverenskommelsens-fall\/","og_site_name":"i Kalmar l\u00e4n","article_published_time":"2016-01-12T10:21:35+00:00","author":"kalmarlan","twitter_card":"summary_large_image","twitter_misc":{"Skriven av":"kalmarlan"},"schema":{"@context":"https:\/\/schema.org","@graph":[{"@type":"Article","@id":"https:\/\/wp.kristdemokraterna.se\/kalmarlan\/svt-om-decemberoverenskommelsens-fall\/#article","isPartOf":{"@id":"https:\/\/wp.kristdemokraterna.se\/kalmarlan\/svt-om-decemberoverenskommelsens-fall\/"},"author":{"name":"kalmarlan","@id":"https:\/\/wp.kristdemokraterna.se\/kalmarlan\/#\/schema\/person\/a1856739934bf9c6a11fb258646ea2a5"},"headline":"SVT om December\u00f6verenskommelsens fall","datePublished":"2016-01-12T10:21:35+00:00","mainEntityOfPage":{"@id":"https:\/\/wp.kristdemokraterna.se\/kalmarlan\/svt-om-decemberoverenskommelsens-fall\/"},"wordCount":61,"inLanguage":"sv-SE"},{"@type":"WebPage","@id":"https:\/\/wp.kristdemokraterna.se\/kalmarlan\/svt-om-decemberoverenskommelsens-fall\/","url":"https:\/\/wp.kristdemokraterna.se\/kalmarlan\/svt-om-decemberoverenskommelsens-fall\/","name":"SVT om December\u00f6verenskommelsens fall - i Kalmar l\u00e4n","isPartOf":{"@id":"https:\/\/wp.kristdemokraterna.se\/kalmarlan\/#website"},"datePublished":"2016-01-12T10:21:35+00:00","author":{"@id":"https:\/\/wp.kristdemokraterna.se\/kalmarlan\/#\/schema\/person\/a1856739934bf9c6a11fb258646ea2a5"},"breadcrumb":{"@id":"https:\/\/wp.kristdemokraterna.se\/kalmarlan\/svt-om-decemberoverenskommelsens-fall\/#breadcrumb"},"inLanguage":"sv-SE","potentialAction":[{"@type":"ReadAction","target":["https:\/\/wp.kristdemokraterna.se\/kalmarlan\/svt-om-decemberoverenskommelsens-fall\/"]}]},{"@type":"BreadcrumbList","@id":"https:\/\/wp.kristdemokraterna.se\/kalmarlan\/svt-om-decemberoverenskommelsens-fall\/#breadcrumb","itemListElement":[{"@type":"ListItem","position":1,"name":"Hem","item":"https:\/\/wp.kristdemokraterna.se\/kalmarlan\/"},{"@type":"ListItem","position":2,"name":"SVT om December\u00f6verenskommelsens fall"}]},{"@type":"WebSite","@id":"https:\/\/wp.kristdemokraterna.se\/kalmarlan\/#website","url":"https:\/\/wp.kristdemokraterna.se\/kalmarlan\/","name":"i Kalmar l\u00e4n","description":"","inLanguage":"sv-SE"},{"@type":"Person","@id":"https:\/\/wp.kristdemokraterna.se\/kalmarlan\/#\/schema\/person\/a1856739934bf9c6a11fb258646ea2a5","name":"kalmarlan","image":{"@type":"ImageObject","inLanguage":"sv-SE","@id":"https:\/\/secure.gravatar.com\/avatar\/ef1f7dcd1b21be34f0f3e58a032955c2de43794b20090a23118cd0e2a8964e6e?s=96&r=g","url":"https:\/\/secure.gravatar.com\/avatar\/ef1f7dcd1b21be34f0f3e58a032955c2de43794b20090a23118cd0e2a8964e6e?s=96&r=g","contentUrl":"https:\/\/secure.gravatar.com\/avatar\/ef1f7dcd1b21be34f0f3e58a032955c2de43794b20090a23118cd0e2a8964e6e?s=96&r=g","caption":"kalmarlan"},"url":"https:\/\/wp.kristdemokraterna.se\/kalmarlan\/author\/kalmarlan\/"}]}},"_links":{"self":[{"href":"https:\/\/wp.kristdemokraterna.se\/kalmarlan\/wp-json\/wp\/v2\/posts\/570","targetHints":{"allow":["GET"]}}],"collection":[{"href":"https:\/\/wp.kristdemokraterna.se\/kalmarlan\/wp-json\/wp\/v2\/posts"}],"about":[{"href":"https:\/\/wp.kristdemokraterna.se\/kalmarlan\/wp-json\/wp\/v2\/types\/post"}],"author":[{"embeddable":true,"href":"https:\/\/wp.kristdemokraterna.se\/kalmarlan\/wp-json\/wp\/v2\/users\/417"}],"replies":[{"embeddable":true,"href":"https:\/\/wp.kristdemokraterna.se\/kalmarlan\/wp-json\/wp\/v2\/comments?post=570"}],"version-history":[{"count":1,"href":"https:\/\/wp.kristdemokraterna.se\/kalmarlan\/wp-json\/wp\/v2\/posts\/570\/revisions"}],"predecessor-version":[{"id":571,"href":"https:\/\/wp.kristdemokraterna.se\/kalmarlan\/wp-json\/wp\/v2\/posts\/570\/revisions\/571"}],"wp:attachment":[{"href":"https:\/\/wp.kristdemokraterna.se\/kalmarlan\/wp-json\/wp\/v2\/media?parent=570"}],"wp:term":[{"taxonomy":"category","embeddable":true,"href":"https:\/\/wp.kristdemokraterna.se\/kalmarlan\/wp-json\/wp\/v2\/categories?post=570"},{"taxonomy":"post_tag","embeddable":true,"href":"https:\/\/wp.kristdemokraterna.se\/kalmarlan\/wp-json\/wp\/v2\/tags?post=570"}],"curies":[{"name":"wp","href":"https:\/\/api.w.org\/{rel}","templated":true}]}}