{"id":572,"date":"2016-01-12T11:24:56","date_gmt":"2016-01-12T10:24:56","guid":{"rendered":"http:\/\/wp.kristdemokraterna.se\/kalmarlan\/?p=572"},"modified":"2016-01-12T11:24:56","modified_gmt":"2016-01-12T10:24:56","slug":"regeringen-tar-bort-gavoskatteavdraget-tank-om","status":"publish","type":"post","link":"https:\/\/wp.kristdemokraterna.se\/kalmarlan\/regeringen-tar-bort-gavoskatteavdraget-tank-om\/","title":{"rendered":"Regeringen tar bort g\u00e5voskatteavdraget &#8211; t\u00e4nk om!"},"content":{"rendered":"<p>Madeleine Rosenqvist skriver i en debattartikel om regeringens orimliga agerande att ta bort g\u00e5voskatteavdraget i en tid n\u00e4r det beh\u00f6vs som mest.<\/p>\n<p>Artikeln i sin helhet kan du l\u00e4sa p\u00e5 <a href=\"http:\/\/www.barometern.se\/reagera\/regeringen-tar-bort-gavoskatteavdraget-tank-om\/\">Barometern\/OT<\/a><\/p>\n<p>Terror och krig tvingar st\u00e4ndigt nya m\u00e4nniskor p\u00e5 flykt. De flesta lever i t\u00e4ltl\u00e4ger i grannl\u00e4nder. Andra riskerar livet p\u00e5 v\u00e4g till Europa. Ideella organisationer bidrar med sjukv\u00e5rd och tak \u00f6ver huvudet f\u00f6r miljoner m\u00e4nniskor.<\/p>\n<p>Barn som v\u00e4xer upp i flyktingl\u00e4ger f\u00e5r skolg\u00e5ng tack vare frivilliga krafter. Och i Sverige \u00e4r vi beroende av frivilliga insatser i flyktingkrisen. H\u00e4r i Kalmar l\u00e4n g\u00f6rs ov\u00e4rderliga insatser m\u00e4nniska till m\u00e4nniska f\u00f6r att hj\u00e4lpa alla som s\u00f6ker skydd.<\/p>\n<p>I detta l\u00e4ge tar regeringen bort g\u00e5voskatteavdraget som bidragit till att m\u00e4nniskor sk\u00e4nker mer till ideella organisationer. F\u00f6rra \u00e5ret gav svenskarna 1,5 miljarder till ideella organisationer med avdragsr\u00e4tt, g\u00e5vor som kan m\u00e5ngdubblas om vi utvecklar avdraget ist\u00e4llet f\u00f6r att avveckla det.<\/p>\n<p>Regeringen planerade ocks\u00e5 att momsbel\u00e4gga secondhandverksamheter. Det skulle ha lagt en v\u00e5t filt \u00f6ver hela frivillig-Sverige i en tid n\u00e4r hj\u00e4lpen beh\u00f6vs som b\u00e4st. P\u00e5 grund av att vi och m\u00e5nga andra sa ifr\u00e5n har regeringen backat.<\/p>\n<p>\u00c4ven n\u00e4r det g\u00e4ller att ta bort g\u00e5voskatteavdraget borde regeringen lyssna. Att ta bort en reform som \u00f6kar givandet n\u00e4r varje krona beh\u00f6vs \u00e4r helt fel. T\u00e4nk om och t\u00e4nk r\u00e4tt, regeringen.<\/p>\n<p>Madeleine Rosenqvist (KD), Ombudsman f\u00f6r kristdemokraterna i Kalmar l\u00e4n<\/p>\n","protected":false},"excerpt":{"rendered":"<p>Madeleine Rosenqvist skriver i en debattartikel om regeringens orimliga agerande att ta bort g\u00e5voskatteavdraget i en tid n\u00e4r det beh\u00f6vs som mest. Artikeln i sin helhet kan du l\u00e4sa p\u00e5 Barometern\/OT Terror och krig tvingar st\u00e4ndigt nya m\u00e4nniskor p\u00e5 flykt. De flesta lever i t\u00e4ltl\u00e4ger i grannl\u00e4nder. Andra riskerar livet p\u00e5 v\u00e4g till Europa. Ideella <a class=\"read-more-link\" href=\"https:\/\/wp.kristdemokraterna.se\/kalmarlan\/regeringen-tar-bort-gavoskatteavdraget-tank-om\/\">Read More<\/a><\/p>\n","protected":false},"author":417,"featured_media":0,"comment_status":"closed","ping_status":"closed","sticky":false,"template":"","format":"standard","meta":{"_acf_changed":false,"footnotes":""},"categories":[1],"tags":[],"class_list":["post-572","post","type-post","status-publish","format-standard","hentry","category-okategoriserade"],"acf":[],"yoast_head":"<!-- This site is optimized with the Yoast SEO plugin v27.4 - https:\/\/yoast.com\/product\/yoast-seo-wordpress\/ -->\n<title>Regeringen tar bort g\u00e5voskatteavdraget - t\u00e4nk om! - i Kalmar l\u00e4n<\/title>\n<meta name=\"robots\" content=\"index, follow, max-snippet:-1, max-image-preview:large, max-video-preview:-1\" \/>\n<link rel=\"canonical\" href=\"https:\/\/wp.kristdemokraterna.se\/kalmarlan\/regeringen-tar-bort-gavoskatteavdraget-tank-om\/\" \/>\n<meta property=\"og:locale\" content=\"sv_SE\" \/>\n<meta property=\"og:type\" content=\"article\" \/>\n<meta property=\"og:title\" content=\"Regeringen tar bort g\u00e5voskatteavdraget - t\u00e4nk om! - i Kalmar l\u00e4n\" \/>\n<meta property=\"og:description\" content=\"Madeleine Rosenqvist skriver i en debattartikel om regeringens orimliga agerande att ta bort g\u00e5voskatteavdraget i en tid n\u00e4r det beh\u00f6vs som mest. Artikeln i sin helhet kan du l\u00e4sa p\u00e5 Barometern\/OT Terror och krig tvingar st\u00e4ndigt nya m\u00e4nniskor p\u00e5 flykt. De flesta lever i t\u00e4ltl\u00e4ger i grannl\u00e4nder. Andra riskerar livet p\u00e5 v\u00e4g till Europa. Ideella Read More\" \/>\n<meta property=\"og:url\" content=\"https:\/\/wp.kristdemokraterna.se\/kalmarlan\/regeringen-tar-bort-gavoskatteavdraget-tank-om\/\" \/>\n<meta property=\"og:site_name\" content=\"i Kalmar l\u00e4n\" \/>\n<meta property=\"article:published_time\" content=\"2016-01-12T10:24:56+00:00\" \/>\n<meta name=\"author\" content=\"kalmarlan\" \/>\n<meta name=\"twitter:card\" content=\"summary_large_image\" \/>\n<meta name=\"twitter:label1\" content=\"Skriven av\" \/>\n\t<meta name=\"twitter:data1\" content=\"kalmarlan\" \/>\n\t<meta name=\"twitter:label2\" content=\"Ber\u00e4knad l\u00e4stid\" \/>\n\t<meta name=\"twitter:data2\" content=\"1 minut\" \/>\n<script type=\"application\/ld+json\" class=\"yoast-schema-graph\">{\"@context\":\"https:\\\/\\\/schema.org\",\"@graph\":[{\"@type\":\"Article\",\"@id\":\"https:\\\/\\\/wp.kristdemokraterna.se\\\/kalmarlan\\\/regeringen-tar-bort-gavoskatteavdraget-tank-om\\\/#article\",\"isPartOf\":{\"@id\":\"https:\\\/\\\/wp.kristdemokraterna.se\\\/kalmarlan\\\/regeringen-tar-bort-gavoskatteavdraget-tank-om\\\/\"},\"author\":{\"name\":\"kalmarlan\",\"@id\":\"https:\\\/\\\/wp.kristdemokraterna.se\\\/kalmarlan\\\/#\\\/schema\\\/person\\\/a1856739934bf9c6a11fb258646ea2a5\"},\"headline\":\"Regeringen tar bort g\u00e5voskatteavdraget &#8211; t\u00e4nk om!\",\"datePublished\":\"2016-01-12T10:24:56+00:00\",\"mainEntityOfPage\":{\"@id\":\"https:\\\/\\\/wp.kristdemokraterna.se\\\/kalmarlan\\\/regeringen-tar-bort-gavoskatteavdraget-tank-om\\\/\"},\"wordCount\":288,\"inLanguage\":\"sv-SE\"},{\"@type\":\"WebPage\",\"@id\":\"https:\\\/\\\/wp.kristdemokraterna.se\\\/kalmarlan\\\/regeringen-tar-bort-gavoskatteavdraget-tank-om\\\/\",\"url\":\"https:\\\/\\\/wp.kristdemokraterna.se\\\/kalmarlan\\\/regeringen-tar-bort-gavoskatteavdraget-tank-om\\\/\",\"name\":\"Regeringen tar bort g\u00e5voskatteavdraget - t\u00e4nk om! - i Kalmar l\u00e4n\",\"isPartOf\":{\"@id\":\"https:\\\/\\\/wp.kristdemokraterna.se\\\/kalmarlan\\\/#website\"},\"datePublished\":\"2016-01-12T10:24:56+00:00\",\"author\":{\"@id\":\"https:\\\/\\\/wp.kristdemokraterna.se\\\/kalmarlan\\\/#\\\/schema\\\/person\\\/a1856739934bf9c6a11fb258646ea2a5\"},\"breadcrumb\":{\"@id\":\"https:\\\/\\\/wp.kristdemokraterna.se\\\/kalmarlan\\\/regeringen-tar-bort-gavoskatteavdraget-tank-om\\\/#breadcrumb\"},\"inLanguage\":\"sv-SE\",\"potentialAction\":[{\"@type\":\"ReadAction\",\"target\":[\"https:\\\/\\\/wp.kristdemokraterna.se\\\/kalmarlan\\\/regeringen-tar-bort-gavoskatteavdraget-tank-om\\\/\"]}]},{\"@type\":\"BreadcrumbList\",\"@id\":\"https:\\\/\\\/wp.kristdemokraterna.se\\\/kalmarlan\\\/regeringen-tar-bort-gavoskatteavdraget-tank-om\\\/#breadcrumb\",\"itemListElement\":[{\"@type\":\"ListItem\",\"position\":1,\"name\":\"Hem\",\"item\":\"https:\\\/\\\/wp.kristdemokraterna.se\\\/kalmarlan\\\/\"},{\"@type\":\"ListItem\",\"position\":2,\"name\":\"Regeringen tar bort g\u00e5voskatteavdraget &#8211; t\u00e4nk om!\"}]},{\"@type\":\"WebSite\",\"@id\":\"https:\\\/\\\/wp.kristdemokraterna.se\\\/kalmarlan\\\/#website\",\"url\":\"https:\\\/\\\/wp.kristdemokraterna.se\\\/kalmarlan\\\/\",\"name\":\"i Kalmar l\u00e4n\",\"description\":\"\",\"inLanguage\":\"sv-SE\"},{\"@type\":\"Person\",\"@id\":\"https:\\\/\\\/wp.kristdemokraterna.se\\\/kalmarlan\\\/#\\\/schema\\\/person\\\/a1856739934bf9c6a11fb258646ea2a5\",\"name\":\"kalmarlan\",\"image\":{\"@type\":\"ImageObject\",\"inLanguage\":\"sv-SE\",\"@id\":\"https:\\\/\\\/secure.gravatar.com\\\/avatar\\\/ef1f7dcd1b21be34f0f3e58a032955c2de43794b20090a23118cd0e2a8964e6e?s=96&r=g\",\"url\":\"https:\\\/\\\/secure.gravatar.com\\\/avatar\\\/ef1f7dcd1b21be34f0f3e58a032955c2de43794b20090a23118cd0e2a8964e6e?s=96&r=g\",\"contentUrl\":\"https:\\\/\\\/secure.gravatar.com\\\/avatar\\\/ef1f7dcd1b21be34f0f3e58a032955c2de43794b20090a23118cd0e2a8964e6e?s=96&r=g\",\"caption\":\"kalmarlan\"},\"url\":\"https:\\\/\\\/wp.kristdemokraterna.se\\\/kalmarlan\\\/author\\\/kalmarlan\\\/\"}]}<\/script>\n<!-- \/ Yoast SEO plugin. -->","yoast_head_json":{"title":"Regeringen tar bort g\u00e5voskatteavdraget - t\u00e4nk om! - i Kalmar l\u00e4n","robots":{"index":"index","follow":"follow","max-snippet":"max-snippet:-1","max-image-preview":"max-image-preview:large","max-video-preview":"max-video-preview:-1"},"canonical":"https:\/\/wp.kristdemokraterna.se\/kalmarlan\/regeringen-tar-bort-gavoskatteavdraget-tank-om\/","og_locale":"sv_SE","og_type":"article","og_title":"Regeringen tar bort g\u00e5voskatteavdraget - t\u00e4nk om! - i Kalmar l\u00e4n","og_description":"Madeleine Rosenqvist skriver i en debattartikel om regeringens orimliga agerande att ta bort g\u00e5voskatteavdraget i en tid n\u00e4r det beh\u00f6vs som mest. Artikeln i sin helhet kan du l\u00e4sa p\u00e5 Barometern\/OT Terror och krig tvingar st\u00e4ndigt nya m\u00e4nniskor p\u00e5 flykt. De flesta lever i t\u00e4ltl\u00e4ger i grannl\u00e4nder. Andra riskerar livet p\u00e5 v\u00e4g till Europa. Ideella Read More","og_url":"https:\/\/wp.kristdemokraterna.se\/kalmarlan\/regeringen-tar-bort-gavoskatteavdraget-tank-om\/","og_site_name":"i Kalmar l\u00e4n","article_published_time":"2016-01-12T10:24:56+00:00","author":"kalmarlan","twitter_card":"summary_large_image","twitter_misc":{"Skriven av":"kalmarlan","Ber\u00e4knad l\u00e4stid":"1 minut"},"schema":{"@context":"https:\/\/schema.org","@graph":[{"@type":"Article","@id":"https:\/\/wp.kristdemokraterna.se\/kalmarlan\/regeringen-tar-bort-gavoskatteavdraget-tank-om\/#article","isPartOf":{"@id":"https:\/\/wp.kristdemokraterna.se\/kalmarlan\/regeringen-tar-bort-gavoskatteavdraget-tank-om\/"},"author":{"name":"kalmarlan","@id":"https:\/\/wp.kristdemokraterna.se\/kalmarlan\/#\/schema\/person\/a1856739934bf9c6a11fb258646ea2a5"},"headline":"Regeringen tar bort g\u00e5voskatteavdraget &#8211; t\u00e4nk om!","datePublished":"2016-01-12T10:24:56+00:00","mainEntityOfPage":{"@id":"https:\/\/wp.kristdemokraterna.se\/kalmarlan\/regeringen-tar-bort-gavoskatteavdraget-tank-om\/"},"wordCount":288,"inLanguage":"sv-SE"},{"@type":"WebPage","@id":"https:\/\/wp.kristdemokraterna.se\/kalmarlan\/regeringen-tar-bort-gavoskatteavdraget-tank-om\/","url":"https:\/\/wp.kristdemokraterna.se\/kalmarlan\/regeringen-tar-bort-gavoskatteavdraget-tank-om\/","name":"Regeringen tar bort g\u00e5voskatteavdraget - t\u00e4nk om! - i Kalmar l\u00e4n","isPartOf":{"@id":"https:\/\/wp.kristdemokraterna.se\/kalmarlan\/#website"},"datePublished":"2016-01-12T10:24:56+00:00","author":{"@id":"https:\/\/wp.kristdemokraterna.se\/kalmarlan\/#\/schema\/person\/a1856739934bf9c6a11fb258646ea2a5"},"breadcrumb":{"@id":"https:\/\/wp.kristdemokraterna.se\/kalmarlan\/regeringen-tar-bort-gavoskatteavdraget-tank-om\/#breadcrumb"},"inLanguage":"sv-SE","potentialAction":[{"@type":"ReadAction","target":["https:\/\/wp.kristdemokraterna.se\/kalmarlan\/regeringen-tar-bort-gavoskatteavdraget-tank-om\/"]}]},{"@type":"BreadcrumbList","@id":"https:\/\/wp.kristdemokraterna.se\/kalmarlan\/regeringen-tar-bort-gavoskatteavdraget-tank-om\/#breadcrumb","itemListElement":[{"@type":"ListItem","position":1,"name":"Hem","item":"https:\/\/wp.kristdemokraterna.se\/kalmarlan\/"},{"@type":"ListItem","position":2,"name":"Regeringen tar bort g\u00e5voskatteavdraget &#8211; t\u00e4nk om!"}]},{"@type":"WebSite","@id":"https:\/\/wp.kristdemokraterna.se\/kalmarlan\/#website","url":"https:\/\/wp.kristdemokraterna.se\/kalmarlan\/","name":"i Kalmar l\u00e4n","description":"","inLanguage":"sv-SE"},{"@type":"Person","@id":"https:\/\/wp.kristdemokraterna.se\/kalmarlan\/#\/schema\/person\/a1856739934bf9c6a11fb258646ea2a5","name":"kalmarlan","image":{"@type":"ImageObject","inLanguage":"sv-SE","@id":"https:\/\/secure.gravatar.com\/avatar\/ef1f7dcd1b21be34f0f3e58a032955c2de43794b20090a23118cd0e2a8964e6e?s=96&r=g","url":"https:\/\/secure.gravatar.com\/avatar\/ef1f7dcd1b21be34f0f3e58a032955c2de43794b20090a23118cd0e2a8964e6e?s=96&r=g","contentUrl":"https:\/\/secure.gravatar.com\/avatar\/ef1f7dcd1b21be34f0f3e58a032955c2de43794b20090a23118cd0e2a8964e6e?s=96&r=g","caption":"kalmarlan"},"url":"https:\/\/wp.kristdemokraterna.se\/kalmarlan\/author\/kalmarlan\/"}]}},"_links":{"self":[{"href":"https:\/\/wp.kristdemokraterna.se\/kalmarlan\/wp-json\/wp\/v2\/posts\/572","targetHints":{"allow":["GET"]}}],"collection":[{"href":"https:\/\/wp.kristdemokraterna.se\/kalmarlan\/wp-json\/wp\/v2\/posts"}],"about":[{"href":"https:\/\/wp.kristdemokraterna.se\/kalmarlan\/wp-json\/wp\/v2\/types\/post"}],"author":[{"embeddable":true,"href":"https:\/\/wp.kristdemokraterna.se\/kalmarlan\/wp-json\/wp\/v2\/users\/417"}],"replies":[{"embeddable":true,"href":"https:\/\/wp.kristdemokraterna.se\/kalmarlan\/wp-json\/wp\/v2\/comments?post=572"}],"version-history":[{"count":1,"href":"https:\/\/wp.kristdemokraterna.se\/kalmarlan\/wp-json\/wp\/v2\/posts\/572\/revisions"}],"predecessor-version":[{"id":573,"href":"https:\/\/wp.kristdemokraterna.se\/kalmarlan\/wp-json\/wp\/v2\/posts\/572\/revisions\/573"}],"wp:attachment":[{"href":"https:\/\/wp.kristdemokraterna.se\/kalmarlan\/wp-json\/wp\/v2\/media?parent=572"}],"wp:term":[{"taxonomy":"category","embeddable":true,"href":"https:\/\/wp.kristdemokraterna.se\/kalmarlan\/wp-json\/wp\/v2\/categories?post=572"},{"taxonomy":"post_tag","embeddable":true,"href":"https:\/\/wp.kristdemokraterna.se\/kalmarlan\/wp-json\/wp\/v2\/tags?post=572"}],"curies":[{"name":"wp","href":"https:\/\/api.w.org\/{rel}","templated":true}]}}