{"id":574,"date":"2016-01-12T11:30:42","date_gmt":"2016-01-12T10:30:42","guid":{"rendered":"http:\/\/wp.kristdemokraterna.se\/kalmarlan\/?p=574"},"modified":"2016-01-12T11:30:42","modified_gmt":"2016-01-12T10:30:42","slug":"maktigast-i-landet-under-ett-par-dagar-i-oktober","status":"publish","type":"post","link":"https:\/\/wp.kristdemokraterna.se\/kalmarlan\/maktigast-i-landet-under-ett-par-dagar-i-oktober\/","title":{"rendered":"M\u00e4ktigast i landet under ett par dagar i oktober"},"content":{"rendered":"<p>Anders Andersson stod i rikspolitikens centrum under n\u00e5gra dagar n\u00e4r han ledde upproret p\u00e5 December\u00f6verenskommelsen. Hans ageranden i samband med D\u00d6:s fall g\u00f6r att han hamnar p\u00e5 tiotopp n\u00e4r \u00d6stran\/Nyheterna sammanst\u00e4ller sin Maktlista 2015.<\/p>\n<p>Du som har tillg\u00e5ng till \u00d6stran nyheternas artiklar kan l\u00e4sa intervjun med Anders <a href=\"http:\/\/www.ostrasmaland.se\/kalmar\/maktigast-i-landet-under-ett-par-dagar-i-oktober\/\">h\u00e4r<\/a>.<\/p>\n","protected":false},"excerpt":{"rendered":"<p>Anders Andersson stod i rikspolitikens centrum under n\u00e5gra dagar n\u00e4r han ledde upproret p\u00e5 December\u00f6verenskommelsen. Hans ageranden i samband med D\u00d6:s fall g\u00f6r att han hamnar p\u00e5 tiotopp n\u00e4r \u00d6stran\/Nyheterna sammanst\u00e4ller sin Maktlista 2015. Du som har tillg\u00e5ng till \u00d6stran nyheternas artiklar kan l\u00e4sa intervjun med Anders h\u00e4r.<\/p>\n","protected":false},"author":417,"featured_media":0,"comment_status":"closed","ping_status":"closed","sticky":false,"template":"","format":"standard","meta":{"_acf_changed":false,"footnotes":""},"categories":[1],"tags":[],"class_list":["post-574","post","type-post","status-publish","format-standard","hentry","category-okategoriserade"],"acf":[],"yoast_head":"<!-- This site is optimized with the Yoast SEO plugin v27.4 - https:\/\/yoast.com\/product\/yoast-seo-wordpress\/ -->\n<title>M\u00e4ktigast i landet under ett par dagar i oktober - i Kalmar l\u00e4n<\/title>\n<meta name=\"robots\" content=\"index, follow, max-snippet:-1, max-image-preview:large, max-video-preview:-1\" \/>\n<link rel=\"canonical\" href=\"https:\/\/wp.kristdemokraterna.se\/kalmarlan\/maktigast-i-landet-under-ett-par-dagar-i-oktober\/\" \/>\n<meta property=\"og:locale\" content=\"sv_SE\" \/>\n<meta property=\"og:type\" content=\"article\" \/>\n<meta property=\"og:title\" content=\"M\u00e4ktigast i landet under ett par dagar i oktober - i Kalmar l\u00e4n\" \/>\n<meta property=\"og:description\" content=\"Anders Andersson stod i rikspolitikens centrum under n\u00e5gra dagar n\u00e4r han ledde upproret p\u00e5 December\u00f6verenskommelsen. Hans ageranden i samband med D\u00d6:s fall g\u00f6r att han hamnar p\u00e5 tiotopp n\u00e4r \u00d6stran\/Nyheterna sammanst\u00e4ller sin Maktlista 2015. Du som har tillg\u00e5ng till \u00d6stran nyheternas artiklar kan l\u00e4sa intervjun med Anders h\u00e4r.\" \/>\n<meta property=\"og:url\" content=\"https:\/\/wp.kristdemokraterna.se\/kalmarlan\/maktigast-i-landet-under-ett-par-dagar-i-oktober\/\" \/>\n<meta property=\"og:site_name\" content=\"i Kalmar l\u00e4n\" \/>\n<meta property=\"article:published_time\" content=\"2016-01-12T10:30:42+00:00\" \/>\n<meta name=\"author\" content=\"kalmarlan\" \/>\n<meta name=\"twitter:card\" content=\"summary_large_image\" \/>\n<meta name=\"twitter:label1\" content=\"Skriven av\" \/>\n\t<meta name=\"twitter:data1\" content=\"kalmarlan\" \/>\n<script type=\"application\/ld+json\" class=\"yoast-schema-graph\">{\"@context\":\"https:\\\/\\\/schema.org\",\"@graph\":[{\"@type\":\"Article\",\"@id\":\"https:\\\/\\\/wp.kristdemokraterna.se\\\/kalmarlan\\\/maktigast-i-landet-under-ett-par-dagar-i-oktober\\\/#article\",\"isPartOf\":{\"@id\":\"https:\\\/\\\/wp.kristdemokraterna.se\\\/kalmarlan\\\/maktigast-i-landet-under-ett-par-dagar-i-oktober\\\/\"},\"author\":{\"name\":\"kalmarlan\",\"@id\":\"https:\\\/\\\/wp.kristdemokraterna.se\\\/kalmarlan\\\/#\\\/schema\\\/person\\\/a1856739934bf9c6a11fb258646ea2a5\"},\"headline\":\"M\u00e4ktigast i landet under ett par dagar i oktober\",\"datePublished\":\"2016-01-12T10:30:42+00:00\",\"mainEntityOfPage\":{\"@id\":\"https:\\\/\\\/wp.kristdemokraterna.se\\\/kalmarlan\\\/maktigast-i-landet-under-ett-par-dagar-i-oktober\\\/\"},\"wordCount\":68,\"inLanguage\":\"sv-SE\"},{\"@type\":\"WebPage\",\"@id\":\"https:\\\/\\\/wp.kristdemokraterna.se\\\/kalmarlan\\\/maktigast-i-landet-under-ett-par-dagar-i-oktober\\\/\",\"url\":\"https:\\\/\\\/wp.kristdemokraterna.se\\\/kalmarlan\\\/maktigast-i-landet-under-ett-par-dagar-i-oktober\\\/\",\"name\":\"M\u00e4ktigast i landet under ett par dagar i oktober - i Kalmar l\u00e4n\",\"isPartOf\":{\"@id\":\"https:\\\/\\\/wp.kristdemokraterna.se\\\/kalmarlan\\\/#website\"},\"datePublished\":\"2016-01-12T10:30:42+00:00\",\"author\":{\"@id\":\"https:\\\/\\\/wp.kristdemokraterna.se\\\/kalmarlan\\\/#\\\/schema\\\/person\\\/a1856739934bf9c6a11fb258646ea2a5\"},\"breadcrumb\":{\"@id\":\"https:\\\/\\\/wp.kristdemokraterna.se\\\/kalmarlan\\\/maktigast-i-landet-under-ett-par-dagar-i-oktober\\\/#breadcrumb\"},\"inLanguage\":\"sv-SE\",\"potentialAction\":[{\"@type\":\"ReadAction\",\"target\":[\"https:\\\/\\\/wp.kristdemokraterna.se\\\/kalmarlan\\\/maktigast-i-landet-under-ett-par-dagar-i-oktober\\\/\"]}]},{\"@type\":\"BreadcrumbList\",\"@id\":\"https:\\\/\\\/wp.kristdemokraterna.se\\\/kalmarlan\\\/maktigast-i-landet-under-ett-par-dagar-i-oktober\\\/#breadcrumb\",\"itemListElement\":[{\"@type\":\"ListItem\",\"position\":1,\"name\":\"Hem\",\"item\":\"https:\\\/\\\/wp.kristdemokraterna.se\\\/kalmarlan\\\/\"},{\"@type\":\"ListItem\",\"position\":2,\"name\":\"M\u00e4ktigast i landet under ett par dagar i oktober\"}]},{\"@type\":\"WebSite\",\"@id\":\"https:\\\/\\\/wp.kristdemokraterna.se\\\/kalmarlan\\\/#website\",\"url\":\"https:\\\/\\\/wp.kristdemokraterna.se\\\/kalmarlan\\\/\",\"name\":\"i Kalmar l\u00e4n\",\"description\":\"\",\"inLanguage\":\"sv-SE\"},{\"@type\":\"Person\",\"@id\":\"https:\\\/\\\/wp.kristdemokraterna.se\\\/kalmarlan\\\/#\\\/schema\\\/person\\\/a1856739934bf9c6a11fb258646ea2a5\",\"name\":\"kalmarlan\",\"image\":{\"@type\":\"ImageObject\",\"inLanguage\":\"sv-SE\",\"@id\":\"https:\\\/\\\/secure.gravatar.com\\\/avatar\\\/ef1f7dcd1b21be34f0f3e58a032955c2de43794b20090a23118cd0e2a8964e6e?s=96&r=g\",\"url\":\"https:\\\/\\\/secure.gravatar.com\\\/avatar\\\/ef1f7dcd1b21be34f0f3e58a032955c2de43794b20090a23118cd0e2a8964e6e?s=96&r=g\",\"contentUrl\":\"https:\\\/\\\/secure.gravatar.com\\\/avatar\\\/ef1f7dcd1b21be34f0f3e58a032955c2de43794b20090a23118cd0e2a8964e6e?s=96&r=g\",\"caption\":\"kalmarlan\"},\"url\":\"https:\\\/\\\/wp.kristdemokraterna.se\\\/kalmarlan\\\/author\\\/kalmarlan\\\/\"}]}<\/script>\n<!-- \/ Yoast SEO plugin. -->","yoast_head_json":{"title":"M\u00e4ktigast i landet under ett par dagar i oktober - i Kalmar l\u00e4n","robots":{"index":"index","follow":"follow","max-snippet":"max-snippet:-1","max-image-preview":"max-image-preview:large","max-video-preview":"max-video-preview:-1"},"canonical":"https:\/\/wp.kristdemokraterna.se\/kalmarlan\/maktigast-i-landet-under-ett-par-dagar-i-oktober\/","og_locale":"sv_SE","og_type":"article","og_title":"M\u00e4ktigast i landet under ett par dagar i oktober - i Kalmar l\u00e4n","og_description":"Anders Andersson stod i rikspolitikens centrum under n\u00e5gra dagar n\u00e4r han ledde upproret p\u00e5 December\u00f6verenskommelsen. Hans ageranden i samband med D\u00d6:s fall g\u00f6r att han hamnar p\u00e5 tiotopp n\u00e4r \u00d6stran\/Nyheterna sammanst\u00e4ller sin Maktlista 2015. Du som har tillg\u00e5ng till \u00d6stran nyheternas artiklar kan l\u00e4sa intervjun med Anders h\u00e4r.","og_url":"https:\/\/wp.kristdemokraterna.se\/kalmarlan\/maktigast-i-landet-under-ett-par-dagar-i-oktober\/","og_site_name":"i Kalmar l\u00e4n","article_published_time":"2016-01-12T10:30:42+00:00","author":"kalmarlan","twitter_card":"summary_large_image","twitter_misc":{"Skriven av":"kalmarlan"},"schema":{"@context":"https:\/\/schema.org","@graph":[{"@type":"Article","@id":"https:\/\/wp.kristdemokraterna.se\/kalmarlan\/maktigast-i-landet-under-ett-par-dagar-i-oktober\/#article","isPartOf":{"@id":"https:\/\/wp.kristdemokraterna.se\/kalmarlan\/maktigast-i-landet-under-ett-par-dagar-i-oktober\/"},"author":{"name":"kalmarlan","@id":"https:\/\/wp.kristdemokraterna.se\/kalmarlan\/#\/schema\/person\/a1856739934bf9c6a11fb258646ea2a5"},"headline":"M\u00e4ktigast i landet under ett par dagar i oktober","datePublished":"2016-01-12T10:30:42+00:00","mainEntityOfPage":{"@id":"https:\/\/wp.kristdemokraterna.se\/kalmarlan\/maktigast-i-landet-under-ett-par-dagar-i-oktober\/"},"wordCount":68,"inLanguage":"sv-SE"},{"@type":"WebPage","@id":"https:\/\/wp.kristdemokraterna.se\/kalmarlan\/maktigast-i-landet-under-ett-par-dagar-i-oktober\/","url":"https:\/\/wp.kristdemokraterna.se\/kalmarlan\/maktigast-i-landet-under-ett-par-dagar-i-oktober\/","name":"M\u00e4ktigast i landet under ett par dagar i oktober - i Kalmar l\u00e4n","isPartOf":{"@id":"https:\/\/wp.kristdemokraterna.se\/kalmarlan\/#website"},"datePublished":"2016-01-12T10:30:42+00:00","author":{"@id":"https:\/\/wp.kristdemokraterna.se\/kalmarlan\/#\/schema\/person\/a1856739934bf9c6a11fb258646ea2a5"},"breadcrumb":{"@id":"https:\/\/wp.kristdemokraterna.se\/kalmarlan\/maktigast-i-landet-under-ett-par-dagar-i-oktober\/#breadcrumb"},"inLanguage":"sv-SE","potentialAction":[{"@type":"ReadAction","target":["https:\/\/wp.kristdemokraterna.se\/kalmarlan\/maktigast-i-landet-under-ett-par-dagar-i-oktober\/"]}]},{"@type":"BreadcrumbList","@id":"https:\/\/wp.kristdemokraterna.se\/kalmarlan\/maktigast-i-landet-under-ett-par-dagar-i-oktober\/#breadcrumb","itemListElement":[{"@type":"ListItem","position":1,"name":"Hem","item":"https:\/\/wp.kristdemokraterna.se\/kalmarlan\/"},{"@type":"ListItem","position":2,"name":"M\u00e4ktigast i landet under ett par dagar i oktober"}]},{"@type":"WebSite","@id":"https:\/\/wp.kristdemokraterna.se\/kalmarlan\/#website","url":"https:\/\/wp.kristdemokraterna.se\/kalmarlan\/","name":"i Kalmar l\u00e4n","description":"","inLanguage":"sv-SE"},{"@type":"Person","@id":"https:\/\/wp.kristdemokraterna.se\/kalmarlan\/#\/schema\/person\/a1856739934bf9c6a11fb258646ea2a5","name":"kalmarlan","image":{"@type":"ImageObject","inLanguage":"sv-SE","@id":"https:\/\/secure.gravatar.com\/avatar\/ef1f7dcd1b21be34f0f3e58a032955c2de43794b20090a23118cd0e2a8964e6e?s=96&r=g","url":"https:\/\/secure.gravatar.com\/avatar\/ef1f7dcd1b21be34f0f3e58a032955c2de43794b20090a23118cd0e2a8964e6e?s=96&r=g","contentUrl":"https:\/\/secure.gravatar.com\/avatar\/ef1f7dcd1b21be34f0f3e58a032955c2de43794b20090a23118cd0e2a8964e6e?s=96&r=g","caption":"kalmarlan"},"url":"https:\/\/wp.kristdemokraterna.se\/kalmarlan\/author\/kalmarlan\/"}]}},"_links":{"self":[{"href":"https:\/\/wp.kristdemokraterna.se\/kalmarlan\/wp-json\/wp\/v2\/posts\/574","targetHints":{"allow":["GET"]}}],"collection":[{"href":"https:\/\/wp.kristdemokraterna.se\/kalmarlan\/wp-json\/wp\/v2\/posts"}],"about":[{"href":"https:\/\/wp.kristdemokraterna.se\/kalmarlan\/wp-json\/wp\/v2\/types\/post"}],"author":[{"embeddable":true,"href":"https:\/\/wp.kristdemokraterna.se\/kalmarlan\/wp-json\/wp\/v2\/users\/417"}],"replies":[{"embeddable":true,"href":"https:\/\/wp.kristdemokraterna.se\/kalmarlan\/wp-json\/wp\/v2\/comments?post=574"}],"version-history":[{"count":1,"href":"https:\/\/wp.kristdemokraterna.se\/kalmarlan\/wp-json\/wp\/v2\/posts\/574\/revisions"}],"predecessor-version":[{"id":575,"href":"https:\/\/wp.kristdemokraterna.se\/kalmarlan\/wp-json\/wp\/v2\/posts\/574\/revisions\/575"}],"wp:attachment":[{"href":"https:\/\/wp.kristdemokraterna.se\/kalmarlan\/wp-json\/wp\/v2\/media?parent=574"}],"wp:term":[{"taxonomy":"category","embeddable":true,"href":"https:\/\/wp.kristdemokraterna.se\/kalmarlan\/wp-json\/wp\/v2\/categories?post=574"},{"taxonomy":"post_tag","embeddable":true,"href":"https:\/\/wp.kristdemokraterna.se\/kalmarlan\/wp-json\/wp\/v2\/tags?post=574"}],"curies":[{"name":"wp","href":"https:\/\/api.w.org\/{rel}","templated":true}]}}