{"id":576,"date":"2016-01-12T11:34:45","date_gmt":"2016-01-12T10:34:45","guid":{"rendered":"http:\/\/wp.kristdemokraterna.se\/kalmarlan\/?p=576"},"modified":"2016-01-12T11:34:45","modified_gmt":"2016-01-12T10:34:45","slug":"nya-jobb-ger-snabbare-integration","status":"publish","type":"post","link":"https:\/\/wp.kristdemokraterna.se\/kalmarlan\/nya-jobb-ger-snabbare-integration\/","title":{"rendered":"Nya jobb ger snabbare integration"},"content":{"rendered":"<p>Gudrun Bruneg\u00e5rd skriver tillsammans med Desir\u00e9e Pethrus om vikten att regeringen skapar riktiga jobb f\u00f6r en snabbare integration.<\/p>\n<p>Artikeln p\u00e5 Barometern\/OT kan du l\u00e4sa i sin helhet <a href=\"http:\/\/www.barometern.se\/debatt\/nya-jobb-ger-snabbare-integration\/\">h\u00e4r<\/a>.<\/p>\n<div class=\"main-text-content row\">\n<div class=\"col-md-9\">\n<div class=\"e-content\">\n<p>Utan en b\u00e4ttre integrationspolitik kommer m\u00e5nga nyanl\u00e4nda att hamna i permanent utanf\u00f6rskap. Det \u00e4r inte bra vare sig f\u00f6r individen eller samh\u00e4llet. Under 2015 s\u00f6kte \u00f6ver 150 000 personer asyl i Sverige. F\u00f6rmodligen kommer flyktingstr\u00f6mmen att forts\u00e4tta p\u00e5 en h\u00f6g niv\u00e5, varf\u00f6r integrationsfr\u00e5gorna blir alltmer akuta. Vi m\u00e5ste klara att snabbt integrera nyanl\u00e4nda in i samh\u00e4llet och d\u00e5 kr\u00e4vs en jobbpolitik som fungerar.<\/p>\n<p>Regeringen driver dessv\u00e4rre en f\u00f6retagarfientlig politik. De f\u00f6rs\u00f6ker skapa olika jobb\u00e5tg\u00e4rder i v\u00e4lf\u00e4rdssektorn, medan vi vill se till att riktiga jobb kommer fram. D\u00e5 g\u00e4ller det att skapa ett positivt klimat f\u00f6r f\u00f6retagande. Under Alliansens tid vid makten, s\u00e5g vi till att genom skattel\u00e4ttnader skapa en helt ny arbetsmarknad f\u00f6r nyanl\u00e4nda inom RUT och ROT sektorn. D\u00e4r \u00e4r ofta kraven p\u00e5 spr\u00e5kkunskaper inte \u00e4r lika h\u00f6ga som inom andra sektorer. D\u00e4r har ocks\u00e5 m\u00e5nga f\u00e5tt sitt f\u00f6rsta jobb. Vi kommer nu att beh\u00f6va fler s\u00e5dana jobb, inte f\u00e4rre, vilket \u00e4r risken med nuvarande regerings politik.<\/p>\n<p>Vi f\u00f6resl\u00e5r i v\u00e5rt budgetf\u00f6rslag flera \u00e5tg\u00e4rder f\u00f6r att f\u00f6rb\u00e4ttra etableringen av nyanl\u00e4nda invandrare. Vi vill st\u00e4rka kommunernas kapacitet att ta emot nyanl\u00e4nda invandrare och vill att de ska f\u00e5 h\u00f6gre ers\u00e4ttning f\u00f6r att ta emot nyanl\u00e4nda. De beh\u00f6ver resurser f\u00f6r att bland annat klara en bra skola f\u00f6r alla barn som kommer till Sverige.<\/p>\n<p>Vi vill ocks\u00e5 se till att man snabbt tar reda p\u00e5 vilken kompetens de asyls\u00f6kande har vad g\u00e4ller arbets- och utbildningsbakgrund. Och spr\u00e5ktr\u00e4ning i svenska f\u00f6r invandrare, SFI, beh\u00f6ver starta tidigt, redan i asylboendet. F\u00f6r de som har ett yrke s\u00e5 vill vi ha ett nationellt system d\u00e4r man kan tr\u00e4na svenska med inriktning mot ett yrke, precis som idag sker i vissa Stockholmskommuner. Vi vill att barnf\u00f6r\u00e4ldrar ska ges b\u00e4ttre m\u00f6jligheter att kunna delta i spr\u00e5ktr\u00e4ning. Det kan beh\u00f6vas exempelvis barnpassning under tiden, s\u00e5 att b\u00e5da f\u00f6r\u00e4ldrarna kan delta.<\/p>\n<p>Kristdemokraterna menar att det \u00e4r viktigt att skapa \u00f6kade incitament att g\u00e5 fr\u00e5n bidrag till arbete. D\u00e4rf\u00f6r f\u00f6resl\u00e5r vi att man ska f\u00e5 tj\u00e4na in sina f\u00f6rsta 500 000 skattefritt. D\u00e5 kan man ta sitt f\u00f6rsta jobb som kanske inte \u00e4r h\u00f6gbetalt, men blir \u00e4nd\u00e5 b\u00e4ttre \u00e4n det bidrag som idag ges till den nyanl\u00e4nde. Det blir mer kvar i pl\u00e5nboken och personen f\u00e5r m\u00f6jlighet att f\u00f6rs\u00f6rja sig p\u00e5 egen hand, vilket st\u00e4rker sj\u00e4lvf\u00f6rtroendet och f\u00f6rb\u00e4ttrar integrationen i samh\u00e4llet.<\/p>\n<p>Nya jobb skapas inte av politiker, de skapas i v\u00e4xande och l\u00f6nsamma f\u00f6retag. Regeringen f\u00f6rlitar sig till massiva skatteh\u00f6jningar p\u00e5 arbete och f\u00f6retagande med f\u00f6rhoppningen att s\u00e5 n\u00e5 Europas l\u00e4gsta arbetsl\u00f6shet och klara integrationsutmaningen. Kristdemokraternas vill ist\u00e4llet s\u00e4nka tr\u00f6sklarna in p\u00e5 arbetsmarknaden och f\u00f6rb\u00e4ttra f\u00f6ruts\u00e4ttningarna f\u00f6r f\u00f6retagande. Att f\u00e5 delta p\u00e5 arbetsmarknaden menar vi \u00e4r det b\u00e4sta s\u00e4ttet att bli en del av v\u00e5rt samh\u00e4lle.<\/p>\n<\/div>\n<\/div>\n<\/div>\n<footer>\n<div class=\"byline\">\n<div class=\"byline-body\"><span class=\"author-name\">GUDRUN BRUNEG\u00c5RD, (KD), OPPOSITIONSR\u00c5D I LANDSTINGET <\/span><\/div>\n<div class=\"byline-body\"><span class=\"author-name\">D\u00c9SIR\u00c9E PETHRUS (KD), RIKSDAGSLEDAMOT ARBETSMARKNADSUTSKOTTET<\/span><\/div>\n<\/div>\n<\/footer>\n","protected":false},"excerpt":{"rendered":"<p>Gudrun Bruneg\u00e5rd skriver tillsammans med Desir\u00e9e Pethrus om vikten att regeringen skapar riktiga jobb f\u00f6r en snabbare integration. Artikeln p\u00e5 Barometern\/OT kan du l\u00e4sa i sin helhet h\u00e4r. Utan en b\u00e4ttre integrationspolitik kommer m\u00e5nga nyanl\u00e4nda att hamna i permanent utanf\u00f6rskap. Det \u00e4r inte bra vare sig f\u00f6r individen eller samh\u00e4llet. Under 2015 s\u00f6kte \u00f6ver 150 <a class=\"read-more-link\" href=\"https:\/\/wp.kristdemokraterna.se\/kalmarlan\/nya-jobb-ger-snabbare-integration\/\">Read More<\/a><\/p>\n","protected":false},"author":417,"featured_media":0,"comment_status":"closed","ping_status":"closed","sticky":false,"template":"","format":"standard","meta":{"_acf_changed":false,"footnotes":""},"categories":[1],"tags":[],"class_list":["post-576","post","type-post","status-publish","format-standard","hentry","category-okategoriserade"],"acf":[],"yoast_head":"<!-- This site is optimized with the Yoast SEO plugin v27.4 - https:\/\/yoast.com\/product\/yoast-seo-wordpress\/ -->\n<title>Nya jobb ger snabbare integration - i Kalmar l\u00e4n<\/title>\n<meta name=\"robots\" content=\"index, follow, max-snippet:-1, max-image-preview:large, max-video-preview:-1\" \/>\n<link rel=\"canonical\" href=\"https:\/\/wp.kristdemokraterna.se\/kalmarlan\/nya-jobb-ger-snabbare-integration\/\" \/>\n<meta property=\"og:locale\" content=\"sv_SE\" \/>\n<meta property=\"og:type\" content=\"article\" \/>\n<meta property=\"og:title\" content=\"Nya jobb ger snabbare integration - i Kalmar l\u00e4n\" \/>\n<meta property=\"og:description\" content=\"Gudrun Bruneg\u00e5rd skriver tillsammans med Desir\u00e9e Pethrus om vikten att regeringen skapar riktiga jobb f\u00f6r en snabbare integration. Artikeln p\u00e5 Barometern\/OT kan du l\u00e4sa i sin helhet h\u00e4r. Utan en b\u00e4ttre integrationspolitik kommer m\u00e5nga nyanl\u00e4nda att hamna i permanent utanf\u00f6rskap. Det \u00e4r inte bra vare sig f\u00f6r individen eller samh\u00e4llet. Under 2015 s\u00f6kte \u00f6ver 150 Read More\" \/>\n<meta property=\"og:url\" content=\"https:\/\/wp.kristdemokraterna.se\/kalmarlan\/nya-jobb-ger-snabbare-integration\/\" \/>\n<meta property=\"og:site_name\" content=\"i Kalmar l\u00e4n\" \/>\n<meta property=\"article:published_time\" content=\"2016-01-12T10:34:45+00:00\" \/>\n<meta name=\"author\" content=\"kalmarlan\" \/>\n<meta name=\"twitter:card\" content=\"summary_large_image\" \/>\n<meta name=\"twitter:label1\" content=\"Skriven av\" \/>\n\t<meta name=\"twitter:data1\" content=\"kalmarlan\" \/>\n\t<meta name=\"twitter:label2\" content=\"Ber\u00e4knad l\u00e4stid\" \/>\n\t<meta name=\"twitter:data2\" content=\"3 minuter\" \/>\n<script type=\"application\/ld+json\" class=\"yoast-schema-graph\">{\"@context\":\"https:\\\/\\\/schema.org\",\"@graph\":[{\"@type\":\"Article\",\"@id\":\"https:\\\/\\\/wp.kristdemokraterna.se\\\/kalmarlan\\\/nya-jobb-ger-snabbare-integration\\\/#article\",\"isPartOf\":{\"@id\":\"https:\\\/\\\/wp.kristdemokraterna.se\\\/kalmarlan\\\/nya-jobb-ger-snabbare-integration\\\/\"},\"author\":{\"name\":\"kalmarlan\",\"@id\":\"https:\\\/\\\/wp.kristdemokraterna.se\\\/kalmarlan\\\/#\\\/schema\\\/person\\\/a1856739934bf9c6a11fb258646ea2a5\"},\"headline\":\"Nya jobb ger snabbare integration\",\"datePublished\":\"2016-01-12T10:34:45+00:00\",\"mainEntityOfPage\":{\"@id\":\"https:\\\/\\\/wp.kristdemokraterna.se\\\/kalmarlan\\\/nya-jobb-ger-snabbare-integration\\\/\"},\"wordCount\":619,\"inLanguage\":\"sv-SE\"},{\"@type\":\"WebPage\",\"@id\":\"https:\\\/\\\/wp.kristdemokraterna.se\\\/kalmarlan\\\/nya-jobb-ger-snabbare-integration\\\/\",\"url\":\"https:\\\/\\\/wp.kristdemokraterna.se\\\/kalmarlan\\\/nya-jobb-ger-snabbare-integration\\\/\",\"name\":\"Nya jobb ger snabbare integration - i Kalmar l\u00e4n\",\"isPartOf\":{\"@id\":\"https:\\\/\\\/wp.kristdemokraterna.se\\\/kalmarlan\\\/#website\"},\"datePublished\":\"2016-01-12T10:34:45+00:00\",\"author\":{\"@id\":\"https:\\\/\\\/wp.kristdemokraterna.se\\\/kalmarlan\\\/#\\\/schema\\\/person\\\/a1856739934bf9c6a11fb258646ea2a5\"},\"breadcrumb\":{\"@id\":\"https:\\\/\\\/wp.kristdemokraterna.se\\\/kalmarlan\\\/nya-jobb-ger-snabbare-integration\\\/#breadcrumb\"},\"inLanguage\":\"sv-SE\",\"potentialAction\":[{\"@type\":\"ReadAction\",\"target\":[\"https:\\\/\\\/wp.kristdemokraterna.se\\\/kalmarlan\\\/nya-jobb-ger-snabbare-integration\\\/\"]}]},{\"@type\":\"BreadcrumbList\",\"@id\":\"https:\\\/\\\/wp.kristdemokraterna.se\\\/kalmarlan\\\/nya-jobb-ger-snabbare-integration\\\/#breadcrumb\",\"itemListElement\":[{\"@type\":\"ListItem\",\"position\":1,\"name\":\"Hem\",\"item\":\"https:\\\/\\\/wp.kristdemokraterna.se\\\/kalmarlan\\\/\"},{\"@type\":\"ListItem\",\"position\":2,\"name\":\"Nya jobb ger snabbare integration\"}]},{\"@type\":\"WebSite\",\"@id\":\"https:\\\/\\\/wp.kristdemokraterna.se\\\/kalmarlan\\\/#website\",\"url\":\"https:\\\/\\\/wp.kristdemokraterna.se\\\/kalmarlan\\\/\",\"name\":\"i Kalmar l\u00e4n\",\"description\":\"\",\"inLanguage\":\"sv-SE\"},{\"@type\":\"Person\",\"@id\":\"https:\\\/\\\/wp.kristdemokraterna.se\\\/kalmarlan\\\/#\\\/schema\\\/person\\\/a1856739934bf9c6a11fb258646ea2a5\",\"name\":\"kalmarlan\",\"image\":{\"@type\":\"ImageObject\",\"inLanguage\":\"sv-SE\",\"@id\":\"https:\\\/\\\/secure.gravatar.com\\\/avatar\\\/ef1f7dcd1b21be34f0f3e58a032955c2de43794b20090a23118cd0e2a8964e6e?s=96&r=g\",\"url\":\"https:\\\/\\\/secure.gravatar.com\\\/avatar\\\/ef1f7dcd1b21be34f0f3e58a032955c2de43794b20090a23118cd0e2a8964e6e?s=96&r=g\",\"contentUrl\":\"https:\\\/\\\/secure.gravatar.com\\\/avatar\\\/ef1f7dcd1b21be34f0f3e58a032955c2de43794b20090a23118cd0e2a8964e6e?s=96&r=g\",\"caption\":\"kalmarlan\"},\"url\":\"https:\\\/\\\/wp.kristdemokraterna.se\\\/kalmarlan\\\/author\\\/kalmarlan\\\/\"}]}<\/script>\n<!-- \/ Yoast SEO plugin. -->","yoast_head_json":{"title":"Nya jobb ger snabbare integration - i Kalmar l\u00e4n","robots":{"index":"index","follow":"follow","max-snippet":"max-snippet:-1","max-image-preview":"max-image-preview:large","max-video-preview":"max-video-preview:-1"},"canonical":"https:\/\/wp.kristdemokraterna.se\/kalmarlan\/nya-jobb-ger-snabbare-integration\/","og_locale":"sv_SE","og_type":"article","og_title":"Nya jobb ger snabbare integration - i Kalmar l\u00e4n","og_description":"Gudrun Bruneg\u00e5rd skriver tillsammans med Desir\u00e9e Pethrus om vikten att regeringen skapar riktiga jobb f\u00f6r en snabbare integration. Artikeln p\u00e5 Barometern\/OT kan du l\u00e4sa i sin helhet h\u00e4r. Utan en b\u00e4ttre integrationspolitik kommer m\u00e5nga nyanl\u00e4nda att hamna i permanent utanf\u00f6rskap. Det \u00e4r inte bra vare sig f\u00f6r individen eller samh\u00e4llet. Under 2015 s\u00f6kte \u00f6ver 150 Read More","og_url":"https:\/\/wp.kristdemokraterna.se\/kalmarlan\/nya-jobb-ger-snabbare-integration\/","og_site_name":"i Kalmar l\u00e4n","article_published_time":"2016-01-12T10:34:45+00:00","author":"kalmarlan","twitter_card":"summary_large_image","twitter_misc":{"Skriven av":"kalmarlan","Ber\u00e4knad l\u00e4stid":"3 minuter"},"schema":{"@context":"https:\/\/schema.org","@graph":[{"@type":"Article","@id":"https:\/\/wp.kristdemokraterna.se\/kalmarlan\/nya-jobb-ger-snabbare-integration\/#article","isPartOf":{"@id":"https:\/\/wp.kristdemokraterna.se\/kalmarlan\/nya-jobb-ger-snabbare-integration\/"},"author":{"name":"kalmarlan","@id":"https:\/\/wp.kristdemokraterna.se\/kalmarlan\/#\/schema\/person\/a1856739934bf9c6a11fb258646ea2a5"},"headline":"Nya jobb ger snabbare integration","datePublished":"2016-01-12T10:34:45+00:00","mainEntityOfPage":{"@id":"https:\/\/wp.kristdemokraterna.se\/kalmarlan\/nya-jobb-ger-snabbare-integration\/"},"wordCount":619,"inLanguage":"sv-SE"},{"@type":"WebPage","@id":"https:\/\/wp.kristdemokraterna.se\/kalmarlan\/nya-jobb-ger-snabbare-integration\/","url":"https:\/\/wp.kristdemokraterna.se\/kalmarlan\/nya-jobb-ger-snabbare-integration\/","name":"Nya jobb ger snabbare integration - i Kalmar l\u00e4n","isPartOf":{"@id":"https:\/\/wp.kristdemokraterna.se\/kalmarlan\/#website"},"datePublished":"2016-01-12T10:34:45+00:00","author":{"@id":"https:\/\/wp.kristdemokraterna.se\/kalmarlan\/#\/schema\/person\/a1856739934bf9c6a11fb258646ea2a5"},"breadcrumb":{"@id":"https:\/\/wp.kristdemokraterna.se\/kalmarlan\/nya-jobb-ger-snabbare-integration\/#breadcrumb"},"inLanguage":"sv-SE","potentialAction":[{"@type":"ReadAction","target":["https:\/\/wp.kristdemokraterna.se\/kalmarlan\/nya-jobb-ger-snabbare-integration\/"]}]},{"@type":"BreadcrumbList","@id":"https:\/\/wp.kristdemokraterna.se\/kalmarlan\/nya-jobb-ger-snabbare-integration\/#breadcrumb","itemListElement":[{"@type":"ListItem","position":1,"name":"Hem","item":"https:\/\/wp.kristdemokraterna.se\/kalmarlan\/"},{"@type":"ListItem","position":2,"name":"Nya jobb ger snabbare integration"}]},{"@type":"WebSite","@id":"https:\/\/wp.kristdemokraterna.se\/kalmarlan\/#website","url":"https:\/\/wp.kristdemokraterna.se\/kalmarlan\/","name":"i Kalmar l\u00e4n","description":"","inLanguage":"sv-SE"},{"@type":"Person","@id":"https:\/\/wp.kristdemokraterna.se\/kalmarlan\/#\/schema\/person\/a1856739934bf9c6a11fb258646ea2a5","name":"kalmarlan","image":{"@type":"ImageObject","inLanguage":"sv-SE","@id":"https:\/\/secure.gravatar.com\/avatar\/ef1f7dcd1b21be34f0f3e58a032955c2de43794b20090a23118cd0e2a8964e6e?s=96&r=g","url":"https:\/\/secure.gravatar.com\/avatar\/ef1f7dcd1b21be34f0f3e58a032955c2de43794b20090a23118cd0e2a8964e6e?s=96&r=g","contentUrl":"https:\/\/secure.gravatar.com\/avatar\/ef1f7dcd1b21be34f0f3e58a032955c2de43794b20090a23118cd0e2a8964e6e?s=96&r=g","caption":"kalmarlan"},"url":"https:\/\/wp.kristdemokraterna.se\/kalmarlan\/author\/kalmarlan\/"}]}},"_links":{"self":[{"href":"https:\/\/wp.kristdemokraterna.se\/kalmarlan\/wp-json\/wp\/v2\/posts\/576","targetHints":{"allow":["GET"]}}],"collection":[{"href":"https:\/\/wp.kristdemokraterna.se\/kalmarlan\/wp-json\/wp\/v2\/posts"}],"about":[{"href":"https:\/\/wp.kristdemokraterna.se\/kalmarlan\/wp-json\/wp\/v2\/types\/post"}],"author":[{"embeddable":true,"href":"https:\/\/wp.kristdemokraterna.se\/kalmarlan\/wp-json\/wp\/v2\/users\/417"}],"replies":[{"embeddable":true,"href":"https:\/\/wp.kristdemokraterna.se\/kalmarlan\/wp-json\/wp\/v2\/comments?post=576"}],"version-history":[{"count":1,"href":"https:\/\/wp.kristdemokraterna.se\/kalmarlan\/wp-json\/wp\/v2\/posts\/576\/revisions"}],"predecessor-version":[{"id":577,"href":"https:\/\/wp.kristdemokraterna.se\/kalmarlan\/wp-json\/wp\/v2\/posts\/576\/revisions\/577"}],"wp:attachment":[{"href":"https:\/\/wp.kristdemokraterna.se\/kalmarlan\/wp-json\/wp\/v2\/media?parent=576"}],"wp:term":[{"taxonomy":"category","embeddable":true,"href":"https:\/\/wp.kristdemokraterna.se\/kalmarlan\/wp-json\/wp\/v2\/categories?post=576"},{"taxonomy":"post_tag","embeddable":true,"href":"https:\/\/wp.kristdemokraterna.se\/kalmarlan\/wp-json\/wp\/v2\/tags?post=576"}],"curies":[{"name":"wp","href":"https:\/\/api.w.org\/{rel}","templated":true}]}}