{"id":579,"date":"2016-01-13T16:02:45","date_gmt":"2016-01-13T15:02:45","guid":{"rendered":"http:\/\/wp.kristdemokraterna.se\/kalmarlan\/?p=579"},"modified":"2016-01-13T16:02:45","modified_gmt":"2016-01-13T15:02:45","slug":"interpellation-ska-landstinget-verka-for-legalisering-av-narkotika","status":"publish","type":"post","link":"https:\/\/wp.kristdemokraterna.se\/kalmarlan\/interpellation-ska-landstinget-verka-for-legalisering-av-narkotika\/","title":{"rendered":"Interpellation \u2013 Ska landstinget verka f\u00f6r legalisering av narkotika?"},"content":{"rendered":"<p>Gudrun Bruneg\u00e5rd l\u00e4mnade ig\u00e5r in f\u00f6ljande interpellation till\u00a0Folkh\u00e4lsoutskottets ordf\u00f6rande Linda Fleetwood (V)<\/p>\n<div id=\"attachment_452\" style=\"width: 234px\" class=\"wp-caption alignright\"><img loading=\"lazy\" decoding=\"async\" aria-describedby=\"caption-attachment-452\" class=\"size-medium wp-image-452\" src=\"http:\/\/wp.kristdemokraterna.se\/kalmarlan\/files\/2014\/08\/gudrun-224x300.jpg\" alt=\"Gudrun Bruneg\u00e5rd landstingsr\u00e5d\" width=\"224\" height=\"300\" srcset=\"https:\/\/wp.kristdemokraterna.se\/kalmarlan\/files\/2014\/08\/gudrun-224x300.jpg 224w, https:\/\/wp.kristdemokraterna.se\/kalmarlan\/files\/2014\/08\/gudrun-404x540.jpg 404w, https:\/\/wp.kristdemokraterna.se\/kalmarlan\/files\/2014\/08\/gudrun-259x346.jpg 259w, https:\/\/wp.kristdemokraterna.se\/kalmarlan\/files\/2014\/08\/gudrun-83x112.jpg 83w, https:\/\/wp.kristdemokraterna.se\/kalmarlan\/files\/2014\/08\/gudrun.jpg 1534w\" sizes=\"auto, (max-width: 224px) 100vw, 224px\" \/><p id=\"caption-attachment-452\" class=\"wp-caption-text\">Gudrun Bruneg\u00e5rd landstingsr\u00e5d<\/p><\/div>\n<p><strong>Ska landstinget verka f\u00f6r legalisering av narkotika?<\/strong><\/p>\n<div class=\"entry-content\">\n<p>I V\u00e4sterviksmedier har en diskussion om narkotika och samh\u00e4llets insatser tagit fart. I en artikel i V\u00e4sterviks-Tidningen den 5 januari 2016 har Anna Bodjo (MP), ledamot i Folkh\u00e4lsoutskottet, uttryckt att \u201di alla fall bruket av narkotika borde legaliseras\u201d. Hon menar att man d\u00e5 \u201dminskar skuldbel\u00e4ggandet. Det blir l\u00e4ttare att tala om problemen och s\u00f6ka hj\u00e4lp\u201d och att Sverige borde \u201df\u00f6lja vad som h\u00e4nder i de l\u00e4nder som tagit steg mot legalisering\u201d. Hon beskriver narkotikamissbruk som \u201ddestruktiv sj\u00e4lvmedicinering\u201d.<\/p>\n<p>Det \u00e4r oklart hur l\u00e5ngt i legaliseringskedjan Bodjo vill g\u00e5; legalisering enbart av bruk av narkotika eller \u00e4ven av innehav av och\/eller handel med narkotika.<\/p>\n<p>Folkh\u00e4lsomyndigheten beskriver narkotikabruk som ett av de elva nationella m\u00e5lomr\u00e5dena f\u00f6r folkh\u00e4lsan, d\u00e5 \u201dnarkotikabruk inneb\u00e4r \u00f6kade risker f\u00f6r b\u00e5de medicinska och sociala skador samt \u00f6kad risk f\u00f6r f\u00f6rtidig d\u00f6d. Olika typer av psykiska sjukdomar och besv\u00e4r \u00e4r vanligare bland personer med ett skadligt narkotikabruk, men \u00e4ven ett mindre regelbundet bruk \u00f6kar risken f\u00f6r psykisk oh\u00e4lsa. Personer som anv\u00e4nder narkotika \u00e4r ofta mer socialt utsatta och l\u00f6per kraftigt \u00f6kad risk f\u00f6r b\u00e5de fysiska och psykiska sjukdomer \u00e4n befolkningen i allm\u00e4nhet\u201d.<\/p>\n<p>Denna bed\u00f6mning ligger bakom den svenska narkotikalagstiftningen. \u201dDen som olovligen f\u00f6rv\u00e4rvar narkotika i \u00f6verl\u00e5telsesyfte, framst\u00e4ller narkotika som \u00e4r avsedd f\u00f6r missbruk, bearbetar, f\u00f6rpackar, transporterar, f\u00f6rvarar eller tar annan befattning med narkotika som inte \u00e4r avsedd f\u00f6r eget bruk eller bjuder ut narkotika till f\u00f6rs\u00e4ljning, f\u00f6rvarar eller befordrar vederlag f\u00f6r narkotika, f\u00f6rmedlar kontakter mellan s\u00e4ljare och k\u00f6pare om f\u00f6rfarandet \u00e4r \u00e4gnat att fr\u00e4mja narkotikahandel eller innehar, brukar eller tar annan befattning med narkotika g\u00f6r sig skyldig till narkotikabrott\u201d (1 \u00a7 Narkotikastrafflagen). P\u00e5f\u00f6ljden \u00e4r f\u00e4ngelse i h\u00f6gst tre \u00e5r.<\/p>\n<p>Det \u00e4r ett v\u00e4l belagt samband att bruk av l\u00e4ttare beroendeframkallande medel s\u00e4nker tr\u00f6sklarna att b\u00f6rja anv\u00e4nda andra droger, vilket ofta leder till en sv\u00e5rare problematik, social utsatthet och inte s\u00e4llan v\u00e5ldsbrott och annan kriminalitet. En legalisering av narkotikabruk riskerar att uppfattas som att det inte \u00e4r s\u00e5 farligt. D\u00e4rf\u00f6r \u00e4r samh\u00e4llets signaler viktiga, med ett tydligt f\u00f6rbud mot narkotika, kombinerat med f\u00f6rebyggande insatser, v\u00e5rd f\u00f6r dem som hamnat i ett beroende och st\u00f6d till deras n\u00e4rst\u00e5ende.<\/p>\n<p>I en debattartikel i Svenska Dagbladet den 8 januari, med rubriken \u201dDe som vill legalisera b\u00f6r se helvetet f\u00f6rst\u201d, skriver narkotikapolisen Lennart Karlsson att \u201davkriminalisera bruk av narkotika skulle vara att ta bort polisens viktigaste verktyg\u201d.<\/p>\n<p>Mot denna bakgrund \u00e4r uttalandena fr\u00e5n en av landstingsmajoritetens f\u00f6retr\u00e4dare i Folkh\u00e4lsoutskottet anm\u00e4rkningsv\u00e4rd. Jag vill d\u00e4rf\u00f6r ha svar p\u00e5 f\u00f6ljande fr\u00e5gor:<\/p>\n<p>\u2013 Delar du Anna Bodjos tankar om legalisering av narkotikabruk?<br \/>\n\u2013 \u00c4r legalisering av narkotika en fr\u00e5ga som majoriteten i landstinget t\u00e4nkt lyfta p\u00e5 n\u00e5got s\u00e4tt eller \u00e4r det vi kunnat l\u00e4sa enbart ett enskilt milj\u00f6partiutspel?<\/p>\n<p>Kalmar l\u00e4n den 12 januari 2016<\/p>\n<p>Gudrun Bruneg\u00e5rd<\/p>\n<\/div>\n","protected":false},"excerpt":{"rendered":"<p>Gudrun Bruneg\u00e5rd l\u00e4mnade ig\u00e5r in f\u00f6ljande interpellation till\u00a0Folkh\u00e4lsoutskottets ordf\u00f6rande Linda Fleetwood (V) Ska landstinget verka f\u00f6r legalisering av narkotika? I V\u00e4sterviksmedier har en diskussion om narkotika och samh\u00e4llets insatser tagit fart. I en artikel i V\u00e4sterviks-Tidningen den 5 januari 2016 har Anna Bodjo (MP), ledamot i Folkh\u00e4lsoutskottet, uttryckt att \u201di alla fall bruket av narkotika <a class=\"read-more-link\" href=\"https:\/\/wp.kristdemokraterna.se\/kalmarlan\/interpellation-ska-landstinget-verka-for-legalisering-av-narkotika\/\">Read More<\/a><\/p>\n","protected":false},"author":417,"featured_media":0,"comment_status":"closed","ping_status":"closed","sticky":false,"template":"","format":"standard","meta":{"_acf_changed":false,"footnotes":""},"categories":[1],"tags":[],"class_list":["post-579","post","type-post","status-publish","format-standard","hentry","category-okategoriserade"],"acf":[],"yoast_head":"<!-- This site is optimized with the Yoast SEO plugin v27.4 - https:\/\/yoast.com\/product\/yoast-seo-wordpress\/ -->\n<title>Interpellation \u2013 Ska landstinget verka f\u00f6r legalisering av narkotika? - i Kalmar l\u00e4n<\/title>\n<meta name=\"robots\" content=\"index, follow, max-snippet:-1, max-image-preview:large, max-video-preview:-1\" \/>\n<link rel=\"canonical\" href=\"https:\/\/wp.kristdemokraterna.se\/kalmarlan\/interpellation-ska-landstinget-verka-for-legalisering-av-narkotika\/\" \/>\n<meta property=\"og:locale\" content=\"sv_SE\" \/>\n<meta property=\"og:type\" content=\"article\" \/>\n<meta property=\"og:title\" content=\"Interpellation \u2013 Ska landstinget verka f\u00f6r legalisering av narkotika? - i Kalmar l\u00e4n\" \/>\n<meta property=\"og:description\" content=\"Gudrun Bruneg\u00e5rd l\u00e4mnade ig\u00e5r in f\u00f6ljande interpellation till\u00a0Folkh\u00e4lsoutskottets ordf\u00f6rande Linda Fleetwood (V) Ska landstinget verka f\u00f6r legalisering av narkotika? I V\u00e4sterviksmedier har en diskussion om narkotika och samh\u00e4llets insatser tagit fart. I en artikel i V\u00e4sterviks-Tidningen den 5 januari 2016 har Anna Bodjo (MP), ledamot i Folkh\u00e4lsoutskottet, uttryckt att \u201di alla fall bruket av narkotika Read More\" \/>\n<meta property=\"og:url\" content=\"https:\/\/wp.kristdemokraterna.se\/kalmarlan\/interpellation-ska-landstinget-verka-for-legalisering-av-narkotika\/\" \/>\n<meta property=\"og:site_name\" content=\"i Kalmar l\u00e4n\" \/>\n<meta property=\"article:published_time\" content=\"2016-01-13T15:02:45+00:00\" \/>\n<meta property=\"og:image\" content=\"http:\/\/wp.kristdemokraterna.se\/kalmarlan\/files\/2014\/08\/gudrun-224x300.jpg\" \/>\n<meta name=\"author\" content=\"kalmarlan\" \/>\n<meta name=\"twitter:card\" content=\"summary_large_image\" \/>\n<meta name=\"twitter:label1\" content=\"Skriven av\" \/>\n\t<meta name=\"twitter:data1\" content=\"kalmarlan\" \/>\n\t<meta name=\"twitter:label2\" content=\"Ber\u00e4knad l\u00e4stid\" \/>\n\t<meta name=\"twitter:data2\" content=\"3 minuter\" \/>\n<script type=\"application\/ld+json\" class=\"yoast-schema-graph\">{\"@context\":\"https:\\\/\\\/schema.org\",\"@graph\":[{\"@type\":\"Article\",\"@id\":\"https:\\\/\\\/wp.kristdemokraterna.se\\\/kalmarlan\\\/interpellation-ska-landstinget-verka-for-legalisering-av-narkotika\\\/#article\",\"isPartOf\":{\"@id\":\"https:\\\/\\\/wp.kristdemokraterna.se\\\/kalmarlan\\\/interpellation-ska-landstinget-verka-for-legalisering-av-narkotika\\\/\"},\"author\":{\"name\":\"kalmarlan\",\"@id\":\"https:\\\/\\\/wp.kristdemokraterna.se\\\/kalmarlan\\\/#\\\/schema\\\/person\\\/a1856739934bf9c6a11fb258646ea2a5\"},\"headline\":\"Interpellation \u2013 Ska landstinget verka f\u00f6r legalisering av narkotika?\",\"datePublished\":\"2016-01-13T15:02:45+00:00\",\"mainEntityOfPage\":{\"@id\":\"https:\\\/\\\/wp.kristdemokraterna.se\\\/kalmarlan\\\/interpellation-ska-landstinget-verka-for-legalisering-av-narkotika\\\/\"},\"wordCount\":580,\"image\":{\"@id\":\"https:\\\/\\\/wp.kristdemokraterna.se\\\/kalmarlan\\\/interpellation-ska-landstinget-verka-for-legalisering-av-narkotika\\\/#primaryimage\"},\"thumbnailUrl\":\"http:\\\/\\\/wp.kristdemokraterna.se\\\/kalmarlan\\\/files\\\/2014\\\/08\\\/gudrun-224x300.jpg\",\"inLanguage\":\"sv-SE\"},{\"@type\":\"WebPage\",\"@id\":\"https:\\\/\\\/wp.kristdemokraterna.se\\\/kalmarlan\\\/interpellation-ska-landstinget-verka-for-legalisering-av-narkotika\\\/\",\"url\":\"https:\\\/\\\/wp.kristdemokraterna.se\\\/kalmarlan\\\/interpellation-ska-landstinget-verka-for-legalisering-av-narkotika\\\/\",\"name\":\"Interpellation \u2013 Ska landstinget verka f\u00f6r legalisering av narkotika? - i Kalmar l\u00e4n\",\"isPartOf\":{\"@id\":\"https:\\\/\\\/wp.kristdemokraterna.se\\\/kalmarlan\\\/#website\"},\"primaryImageOfPage\":{\"@id\":\"https:\\\/\\\/wp.kristdemokraterna.se\\\/kalmarlan\\\/interpellation-ska-landstinget-verka-for-legalisering-av-narkotika\\\/#primaryimage\"},\"image\":{\"@id\":\"https:\\\/\\\/wp.kristdemokraterna.se\\\/kalmarlan\\\/interpellation-ska-landstinget-verka-for-legalisering-av-narkotika\\\/#primaryimage\"},\"thumbnailUrl\":\"http:\\\/\\\/wp.kristdemokraterna.se\\\/kalmarlan\\\/files\\\/2014\\\/08\\\/gudrun-224x300.jpg\",\"datePublished\":\"2016-01-13T15:02:45+00:00\",\"author\":{\"@id\":\"https:\\\/\\\/wp.kristdemokraterna.se\\\/kalmarlan\\\/#\\\/schema\\\/person\\\/a1856739934bf9c6a11fb258646ea2a5\"},\"breadcrumb\":{\"@id\":\"https:\\\/\\\/wp.kristdemokraterna.se\\\/kalmarlan\\\/interpellation-ska-landstinget-verka-for-legalisering-av-narkotika\\\/#breadcrumb\"},\"inLanguage\":\"sv-SE\",\"potentialAction\":[{\"@type\":\"ReadAction\",\"target\":[\"https:\\\/\\\/wp.kristdemokraterna.se\\\/kalmarlan\\\/interpellation-ska-landstinget-verka-for-legalisering-av-narkotika\\\/\"]}]},{\"@type\":\"ImageObject\",\"inLanguage\":\"sv-SE\",\"@id\":\"https:\\\/\\\/wp.kristdemokraterna.se\\\/kalmarlan\\\/interpellation-ska-landstinget-verka-for-legalisering-av-narkotika\\\/#primaryimage\",\"url\":\"https:\\\/\\\/wp.kristdemokraterna.se\\\/kalmarlan\\\/files\\\/2014\\\/08\\\/gudrun.jpg\",\"contentUrl\":\"https:\\\/\\\/wp.kristdemokraterna.se\\\/kalmarlan\\\/files\\\/2014\\\/08\\\/gudrun.jpg\",\"width\":1534,\"height\":2048,\"caption\":\"Gudrun Bruneg\u00e5rd landstingsr\u00e5d\"},{\"@type\":\"BreadcrumbList\",\"@id\":\"https:\\\/\\\/wp.kristdemokraterna.se\\\/kalmarlan\\\/interpellation-ska-landstinget-verka-for-legalisering-av-narkotika\\\/#breadcrumb\",\"itemListElement\":[{\"@type\":\"ListItem\",\"position\":1,\"name\":\"Hem\",\"item\":\"https:\\\/\\\/wp.kristdemokraterna.se\\\/kalmarlan\\\/\"},{\"@type\":\"ListItem\",\"position\":2,\"name\":\"Interpellation \u2013 Ska landstinget verka f\u00f6r legalisering av narkotika?\"}]},{\"@type\":\"WebSite\",\"@id\":\"https:\\\/\\\/wp.kristdemokraterna.se\\\/kalmarlan\\\/#website\",\"url\":\"https:\\\/\\\/wp.kristdemokraterna.se\\\/kalmarlan\\\/\",\"name\":\"i Kalmar l\u00e4n\",\"description\":\"\",\"inLanguage\":\"sv-SE\"},{\"@type\":\"Person\",\"@id\":\"https:\\\/\\\/wp.kristdemokraterna.se\\\/kalmarlan\\\/#\\\/schema\\\/person\\\/a1856739934bf9c6a11fb258646ea2a5\",\"name\":\"kalmarlan\",\"image\":{\"@type\":\"ImageObject\",\"inLanguage\":\"sv-SE\",\"@id\":\"https:\\\/\\\/secure.gravatar.com\\\/avatar\\\/ef1f7dcd1b21be34f0f3e58a032955c2de43794b20090a23118cd0e2a8964e6e?s=96&r=g\",\"url\":\"https:\\\/\\\/secure.gravatar.com\\\/avatar\\\/ef1f7dcd1b21be34f0f3e58a032955c2de43794b20090a23118cd0e2a8964e6e?s=96&r=g\",\"contentUrl\":\"https:\\\/\\\/secure.gravatar.com\\\/avatar\\\/ef1f7dcd1b21be34f0f3e58a032955c2de43794b20090a23118cd0e2a8964e6e?s=96&r=g\",\"caption\":\"kalmarlan\"},\"url\":\"https:\\\/\\\/wp.kristdemokraterna.se\\\/kalmarlan\\\/author\\\/kalmarlan\\\/\"}]}<\/script>\n<!-- \/ Yoast SEO plugin. -->","yoast_head_json":{"title":"Interpellation \u2013 Ska landstinget verka f\u00f6r legalisering av narkotika? - i Kalmar l\u00e4n","robots":{"index":"index","follow":"follow","max-snippet":"max-snippet:-1","max-image-preview":"max-image-preview:large","max-video-preview":"max-video-preview:-1"},"canonical":"https:\/\/wp.kristdemokraterna.se\/kalmarlan\/interpellation-ska-landstinget-verka-for-legalisering-av-narkotika\/","og_locale":"sv_SE","og_type":"article","og_title":"Interpellation \u2013 Ska landstinget verka f\u00f6r legalisering av narkotika? - i Kalmar l\u00e4n","og_description":"Gudrun Bruneg\u00e5rd l\u00e4mnade ig\u00e5r in f\u00f6ljande interpellation till\u00a0Folkh\u00e4lsoutskottets ordf\u00f6rande Linda Fleetwood (V) Ska landstinget verka f\u00f6r legalisering av narkotika? I V\u00e4sterviksmedier har en diskussion om narkotika och samh\u00e4llets insatser tagit fart. I en artikel i V\u00e4sterviks-Tidningen den 5 januari 2016 har Anna Bodjo (MP), ledamot i Folkh\u00e4lsoutskottet, uttryckt att \u201di alla fall bruket av narkotika Read More","og_url":"https:\/\/wp.kristdemokraterna.se\/kalmarlan\/interpellation-ska-landstinget-verka-for-legalisering-av-narkotika\/","og_site_name":"i Kalmar l\u00e4n","article_published_time":"2016-01-13T15:02:45+00:00","og_image":[{"url":"http:\/\/wp.kristdemokraterna.se\/kalmarlan\/files\/2014\/08\/gudrun-224x300.jpg","type":"","width":"","height":""}],"author":"kalmarlan","twitter_card":"summary_large_image","twitter_misc":{"Skriven av":"kalmarlan","Ber\u00e4knad l\u00e4stid":"3 minuter"},"schema":{"@context":"https:\/\/schema.org","@graph":[{"@type":"Article","@id":"https:\/\/wp.kristdemokraterna.se\/kalmarlan\/interpellation-ska-landstinget-verka-for-legalisering-av-narkotika\/#article","isPartOf":{"@id":"https:\/\/wp.kristdemokraterna.se\/kalmarlan\/interpellation-ska-landstinget-verka-for-legalisering-av-narkotika\/"},"author":{"name":"kalmarlan","@id":"https:\/\/wp.kristdemokraterna.se\/kalmarlan\/#\/schema\/person\/a1856739934bf9c6a11fb258646ea2a5"},"headline":"Interpellation \u2013 Ska landstinget verka f\u00f6r legalisering av narkotika?","datePublished":"2016-01-13T15:02:45+00:00","mainEntityOfPage":{"@id":"https:\/\/wp.kristdemokraterna.se\/kalmarlan\/interpellation-ska-landstinget-verka-for-legalisering-av-narkotika\/"},"wordCount":580,"image":{"@id":"https:\/\/wp.kristdemokraterna.se\/kalmarlan\/interpellation-ska-landstinget-verka-for-legalisering-av-narkotika\/#primaryimage"},"thumbnailUrl":"http:\/\/wp.kristdemokraterna.se\/kalmarlan\/files\/2014\/08\/gudrun-224x300.jpg","inLanguage":"sv-SE"},{"@type":"WebPage","@id":"https:\/\/wp.kristdemokraterna.se\/kalmarlan\/interpellation-ska-landstinget-verka-for-legalisering-av-narkotika\/","url":"https:\/\/wp.kristdemokraterna.se\/kalmarlan\/interpellation-ska-landstinget-verka-for-legalisering-av-narkotika\/","name":"Interpellation \u2013 Ska landstinget verka f\u00f6r legalisering av narkotika? - i Kalmar l\u00e4n","isPartOf":{"@id":"https:\/\/wp.kristdemokraterna.se\/kalmarlan\/#website"},"primaryImageOfPage":{"@id":"https:\/\/wp.kristdemokraterna.se\/kalmarlan\/interpellation-ska-landstinget-verka-for-legalisering-av-narkotika\/#primaryimage"},"image":{"@id":"https:\/\/wp.kristdemokraterna.se\/kalmarlan\/interpellation-ska-landstinget-verka-for-legalisering-av-narkotika\/#primaryimage"},"thumbnailUrl":"http:\/\/wp.kristdemokraterna.se\/kalmarlan\/files\/2014\/08\/gudrun-224x300.jpg","datePublished":"2016-01-13T15:02:45+00:00","author":{"@id":"https:\/\/wp.kristdemokraterna.se\/kalmarlan\/#\/schema\/person\/a1856739934bf9c6a11fb258646ea2a5"},"breadcrumb":{"@id":"https:\/\/wp.kristdemokraterna.se\/kalmarlan\/interpellation-ska-landstinget-verka-for-legalisering-av-narkotika\/#breadcrumb"},"inLanguage":"sv-SE","potentialAction":[{"@type":"ReadAction","target":["https:\/\/wp.kristdemokraterna.se\/kalmarlan\/interpellation-ska-landstinget-verka-for-legalisering-av-narkotika\/"]}]},{"@type":"ImageObject","inLanguage":"sv-SE","@id":"https:\/\/wp.kristdemokraterna.se\/kalmarlan\/interpellation-ska-landstinget-verka-for-legalisering-av-narkotika\/#primaryimage","url":"https:\/\/wp.kristdemokraterna.se\/kalmarlan\/files\/2014\/08\/gudrun.jpg","contentUrl":"https:\/\/wp.kristdemokraterna.se\/kalmarlan\/files\/2014\/08\/gudrun.jpg","width":1534,"height":2048,"caption":"Gudrun Bruneg\u00e5rd landstingsr\u00e5d"},{"@type":"BreadcrumbList","@id":"https:\/\/wp.kristdemokraterna.se\/kalmarlan\/interpellation-ska-landstinget-verka-for-legalisering-av-narkotika\/#breadcrumb","itemListElement":[{"@type":"ListItem","position":1,"name":"Hem","item":"https:\/\/wp.kristdemokraterna.se\/kalmarlan\/"},{"@type":"ListItem","position":2,"name":"Interpellation \u2013 Ska landstinget verka f\u00f6r legalisering av narkotika?"}]},{"@type":"WebSite","@id":"https:\/\/wp.kristdemokraterna.se\/kalmarlan\/#website","url":"https:\/\/wp.kristdemokraterna.se\/kalmarlan\/","name":"i Kalmar l\u00e4n","description":"","inLanguage":"sv-SE"},{"@type":"Person","@id":"https:\/\/wp.kristdemokraterna.se\/kalmarlan\/#\/schema\/person\/a1856739934bf9c6a11fb258646ea2a5","name":"kalmarlan","image":{"@type":"ImageObject","inLanguage":"sv-SE","@id":"https:\/\/secure.gravatar.com\/avatar\/ef1f7dcd1b21be34f0f3e58a032955c2de43794b20090a23118cd0e2a8964e6e?s=96&r=g","url":"https:\/\/secure.gravatar.com\/avatar\/ef1f7dcd1b21be34f0f3e58a032955c2de43794b20090a23118cd0e2a8964e6e?s=96&r=g","contentUrl":"https:\/\/secure.gravatar.com\/avatar\/ef1f7dcd1b21be34f0f3e58a032955c2de43794b20090a23118cd0e2a8964e6e?s=96&r=g","caption":"kalmarlan"},"url":"https:\/\/wp.kristdemokraterna.se\/kalmarlan\/author\/kalmarlan\/"}]}},"_links":{"self":[{"href":"https:\/\/wp.kristdemokraterna.se\/kalmarlan\/wp-json\/wp\/v2\/posts\/579","targetHints":{"allow":["GET"]}}],"collection":[{"href":"https:\/\/wp.kristdemokraterna.se\/kalmarlan\/wp-json\/wp\/v2\/posts"}],"about":[{"href":"https:\/\/wp.kristdemokraterna.se\/kalmarlan\/wp-json\/wp\/v2\/types\/post"}],"author":[{"embeddable":true,"href":"https:\/\/wp.kristdemokraterna.se\/kalmarlan\/wp-json\/wp\/v2\/users\/417"}],"replies":[{"embeddable":true,"href":"https:\/\/wp.kristdemokraterna.se\/kalmarlan\/wp-json\/wp\/v2\/comments?post=579"}],"version-history":[{"count":1,"href":"https:\/\/wp.kristdemokraterna.se\/kalmarlan\/wp-json\/wp\/v2\/posts\/579\/revisions"}],"predecessor-version":[{"id":580,"href":"https:\/\/wp.kristdemokraterna.se\/kalmarlan\/wp-json\/wp\/v2\/posts\/579\/revisions\/580"}],"wp:attachment":[{"href":"https:\/\/wp.kristdemokraterna.se\/kalmarlan\/wp-json\/wp\/v2\/media?parent=579"}],"wp:term":[{"taxonomy":"category","embeddable":true,"href":"https:\/\/wp.kristdemokraterna.se\/kalmarlan\/wp-json\/wp\/v2\/categories?post=579"},{"taxonomy":"post_tag","embeddable":true,"href":"https:\/\/wp.kristdemokraterna.se\/kalmarlan\/wp-json\/wp\/v2\/tags?post=579"}],"curies":[{"name":"wp","href":"https:\/\/api.w.org\/{rel}","templated":true}]}}