{"id":582,"date":"2016-02-04T18:01:10","date_gmt":"2016-02-04T17:01:10","guid":{"rendered":"http:\/\/wp.kristdemokraterna.se\/kalmarlan\/?p=582"},"modified":"2016-02-04T18:01:10","modified_gmt":"2016-02-04T17:01:10","slug":"overge-inte-sodra-oland","status":"publish","type":"post","link":"https:\/\/wp.kristdemokraterna.se\/kalmarlan\/overge-inte-sodra-oland\/","title":{"rendered":"\u00d6verge inte s\u00f6dra \u00d6land!"},"content":{"rendered":"<p><em>Pressmeddelande den 4 feb 2016:<\/em><\/p>\n<div id=\"attachment_452\" style=\"width: 234px\" class=\"wp-caption alignright\"><img loading=\"lazy\" decoding=\"async\" aria-describedby=\"caption-attachment-452\" class=\"size-medium wp-image-452\" src=\"http:\/\/wp.kristdemokraterna.se\/kalmarlan\/files\/2014\/08\/gudrun-224x300.jpg\" alt=\"Gudrun Bruneg\u00e5rd landstingsr\u00e5d\" width=\"224\" height=\"300\" srcset=\"https:\/\/wp.kristdemokraterna.se\/kalmarlan\/files\/2014\/08\/gudrun-224x300.jpg 224w, https:\/\/wp.kristdemokraterna.se\/kalmarlan\/files\/2014\/08\/gudrun-404x540.jpg 404w, https:\/\/wp.kristdemokraterna.se\/kalmarlan\/files\/2014\/08\/gudrun-259x346.jpg 259w, https:\/\/wp.kristdemokraterna.se\/kalmarlan\/files\/2014\/08\/gudrun-83x112.jpg 83w, https:\/\/wp.kristdemokraterna.se\/kalmarlan\/files\/2014\/08\/gudrun.jpg 1534w\" sizes=\"auto, (max-width: 224px) 100vw, 224px\" \/><p id=\"caption-attachment-452\" class=\"wp-caption-text\">Gudrun Bruneg\u00e5rd landstingsr\u00e5d<\/p><\/div>\n<p><b>-Att st\u00e4nga M\u00f6rbyl\u00e5nga h\u00e4lsocentral i \u00e5tta veckor i sommar, n\u00e4r trycket \u00e4r som st\u00f6rst, \u00e4r ingen bra l\u00f6sning. Landstinget f\u00e5r inte \u00f6verge befolkningen i s\u00f6dra \u00d6land, som redan har l\u00e5nga avst\u00e5nd, \u00e4ven om det inte \u00e4r f\u00f6rsta g\u00e5ngen vi ser att den r\u00f6dgr\u00f6na landstingsmajoriteten g\u00e4rna centraliserar.<\/b><b> <\/b><b>Distriktssk\u00f6terskemottagningen i Degerhamn har man ju redan st\u00e4ngt.\u00a0<\/b><\/p>\n<p><b>Det s\u00e4ger Gudrun Bruneg\u00e5rd, oppositionsr\u00e5d (KD), med ansvar f\u00f6r prim\u00e4rv\u00e5rden, med anledning av den arbetshypotes som offentliggjorts i media.\u00a0<\/b><\/p>\n<p>&#8211; Det \u00e4r inte mycket vunnet om man tvingar patienterna att resa l\u00e5nga str\u00e4ckor. Det kommer i s\u00e5 fall att \u00f6ka kostnaderna f\u00f6r sjukresor, men ocks\u00e5 milj\u00f6belastningen.<\/p>\n<p>&#8211; I f\u00f6rsta hand f\u00f6ruts\u00e4tter jag att man jobbar vidare med att rekrytera semestervikarier, s\u00e5 man slipper st\u00e4nga alls, under den period d\u00e5 det \u00e4r som flest m\u00e4nniskor p\u00e5 \u00d6land. I Borgholm brukar man ju lyckas bra och till och med \u00f6kar \u00f6ppeth\u00e5llandet f\u00f6r att hinna ge alla v\u00e5rd. I annat fall g\u00e4ller det att hitta n\u00e5got annat, mer patientv\u00e4nligt alternativ, s\u00e4ger Gudrun Bruneg\u00e5rd.<\/p>\n<p>&#8211; En l\u00f6sning skulle exempelvis kunna vara att ha \u00f6ppet i F\u00e4rjestaden tre dagar i veckan och tv\u00e5 dagar i M\u00f6rbyl\u00e5nga. D\u00e5 kan man h\u00e4nvisa patienterna till den plats som ligger n\u00e4rmast, s\u00e4ger Gudrun Bruneg\u00e5rd.<\/p>\n<p>&#8211; Jag har respekt f\u00f6r att personalen beh\u00f6ver semester. N\u00e4r belastningen \u00e4r s\u00e4rskilt stor, som den \u00e4r p\u00e5 \u00d6land med alla turister p\u00e5 sommaren, kan det vara frestande att v\u00e4lja en snabb och enkel l\u00f6sning. Men man kan inte l\u00e4mna hela s\u00f6dra \u00d6land \u00e5t sitt \u00f6de.<\/p>\n<p>&#8211; Om tillg\u00e4ngligheten i prim\u00e4rv\u00e5rden minskar, som oundvikligen blir fallet om en h\u00e4lsocentral st\u00e4ngs, \u00f6kar risken att patienterna s\u00f6ker sig till sjukhusets akutmottagning ist\u00e4llet. Det \u00e4r inte s\u00e4kert att det blir b\u00e4ttre v\u00e5rd om sjukhusspecialister ska ta hand om prim\u00e4rv\u00e5rdspatienter, men ett som \u00e4r s\u00e4kert \u00e4r att v\u00e4ntetiderna p\u00e5 akuten blir l\u00e4ngre. Det \u00e4r inte r\u00e4tt s\u00e4tt att anv\u00e4nda sjukv\u00e5rdens resurser. D\u00e4rf\u00f6r hoppas jag att den r\u00f6dgr\u00f6na majoriteten \u00e4ndrar sig och h\u00e5ller v\u00e5rden \u00f6ppen i M\u00f6rbyl\u00e5nga, avslutar Gudrun Bruneg\u00e5rd.<\/p>\n","protected":false},"excerpt":{"rendered":"<p>Pressmeddelande den 4 feb 2016: -Att st\u00e4nga M\u00f6rbyl\u00e5nga h\u00e4lsocentral i \u00e5tta veckor i sommar, n\u00e4r trycket \u00e4r som st\u00f6rst, \u00e4r ingen bra l\u00f6sning. Landstinget f\u00e5r inte \u00f6verge befolkningen i s\u00f6dra \u00d6land, som redan har l\u00e5nga avst\u00e5nd, \u00e4ven om det inte \u00e4r f\u00f6rsta g\u00e5ngen vi ser att den r\u00f6dgr\u00f6na landstingsmajoriteten g\u00e4rna centraliserar. Distriktssk\u00f6terskemottagningen i Degerhamn har <a class=\"read-more-link\" href=\"https:\/\/wp.kristdemokraterna.se\/kalmarlan\/overge-inte-sodra-oland\/\">Read More<\/a><\/p>\n","protected":false},"author":417,"featured_media":0,"comment_status":"closed","ping_status":"closed","sticky":false,"template":"","format":"standard","meta":{"_acf_changed":false,"footnotes":""},"categories":[1],"tags":[],"class_list":["post-582","post","type-post","status-publish","format-standard","hentry","category-okategoriserade"],"acf":[],"yoast_head":"<!-- This site is optimized with the Yoast SEO plugin v27.4 - https:\/\/yoast.com\/product\/yoast-seo-wordpress\/ -->\n<title>\u00d6verge inte s\u00f6dra \u00d6land! - i Kalmar l\u00e4n<\/title>\n<meta name=\"robots\" content=\"index, follow, max-snippet:-1, max-image-preview:large, max-video-preview:-1\" \/>\n<link rel=\"canonical\" href=\"https:\/\/wp.kristdemokraterna.se\/kalmarlan\/overge-inte-sodra-oland\/\" \/>\n<meta property=\"og:locale\" content=\"sv_SE\" \/>\n<meta property=\"og:type\" content=\"article\" \/>\n<meta property=\"og:title\" content=\"\u00d6verge inte s\u00f6dra \u00d6land! - i Kalmar l\u00e4n\" \/>\n<meta property=\"og:description\" content=\"Pressmeddelande den 4 feb 2016: -Att st\u00e4nga M\u00f6rbyl\u00e5nga h\u00e4lsocentral i \u00e5tta veckor i sommar, n\u00e4r trycket \u00e4r som st\u00f6rst, \u00e4r ingen bra l\u00f6sning. Landstinget f\u00e5r inte \u00f6verge befolkningen i s\u00f6dra \u00d6land, som redan har l\u00e5nga avst\u00e5nd, \u00e4ven om det inte \u00e4r f\u00f6rsta g\u00e5ngen vi ser att den r\u00f6dgr\u00f6na landstingsmajoriteten g\u00e4rna centraliserar. Distriktssk\u00f6terskemottagningen i Degerhamn har Read More\" \/>\n<meta property=\"og:url\" content=\"https:\/\/wp.kristdemokraterna.se\/kalmarlan\/overge-inte-sodra-oland\/\" \/>\n<meta property=\"og:site_name\" content=\"i Kalmar l\u00e4n\" \/>\n<meta property=\"article:published_time\" content=\"2016-02-04T17:01:10+00:00\" \/>\n<meta property=\"og:image\" content=\"http:\/\/wp.kristdemokraterna.se\/kalmarlan\/files\/2014\/08\/gudrun-224x300.jpg\" \/>\n<meta name=\"author\" content=\"kalmarlan\" \/>\n<meta name=\"twitter:card\" content=\"summary_large_image\" \/>\n<meta name=\"twitter:label1\" content=\"Skriven av\" \/>\n\t<meta name=\"twitter:data1\" content=\"kalmarlan\" \/>\n\t<meta name=\"twitter:label2\" content=\"Ber\u00e4knad l\u00e4stid\" \/>\n\t<meta name=\"twitter:data2\" content=\"2 minuter\" \/>\n<script type=\"application\/ld+json\" class=\"yoast-schema-graph\">{\"@context\":\"https:\\\/\\\/schema.org\",\"@graph\":[{\"@type\":\"Article\",\"@id\":\"https:\\\/\\\/wp.kristdemokraterna.se\\\/kalmarlan\\\/overge-inte-sodra-oland\\\/#article\",\"isPartOf\":{\"@id\":\"https:\\\/\\\/wp.kristdemokraterna.se\\\/kalmarlan\\\/overge-inte-sodra-oland\\\/\"},\"author\":{\"name\":\"kalmarlan\",\"@id\":\"https:\\\/\\\/wp.kristdemokraterna.se\\\/kalmarlan\\\/#\\\/schema\\\/person\\\/a1856739934bf9c6a11fb258646ea2a5\"},\"headline\":\"\u00d6verge inte s\u00f6dra \u00d6land!\",\"datePublished\":\"2016-02-04T17:01:10+00:00\",\"mainEntityOfPage\":{\"@id\":\"https:\\\/\\\/wp.kristdemokraterna.se\\\/kalmarlan\\\/overge-inte-sodra-oland\\\/\"},\"wordCount\":429,\"image\":{\"@id\":\"https:\\\/\\\/wp.kristdemokraterna.se\\\/kalmarlan\\\/overge-inte-sodra-oland\\\/#primaryimage\"},\"thumbnailUrl\":\"http:\\\/\\\/wp.kristdemokraterna.se\\\/kalmarlan\\\/files\\\/2014\\\/08\\\/gudrun-224x300.jpg\",\"inLanguage\":\"sv-SE\"},{\"@type\":\"WebPage\",\"@id\":\"https:\\\/\\\/wp.kristdemokraterna.se\\\/kalmarlan\\\/overge-inte-sodra-oland\\\/\",\"url\":\"https:\\\/\\\/wp.kristdemokraterna.se\\\/kalmarlan\\\/overge-inte-sodra-oland\\\/\",\"name\":\"\u00d6verge inte s\u00f6dra \u00d6land! - i Kalmar l\u00e4n\",\"isPartOf\":{\"@id\":\"https:\\\/\\\/wp.kristdemokraterna.se\\\/kalmarlan\\\/#website\"},\"primaryImageOfPage\":{\"@id\":\"https:\\\/\\\/wp.kristdemokraterna.se\\\/kalmarlan\\\/overge-inte-sodra-oland\\\/#primaryimage\"},\"image\":{\"@id\":\"https:\\\/\\\/wp.kristdemokraterna.se\\\/kalmarlan\\\/overge-inte-sodra-oland\\\/#primaryimage\"},\"thumbnailUrl\":\"http:\\\/\\\/wp.kristdemokraterna.se\\\/kalmarlan\\\/files\\\/2014\\\/08\\\/gudrun-224x300.jpg\",\"datePublished\":\"2016-02-04T17:01:10+00:00\",\"author\":{\"@id\":\"https:\\\/\\\/wp.kristdemokraterna.se\\\/kalmarlan\\\/#\\\/schema\\\/person\\\/a1856739934bf9c6a11fb258646ea2a5\"},\"breadcrumb\":{\"@id\":\"https:\\\/\\\/wp.kristdemokraterna.se\\\/kalmarlan\\\/overge-inte-sodra-oland\\\/#breadcrumb\"},\"inLanguage\":\"sv-SE\",\"potentialAction\":[{\"@type\":\"ReadAction\",\"target\":[\"https:\\\/\\\/wp.kristdemokraterna.se\\\/kalmarlan\\\/overge-inte-sodra-oland\\\/\"]}]},{\"@type\":\"ImageObject\",\"inLanguage\":\"sv-SE\",\"@id\":\"https:\\\/\\\/wp.kristdemokraterna.se\\\/kalmarlan\\\/overge-inte-sodra-oland\\\/#primaryimage\",\"url\":\"https:\\\/\\\/wp.kristdemokraterna.se\\\/kalmarlan\\\/files\\\/2014\\\/08\\\/gudrun.jpg\",\"contentUrl\":\"https:\\\/\\\/wp.kristdemokraterna.se\\\/kalmarlan\\\/files\\\/2014\\\/08\\\/gudrun.jpg\",\"width\":1534,\"height\":2048,\"caption\":\"Gudrun Bruneg\u00e5rd landstingsr\u00e5d\"},{\"@type\":\"BreadcrumbList\",\"@id\":\"https:\\\/\\\/wp.kristdemokraterna.se\\\/kalmarlan\\\/overge-inte-sodra-oland\\\/#breadcrumb\",\"itemListElement\":[{\"@type\":\"ListItem\",\"position\":1,\"name\":\"Hem\",\"item\":\"https:\\\/\\\/wp.kristdemokraterna.se\\\/kalmarlan\\\/\"},{\"@type\":\"ListItem\",\"position\":2,\"name\":\"\u00d6verge inte s\u00f6dra \u00d6land!\"}]},{\"@type\":\"WebSite\",\"@id\":\"https:\\\/\\\/wp.kristdemokraterna.se\\\/kalmarlan\\\/#website\",\"url\":\"https:\\\/\\\/wp.kristdemokraterna.se\\\/kalmarlan\\\/\",\"name\":\"i Kalmar l\u00e4n\",\"description\":\"\",\"inLanguage\":\"sv-SE\"},{\"@type\":\"Person\",\"@id\":\"https:\\\/\\\/wp.kristdemokraterna.se\\\/kalmarlan\\\/#\\\/schema\\\/person\\\/a1856739934bf9c6a11fb258646ea2a5\",\"name\":\"kalmarlan\",\"image\":{\"@type\":\"ImageObject\",\"inLanguage\":\"sv-SE\",\"@id\":\"https:\\\/\\\/secure.gravatar.com\\\/avatar\\\/ef1f7dcd1b21be34f0f3e58a032955c2de43794b20090a23118cd0e2a8964e6e?s=96&r=g\",\"url\":\"https:\\\/\\\/secure.gravatar.com\\\/avatar\\\/ef1f7dcd1b21be34f0f3e58a032955c2de43794b20090a23118cd0e2a8964e6e?s=96&r=g\",\"contentUrl\":\"https:\\\/\\\/secure.gravatar.com\\\/avatar\\\/ef1f7dcd1b21be34f0f3e58a032955c2de43794b20090a23118cd0e2a8964e6e?s=96&r=g\",\"caption\":\"kalmarlan\"},\"url\":\"https:\\\/\\\/wp.kristdemokraterna.se\\\/kalmarlan\\\/author\\\/kalmarlan\\\/\"}]}<\/script>\n<!-- \/ Yoast SEO plugin. -->","yoast_head_json":{"title":"\u00d6verge inte s\u00f6dra \u00d6land! - i Kalmar l\u00e4n","robots":{"index":"index","follow":"follow","max-snippet":"max-snippet:-1","max-image-preview":"max-image-preview:large","max-video-preview":"max-video-preview:-1"},"canonical":"https:\/\/wp.kristdemokraterna.se\/kalmarlan\/overge-inte-sodra-oland\/","og_locale":"sv_SE","og_type":"article","og_title":"\u00d6verge inte s\u00f6dra \u00d6land! - i Kalmar l\u00e4n","og_description":"Pressmeddelande den 4 feb 2016: -Att st\u00e4nga M\u00f6rbyl\u00e5nga h\u00e4lsocentral i \u00e5tta veckor i sommar, n\u00e4r trycket \u00e4r som st\u00f6rst, \u00e4r ingen bra l\u00f6sning. Landstinget f\u00e5r inte \u00f6verge befolkningen i s\u00f6dra \u00d6land, som redan har l\u00e5nga avst\u00e5nd, \u00e4ven om det inte \u00e4r f\u00f6rsta g\u00e5ngen vi ser att den r\u00f6dgr\u00f6na landstingsmajoriteten g\u00e4rna centraliserar. Distriktssk\u00f6terskemottagningen i Degerhamn har Read More","og_url":"https:\/\/wp.kristdemokraterna.se\/kalmarlan\/overge-inte-sodra-oland\/","og_site_name":"i Kalmar l\u00e4n","article_published_time":"2016-02-04T17:01:10+00:00","og_image":[{"url":"http:\/\/wp.kristdemokraterna.se\/kalmarlan\/files\/2014\/08\/gudrun-224x300.jpg","type":"","width":"","height":""}],"author":"kalmarlan","twitter_card":"summary_large_image","twitter_misc":{"Skriven av":"kalmarlan","Ber\u00e4knad l\u00e4stid":"2 minuter"},"schema":{"@context":"https:\/\/schema.org","@graph":[{"@type":"Article","@id":"https:\/\/wp.kristdemokraterna.se\/kalmarlan\/overge-inte-sodra-oland\/#article","isPartOf":{"@id":"https:\/\/wp.kristdemokraterna.se\/kalmarlan\/overge-inte-sodra-oland\/"},"author":{"name":"kalmarlan","@id":"https:\/\/wp.kristdemokraterna.se\/kalmarlan\/#\/schema\/person\/a1856739934bf9c6a11fb258646ea2a5"},"headline":"\u00d6verge inte s\u00f6dra \u00d6land!","datePublished":"2016-02-04T17:01:10+00:00","mainEntityOfPage":{"@id":"https:\/\/wp.kristdemokraterna.se\/kalmarlan\/overge-inte-sodra-oland\/"},"wordCount":429,"image":{"@id":"https:\/\/wp.kristdemokraterna.se\/kalmarlan\/overge-inte-sodra-oland\/#primaryimage"},"thumbnailUrl":"http:\/\/wp.kristdemokraterna.se\/kalmarlan\/files\/2014\/08\/gudrun-224x300.jpg","inLanguage":"sv-SE"},{"@type":"WebPage","@id":"https:\/\/wp.kristdemokraterna.se\/kalmarlan\/overge-inte-sodra-oland\/","url":"https:\/\/wp.kristdemokraterna.se\/kalmarlan\/overge-inte-sodra-oland\/","name":"\u00d6verge inte s\u00f6dra \u00d6land! - i Kalmar l\u00e4n","isPartOf":{"@id":"https:\/\/wp.kristdemokraterna.se\/kalmarlan\/#website"},"primaryImageOfPage":{"@id":"https:\/\/wp.kristdemokraterna.se\/kalmarlan\/overge-inte-sodra-oland\/#primaryimage"},"image":{"@id":"https:\/\/wp.kristdemokraterna.se\/kalmarlan\/overge-inte-sodra-oland\/#primaryimage"},"thumbnailUrl":"http:\/\/wp.kristdemokraterna.se\/kalmarlan\/files\/2014\/08\/gudrun-224x300.jpg","datePublished":"2016-02-04T17:01:10+00:00","author":{"@id":"https:\/\/wp.kristdemokraterna.se\/kalmarlan\/#\/schema\/person\/a1856739934bf9c6a11fb258646ea2a5"},"breadcrumb":{"@id":"https:\/\/wp.kristdemokraterna.se\/kalmarlan\/overge-inte-sodra-oland\/#breadcrumb"},"inLanguage":"sv-SE","potentialAction":[{"@type":"ReadAction","target":["https:\/\/wp.kristdemokraterna.se\/kalmarlan\/overge-inte-sodra-oland\/"]}]},{"@type":"ImageObject","inLanguage":"sv-SE","@id":"https:\/\/wp.kristdemokraterna.se\/kalmarlan\/overge-inte-sodra-oland\/#primaryimage","url":"https:\/\/wp.kristdemokraterna.se\/kalmarlan\/files\/2014\/08\/gudrun.jpg","contentUrl":"https:\/\/wp.kristdemokraterna.se\/kalmarlan\/files\/2014\/08\/gudrun.jpg","width":1534,"height":2048,"caption":"Gudrun Bruneg\u00e5rd landstingsr\u00e5d"},{"@type":"BreadcrumbList","@id":"https:\/\/wp.kristdemokraterna.se\/kalmarlan\/overge-inte-sodra-oland\/#breadcrumb","itemListElement":[{"@type":"ListItem","position":1,"name":"Hem","item":"https:\/\/wp.kristdemokraterna.se\/kalmarlan\/"},{"@type":"ListItem","position":2,"name":"\u00d6verge inte s\u00f6dra \u00d6land!"}]},{"@type":"WebSite","@id":"https:\/\/wp.kristdemokraterna.se\/kalmarlan\/#website","url":"https:\/\/wp.kristdemokraterna.se\/kalmarlan\/","name":"i Kalmar l\u00e4n","description":"","inLanguage":"sv-SE"},{"@type":"Person","@id":"https:\/\/wp.kristdemokraterna.se\/kalmarlan\/#\/schema\/person\/a1856739934bf9c6a11fb258646ea2a5","name":"kalmarlan","image":{"@type":"ImageObject","inLanguage":"sv-SE","@id":"https:\/\/secure.gravatar.com\/avatar\/ef1f7dcd1b21be34f0f3e58a032955c2de43794b20090a23118cd0e2a8964e6e?s=96&r=g","url":"https:\/\/secure.gravatar.com\/avatar\/ef1f7dcd1b21be34f0f3e58a032955c2de43794b20090a23118cd0e2a8964e6e?s=96&r=g","contentUrl":"https:\/\/secure.gravatar.com\/avatar\/ef1f7dcd1b21be34f0f3e58a032955c2de43794b20090a23118cd0e2a8964e6e?s=96&r=g","caption":"kalmarlan"},"url":"https:\/\/wp.kristdemokraterna.se\/kalmarlan\/author\/kalmarlan\/"}]}},"_links":{"self":[{"href":"https:\/\/wp.kristdemokraterna.se\/kalmarlan\/wp-json\/wp\/v2\/posts\/582","targetHints":{"allow":["GET"]}}],"collection":[{"href":"https:\/\/wp.kristdemokraterna.se\/kalmarlan\/wp-json\/wp\/v2\/posts"}],"about":[{"href":"https:\/\/wp.kristdemokraterna.se\/kalmarlan\/wp-json\/wp\/v2\/types\/post"}],"author":[{"embeddable":true,"href":"https:\/\/wp.kristdemokraterna.se\/kalmarlan\/wp-json\/wp\/v2\/users\/417"}],"replies":[{"embeddable":true,"href":"https:\/\/wp.kristdemokraterna.se\/kalmarlan\/wp-json\/wp\/v2\/comments?post=582"}],"version-history":[{"count":1,"href":"https:\/\/wp.kristdemokraterna.se\/kalmarlan\/wp-json\/wp\/v2\/posts\/582\/revisions"}],"predecessor-version":[{"id":583,"href":"https:\/\/wp.kristdemokraterna.se\/kalmarlan\/wp-json\/wp\/v2\/posts\/582\/revisions\/583"}],"wp:attachment":[{"href":"https:\/\/wp.kristdemokraterna.se\/kalmarlan\/wp-json\/wp\/v2\/media?parent=582"}],"wp:term":[{"taxonomy":"category","embeddable":true,"href":"https:\/\/wp.kristdemokraterna.se\/kalmarlan\/wp-json\/wp\/v2\/categories?post=582"},{"taxonomy":"post_tag","embeddable":true,"href":"https:\/\/wp.kristdemokraterna.se\/kalmarlan\/wp-json\/wp\/v2\/tags?post=582"}],"curies":[{"name":"wp","href":"https:\/\/api.w.org\/{rel}","templated":true}]}}