{"id":587,"date":"2016-03-09T15:36:30","date_gmt":"2016-03-09T14:36:30","guid":{"rendered":"http:\/\/wp.kristdemokraterna.se\/kalmarlan\/?p=587"},"modified":"2016-03-09T15:36:30","modified_gmt":"2016-03-09T14:36:30","slug":"sammanhallet-smaland-en-fulltraff","status":"publish","type":"post","link":"https:\/\/wp.kristdemokraterna.se\/kalmarlan\/sammanhallet-smaland-en-fulltraff\/","title":{"rendered":"Sammanh\u00e5llet Sm\u00e5land \u2013 en fulltr\u00e4ff!"},"content":{"rendered":"<p><em>Pressmeddelande:<\/em><\/p>\n<p><strong>&#8211; Sveriges b\u00e4sta sjukv\u00e5rdsregion \u00e4r en utm\u00e4rkt grund f\u00f6r en ny st\u00f6rre region. V\u00e5ra regioner\/landsting \u00e4r framg\u00e5ngsrika i b\u00e5de h\u00f6g kvalitet och stark ekonomi. Tillsammans har \u00d6sterg\u00f6tland, J\u00f6nk\u00f6ping, Kalmar och Kronoberg landets b\u00e4sta l\u00e4ge, flera av Sveriges mest uppskattade bes\u00f6ksm\u00e5l, framg\u00e5ngsrika universitet och v\u00e4l utvecklad f\u00f6retagsamhet. F\u00f6rslaget till ny regionindelning \u00e4r en fulltr\u00e4ff!<\/strong><br \/>\n<strong> Det s\u00e4ger Gudrun Bruneg\u00e5rd, oppositionsr\u00e5d f\u00f6r Kristdemokraterna i Kalmar l\u00e4n, med anledning av Indelningskommitt\u00e9ns f\u00f6rslag till nya, st\u00f6rre regioner.<\/strong><\/p>\n<p>&#8211; F\u00f6r oss \u00e4r ett sammanh\u00e5llet Sm\u00e5land av stor betydelse. Samverkan med \u00d6sterg\u00f6tland \u00e4r viktig, inte minst med tanke p\u00e5 regionsjukv\u00e5rden och kommunikationerna norrut. F\u00f6rslaget st\u00e4mmer till punkt och pricka med det f\u00f6rslag som Kristdemokraterna i Kalmar l\u00e4n lanserade redan f\u00f6r drygt tio \u00e5r sedan, s\u00e4ger Gudrun Bruneg\u00e5rd.<\/p>\n<p>&#8211; Nu \u00e5terst\u00e5r ett antal utmaningar. En av de fr\u00e4msta blir att knyta ihop regionens olika delar f\u00f6r att skapa n\u00e4rhet och sammanh\u00e5llning och \u00f6ka m\u00f6jligheterna till arbets- och studiependling \u00f6ver de nuvarande l\u00e4nsgr\u00e4nserna. Det \u00e4r fullt m\u00f6jligt; Sk\u00e5ne har ju lyckats bra tack vare sina P\u00e5gat\u00e5g, s\u00e4ger Gudrun Bruneg\u00e5rd.<\/p>\n","protected":false},"excerpt":{"rendered":"<p>Pressmeddelande: &#8211; Sveriges b\u00e4sta sjukv\u00e5rdsregion \u00e4r en utm\u00e4rkt grund f\u00f6r en ny st\u00f6rre region. V\u00e5ra regioner\/landsting \u00e4r framg\u00e5ngsrika i b\u00e5de h\u00f6g kvalitet och stark ekonomi. Tillsammans har \u00d6sterg\u00f6tland, J\u00f6nk\u00f6ping, Kalmar och Kronoberg landets b\u00e4sta l\u00e4ge, flera av Sveriges mest uppskattade bes\u00f6ksm\u00e5l, framg\u00e5ngsrika universitet och v\u00e4l utvecklad f\u00f6retagsamhet. F\u00f6rslaget till ny regionindelning \u00e4r en fulltr\u00e4ff! Det <a class=\"read-more-link\" href=\"https:\/\/wp.kristdemokraterna.se\/kalmarlan\/sammanhallet-smaland-en-fulltraff\/\">Read More<\/a><\/p>\n","protected":false},"author":417,"featured_media":0,"comment_status":"closed","ping_status":"closed","sticky":false,"template":"","format":"standard","meta":{"_acf_changed":false,"footnotes":""},"categories":[1],"tags":[],"class_list":["post-587","post","type-post","status-publish","format-standard","hentry","category-okategoriserade"],"acf":[],"yoast_head":"<!-- This site is optimized with the Yoast SEO plugin v27.4 - https:\/\/yoast.com\/product\/yoast-seo-wordpress\/ -->\n<title>Sammanh\u00e5llet Sm\u00e5land \u2013 en fulltr\u00e4ff! - i Kalmar l\u00e4n<\/title>\n<meta name=\"robots\" content=\"index, follow, max-snippet:-1, max-image-preview:large, max-video-preview:-1\" \/>\n<link rel=\"canonical\" href=\"https:\/\/wp.kristdemokraterna.se\/kalmarlan\/sammanhallet-smaland-en-fulltraff\/\" \/>\n<meta property=\"og:locale\" content=\"sv_SE\" \/>\n<meta property=\"og:type\" content=\"article\" \/>\n<meta property=\"og:title\" content=\"Sammanh\u00e5llet Sm\u00e5land \u2013 en fulltr\u00e4ff! - i Kalmar l\u00e4n\" \/>\n<meta property=\"og:description\" content=\"Pressmeddelande: &#8211; Sveriges b\u00e4sta sjukv\u00e5rdsregion \u00e4r en utm\u00e4rkt grund f\u00f6r en ny st\u00f6rre region. V\u00e5ra regioner\/landsting \u00e4r framg\u00e5ngsrika i b\u00e5de h\u00f6g kvalitet och stark ekonomi. Tillsammans har \u00d6sterg\u00f6tland, J\u00f6nk\u00f6ping, Kalmar och Kronoberg landets b\u00e4sta l\u00e4ge, flera av Sveriges mest uppskattade bes\u00f6ksm\u00e5l, framg\u00e5ngsrika universitet och v\u00e4l utvecklad f\u00f6retagsamhet. F\u00f6rslaget till ny regionindelning \u00e4r en fulltr\u00e4ff! Det Read More\" \/>\n<meta property=\"og:url\" content=\"https:\/\/wp.kristdemokraterna.se\/kalmarlan\/sammanhallet-smaland-en-fulltraff\/\" \/>\n<meta property=\"og:site_name\" content=\"i Kalmar l\u00e4n\" \/>\n<meta property=\"article:published_time\" content=\"2016-03-09T14:36:30+00:00\" \/>\n<meta name=\"author\" content=\"kalmarlan\" \/>\n<meta name=\"twitter:card\" content=\"summary_large_image\" \/>\n<meta name=\"twitter:label1\" content=\"Skriven av\" \/>\n\t<meta name=\"twitter:data1\" content=\"kalmarlan\" \/>\n\t<meta name=\"twitter:label2\" content=\"Ber\u00e4knad l\u00e4stid\" \/>\n\t<meta name=\"twitter:data2\" content=\"1 minut\" \/>\n<script type=\"application\/ld+json\" class=\"yoast-schema-graph\">{\"@context\":\"https:\\\/\\\/schema.org\",\"@graph\":[{\"@type\":\"Article\",\"@id\":\"https:\\\/\\\/wp.kristdemokraterna.se\\\/kalmarlan\\\/sammanhallet-smaland-en-fulltraff\\\/#article\",\"isPartOf\":{\"@id\":\"https:\\\/\\\/wp.kristdemokraterna.se\\\/kalmarlan\\\/sammanhallet-smaland-en-fulltraff\\\/\"},\"author\":{\"name\":\"kalmarlan\",\"@id\":\"https:\\\/\\\/wp.kristdemokraterna.se\\\/kalmarlan\\\/#\\\/schema\\\/person\\\/a1856739934bf9c6a11fb258646ea2a5\"},\"headline\":\"Sammanh\u00e5llet Sm\u00e5land \u2013 en fulltr\u00e4ff!\",\"datePublished\":\"2016-03-09T14:36:30+00:00\",\"mainEntityOfPage\":{\"@id\":\"https:\\\/\\\/wp.kristdemokraterna.se\\\/kalmarlan\\\/sammanhallet-smaland-en-fulltraff\\\/\"},\"wordCount\":234,\"inLanguage\":\"sv-SE\"},{\"@type\":\"WebPage\",\"@id\":\"https:\\\/\\\/wp.kristdemokraterna.se\\\/kalmarlan\\\/sammanhallet-smaland-en-fulltraff\\\/\",\"url\":\"https:\\\/\\\/wp.kristdemokraterna.se\\\/kalmarlan\\\/sammanhallet-smaland-en-fulltraff\\\/\",\"name\":\"Sammanh\u00e5llet Sm\u00e5land \u2013 en fulltr\u00e4ff! - i Kalmar l\u00e4n\",\"isPartOf\":{\"@id\":\"https:\\\/\\\/wp.kristdemokraterna.se\\\/kalmarlan\\\/#website\"},\"datePublished\":\"2016-03-09T14:36:30+00:00\",\"author\":{\"@id\":\"https:\\\/\\\/wp.kristdemokraterna.se\\\/kalmarlan\\\/#\\\/schema\\\/person\\\/a1856739934bf9c6a11fb258646ea2a5\"},\"breadcrumb\":{\"@id\":\"https:\\\/\\\/wp.kristdemokraterna.se\\\/kalmarlan\\\/sammanhallet-smaland-en-fulltraff\\\/#breadcrumb\"},\"inLanguage\":\"sv-SE\",\"potentialAction\":[{\"@type\":\"ReadAction\",\"target\":[\"https:\\\/\\\/wp.kristdemokraterna.se\\\/kalmarlan\\\/sammanhallet-smaland-en-fulltraff\\\/\"]}]},{\"@type\":\"BreadcrumbList\",\"@id\":\"https:\\\/\\\/wp.kristdemokraterna.se\\\/kalmarlan\\\/sammanhallet-smaland-en-fulltraff\\\/#breadcrumb\",\"itemListElement\":[{\"@type\":\"ListItem\",\"position\":1,\"name\":\"Hem\",\"item\":\"https:\\\/\\\/wp.kristdemokraterna.se\\\/kalmarlan\\\/\"},{\"@type\":\"ListItem\",\"position\":2,\"name\":\"Sammanh\u00e5llet Sm\u00e5land \u2013 en fulltr\u00e4ff!\"}]},{\"@type\":\"WebSite\",\"@id\":\"https:\\\/\\\/wp.kristdemokraterna.se\\\/kalmarlan\\\/#website\",\"url\":\"https:\\\/\\\/wp.kristdemokraterna.se\\\/kalmarlan\\\/\",\"name\":\"i Kalmar l\u00e4n\",\"description\":\"\",\"inLanguage\":\"sv-SE\"},{\"@type\":\"Person\",\"@id\":\"https:\\\/\\\/wp.kristdemokraterna.se\\\/kalmarlan\\\/#\\\/schema\\\/person\\\/a1856739934bf9c6a11fb258646ea2a5\",\"name\":\"kalmarlan\",\"image\":{\"@type\":\"ImageObject\",\"inLanguage\":\"sv-SE\",\"@id\":\"https:\\\/\\\/secure.gravatar.com\\\/avatar\\\/ef1f7dcd1b21be34f0f3e58a032955c2de43794b20090a23118cd0e2a8964e6e?s=96&r=g\",\"url\":\"https:\\\/\\\/secure.gravatar.com\\\/avatar\\\/ef1f7dcd1b21be34f0f3e58a032955c2de43794b20090a23118cd0e2a8964e6e?s=96&r=g\",\"contentUrl\":\"https:\\\/\\\/secure.gravatar.com\\\/avatar\\\/ef1f7dcd1b21be34f0f3e58a032955c2de43794b20090a23118cd0e2a8964e6e?s=96&r=g\",\"caption\":\"kalmarlan\"},\"url\":\"https:\\\/\\\/wp.kristdemokraterna.se\\\/kalmarlan\\\/author\\\/kalmarlan\\\/\"}]}<\/script>\n<!-- \/ Yoast SEO plugin. -->","yoast_head_json":{"title":"Sammanh\u00e5llet Sm\u00e5land \u2013 en fulltr\u00e4ff! - i Kalmar l\u00e4n","robots":{"index":"index","follow":"follow","max-snippet":"max-snippet:-1","max-image-preview":"max-image-preview:large","max-video-preview":"max-video-preview:-1"},"canonical":"https:\/\/wp.kristdemokraterna.se\/kalmarlan\/sammanhallet-smaland-en-fulltraff\/","og_locale":"sv_SE","og_type":"article","og_title":"Sammanh\u00e5llet Sm\u00e5land \u2013 en fulltr\u00e4ff! - i Kalmar l\u00e4n","og_description":"Pressmeddelande: &#8211; Sveriges b\u00e4sta sjukv\u00e5rdsregion \u00e4r en utm\u00e4rkt grund f\u00f6r en ny st\u00f6rre region. V\u00e5ra regioner\/landsting \u00e4r framg\u00e5ngsrika i b\u00e5de h\u00f6g kvalitet och stark ekonomi. Tillsammans har \u00d6sterg\u00f6tland, J\u00f6nk\u00f6ping, Kalmar och Kronoberg landets b\u00e4sta l\u00e4ge, flera av Sveriges mest uppskattade bes\u00f6ksm\u00e5l, framg\u00e5ngsrika universitet och v\u00e4l utvecklad f\u00f6retagsamhet. F\u00f6rslaget till ny regionindelning \u00e4r en fulltr\u00e4ff! Det Read More","og_url":"https:\/\/wp.kristdemokraterna.se\/kalmarlan\/sammanhallet-smaland-en-fulltraff\/","og_site_name":"i Kalmar l\u00e4n","article_published_time":"2016-03-09T14:36:30+00:00","author":"kalmarlan","twitter_card":"summary_large_image","twitter_misc":{"Skriven av":"kalmarlan","Ber\u00e4knad l\u00e4stid":"1 minut"},"schema":{"@context":"https:\/\/schema.org","@graph":[{"@type":"Article","@id":"https:\/\/wp.kristdemokraterna.se\/kalmarlan\/sammanhallet-smaland-en-fulltraff\/#article","isPartOf":{"@id":"https:\/\/wp.kristdemokraterna.se\/kalmarlan\/sammanhallet-smaland-en-fulltraff\/"},"author":{"name":"kalmarlan","@id":"https:\/\/wp.kristdemokraterna.se\/kalmarlan\/#\/schema\/person\/a1856739934bf9c6a11fb258646ea2a5"},"headline":"Sammanh\u00e5llet Sm\u00e5land \u2013 en fulltr\u00e4ff!","datePublished":"2016-03-09T14:36:30+00:00","mainEntityOfPage":{"@id":"https:\/\/wp.kristdemokraterna.se\/kalmarlan\/sammanhallet-smaland-en-fulltraff\/"},"wordCount":234,"inLanguage":"sv-SE"},{"@type":"WebPage","@id":"https:\/\/wp.kristdemokraterna.se\/kalmarlan\/sammanhallet-smaland-en-fulltraff\/","url":"https:\/\/wp.kristdemokraterna.se\/kalmarlan\/sammanhallet-smaland-en-fulltraff\/","name":"Sammanh\u00e5llet Sm\u00e5land \u2013 en fulltr\u00e4ff! - i Kalmar l\u00e4n","isPartOf":{"@id":"https:\/\/wp.kristdemokraterna.se\/kalmarlan\/#website"},"datePublished":"2016-03-09T14:36:30+00:00","author":{"@id":"https:\/\/wp.kristdemokraterna.se\/kalmarlan\/#\/schema\/person\/a1856739934bf9c6a11fb258646ea2a5"},"breadcrumb":{"@id":"https:\/\/wp.kristdemokraterna.se\/kalmarlan\/sammanhallet-smaland-en-fulltraff\/#breadcrumb"},"inLanguage":"sv-SE","potentialAction":[{"@type":"ReadAction","target":["https:\/\/wp.kristdemokraterna.se\/kalmarlan\/sammanhallet-smaland-en-fulltraff\/"]}]},{"@type":"BreadcrumbList","@id":"https:\/\/wp.kristdemokraterna.se\/kalmarlan\/sammanhallet-smaland-en-fulltraff\/#breadcrumb","itemListElement":[{"@type":"ListItem","position":1,"name":"Hem","item":"https:\/\/wp.kristdemokraterna.se\/kalmarlan\/"},{"@type":"ListItem","position":2,"name":"Sammanh\u00e5llet Sm\u00e5land \u2013 en fulltr\u00e4ff!"}]},{"@type":"WebSite","@id":"https:\/\/wp.kristdemokraterna.se\/kalmarlan\/#website","url":"https:\/\/wp.kristdemokraterna.se\/kalmarlan\/","name":"i Kalmar l\u00e4n","description":"","inLanguage":"sv-SE"},{"@type":"Person","@id":"https:\/\/wp.kristdemokraterna.se\/kalmarlan\/#\/schema\/person\/a1856739934bf9c6a11fb258646ea2a5","name":"kalmarlan","image":{"@type":"ImageObject","inLanguage":"sv-SE","@id":"https:\/\/secure.gravatar.com\/avatar\/ef1f7dcd1b21be34f0f3e58a032955c2de43794b20090a23118cd0e2a8964e6e?s=96&r=g","url":"https:\/\/secure.gravatar.com\/avatar\/ef1f7dcd1b21be34f0f3e58a032955c2de43794b20090a23118cd0e2a8964e6e?s=96&r=g","contentUrl":"https:\/\/secure.gravatar.com\/avatar\/ef1f7dcd1b21be34f0f3e58a032955c2de43794b20090a23118cd0e2a8964e6e?s=96&r=g","caption":"kalmarlan"},"url":"https:\/\/wp.kristdemokraterna.se\/kalmarlan\/author\/kalmarlan\/"}]}},"_links":{"self":[{"href":"https:\/\/wp.kristdemokraterna.se\/kalmarlan\/wp-json\/wp\/v2\/posts\/587","targetHints":{"allow":["GET"]}}],"collection":[{"href":"https:\/\/wp.kristdemokraterna.se\/kalmarlan\/wp-json\/wp\/v2\/posts"}],"about":[{"href":"https:\/\/wp.kristdemokraterna.se\/kalmarlan\/wp-json\/wp\/v2\/types\/post"}],"author":[{"embeddable":true,"href":"https:\/\/wp.kristdemokraterna.se\/kalmarlan\/wp-json\/wp\/v2\/users\/417"}],"replies":[{"embeddable":true,"href":"https:\/\/wp.kristdemokraterna.se\/kalmarlan\/wp-json\/wp\/v2\/comments?post=587"}],"version-history":[{"count":1,"href":"https:\/\/wp.kristdemokraterna.se\/kalmarlan\/wp-json\/wp\/v2\/posts\/587\/revisions"}],"predecessor-version":[{"id":588,"href":"https:\/\/wp.kristdemokraterna.se\/kalmarlan\/wp-json\/wp\/v2\/posts\/587\/revisions\/588"}],"wp:attachment":[{"href":"https:\/\/wp.kristdemokraterna.se\/kalmarlan\/wp-json\/wp\/v2\/media?parent=587"}],"wp:term":[{"taxonomy":"category","embeddable":true,"href":"https:\/\/wp.kristdemokraterna.se\/kalmarlan\/wp-json\/wp\/v2\/categories?post=587"},{"taxonomy":"post_tag","embeddable":true,"href":"https:\/\/wp.kristdemokraterna.se\/kalmarlan\/wp-json\/wp\/v2\/tags?post=587"}],"curies":[{"name":"wp","href":"https:\/\/api.w.org\/{rel}","templated":true}]}}