{"id":590,"date":"2016-03-14T14:24:06","date_gmt":"2016-03-14T13:24:06","guid":{"rendered":"http:\/\/wp.kristdemokraterna.se\/kalmarlan\/?p=590"},"modified":"2016-03-14T14:24:06","modified_gmt":"2016-03-14T13:24:06","slug":"ebba-busch-thor-gastade-kalmar-lan","status":"publish","type":"post","link":"https:\/\/wp.kristdemokraterna.se\/kalmarlan\/ebba-busch-thor-gastade-kalmar-lan\/","title":{"rendered":"Ebba Busch Thor g\u00e4stade Kalmar l\u00e4n"},"content":{"rendered":"<p>Under l\u00f6rdagen h\u00f6ll Kristdemokraterna i Kalmar l\u00e4n partidistrikts\u00e5rsm\u00f6te och Gudrun Bruneg\u00e5rd h\u00e4lsade alla n\u00e4rvarande v\u00e4lkomna till Vimmerby.<img loading=\"lazy\" decoding=\"async\" class=\"alignleft size-medium wp-image-601\" src=\"http:\/\/wp.kristdemokraterna.se\/kalmarlan\/files\/2016\/03\/img_8560-300x300.jpg\" alt=\"IMG_8560\" width=\"300\" height=\"300\" srcset=\"https:\/\/wp.kristdemokraterna.se\/kalmarlan\/files\/2016\/03\/img_8560-300x300.jpg 300w, https:\/\/wp.kristdemokraterna.se\/kalmarlan\/files\/2016\/03\/img_8560-150x150.jpg 150w, https:\/\/wp.kristdemokraterna.se\/kalmarlan\/files\/2016\/03\/img_8560-768x768.jpg 768w, https:\/\/wp.kristdemokraterna.se\/kalmarlan\/files\/2016\/03\/img_8560-540x540.jpg 540w, https:\/\/wp.kristdemokraterna.se\/kalmarlan\/files\/2016\/03\/img_8560-346x346.jpg 346w, https:\/\/wp.kristdemokraterna.se\/kalmarlan\/files\/2016\/03\/img_8560-112x112.jpg 112w, https:\/\/wp.kristdemokraterna.se\/kalmarlan\/files\/2016\/03\/img_8560.jpg 1280w\" sizes=\"auto, (max-width: 300px) 100vw, 300px\" \/><\/p>\n<p>Det var ca. 90 kristdemokrater och 61 valda ombud fr\u00e5n l\u00e4net som samlats f\u00f6r att lyssna p\u00e5 partiledaren <strong>Ebba Busch Thor <\/strong>som talade om aktuella fr\u00e5gor och den politikutvecklingsfas som partiet nu befinner sig mitt uppe i. Ebba betonade b\u00e5de ansvar- och frihetsbegreppet och understr\u00f6k att frihet inte \u00e4r n\u00e5got som byggs av politiker uppifr\u00e5n. Frihet byggs underifr\u00e5n av medborgare som ges m\u00f6jligheter att sj\u00e4lva fatta kloka beslut. Det finns alldeles f\u00f6r mycket pekfingrar i svensk politik, menade Ebba. Som kristdemokrater beh\u00f6ver vi utg\u00f6ra en skillnad och bemyndiga m\u00e4nniskor att ta ansvar.<img loading=\"lazy\" decoding=\"async\" class=\"alignright size-medium wp-image-595\" src=\"http:\/\/wp.kristdemokraterna.se\/kalmarlan\/files\/2016\/03\/img_8557-300x300.jpg\" alt=\"IMG_8557\" width=\"300\" height=\"300\" srcset=\"https:\/\/wp.kristdemokraterna.se\/kalmarlan\/files\/2016\/03\/img_8557-300x300.jpg 300w, https:\/\/wp.kristdemokraterna.se\/kalmarlan\/files\/2016\/03\/img_8557-150x150.jpg 150w, https:\/\/wp.kristdemokraterna.se\/kalmarlan\/files\/2016\/03\/img_8557-768x768.jpg 768w, https:\/\/wp.kristdemokraterna.se\/kalmarlan\/files\/2016\/03\/img_8557-540x540.jpg 540w, https:\/\/wp.kristdemokraterna.se\/kalmarlan\/files\/2016\/03\/img_8557-346x346.jpg 346w, https:\/\/wp.kristdemokraterna.se\/kalmarlan\/files\/2016\/03\/img_8557-112x112.jpg 112w, https:\/\/wp.kristdemokraterna.se\/kalmarlan\/files\/2016\/03\/img_8557.jpg 1280w\" sizes=\"auto, (max-width: 300px) 100vw, 300px\" \/><\/p>\n<p>Kristdemokraterna befinner sig just nu inne i en politikutvecklingsfas. Vi har generellt ett h\u00f6gt f\u00f6rtroende i h\u00e4lso- och sjukv\u00e5rdspolitiken och de sociala fr\u00e5gorna. M\u00e5let \u00e4r att ocks\u00e5 skapa ett stort f\u00f6rtroende i de \u201dh\u00e5rda\u201d fr\u00e5gorna. Ekonomi, arbetsmarknad och bostadspolitiken ska fram\u00f6ver f\u00e5 en tydlig kristdemokratisk pr\u00e4gel och nya skarpa politiska f\u00f6rslag kommer att presenteras p\u00e5 dessa omr\u00e5den.<\/p>\n<p>Ebba ber\u00f6rde ocks\u00e5 j\u00e4mst\u00e4lldhetsfr\u00e5gan och sade sig vara villig att agera f\u00f6r alla de kvinnliga pension\u00e4rer som idag har l\u00e5ga pensioner. M\u00e5nga av dessa kvinnor hade ingen m\u00f6jlighet att g\u00e5 ut i arbetslivet, d\u00e4rf\u00f6r att samh\u00e4llsklimatet helt enkelt inte till\u00e4t dem. Det \u00e4r inte mer \u00e4n r\u00e4tt att st\u00e4rka ekonomin f\u00f6r denna grupp kvinnor.<img loading=\"lazy\" decoding=\"async\" class=\"alignright size-medium wp-image-599\" src=\"http:\/\/wp.kristdemokraterna.se\/kalmarlan\/files\/2016\/03\/img_8561-300x225.jpg\" alt=\"IMG_8561\" width=\"300\" height=\"225\" srcset=\"https:\/\/wp.kristdemokraterna.se\/kalmarlan\/files\/2016\/03\/img_8561-300x225.jpg 300w, https:\/\/wp.kristdemokraterna.se\/kalmarlan\/files\/2016\/03\/img_8561-540x405.jpg 540w, https:\/\/wp.kristdemokraterna.se\/kalmarlan\/files\/2016\/03\/img_8561-461x346.jpg 461w, https:\/\/wp.kristdemokraterna.se\/kalmarlan\/files\/2016\/03\/img_8561-149x112.jpg 149w, https:\/\/wp.kristdemokraterna.se\/kalmarlan\/files\/2016\/03\/img_8561.jpg 600w\" sizes=\"auto, (max-width: 300px) 100vw, 300px\" \/><img loading=\"lazy\" decoding=\"async\" class=\"alignright size-medium wp-image-596\" src=\"http:\/\/wp.kristdemokraterna.se\/kalmarlan\/files\/2016\/03\/img_8559-295x300.jpg\" alt=\"IMG_8559\" width=\"295\" height=\"300\" srcset=\"https:\/\/wp.kristdemokraterna.se\/kalmarlan\/files\/2016\/03\/img_8559-295x300.jpg 295w, https:\/\/wp.kristdemokraterna.se\/kalmarlan\/files\/2016\/03\/img_8559-532x540.jpg 532w, https:\/\/wp.kristdemokraterna.se\/kalmarlan\/files\/2016\/03\/img_8559-341x346.jpg 341w, https:\/\/wp.kristdemokraterna.se\/kalmarlan\/files\/2016\/03\/img_8559-110x112.jpg 110w, https:\/\/wp.kristdemokraterna.se\/kalmarlan\/files\/2016\/03\/img_8559.jpg 640w\" sizes=\"auto, (max-width: 295px) 100vw, 295px\" \/><\/p>\n<p>Ebba ber\u00e4ttade ocks\u00e5 om sin resa till Jordaniens stora flyktingl\u00e4ger och de samtal hon haft med andra m\u00f6drar. Lidandet f\u00f6r dessa m\u00e4nniskor p\u00e5 flykt \u00e4r enormt. Samtidigt som vi tar emot beh\u00f6vande m\u00e4nniskor i Sverige och v\u00e4lkomnar dom in i en inkluderande samh\u00e4llsgemenskap s\u00e5 \u00e4r det viktigt med ett starkt svenskt bist\u00e5nd f\u00f6r att hj\u00e4lpa alla de miljontals lidande m\u00e4nniskor som idag inte ser n\u00e5got framtidshopp.<\/p>\n<p>Sedan valet 1998, som var kristdemokraternas b\u00e4sta val med 11,8% av r\u00f6sterna s\u00e5 har partiets opinionssiffror f\u00f6rsvagats. Ebba understr\u00f6k att det nu \u00e4r viktigt att st\u00e4rka partiets attraktivitet. Det \u00e4r ett l\u00e5ngsiktigt arbete men vi kommer att lyckas, understr\u00f6k Ebba. \u2013 Jag gick inte in i det h\u00e4r uppdraget h\u00f6ggravid f\u00f6r att f\u00f6ra partiet ut ur riksdagen. Vi ska st\u00e4rka v\u00e5r position genom att m\u00f6ta upp de stora samh\u00e4llsutmaningarna med goda kristdemokratiska f\u00f6rslag, avslutade Ebba Busch Thor sitt anf\u00f6rande.<img loading=\"lazy\" decoding=\"async\" class=\"aligncenter wp-image-600 size-large\" src=\"http:\/\/wp.kristdemokraterna.se\/kalmarlan\/files\/2016\/03\/12828987_10153539678603269_3289438838592827245_o-kopia-540x315.jpg\" alt=\"12828987_10153539678603269_3289438838592827245_o kopia\" width=\"540\" height=\"315\" srcset=\"https:\/\/wp.kristdemokraterna.se\/kalmarlan\/files\/2016\/03\/12828987_10153539678603269_3289438838592827245_o-kopia-540x315.jpg 540w, https:\/\/wp.kristdemokraterna.se\/kalmarlan\/files\/2016\/03\/12828987_10153539678603269_3289438838592827245_o-kopia-300x175.jpg 300w, https:\/\/wp.kristdemokraterna.se\/kalmarlan\/files\/2016\/03\/12828987_10153539678603269_3289438838592827245_o-kopia-768x448.jpg 768w, https:\/\/wp.kristdemokraterna.se\/kalmarlan\/files\/2016\/03\/12828987_10153539678603269_3289438838592827245_o-kopia-576x336.jpg 576w, https:\/\/wp.kristdemokraterna.se\/kalmarlan\/files\/2016\/03\/12828987_10153539678603269_3289438838592827245_o-kopia-186x108.jpg 186w, https:\/\/wp.kristdemokraterna.se\/kalmarlan\/files\/2016\/03\/12828987_10153539678603269_3289438838592827245_o-kopia.jpg 2000w\" sizes=\"auto, (max-width: 540px) 100vw, 540px\" \/><\/p>\n<p><strong>Arne Sj\u00f6berg, Chatrine P\u00e5lsson Ahlgren och Anders Andersson<\/strong> uppdaterade \u00e5rsm\u00f6tesdeltagarna p\u00e5 kristdemokratiska \u00e4ldrefr\u00e5gor. Det betonades att det fortfarande finns ett stort arbete att g\u00f6ra f\u00f6r v\u00e5ra \u00e4ldre. \u00c4ldreboendegaranti f\u00f6r alla som fyllt 85 \u00e5r och tydliga omprioriteringar inom h\u00e4lso- och sjukv\u00e5rden f\u00f6r att b\u00e4ttre m\u00f6ta upp de \u00e4ldres, ofta omfattande behov, var tv\u00e5 fr\u00e5gor som lyftes.<\/p>\n<p><strong>Jimmy Loord och \u00c5ke Nilsson<\/strong> lyfte integrationspolitiska fr\u00e5gor, b\u00e5de ur ett kommunalt och nationellt perspektiv. Viktigt att v\u00e5ra kommuner ges f\u00f6ruts\u00e4ttningar att klara av integrationsutmaningen. Tv\u00e5 fr\u00e5gor som lyftes var kristdemokraternas f\u00f6rslag om Introduktionsanst\u00e4llningar och inr\u00e4ttande av en nationell socialkrisjour.<img loading=\"lazy\" decoding=\"async\" class=\"alignright size-medium wp-image-593\" src=\"http:\/\/wp.kristdemokraterna.se\/kalmarlan\/files\/2016\/03\/img_8555-300x225.jpg\" alt=\"IMG_8555\" width=\"300\" height=\"225\" srcset=\"https:\/\/wp.kristdemokraterna.se\/kalmarlan\/files\/2016\/03\/img_8555-300x225.jpg 300w, https:\/\/wp.kristdemokraterna.se\/kalmarlan\/files\/2016\/03\/img_8555-768x576.jpg 768w, https:\/\/wp.kristdemokraterna.se\/kalmarlan\/files\/2016\/03\/img_8555-540x405.jpg 540w, https:\/\/wp.kristdemokraterna.se\/kalmarlan\/files\/2016\/03\/img_8555-461x346.jpg 461w, https:\/\/wp.kristdemokraterna.se\/kalmarlan\/files\/2016\/03\/img_8555-149x112.jpg 149w, https:\/\/wp.kristdemokraterna.se\/kalmarlan\/files\/2016\/03\/img_8555.jpg 1632w\" sizes=\"auto, (max-width: 300px) 100vw, 300px\" \/><\/p>\n<p><strong>Gudrun Bruneg\u00e5rd redogjorde f\u00f6r <img loading=\"lazy\" decoding=\"async\" class=\"alignright size-medium wp-image-598\" src=\"http:\/\/wp.kristdemokraterna.se\/kalmarlan\/files\/2016\/03\/gudrun-300x225.jpg\" alt=\"gudrun\" width=\"300\" height=\"225\" srcset=\"https:\/\/wp.kristdemokraterna.se\/kalmarlan\/files\/2016\/03\/gudrun-300x225.jpg 300w, https:\/\/wp.kristdemokraterna.se\/kalmarlan\/files\/2016\/03\/gudrun-768x576.jpg 768w, https:\/\/wp.kristdemokraterna.se\/kalmarlan\/files\/2016\/03\/gudrun-540x405.jpg 540w, https:\/\/wp.kristdemokraterna.se\/kalmarlan\/files\/2016\/03\/gudrun-461x346.jpg 461w, https:\/\/wp.kristdemokraterna.se\/kalmarlan\/files\/2016\/03\/gudrun-149x112.jpg 149w, https:\/\/wp.kristdemokraterna.se\/kalmarlan\/files\/2016\/03\/gudrun.jpg 960w\" sizes=\"auto, (max-width: 300px) 100vw, 300px\" \/>regionindelningsprocessen<\/strong> och det uttrycktes en stor tillf\u00f6rsikt \u00f6ver f\u00f6rslaget om en regionbildning med Sm\u00e5land och \u00d6sterg\u00f6tland.<\/p>\n<p><strong>Under \u00e5rsm\u00f6tet valdes Anders Andersson till partidistriktsordf\u00f6rande. <\/strong>\u00c5rsm\u00f6tet valde ocks\u00e5 Chatrine P\u00e5lsson Ahlgren till 1:e vice ordf. och Jimmy Loord till 2:e vice ordf\u00f6rande.<\/p>\n<p>Jimmy Loord stod f\u00f6r kulturinslaget genom s\u00e5ng och gitarrspel. Han lyckades ocks\u00e5 f\u00e5 med sig partiledaren i en <a href=\"https:\/\/youtu.be\/g_Ip8J1JtEU\">uppskattad duetts\u00e5ng<\/a>. (klicka p\u00e5 l\u00e4nken) Ombudsman Madeleine Rosenqvist informerade om aktuelle aktiviteter och Chatrine P\u00e5lsson Ahlgren avslutade st\u00e4mman.<\/p>\n\n\t\t<style type=\"text\/css\">\n\t\t\t#gallery-1 {\n\t\t\t\tmargin: auto;\n\t\t\t}\n\t\t\t#gallery-1 .gallery-item {\n\t\t\t\tfloat: left;\n\t\t\t\tmargin-top: 10px;\n\t\t\t\ttext-align: center;\n\t\t\t\twidth: 50%;\n\t\t\t}\n\t\t\t#gallery-1 img {\n\t\t\t\tborder: 2px solid #cfcfcf;\n\t\t\t}\n\t\t\t#gallery-1 .gallery-caption {\n\t\t\t\tmargin-left: 0;\n\t\t\t}\n\t\t\t\/* see gallery_shortcode() in wp-includes\/media.php *\/\n\t\t<\/style>\n\t\t<div id='gallery-1' class='gallery galleryid-590 gallery-columns-2 gallery-size-medium'><dl class='gallery-item'>\n\t\t\t<dt class='gallery-icon landscape'>\n\t\t\t\t<a href='https:\/\/wp.kristdemokraterna.se\/kalmarlan\/ebba-busch-thor-gastade-kalmar-lan\/img-8538\/'><img loading=\"lazy\" decoding=\"async\" width=\"300\" height=\"225\" src=\"https:\/\/wp.kristdemokraterna.se\/kalmarlan\/files\/2016\/03\/img_8538-300x225.jpg\" class=\"attachment-medium size-medium\" alt=\"\" srcset=\"https:\/\/wp.kristdemokraterna.se\/kalmarlan\/files\/2016\/03\/img_8538-300x225.jpg 300w, https:\/\/wp.kristdemokraterna.se\/kalmarlan\/files\/2016\/03\/img_8538-768x576.jpg 768w, https:\/\/wp.kristdemokraterna.se\/kalmarlan\/files\/2016\/03\/img_8538-540x405.jpg 540w, https:\/\/wp.kristdemokraterna.se\/kalmarlan\/files\/2016\/03\/img_8538-461x346.jpg 461w, https:\/\/wp.kristdemokraterna.se\/kalmarlan\/files\/2016\/03\/img_8538-149x112.jpg 149w, https:\/\/wp.kristdemokraterna.se\/kalmarlan\/files\/2016\/03\/img_8538.jpg 1280w\" sizes=\"auto, (max-width: 300px) 100vw, 300px\" \/><\/a>\n\t\t\t<\/dt><\/dl><dl class='gallery-item'>\n\t\t\t<dt class='gallery-icon landscape'>\n\t\t\t\t<a href='https:\/\/wp.kristdemokraterna.se\/kalmarlan\/ebba-busch-thor-gastade-kalmar-lan\/12821329-10205727131805104-1275721398998425139-n-kopia\/'><img loading=\"lazy\" decoding=\"async\" width=\"300\" height=\"225\" src=\"https:\/\/wp.kristdemokraterna.se\/kalmarlan\/files\/2016\/03\/12821329_10205727131805104_1275721398998425139_n-kopia-300x225.jpg\" class=\"attachment-medium size-medium\" alt=\"\" srcset=\"https:\/\/wp.kristdemokraterna.se\/kalmarlan\/files\/2016\/03\/12821329_10205727131805104_1275721398998425139_n-kopia-300x225.jpg 300w, https:\/\/wp.kristdemokraterna.se\/kalmarlan\/files\/2016\/03\/12821329_10205727131805104_1275721398998425139_n-kopia-768x576.jpg 768w, https:\/\/wp.kristdemokraterna.se\/kalmarlan\/files\/2016\/03\/12821329_10205727131805104_1275721398998425139_n-kopia-540x405.jpg 540w, https:\/\/wp.kristdemokraterna.se\/kalmarlan\/files\/2016\/03\/12821329_10205727131805104_1275721398998425139_n-kopia-461x346.jpg 461w, https:\/\/wp.kristdemokraterna.se\/kalmarlan\/files\/2016\/03\/12821329_10205727131805104_1275721398998425139_n-kopia-149x112.jpg 149w, https:\/\/wp.kristdemokraterna.se\/kalmarlan\/files\/2016\/03\/12821329_10205727131805104_1275721398998425139_n-kopia.jpg 960w\" sizes=\"auto, (max-width: 300px) 100vw, 300px\" \/><\/a>\n\t\t\t<\/dt><\/dl><br style=\"clear: both\" \/><dl class='gallery-item'>\n\t\t\t<dt class='gallery-icon landscape'>\n\t\t\t\t<a href='https:\/\/wp.kristdemokraterna.se\/kalmarlan\/ebba-busch-thor-gastade-kalmar-lan\/ebba\/'><img loading=\"lazy\" decoding=\"async\" width=\"300\" height=\"225\" src=\"https:\/\/wp.kristdemokraterna.se\/kalmarlan\/files\/2016\/03\/ebba-300x225.jpg\" class=\"attachment-medium size-medium\" alt=\"\" srcset=\"https:\/\/wp.kristdemokraterna.se\/kalmarlan\/files\/2016\/03\/ebba-300x225.jpg 300w, https:\/\/wp.kristdemokraterna.se\/kalmarlan\/files\/2016\/03\/ebba-768x576.jpg 768w, https:\/\/wp.kristdemokraterna.se\/kalmarlan\/files\/2016\/03\/ebba-540x405.jpg 540w, https:\/\/wp.kristdemokraterna.se\/kalmarlan\/files\/2016\/03\/ebba-461x346.jpg 461w, https:\/\/wp.kristdemokraterna.se\/kalmarlan\/files\/2016\/03\/ebba-149x112.jpg 149w, https:\/\/wp.kristdemokraterna.se\/kalmarlan\/files\/2016\/03\/ebba.jpg 960w\" sizes=\"auto, (max-width: 300px) 100vw, 300px\" \/><\/a>\n\t\t\t<\/dt><\/dl><dl class='gallery-item'>\n\t\t\t<dt class='gallery-icon landscape'>\n\t\t\t\t<a href='https:\/\/wp.kristdemokraterna.se\/kalmarlan\/ebba-busch-thor-gastade-kalmar-lan\/img-8556\/'><img loading=\"lazy\" decoding=\"async\" width=\"300\" height=\"300\" src=\"https:\/\/wp.kristdemokraterna.se\/kalmarlan\/files\/2016\/03\/img_8556-300x300.jpg\" class=\"attachment-medium size-medium\" alt=\"\" srcset=\"https:\/\/wp.kristdemokraterna.se\/kalmarlan\/files\/2016\/03\/img_8556-300x300.jpg 300w, https:\/\/wp.kristdemokraterna.se\/kalmarlan\/files\/2016\/03\/img_8556-150x150.jpg 150w, https:\/\/wp.kristdemokraterna.se\/kalmarlan\/files\/2016\/03\/img_8556-768x768.jpg 768w, https:\/\/wp.kristdemokraterna.se\/kalmarlan\/files\/2016\/03\/img_8556-540x540.jpg 540w, https:\/\/wp.kristdemokraterna.se\/kalmarlan\/files\/2016\/03\/img_8556-346x346.jpg 346w, https:\/\/wp.kristdemokraterna.se\/kalmarlan\/files\/2016\/03\/img_8556-112x112.jpg 112w, https:\/\/wp.kristdemokraterna.se\/kalmarlan\/files\/2016\/03\/img_8556.jpg 1280w\" sizes=\"auto, (max-width: 300px) 100vw, 300px\" \/><\/a>\n\t\t\t<\/dt><\/dl><br style=\"clear: both\" \/>\n\t\t<\/div>\n\n<p>&nbsp;<\/p>\n","protected":false},"excerpt":{"rendered":"<p>Under l\u00f6rdagen h\u00f6ll Kristdemokraterna i Kalmar l\u00e4n partidistrikts\u00e5rsm\u00f6te och Gudrun Bruneg\u00e5rd h\u00e4lsade alla n\u00e4rvarande v\u00e4lkomna till Vimmerby. Det var ca. 90 kristdemokrater och 61 valda ombud fr\u00e5n l\u00e4net som samlats f\u00f6r att lyssna p\u00e5 partiledaren Ebba Busch Thor som talade om aktuella fr\u00e5gor och den politikutvecklingsfas som partiet nu befinner sig mitt uppe i. Ebba <a class=\"read-more-link\" href=\"https:\/\/wp.kristdemokraterna.se\/kalmarlan\/ebba-busch-thor-gastade-kalmar-lan\/\">Read More<\/a><\/p>\n","protected":false},"author":417,"featured_media":0,"comment_status":"closed","ping_status":"closed","sticky":false,"template":"","format":"standard","meta":{"_acf_changed":false,"footnotes":""},"categories":[1],"tags":[],"class_list":["post-590","post","type-post","status-publish","format-standard","hentry","category-okategoriserade"],"acf":[],"yoast_head":"<!-- This site is optimized with the Yoast SEO plugin v27.4 - https:\/\/yoast.com\/product\/yoast-seo-wordpress\/ -->\n<title>Ebba Busch Thor g\u00e4stade Kalmar l\u00e4n - i Kalmar l\u00e4n<\/title>\n<meta name=\"robots\" content=\"index, follow, max-snippet:-1, max-image-preview:large, max-video-preview:-1\" \/>\n<link rel=\"canonical\" href=\"https:\/\/wp.kristdemokraterna.se\/kalmarlan\/ebba-busch-thor-gastade-kalmar-lan\/\" \/>\n<meta property=\"og:locale\" content=\"sv_SE\" \/>\n<meta property=\"og:type\" content=\"article\" \/>\n<meta property=\"og:title\" content=\"Ebba Busch Thor g\u00e4stade Kalmar l\u00e4n - i Kalmar l\u00e4n\" \/>\n<meta property=\"og:description\" content=\"Under l\u00f6rdagen h\u00f6ll Kristdemokraterna i Kalmar l\u00e4n partidistrikts\u00e5rsm\u00f6te och Gudrun Bruneg\u00e5rd h\u00e4lsade alla n\u00e4rvarande v\u00e4lkomna till Vimmerby. Det var ca. 90 kristdemokrater och 61 valda ombud fr\u00e5n l\u00e4net som samlats f\u00f6r att lyssna p\u00e5 partiledaren Ebba Busch Thor som talade om aktuella fr\u00e5gor och den politikutvecklingsfas som partiet nu befinner sig mitt uppe i. Ebba Read More\" \/>\n<meta property=\"og:url\" content=\"https:\/\/wp.kristdemokraterna.se\/kalmarlan\/ebba-busch-thor-gastade-kalmar-lan\/\" \/>\n<meta property=\"og:site_name\" content=\"i Kalmar l\u00e4n\" \/>\n<meta property=\"article:published_time\" content=\"2016-03-14T13:24:06+00:00\" \/>\n<meta property=\"og:image\" content=\"https:\/\/wp.kristdemokraterna.se\/kalmarlan\/files\/2016\/03\/img_8538-300x225.jpg\" \/>\n<meta name=\"author\" content=\"kalmarlan\" \/>\n<meta name=\"twitter:card\" content=\"summary_large_image\" \/>\n<meta name=\"twitter:label1\" content=\"Skriven av\" \/>\n\t<meta name=\"twitter:data1\" content=\"kalmarlan\" \/>\n\t<meta name=\"twitter:label2\" content=\"Ber\u00e4knad l\u00e4stid\" \/>\n\t<meta name=\"twitter:data2\" content=\"3 minuter\" \/>\n<script type=\"application\/ld+json\" class=\"yoast-schema-graph\">{\"@context\":\"https:\\\/\\\/schema.org\",\"@graph\":[{\"@type\":\"Article\",\"@id\":\"https:\\\/\\\/wp.kristdemokraterna.se\\\/kalmarlan\\\/ebba-busch-thor-gastade-kalmar-lan\\\/#article\",\"isPartOf\":{\"@id\":\"https:\\\/\\\/wp.kristdemokraterna.se\\\/kalmarlan\\\/ebba-busch-thor-gastade-kalmar-lan\\\/\"},\"author\":{\"name\":\"kalmarlan\",\"@id\":\"https:\\\/\\\/wp.kristdemokraterna.se\\\/kalmarlan\\\/#\\\/schema\\\/person\\\/a1856739934bf9c6a11fb258646ea2a5\"},\"headline\":\"Ebba Busch Thor g\u00e4stade Kalmar l\u00e4n\",\"datePublished\":\"2016-03-14T13:24:06+00:00\",\"mainEntityOfPage\":{\"@id\":\"https:\\\/\\\/wp.kristdemokraterna.se\\\/kalmarlan\\\/ebba-busch-thor-gastade-kalmar-lan\\\/\"},\"wordCount\":673,\"image\":{\"@id\":\"https:\\\/\\\/wp.kristdemokraterna.se\\\/kalmarlan\\\/ebba-busch-thor-gastade-kalmar-lan\\\/#primaryimage\"},\"thumbnailUrl\":\"http:\\\/\\\/wp.kristdemokraterna.se\\\/kalmarlan\\\/files\\\/2016\\\/03\\\/img_8560-300x300.jpg\",\"inLanguage\":\"sv-SE\"},{\"@type\":\"WebPage\",\"@id\":\"https:\\\/\\\/wp.kristdemokraterna.se\\\/kalmarlan\\\/ebba-busch-thor-gastade-kalmar-lan\\\/\",\"url\":\"https:\\\/\\\/wp.kristdemokraterna.se\\\/kalmarlan\\\/ebba-busch-thor-gastade-kalmar-lan\\\/\",\"name\":\"Ebba Busch Thor g\u00e4stade Kalmar l\u00e4n - i Kalmar l\u00e4n\",\"isPartOf\":{\"@id\":\"https:\\\/\\\/wp.kristdemokraterna.se\\\/kalmarlan\\\/#website\"},\"primaryImageOfPage\":{\"@id\":\"https:\\\/\\\/wp.kristdemokraterna.se\\\/kalmarlan\\\/ebba-busch-thor-gastade-kalmar-lan\\\/#primaryimage\"},\"image\":{\"@id\":\"https:\\\/\\\/wp.kristdemokraterna.se\\\/kalmarlan\\\/ebba-busch-thor-gastade-kalmar-lan\\\/#primaryimage\"},\"thumbnailUrl\":\"http:\\\/\\\/wp.kristdemokraterna.se\\\/kalmarlan\\\/files\\\/2016\\\/03\\\/img_8560-300x300.jpg\",\"datePublished\":\"2016-03-14T13:24:06+00:00\",\"author\":{\"@id\":\"https:\\\/\\\/wp.kristdemokraterna.se\\\/kalmarlan\\\/#\\\/schema\\\/person\\\/a1856739934bf9c6a11fb258646ea2a5\"},\"breadcrumb\":{\"@id\":\"https:\\\/\\\/wp.kristdemokraterna.se\\\/kalmarlan\\\/ebba-busch-thor-gastade-kalmar-lan\\\/#breadcrumb\"},\"inLanguage\":\"sv-SE\",\"potentialAction\":[{\"@type\":\"ReadAction\",\"target\":[\"https:\\\/\\\/wp.kristdemokraterna.se\\\/kalmarlan\\\/ebba-busch-thor-gastade-kalmar-lan\\\/\"]}]},{\"@type\":\"ImageObject\",\"inLanguage\":\"sv-SE\",\"@id\":\"https:\\\/\\\/wp.kristdemokraterna.se\\\/kalmarlan\\\/ebba-busch-thor-gastade-kalmar-lan\\\/#primaryimage\",\"url\":\"https:\\\/\\\/wp.kristdemokraterna.se\\\/kalmarlan\\\/files\\\/2016\\\/03\\\/img_8560.jpg\",\"contentUrl\":\"https:\\\/\\\/wp.kristdemokraterna.se\\\/kalmarlan\\\/files\\\/2016\\\/03\\\/img_8560.jpg\",\"width\":1280,\"height\":1280},{\"@type\":\"BreadcrumbList\",\"@id\":\"https:\\\/\\\/wp.kristdemokraterna.se\\\/kalmarlan\\\/ebba-busch-thor-gastade-kalmar-lan\\\/#breadcrumb\",\"itemListElement\":[{\"@type\":\"ListItem\",\"position\":1,\"name\":\"Hem\",\"item\":\"https:\\\/\\\/wp.kristdemokraterna.se\\\/kalmarlan\\\/\"},{\"@type\":\"ListItem\",\"position\":2,\"name\":\"Ebba Busch Thor g\u00e4stade Kalmar l\u00e4n\"}]},{\"@type\":\"WebSite\",\"@id\":\"https:\\\/\\\/wp.kristdemokraterna.se\\\/kalmarlan\\\/#website\",\"url\":\"https:\\\/\\\/wp.kristdemokraterna.se\\\/kalmarlan\\\/\",\"name\":\"i Kalmar l\u00e4n\",\"description\":\"\",\"inLanguage\":\"sv-SE\"},{\"@type\":\"Person\",\"@id\":\"https:\\\/\\\/wp.kristdemokraterna.se\\\/kalmarlan\\\/#\\\/schema\\\/person\\\/a1856739934bf9c6a11fb258646ea2a5\",\"name\":\"kalmarlan\",\"image\":{\"@type\":\"ImageObject\",\"inLanguage\":\"sv-SE\",\"@id\":\"https:\\\/\\\/secure.gravatar.com\\\/avatar\\\/ef1f7dcd1b21be34f0f3e58a032955c2de43794b20090a23118cd0e2a8964e6e?s=96&r=g\",\"url\":\"https:\\\/\\\/secure.gravatar.com\\\/avatar\\\/ef1f7dcd1b21be34f0f3e58a032955c2de43794b20090a23118cd0e2a8964e6e?s=96&r=g\",\"contentUrl\":\"https:\\\/\\\/secure.gravatar.com\\\/avatar\\\/ef1f7dcd1b21be34f0f3e58a032955c2de43794b20090a23118cd0e2a8964e6e?s=96&r=g\",\"caption\":\"kalmarlan\"},\"url\":\"https:\\\/\\\/wp.kristdemokraterna.se\\\/kalmarlan\\\/author\\\/kalmarlan\\\/\"}]}<\/script>\n<!-- \/ Yoast SEO plugin. -->","yoast_head_json":{"title":"Ebba Busch Thor g\u00e4stade Kalmar l\u00e4n - i Kalmar l\u00e4n","robots":{"index":"index","follow":"follow","max-snippet":"max-snippet:-1","max-image-preview":"max-image-preview:large","max-video-preview":"max-video-preview:-1"},"canonical":"https:\/\/wp.kristdemokraterna.se\/kalmarlan\/ebba-busch-thor-gastade-kalmar-lan\/","og_locale":"sv_SE","og_type":"article","og_title":"Ebba Busch Thor g\u00e4stade Kalmar l\u00e4n - i Kalmar l\u00e4n","og_description":"Under l\u00f6rdagen h\u00f6ll Kristdemokraterna i Kalmar l\u00e4n partidistrikts\u00e5rsm\u00f6te och Gudrun Bruneg\u00e5rd h\u00e4lsade alla n\u00e4rvarande v\u00e4lkomna till Vimmerby. Det var ca. 90 kristdemokrater och 61 valda ombud fr\u00e5n l\u00e4net som samlats f\u00f6r att lyssna p\u00e5 partiledaren Ebba Busch Thor som talade om aktuella fr\u00e5gor och den politikutvecklingsfas som partiet nu befinner sig mitt uppe i. Ebba Read More","og_url":"https:\/\/wp.kristdemokraterna.se\/kalmarlan\/ebba-busch-thor-gastade-kalmar-lan\/","og_site_name":"i Kalmar l\u00e4n","article_published_time":"2016-03-14T13:24:06+00:00","og_image":[{"url":"https:\/\/wp.kristdemokraterna.se\/kalmarlan\/files\/2016\/03\/img_8538-300x225.jpg","type":"","width":"","height":""}],"author":"kalmarlan","twitter_card":"summary_large_image","twitter_misc":{"Skriven av":"kalmarlan","Ber\u00e4knad l\u00e4stid":"3 minuter"},"schema":{"@context":"https:\/\/schema.org","@graph":[{"@type":"Article","@id":"https:\/\/wp.kristdemokraterna.se\/kalmarlan\/ebba-busch-thor-gastade-kalmar-lan\/#article","isPartOf":{"@id":"https:\/\/wp.kristdemokraterna.se\/kalmarlan\/ebba-busch-thor-gastade-kalmar-lan\/"},"author":{"name":"kalmarlan","@id":"https:\/\/wp.kristdemokraterna.se\/kalmarlan\/#\/schema\/person\/a1856739934bf9c6a11fb258646ea2a5"},"headline":"Ebba Busch Thor g\u00e4stade Kalmar l\u00e4n","datePublished":"2016-03-14T13:24:06+00:00","mainEntityOfPage":{"@id":"https:\/\/wp.kristdemokraterna.se\/kalmarlan\/ebba-busch-thor-gastade-kalmar-lan\/"},"wordCount":673,"image":{"@id":"https:\/\/wp.kristdemokraterna.se\/kalmarlan\/ebba-busch-thor-gastade-kalmar-lan\/#primaryimage"},"thumbnailUrl":"http:\/\/wp.kristdemokraterna.se\/kalmarlan\/files\/2016\/03\/img_8560-300x300.jpg","inLanguage":"sv-SE"},{"@type":"WebPage","@id":"https:\/\/wp.kristdemokraterna.se\/kalmarlan\/ebba-busch-thor-gastade-kalmar-lan\/","url":"https:\/\/wp.kristdemokraterna.se\/kalmarlan\/ebba-busch-thor-gastade-kalmar-lan\/","name":"Ebba Busch Thor g\u00e4stade Kalmar l\u00e4n - i Kalmar l\u00e4n","isPartOf":{"@id":"https:\/\/wp.kristdemokraterna.se\/kalmarlan\/#website"},"primaryImageOfPage":{"@id":"https:\/\/wp.kristdemokraterna.se\/kalmarlan\/ebba-busch-thor-gastade-kalmar-lan\/#primaryimage"},"image":{"@id":"https:\/\/wp.kristdemokraterna.se\/kalmarlan\/ebba-busch-thor-gastade-kalmar-lan\/#primaryimage"},"thumbnailUrl":"http:\/\/wp.kristdemokraterna.se\/kalmarlan\/files\/2016\/03\/img_8560-300x300.jpg","datePublished":"2016-03-14T13:24:06+00:00","author":{"@id":"https:\/\/wp.kristdemokraterna.se\/kalmarlan\/#\/schema\/person\/a1856739934bf9c6a11fb258646ea2a5"},"breadcrumb":{"@id":"https:\/\/wp.kristdemokraterna.se\/kalmarlan\/ebba-busch-thor-gastade-kalmar-lan\/#breadcrumb"},"inLanguage":"sv-SE","potentialAction":[{"@type":"ReadAction","target":["https:\/\/wp.kristdemokraterna.se\/kalmarlan\/ebba-busch-thor-gastade-kalmar-lan\/"]}]},{"@type":"ImageObject","inLanguage":"sv-SE","@id":"https:\/\/wp.kristdemokraterna.se\/kalmarlan\/ebba-busch-thor-gastade-kalmar-lan\/#primaryimage","url":"https:\/\/wp.kristdemokraterna.se\/kalmarlan\/files\/2016\/03\/img_8560.jpg","contentUrl":"https:\/\/wp.kristdemokraterna.se\/kalmarlan\/files\/2016\/03\/img_8560.jpg","width":1280,"height":1280},{"@type":"BreadcrumbList","@id":"https:\/\/wp.kristdemokraterna.se\/kalmarlan\/ebba-busch-thor-gastade-kalmar-lan\/#breadcrumb","itemListElement":[{"@type":"ListItem","position":1,"name":"Hem","item":"https:\/\/wp.kristdemokraterna.se\/kalmarlan\/"},{"@type":"ListItem","position":2,"name":"Ebba Busch Thor g\u00e4stade Kalmar l\u00e4n"}]},{"@type":"WebSite","@id":"https:\/\/wp.kristdemokraterna.se\/kalmarlan\/#website","url":"https:\/\/wp.kristdemokraterna.se\/kalmarlan\/","name":"i Kalmar l\u00e4n","description":"","inLanguage":"sv-SE"},{"@type":"Person","@id":"https:\/\/wp.kristdemokraterna.se\/kalmarlan\/#\/schema\/person\/a1856739934bf9c6a11fb258646ea2a5","name":"kalmarlan","image":{"@type":"ImageObject","inLanguage":"sv-SE","@id":"https:\/\/secure.gravatar.com\/avatar\/ef1f7dcd1b21be34f0f3e58a032955c2de43794b20090a23118cd0e2a8964e6e?s=96&r=g","url":"https:\/\/secure.gravatar.com\/avatar\/ef1f7dcd1b21be34f0f3e58a032955c2de43794b20090a23118cd0e2a8964e6e?s=96&r=g","contentUrl":"https:\/\/secure.gravatar.com\/avatar\/ef1f7dcd1b21be34f0f3e58a032955c2de43794b20090a23118cd0e2a8964e6e?s=96&r=g","caption":"kalmarlan"},"url":"https:\/\/wp.kristdemokraterna.se\/kalmarlan\/author\/kalmarlan\/"}]}},"_links":{"self":[{"href":"https:\/\/wp.kristdemokraterna.se\/kalmarlan\/wp-json\/wp\/v2\/posts\/590","targetHints":{"allow":["GET"]}}],"collection":[{"href":"https:\/\/wp.kristdemokraterna.se\/kalmarlan\/wp-json\/wp\/v2\/posts"}],"about":[{"href":"https:\/\/wp.kristdemokraterna.se\/kalmarlan\/wp-json\/wp\/v2\/types\/post"}],"author":[{"embeddable":true,"href":"https:\/\/wp.kristdemokraterna.se\/kalmarlan\/wp-json\/wp\/v2\/users\/417"}],"replies":[{"embeddable":true,"href":"https:\/\/wp.kristdemokraterna.se\/kalmarlan\/wp-json\/wp\/v2\/comments?post=590"}],"version-history":[{"count":2,"href":"https:\/\/wp.kristdemokraterna.se\/kalmarlan\/wp-json\/wp\/v2\/posts\/590\/revisions"}],"predecessor-version":[{"id":603,"href":"https:\/\/wp.kristdemokraterna.se\/kalmarlan\/wp-json\/wp\/v2\/posts\/590\/revisions\/603"}],"wp:attachment":[{"href":"https:\/\/wp.kristdemokraterna.se\/kalmarlan\/wp-json\/wp\/v2\/media?parent=590"}],"wp:term":[{"taxonomy":"category","embeddable":true,"href":"https:\/\/wp.kristdemokraterna.se\/kalmarlan\/wp-json\/wp\/v2\/categories?post=590"},{"taxonomy":"post_tag","embeddable":true,"href":"https:\/\/wp.kristdemokraterna.se\/kalmarlan\/wp-json\/wp\/v2\/tags?post=590"}],"curies":[{"name":"wp","href":"https:\/\/api.w.org\/{rel}","templated":true}]}}