{"id":612,"date":"2016-05-04T11:17:45","date_gmt":"2016-05-04T09:17:45","guid":{"rendered":"http:\/\/wp.kristdemokraterna.se\/kalmarlan\/?p=612"},"modified":"2016-05-04T11:17:45","modified_gmt":"2016-05-04T09:17:45","slug":"serviceteam-for-battre-vard","status":"publish","type":"post","link":"https:\/\/wp.kristdemokraterna.se\/kalmarlan\/serviceteam-for-battre-vard\/","title":{"rendered":"Serviceteam f\u00f6r b\u00e4ttre v\u00e5rd"},"content":{"rendered":"<header>\n<div class=\"col-md-9\">\n<div class=\"p-summary\">\n<p>&#8221;Kristdemokraterna vill d\u00e4rf\u00f6r satsa p\u00e5 v\u00e5rdserviceteam i v\u00e5rden. Det skulle avlasta v\u00e5rdpersonalen fr\u00e5n de arbetsuppgifter som \u00e4r viktiga f\u00f6r att omv\u00e5rdnad ska fungera men som inte kr\u00e4ver en l\u00e5ng v\u00e5rdutbildning s\u00e5 kallad v\u00e5rdn\u00e4ra service.&#8221;<\/p>\n<\/div>\n<\/div>\n<\/header>\n<div class=\"main-text-content row\">\n<div id=\"container-for-calc-sticky\" class=\"col-md-9\">\n<div class=\"e-content\">\n<p>F\u00f6r m\u00e5nga som arbetar inom v\u00e5rden idag \u00e4r arbetssituationen pressad. Sjuksk\u00f6terskor och undersk\u00f6terskor vill ge h\u00f6gkvalitativ v\u00e5rd, men allt f\u00f6r ofta m\u00e5ste de \u00e4gna alltf\u00f6r mycket tid till uppgifter som inte kr\u00e4ver en l\u00e5ng v\u00e5rdutbildning. F\u00f6r att h\u00f6ja kvaliteten och s\u00e4kerheten beh\u00f6vs tid f\u00f6r att kunna se patientens v\u00e5rdbehov och tid f\u00f6r att fatta de r\u00e4tta besluten. Men ocks\u00e5 tid f\u00f6r att h\u00e5lla i handen, tr\u00f6sta och st\u00f6dja.<\/p>\n<p>Kristdemokraterna vill d\u00e4rf\u00f6r satsa p\u00e5 v\u00e5rdserviceteam i v\u00e5rden. Det skulle avlasta v\u00e5rdpersonalen fr\u00e5n de arbetsuppgifter som \u00e4r viktiga f\u00f6r att omv\u00e5rdnad ska fungera men som inte kr\u00e4ver en l\u00e5ng v\u00e5rdutbildning, s\u00e5 kallad v\u00e5rdn\u00e4ra service. I v\u00e5rt kommande budgetalternativ f\u00f6resl\u00e5r vi en bred satsning f\u00f6r att alla v\u00e5rdgivare ska kunna anst\u00e4lla renodlad v\u00e5rdservicepersonal p\u00e5 landets sjukhus och i prim\u00e4rv\u00e5rden. Vi avs\u00e4tter 1,1 miljarder kronor i stimulansmedel vilket kan ge 6200 nya servicetj\u00e4nster. F\u00f6r Kalmar l\u00e4ns r\u00e4kning motsvarar det 150 tj\u00e4nster.<\/p>\n<p>Arbetsuppgifterna kan exempelvis handla om att transportera patienter och prover mellan olika avdelningar, viss st\u00e4dning och administrativa uppgifter som inte kr\u00e4ver en l\u00e5ng v\u00e5rdutbildning.\u00a0Patienterna och v\u00e5rdgivarna har mycket att vinna p\u00e5 att inf\u00f6ra fler v\u00e5rdservicetj\u00e4nster.<\/p>\n<p>Mer tid f\u00f6r patienter och omv\u00e5rdnad:\u00a0P\u00e5 Karolinska Sjukhuset frigjordes 800 arbetstimmar varje vecka f\u00f6r v\u00e5rdpersonalen genom att en serviceorganisation fick ansvar f\u00f6r alla patienttransporter.<\/p>\n<p>Uppv\u00e4rdering av v\u00e5rdyrkena:\u00a0Uppskattningsvis 129 000 undersk\u00f6terskor och 38 000 sjuksk\u00f6terskor beh\u00f6ver rekryteras till \u00e5r 2022. Genom att minska stressen och renodla yrkesrollerna blir det b\u00e5de mer attraktivt att s\u00f6ka sig till v\u00e5rden och att stanna kvar i yrket.<\/p>\n<p>Minskad risk f\u00f6r infektioner:\u00a0N\u00e4stan var tionde plats inom sjukhusv\u00e5rden upptas av en patient som v\u00e5rdas f\u00f6r en v\u00e5rdrelaterad infektion. Med servicepersonal som kan hj\u00e4lpa till n\u00e4r akuta st\u00e4dbehov uppst\u00e5r kan kvaliteten \u00f6ka och riskerna f\u00f6r v\u00e5rdrelaterade infektioner minska.<\/p>\n<p>Mer n\u00f6jda patienter:\u00a0Genom att frig\u00f6ra tid kan omv\u00e5rdnaden och v\u00e5rdpersonalens f\u00f6ruts\u00e4ttningar att m\u00f6ta patientens behov f\u00f6rb\u00e4ttras.<\/p>\n<p>F\u00f6r att f\u00f6rb\u00e4ttra kvaliteten i v\u00e5rden beh\u00f6vs mer tid f\u00f6r v\u00e5rd i v\u00e5rden. Det kr\u00e4vs ocks\u00e5 att vi anv\u00e4nder resurserna p\u00e5 r\u00e4tt s\u00e4tt, att varje personalkategori g\u00f6r det som de \u00e4r utbildade f\u00f6r. Genom att anst\u00e4lla fler som kan arbeta med den service som \u00e4r en n\u00f6dv\u00e4ndig och viktig del av v\u00e5rden kan vi frig\u00f6ra mer tid f\u00f6r omv\u00e5rdnad av varje enskild patient.<\/p>\n<p>GUDRUN BRUNEG\u00c5RD (KD), LANDSTINGSR\u00c5D<\/p>\n<p>JIMMY LOORD (KD), ERS\u00c4TTARE I PERSONALDELEGATIONEN<\/p>\n<p>EMMA HENRIKSSON (KD), ORDF\u00d6RANDE SOCIALUTSKOTTET OCH TALESPERSON I SOCIALPOLITISKA FR\u00c5GOR<\/p>\n<\/div>\n<\/div>\n<\/div>\n","protected":false},"excerpt":{"rendered":"<p>&#8221;Kristdemokraterna vill d\u00e4rf\u00f6r satsa p\u00e5 v\u00e5rdserviceteam i v\u00e5rden. Det skulle avlasta v\u00e5rdpersonalen fr\u00e5n de arbetsuppgifter som \u00e4r viktiga f\u00f6r att omv\u00e5rdnad ska fungera men som inte kr\u00e4ver en l\u00e5ng v\u00e5rdutbildning s\u00e5 kallad v\u00e5rdn\u00e4ra service.&#8221; F\u00f6r m\u00e5nga som arbetar inom v\u00e5rden idag \u00e4r arbetssituationen pressad. Sjuksk\u00f6terskor och undersk\u00f6terskor vill ge h\u00f6gkvalitativ v\u00e5rd, men allt f\u00f6r ofta <a class=\"read-more-link\" href=\"https:\/\/wp.kristdemokraterna.se\/kalmarlan\/serviceteam-for-battre-vard\/\">Read More<\/a><\/p>\n","protected":false},"author":417,"featured_media":0,"comment_status":"closed","ping_status":"closed","sticky":false,"template":"","format":"standard","meta":{"_acf_changed":false,"footnotes":""},"categories":[1],"tags":[],"class_list":["post-612","post","type-post","status-publish","format-standard","hentry","category-okategoriserade"],"acf":[],"yoast_head":"<!-- This site is optimized with the Yoast SEO plugin v27.4 - https:\/\/yoast.com\/product\/yoast-seo-wordpress\/ -->\n<title>Serviceteam f\u00f6r b\u00e4ttre v\u00e5rd - i Kalmar l\u00e4n<\/title>\n<meta name=\"robots\" content=\"index, follow, max-snippet:-1, max-image-preview:large, max-video-preview:-1\" \/>\n<link rel=\"canonical\" href=\"https:\/\/wp.kristdemokraterna.se\/kalmarlan\/serviceteam-for-battre-vard\/\" \/>\n<meta property=\"og:locale\" content=\"sv_SE\" \/>\n<meta property=\"og:type\" content=\"article\" \/>\n<meta property=\"og:title\" content=\"Serviceteam f\u00f6r b\u00e4ttre v\u00e5rd - i Kalmar l\u00e4n\" \/>\n<meta property=\"og:description\" content=\"&#8221;Kristdemokraterna vill d\u00e4rf\u00f6r satsa p\u00e5 v\u00e5rdserviceteam i v\u00e5rden. Det skulle avlasta v\u00e5rdpersonalen fr\u00e5n de arbetsuppgifter som \u00e4r viktiga f\u00f6r att omv\u00e5rdnad ska fungera men som inte kr\u00e4ver en l\u00e5ng v\u00e5rdutbildning s\u00e5 kallad v\u00e5rdn\u00e4ra service.&#8221; F\u00f6r m\u00e5nga som arbetar inom v\u00e5rden idag \u00e4r arbetssituationen pressad. Sjuksk\u00f6terskor och undersk\u00f6terskor vill ge h\u00f6gkvalitativ v\u00e5rd, men allt f\u00f6r ofta Read More\" \/>\n<meta property=\"og:url\" content=\"https:\/\/wp.kristdemokraterna.se\/kalmarlan\/serviceteam-for-battre-vard\/\" \/>\n<meta property=\"og:site_name\" content=\"i Kalmar l\u00e4n\" \/>\n<meta property=\"article:published_time\" content=\"2016-05-04T09:17:45+00:00\" \/>\n<meta name=\"author\" content=\"kalmarlan\" \/>\n<meta name=\"twitter:card\" content=\"summary_large_image\" \/>\n<meta name=\"twitter:label1\" content=\"Skriven av\" \/>\n\t<meta name=\"twitter:data1\" content=\"kalmarlan\" \/>\n\t<meta name=\"twitter:label2\" content=\"Ber\u00e4knad l\u00e4stid\" \/>\n\t<meta name=\"twitter:data2\" content=\"3 minuter\" \/>\n<script type=\"application\/ld+json\" class=\"yoast-schema-graph\">{\"@context\":\"https:\\\/\\\/schema.org\",\"@graph\":[{\"@type\":\"Article\",\"@id\":\"https:\\\/\\\/wp.kristdemokraterna.se\\\/kalmarlan\\\/serviceteam-for-battre-vard\\\/#article\",\"isPartOf\":{\"@id\":\"https:\\\/\\\/wp.kristdemokraterna.se\\\/kalmarlan\\\/serviceteam-for-battre-vard\\\/\"},\"author\":{\"name\":\"kalmarlan\",\"@id\":\"https:\\\/\\\/wp.kristdemokraterna.se\\\/kalmarlan\\\/#\\\/schema\\\/person\\\/a1856739934bf9c6a11fb258646ea2a5\"},\"headline\":\"Serviceteam f\u00f6r b\u00e4ttre v\u00e5rd\",\"datePublished\":\"2016-05-04T09:17:45+00:00\",\"mainEntityOfPage\":{\"@id\":\"https:\\\/\\\/wp.kristdemokraterna.se\\\/kalmarlan\\\/serviceteam-for-battre-vard\\\/\"},\"wordCount\":552,\"inLanguage\":\"sv-SE\"},{\"@type\":\"WebPage\",\"@id\":\"https:\\\/\\\/wp.kristdemokraterna.se\\\/kalmarlan\\\/serviceteam-for-battre-vard\\\/\",\"url\":\"https:\\\/\\\/wp.kristdemokraterna.se\\\/kalmarlan\\\/serviceteam-for-battre-vard\\\/\",\"name\":\"Serviceteam f\u00f6r b\u00e4ttre v\u00e5rd - i Kalmar l\u00e4n\",\"isPartOf\":{\"@id\":\"https:\\\/\\\/wp.kristdemokraterna.se\\\/kalmarlan\\\/#website\"},\"datePublished\":\"2016-05-04T09:17:45+00:00\",\"author\":{\"@id\":\"https:\\\/\\\/wp.kristdemokraterna.se\\\/kalmarlan\\\/#\\\/schema\\\/person\\\/a1856739934bf9c6a11fb258646ea2a5\"},\"breadcrumb\":{\"@id\":\"https:\\\/\\\/wp.kristdemokraterna.se\\\/kalmarlan\\\/serviceteam-for-battre-vard\\\/#breadcrumb\"},\"inLanguage\":\"sv-SE\",\"potentialAction\":[{\"@type\":\"ReadAction\",\"target\":[\"https:\\\/\\\/wp.kristdemokraterna.se\\\/kalmarlan\\\/serviceteam-for-battre-vard\\\/\"]}]},{\"@type\":\"BreadcrumbList\",\"@id\":\"https:\\\/\\\/wp.kristdemokraterna.se\\\/kalmarlan\\\/serviceteam-for-battre-vard\\\/#breadcrumb\",\"itemListElement\":[{\"@type\":\"ListItem\",\"position\":1,\"name\":\"Hem\",\"item\":\"https:\\\/\\\/wp.kristdemokraterna.se\\\/kalmarlan\\\/\"},{\"@type\":\"ListItem\",\"position\":2,\"name\":\"Serviceteam f\u00f6r b\u00e4ttre v\u00e5rd\"}]},{\"@type\":\"WebSite\",\"@id\":\"https:\\\/\\\/wp.kristdemokraterna.se\\\/kalmarlan\\\/#website\",\"url\":\"https:\\\/\\\/wp.kristdemokraterna.se\\\/kalmarlan\\\/\",\"name\":\"i Kalmar l\u00e4n\",\"description\":\"\",\"inLanguage\":\"sv-SE\"},{\"@type\":\"Person\",\"@id\":\"https:\\\/\\\/wp.kristdemokraterna.se\\\/kalmarlan\\\/#\\\/schema\\\/person\\\/a1856739934bf9c6a11fb258646ea2a5\",\"name\":\"kalmarlan\",\"image\":{\"@type\":\"ImageObject\",\"inLanguage\":\"sv-SE\",\"@id\":\"https:\\\/\\\/secure.gravatar.com\\\/avatar\\\/ef1f7dcd1b21be34f0f3e58a032955c2de43794b20090a23118cd0e2a8964e6e?s=96&r=g\",\"url\":\"https:\\\/\\\/secure.gravatar.com\\\/avatar\\\/ef1f7dcd1b21be34f0f3e58a032955c2de43794b20090a23118cd0e2a8964e6e?s=96&r=g\",\"contentUrl\":\"https:\\\/\\\/secure.gravatar.com\\\/avatar\\\/ef1f7dcd1b21be34f0f3e58a032955c2de43794b20090a23118cd0e2a8964e6e?s=96&r=g\",\"caption\":\"kalmarlan\"},\"url\":\"https:\\\/\\\/wp.kristdemokraterna.se\\\/kalmarlan\\\/author\\\/kalmarlan\\\/\"}]}<\/script>\n<!-- \/ Yoast SEO plugin. -->","yoast_head_json":{"title":"Serviceteam f\u00f6r b\u00e4ttre v\u00e5rd - i Kalmar l\u00e4n","robots":{"index":"index","follow":"follow","max-snippet":"max-snippet:-1","max-image-preview":"max-image-preview:large","max-video-preview":"max-video-preview:-1"},"canonical":"https:\/\/wp.kristdemokraterna.se\/kalmarlan\/serviceteam-for-battre-vard\/","og_locale":"sv_SE","og_type":"article","og_title":"Serviceteam f\u00f6r b\u00e4ttre v\u00e5rd - i Kalmar l\u00e4n","og_description":"&#8221;Kristdemokraterna vill d\u00e4rf\u00f6r satsa p\u00e5 v\u00e5rdserviceteam i v\u00e5rden. Det skulle avlasta v\u00e5rdpersonalen fr\u00e5n de arbetsuppgifter som \u00e4r viktiga f\u00f6r att omv\u00e5rdnad ska fungera men som inte kr\u00e4ver en l\u00e5ng v\u00e5rdutbildning s\u00e5 kallad v\u00e5rdn\u00e4ra service.&#8221; F\u00f6r m\u00e5nga som arbetar inom v\u00e5rden idag \u00e4r arbetssituationen pressad. Sjuksk\u00f6terskor och undersk\u00f6terskor vill ge h\u00f6gkvalitativ v\u00e5rd, men allt f\u00f6r ofta Read More","og_url":"https:\/\/wp.kristdemokraterna.se\/kalmarlan\/serviceteam-for-battre-vard\/","og_site_name":"i Kalmar l\u00e4n","article_published_time":"2016-05-04T09:17:45+00:00","author":"kalmarlan","twitter_card":"summary_large_image","twitter_misc":{"Skriven av":"kalmarlan","Ber\u00e4knad l\u00e4stid":"3 minuter"},"schema":{"@context":"https:\/\/schema.org","@graph":[{"@type":"Article","@id":"https:\/\/wp.kristdemokraterna.se\/kalmarlan\/serviceteam-for-battre-vard\/#article","isPartOf":{"@id":"https:\/\/wp.kristdemokraterna.se\/kalmarlan\/serviceteam-for-battre-vard\/"},"author":{"name":"kalmarlan","@id":"https:\/\/wp.kristdemokraterna.se\/kalmarlan\/#\/schema\/person\/a1856739934bf9c6a11fb258646ea2a5"},"headline":"Serviceteam f\u00f6r b\u00e4ttre v\u00e5rd","datePublished":"2016-05-04T09:17:45+00:00","mainEntityOfPage":{"@id":"https:\/\/wp.kristdemokraterna.se\/kalmarlan\/serviceteam-for-battre-vard\/"},"wordCount":552,"inLanguage":"sv-SE"},{"@type":"WebPage","@id":"https:\/\/wp.kristdemokraterna.se\/kalmarlan\/serviceteam-for-battre-vard\/","url":"https:\/\/wp.kristdemokraterna.se\/kalmarlan\/serviceteam-for-battre-vard\/","name":"Serviceteam f\u00f6r b\u00e4ttre v\u00e5rd - i Kalmar l\u00e4n","isPartOf":{"@id":"https:\/\/wp.kristdemokraterna.se\/kalmarlan\/#website"},"datePublished":"2016-05-04T09:17:45+00:00","author":{"@id":"https:\/\/wp.kristdemokraterna.se\/kalmarlan\/#\/schema\/person\/a1856739934bf9c6a11fb258646ea2a5"},"breadcrumb":{"@id":"https:\/\/wp.kristdemokraterna.se\/kalmarlan\/serviceteam-for-battre-vard\/#breadcrumb"},"inLanguage":"sv-SE","potentialAction":[{"@type":"ReadAction","target":["https:\/\/wp.kristdemokraterna.se\/kalmarlan\/serviceteam-for-battre-vard\/"]}]},{"@type":"BreadcrumbList","@id":"https:\/\/wp.kristdemokraterna.se\/kalmarlan\/serviceteam-for-battre-vard\/#breadcrumb","itemListElement":[{"@type":"ListItem","position":1,"name":"Hem","item":"https:\/\/wp.kristdemokraterna.se\/kalmarlan\/"},{"@type":"ListItem","position":2,"name":"Serviceteam f\u00f6r b\u00e4ttre v\u00e5rd"}]},{"@type":"WebSite","@id":"https:\/\/wp.kristdemokraterna.se\/kalmarlan\/#website","url":"https:\/\/wp.kristdemokraterna.se\/kalmarlan\/","name":"i Kalmar l\u00e4n","description":"","inLanguage":"sv-SE"},{"@type":"Person","@id":"https:\/\/wp.kristdemokraterna.se\/kalmarlan\/#\/schema\/person\/a1856739934bf9c6a11fb258646ea2a5","name":"kalmarlan","image":{"@type":"ImageObject","inLanguage":"sv-SE","@id":"https:\/\/secure.gravatar.com\/avatar\/ef1f7dcd1b21be34f0f3e58a032955c2de43794b20090a23118cd0e2a8964e6e?s=96&r=g","url":"https:\/\/secure.gravatar.com\/avatar\/ef1f7dcd1b21be34f0f3e58a032955c2de43794b20090a23118cd0e2a8964e6e?s=96&r=g","contentUrl":"https:\/\/secure.gravatar.com\/avatar\/ef1f7dcd1b21be34f0f3e58a032955c2de43794b20090a23118cd0e2a8964e6e?s=96&r=g","caption":"kalmarlan"},"url":"https:\/\/wp.kristdemokraterna.se\/kalmarlan\/author\/kalmarlan\/"}]}},"_links":{"self":[{"href":"https:\/\/wp.kristdemokraterna.se\/kalmarlan\/wp-json\/wp\/v2\/posts\/612","targetHints":{"allow":["GET"]}}],"collection":[{"href":"https:\/\/wp.kristdemokraterna.se\/kalmarlan\/wp-json\/wp\/v2\/posts"}],"about":[{"href":"https:\/\/wp.kristdemokraterna.se\/kalmarlan\/wp-json\/wp\/v2\/types\/post"}],"author":[{"embeddable":true,"href":"https:\/\/wp.kristdemokraterna.se\/kalmarlan\/wp-json\/wp\/v2\/users\/417"}],"replies":[{"embeddable":true,"href":"https:\/\/wp.kristdemokraterna.se\/kalmarlan\/wp-json\/wp\/v2\/comments?post=612"}],"version-history":[{"count":1,"href":"https:\/\/wp.kristdemokraterna.se\/kalmarlan\/wp-json\/wp\/v2\/posts\/612\/revisions"}],"predecessor-version":[{"id":613,"href":"https:\/\/wp.kristdemokraterna.se\/kalmarlan\/wp-json\/wp\/v2\/posts\/612\/revisions\/613"}],"wp:attachment":[{"href":"https:\/\/wp.kristdemokraterna.se\/kalmarlan\/wp-json\/wp\/v2\/media?parent=612"}],"wp:term":[{"taxonomy":"category","embeddable":true,"href":"https:\/\/wp.kristdemokraterna.se\/kalmarlan\/wp-json\/wp\/v2\/categories?post=612"},{"taxonomy":"post_tag","embeddable":true,"href":"https:\/\/wp.kristdemokraterna.se\/kalmarlan\/wp-json\/wp\/v2\/tags?post=612"}],"curies":[{"name":"wp","href":"https:\/\/api.w.org\/{rel}","templated":true}]}}