{"id":614,"date":"2016-05-04T11:20:57","date_gmt":"2016-05-04T09:20:57","guid":{"rendered":"http:\/\/wp.kristdemokraterna.se\/kalmarlan\/?p=614"},"modified":"2016-05-04T11:20:57","modified_gmt":"2016-05-04T09:20:57","slug":"skoterskor-nasta-hyrbomb","status":"publish","type":"post","link":"https:\/\/wp.kristdemokraterna.se\/kalmarlan\/skoterskor-nasta-hyrbomb\/","title":{"rendered":"Sk\u00f6terskor n\u00e4sta hyrbomb"},"content":{"rendered":"<p><em>Debattartikel av Gudrun Bruneg\u00e5rd, Oppositionsr\u00e5d Landstinget i Kalmar l\u00e4n<\/em><\/p>\n<p>F\u00f6r ett \u00e5r sedan skrev jag om bristen p\u00e5 sjuksk\u00f6terskor, som tvingade fram neddragningar i v\u00e5rden i V\u00e4stervik. Nu har \u00e4ven Kalmar drabbats. En kirurgavdelning har tvingats halvera antalet platser, f\u00f6r att sjuksk\u00f6terskorna ska r\u00e4cka till. Det p\u00e5verkar patienterna, som riskerar att f\u00e5 v\u00e4nta l\u00e4ngre p\u00e5 planerade ingrepp och kanske skrivs ut snabbare.<\/p>\n<p>Med ett s\u00e5 pressat bemanningsl\u00e4ge under vinterhalv\u00e5ret \u00e4r f\u00f6rst\u00e5s oron stor inf\u00f6r sommaren.<\/p>\n<p>Sjuksk\u00f6terskebristen \u00e4r stor i hela landet. Idag kan sjuksk\u00f6terskor v\u00e4lja mellan ett stort antal arbetsgivare. En sjuksk\u00f6terska med en s\u00e4rskilt eftertraktad specialistkompetens kan tj\u00e4na upp emot fyra g\u00e5nger s\u00e5 mycket i bemanningsf\u00f6retag och f\u00e5r dessutom st\u00f6rre m\u00f6jlighet att p\u00e5verka arbetstider och ledighet.<\/p>\n<p>Det st\u00e4ller stora krav p\u00e5 landstingen att i s\u00e5dan konkurrens kunna erbjuda en s\u00e5 mycket b\u00e4ttre arbetsmilj\u00f6 och arbetstider, bem\u00f6tande, karri\u00e4r- och utvecklingsm\u00f6jligheter. F\u00f6r det \u00e4r bara att konstatera att sjuksk\u00f6terskor \u00e4r en nyckelkategori f\u00f6r att landstinget ska kunna bedriva h\u00f6gkvalitativ och patients\u00e4ker v\u00e5rd.<\/p>\n<div id=\"EAS_fif_9130\"><\/div>\n<p>Landstinget har allts\u00e5 en stor utmaning, b\u00e5de p\u00e5 kort och l\u00e5ng sikt, att rekrytera och beh\u00e5lla sin personal. Det m\u00e5ste bli mer attraktivt att jobba som sjuksk\u00f6terska i Sverige och i landstinget i Kalmar l\u00e4n. Annars st\u00e5r vi inf\u00f6r en ny hyrkostnadsbomb, som riskerar att bli \u00e4n v\u00e4rre \u00e4n den som g\u00e4ller hyrl\u00e4kare, eftersom antalet sjuksk\u00f6terskor i v\u00e5rden \u00e4r s\u00e5 mycket st\u00f6rre.<\/p>\n<p>Vad kan d\u00e5 landstinget g\u00f6ra? Ja, till att b\u00f6rja med m\u00e5ste man inse att dagens sjuksk\u00f6terskor \u00e4r h\u00f6gskoleutbildade och professionella. De ser inte sitt yrke som ett kall, som var fallet hos tidigare generationer. Tv\u00e4rtom vet de sitt v\u00e4rde och f\u00e5r man inte det man vill ha hos en arbetsgivare g\u00e5r man till n\u00e4sta. I den situationen duger det inte att h\u00e4nvisa till att kliniken saknar tj\u00e4nsteutrymme, om en deltidsanst\u00e4lld sjuksk\u00f6terska vill g\u00e5 upp i tj\u00e4nstg\u00f6ringsgrad.<\/p>\n<p>En viktig faktor \u00e4r m\u00f6jlighet till yrkesutveckling och karri\u00e4r. Det finns idag stor brist p\u00e5 specialistsjuksk\u00f6terskor. Landstinget inf\u00f6rde nyligen betald specialistutbildning efter m\u00e5nga \u00e5rs bearbetning b\u00e5de fr\u00e5n sjuksk\u00f6terskek\u00e5ren och fr\u00e5n oss kristdemokrater och andra partier. Men antalet platser r\u00e4cker inte p\u00e5 l\u00e5nga v\u00e4gar, i f\u00f6rh\u00e5llande till pensionsavg\u00e5ngar och befintliga vakanser.<\/p>\n<p>L\u00f6n och l\u00f6neutvecklingen spelar en f\u00f6rmodligen avg\u00f6rande roll. Landstinget har ju indirekt medgivit det n\u00e4r man nu erbjuder l\u00e4kare kraftiga l\u00f6nef\u00f6rm\u00e5ner f\u00f6r att jobba extra inom sv\u00e5rrekryterade omr\u00e5den. Att agera s\u00e5 gentemot l\u00e4kare och samtidigt h\u00e5lla tillbaka l\u00f6nekraven fr\u00e5n sjuksk\u00f6terskor blir mots\u00e4gelsefullt.<\/p>\n<p>M\u00e5nga av de sjuksk\u00f6terskor som p\u00e5 senare tid sagt upp sig p\u00e5 akutmottagningen i Kalmar b\u00f6rjade jobba p\u00e5 andra h\u00e5ll p\u00e5 sjukhuset. Genom att byta arbetsplats kunde de f\u00e5 upp sin l\u00f6n. Jag tror att det \u00e4r n\u00f6dv\u00e4ndigt att g\u00f6ra en rej\u00e4l l\u00f6ne\u00f6versyn och satsa p\u00e5 v\u00e5ra sjuksk\u00f6terskor om vi ska kunna beh\u00e5lla dem. Annars kommer landstinget ha stora problem att bedriva patients\u00e4ker v\u00e5rd fram\u00f6ver.<\/p>\n","protected":false},"excerpt":{"rendered":"<p>Debattartikel av Gudrun Bruneg\u00e5rd, Oppositionsr\u00e5d Landstinget i Kalmar l\u00e4n F\u00f6r ett \u00e5r sedan skrev jag om bristen p\u00e5 sjuksk\u00f6terskor, som tvingade fram neddragningar i v\u00e5rden i V\u00e4stervik. Nu har \u00e4ven Kalmar drabbats. En kirurgavdelning har tvingats halvera antalet platser, f\u00f6r att sjuksk\u00f6terskorna ska r\u00e4cka till. Det p\u00e5verkar patienterna, som riskerar att f\u00e5 v\u00e4nta l\u00e4ngre p\u00e5 <a class=\"read-more-link\" href=\"https:\/\/wp.kristdemokraterna.se\/kalmarlan\/skoterskor-nasta-hyrbomb\/\">Read More<\/a><\/p>\n","protected":false},"author":417,"featured_media":0,"comment_status":"closed","ping_status":"closed","sticky":false,"template":"","format":"standard","meta":{"_acf_changed":false,"footnotes":""},"categories":[1],"tags":[],"class_list":["post-614","post","type-post","status-publish","format-standard","hentry","category-okategoriserade"],"acf":[],"yoast_head":"<!-- This site is optimized with the Yoast SEO plugin v27.4 - https:\/\/yoast.com\/product\/yoast-seo-wordpress\/ -->\n<title>Sk\u00f6terskor n\u00e4sta hyrbomb - i Kalmar l\u00e4n<\/title>\n<meta name=\"robots\" content=\"index, follow, max-snippet:-1, max-image-preview:large, max-video-preview:-1\" \/>\n<link rel=\"canonical\" href=\"https:\/\/wp.kristdemokraterna.se\/kalmarlan\/skoterskor-nasta-hyrbomb\/\" \/>\n<meta property=\"og:locale\" content=\"sv_SE\" \/>\n<meta property=\"og:type\" content=\"article\" \/>\n<meta property=\"og:title\" content=\"Sk\u00f6terskor n\u00e4sta hyrbomb - i Kalmar l\u00e4n\" \/>\n<meta property=\"og:description\" content=\"Debattartikel av Gudrun Bruneg\u00e5rd, Oppositionsr\u00e5d Landstinget i Kalmar l\u00e4n F\u00f6r ett \u00e5r sedan skrev jag om bristen p\u00e5 sjuksk\u00f6terskor, som tvingade fram neddragningar i v\u00e5rden i V\u00e4stervik. Nu har \u00e4ven Kalmar drabbats. En kirurgavdelning har tvingats halvera antalet platser, f\u00f6r att sjuksk\u00f6terskorna ska r\u00e4cka till. Det p\u00e5verkar patienterna, som riskerar att f\u00e5 v\u00e4nta l\u00e4ngre p\u00e5 Read More\" \/>\n<meta property=\"og:url\" content=\"https:\/\/wp.kristdemokraterna.se\/kalmarlan\/skoterskor-nasta-hyrbomb\/\" \/>\n<meta property=\"og:site_name\" content=\"i Kalmar l\u00e4n\" \/>\n<meta property=\"article:published_time\" content=\"2016-05-04T09:20:57+00:00\" \/>\n<meta name=\"author\" content=\"kalmarlan\" \/>\n<meta name=\"twitter:card\" content=\"summary_large_image\" \/>\n<meta name=\"twitter:label1\" content=\"Skriven av\" \/>\n\t<meta name=\"twitter:data1\" content=\"kalmarlan\" \/>\n\t<meta name=\"twitter:label2\" content=\"Ber\u00e4knad l\u00e4stid\" \/>\n\t<meta name=\"twitter:data2\" content=\"3 minuter\" \/>\n<script type=\"application\/ld+json\" class=\"yoast-schema-graph\">{\"@context\":\"https:\\\/\\\/schema.org\",\"@graph\":[{\"@type\":\"Article\",\"@id\":\"https:\\\/\\\/wp.kristdemokraterna.se\\\/kalmarlan\\\/skoterskor-nasta-hyrbomb\\\/#article\",\"isPartOf\":{\"@id\":\"https:\\\/\\\/wp.kristdemokraterna.se\\\/kalmarlan\\\/skoterskor-nasta-hyrbomb\\\/\"},\"author\":{\"name\":\"kalmarlan\",\"@id\":\"https:\\\/\\\/wp.kristdemokraterna.se\\\/kalmarlan\\\/#\\\/schema\\\/person\\\/a1856739934bf9c6a11fb258646ea2a5\"},\"headline\":\"Sk\u00f6terskor n\u00e4sta hyrbomb\",\"datePublished\":\"2016-05-04T09:20:57+00:00\",\"mainEntityOfPage\":{\"@id\":\"https:\\\/\\\/wp.kristdemokraterna.se\\\/kalmarlan\\\/skoterskor-nasta-hyrbomb\\\/\"},\"wordCount\":584,\"inLanguage\":\"sv-SE\"},{\"@type\":\"WebPage\",\"@id\":\"https:\\\/\\\/wp.kristdemokraterna.se\\\/kalmarlan\\\/skoterskor-nasta-hyrbomb\\\/\",\"url\":\"https:\\\/\\\/wp.kristdemokraterna.se\\\/kalmarlan\\\/skoterskor-nasta-hyrbomb\\\/\",\"name\":\"Sk\u00f6terskor n\u00e4sta hyrbomb - i Kalmar l\u00e4n\",\"isPartOf\":{\"@id\":\"https:\\\/\\\/wp.kristdemokraterna.se\\\/kalmarlan\\\/#website\"},\"datePublished\":\"2016-05-04T09:20:57+00:00\",\"author\":{\"@id\":\"https:\\\/\\\/wp.kristdemokraterna.se\\\/kalmarlan\\\/#\\\/schema\\\/person\\\/a1856739934bf9c6a11fb258646ea2a5\"},\"breadcrumb\":{\"@id\":\"https:\\\/\\\/wp.kristdemokraterna.se\\\/kalmarlan\\\/skoterskor-nasta-hyrbomb\\\/#breadcrumb\"},\"inLanguage\":\"sv-SE\",\"potentialAction\":[{\"@type\":\"ReadAction\",\"target\":[\"https:\\\/\\\/wp.kristdemokraterna.se\\\/kalmarlan\\\/skoterskor-nasta-hyrbomb\\\/\"]}]},{\"@type\":\"BreadcrumbList\",\"@id\":\"https:\\\/\\\/wp.kristdemokraterna.se\\\/kalmarlan\\\/skoterskor-nasta-hyrbomb\\\/#breadcrumb\",\"itemListElement\":[{\"@type\":\"ListItem\",\"position\":1,\"name\":\"Hem\",\"item\":\"https:\\\/\\\/wp.kristdemokraterna.se\\\/kalmarlan\\\/\"},{\"@type\":\"ListItem\",\"position\":2,\"name\":\"Sk\u00f6terskor n\u00e4sta hyrbomb\"}]},{\"@type\":\"WebSite\",\"@id\":\"https:\\\/\\\/wp.kristdemokraterna.se\\\/kalmarlan\\\/#website\",\"url\":\"https:\\\/\\\/wp.kristdemokraterna.se\\\/kalmarlan\\\/\",\"name\":\"i Kalmar l\u00e4n\",\"description\":\"\",\"inLanguage\":\"sv-SE\"},{\"@type\":\"Person\",\"@id\":\"https:\\\/\\\/wp.kristdemokraterna.se\\\/kalmarlan\\\/#\\\/schema\\\/person\\\/a1856739934bf9c6a11fb258646ea2a5\",\"name\":\"kalmarlan\",\"image\":{\"@type\":\"ImageObject\",\"inLanguage\":\"sv-SE\",\"@id\":\"https:\\\/\\\/secure.gravatar.com\\\/avatar\\\/ef1f7dcd1b21be34f0f3e58a032955c2de43794b20090a23118cd0e2a8964e6e?s=96&r=g\",\"url\":\"https:\\\/\\\/secure.gravatar.com\\\/avatar\\\/ef1f7dcd1b21be34f0f3e58a032955c2de43794b20090a23118cd0e2a8964e6e?s=96&r=g\",\"contentUrl\":\"https:\\\/\\\/secure.gravatar.com\\\/avatar\\\/ef1f7dcd1b21be34f0f3e58a032955c2de43794b20090a23118cd0e2a8964e6e?s=96&r=g\",\"caption\":\"kalmarlan\"},\"url\":\"https:\\\/\\\/wp.kristdemokraterna.se\\\/kalmarlan\\\/author\\\/kalmarlan\\\/\"}]}<\/script>\n<!-- \/ Yoast SEO plugin. -->","yoast_head_json":{"title":"Sk\u00f6terskor n\u00e4sta hyrbomb - i Kalmar l\u00e4n","robots":{"index":"index","follow":"follow","max-snippet":"max-snippet:-1","max-image-preview":"max-image-preview:large","max-video-preview":"max-video-preview:-1"},"canonical":"https:\/\/wp.kristdemokraterna.se\/kalmarlan\/skoterskor-nasta-hyrbomb\/","og_locale":"sv_SE","og_type":"article","og_title":"Sk\u00f6terskor n\u00e4sta hyrbomb - i Kalmar l\u00e4n","og_description":"Debattartikel av Gudrun Bruneg\u00e5rd, Oppositionsr\u00e5d Landstinget i Kalmar l\u00e4n F\u00f6r ett \u00e5r sedan skrev jag om bristen p\u00e5 sjuksk\u00f6terskor, som tvingade fram neddragningar i v\u00e5rden i V\u00e4stervik. Nu har \u00e4ven Kalmar drabbats. En kirurgavdelning har tvingats halvera antalet platser, f\u00f6r att sjuksk\u00f6terskorna ska r\u00e4cka till. Det p\u00e5verkar patienterna, som riskerar att f\u00e5 v\u00e4nta l\u00e4ngre p\u00e5 Read More","og_url":"https:\/\/wp.kristdemokraterna.se\/kalmarlan\/skoterskor-nasta-hyrbomb\/","og_site_name":"i Kalmar l\u00e4n","article_published_time":"2016-05-04T09:20:57+00:00","author":"kalmarlan","twitter_card":"summary_large_image","twitter_misc":{"Skriven av":"kalmarlan","Ber\u00e4knad l\u00e4stid":"3 minuter"},"schema":{"@context":"https:\/\/schema.org","@graph":[{"@type":"Article","@id":"https:\/\/wp.kristdemokraterna.se\/kalmarlan\/skoterskor-nasta-hyrbomb\/#article","isPartOf":{"@id":"https:\/\/wp.kristdemokraterna.se\/kalmarlan\/skoterskor-nasta-hyrbomb\/"},"author":{"name":"kalmarlan","@id":"https:\/\/wp.kristdemokraterna.se\/kalmarlan\/#\/schema\/person\/a1856739934bf9c6a11fb258646ea2a5"},"headline":"Sk\u00f6terskor n\u00e4sta hyrbomb","datePublished":"2016-05-04T09:20:57+00:00","mainEntityOfPage":{"@id":"https:\/\/wp.kristdemokraterna.se\/kalmarlan\/skoterskor-nasta-hyrbomb\/"},"wordCount":584,"inLanguage":"sv-SE"},{"@type":"WebPage","@id":"https:\/\/wp.kristdemokraterna.se\/kalmarlan\/skoterskor-nasta-hyrbomb\/","url":"https:\/\/wp.kristdemokraterna.se\/kalmarlan\/skoterskor-nasta-hyrbomb\/","name":"Sk\u00f6terskor n\u00e4sta hyrbomb - i Kalmar l\u00e4n","isPartOf":{"@id":"https:\/\/wp.kristdemokraterna.se\/kalmarlan\/#website"},"datePublished":"2016-05-04T09:20:57+00:00","author":{"@id":"https:\/\/wp.kristdemokraterna.se\/kalmarlan\/#\/schema\/person\/a1856739934bf9c6a11fb258646ea2a5"},"breadcrumb":{"@id":"https:\/\/wp.kristdemokraterna.se\/kalmarlan\/skoterskor-nasta-hyrbomb\/#breadcrumb"},"inLanguage":"sv-SE","potentialAction":[{"@type":"ReadAction","target":["https:\/\/wp.kristdemokraterna.se\/kalmarlan\/skoterskor-nasta-hyrbomb\/"]}]},{"@type":"BreadcrumbList","@id":"https:\/\/wp.kristdemokraterna.se\/kalmarlan\/skoterskor-nasta-hyrbomb\/#breadcrumb","itemListElement":[{"@type":"ListItem","position":1,"name":"Hem","item":"https:\/\/wp.kristdemokraterna.se\/kalmarlan\/"},{"@type":"ListItem","position":2,"name":"Sk\u00f6terskor n\u00e4sta hyrbomb"}]},{"@type":"WebSite","@id":"https:\/\/wp.kristdemokraterna.se\/kalmarlan\/#website","url":"https:\/\/wp.kristdemokraterna.se\/kalmarlan\/","name":"i Kalmar l\u00e4n","description":"","inLanguage":"sv-SE"},{"@type":"Person","@id":"https:\/\/wp.kristdemokraterna.se\/kalmarlan\/#\/schema\/person\/a1856739934bf9c6a11fb258646ea2a5","name":"kalmarlan","image":{"@type":"ImageObject","inLanguage":"sv-SE","@id":"https:\/\/secure.gravatar.com\/avatar\/ef1f7dcd1b21be34f0f3e58a032955c2de43794b20090a23118cd0e2a8964e6e?s=96&r=g","url":"https:\/\/secure.gravatar.com\/avatar\/ef1f7dcd1b21be34f0f3e58a032955c2de43794b20090a23118cd0e2a8964e6e?s=96&r=g","contentUrl":"https:\/\/secure.gravatar.com\/avatar\/ef1f7dcd1b21be34f0f3e58a032955c2de43794b20090a23118cd0e2a8964e6e?s=96&r=g","caption":"kalmarlan"},"url":"https:\/\/wp.kristdemokraterna.se\/kalmarlan\/author\/kalmarlan\/"}]}},"_links":{"self":[{"href":"https:\/\/wp.kristdemokraterna.se\/kalmarlan\/wp-json\/wp\/v2\/posts\/614","targetHints":{"allow":["GET"]}}],"collection":[{"href":"https:\/\/wp.kristdemokraterna.se\/kalmarlan\/wp-json\/wp\/v2\/posts"}],"about":[{"href":"https:\/\/wp.kristdemokraterna.se\/kalmarlan\/wp-json\/wp\/v2\/types\/post"}],"author":[{"embeddable":true,"href":"https:\/\/wp.kristdemokraterna.se\/kalmarlan\/wp-json\/wp\/v2\/users\/417"}],"replies":[{"embeddable":true,"href":"https:\/\/wp.kristdemokraterna.se\/kalmarlan\/wp-json\/wp\/v2\/comments?post=614"}],"version-history":[{"count":1,"href":"https:\/\/wp.kristdemokraterna.se\/kalmarlan\/wp-json\/wp\/v2\/posts\/614\/revisions"}],"predecessor-version":[{"id":615,"href":"https:\/\/wp.kristdemokraterna.se\/kalmarlan\/wp-json\/wp\/v2\/posts\/614\/revisions\/615"}],"wp:attachment":[{"href":"https:\/\/wp.kristdemokraterna.se\/kalmarlan\/wp-json\/wp\/v2\/media?parent=614"}],"wp:term":[{"taxonomy":"category","embeddable":true,"href":"https:\/\/wp.kristdemokraterna.se\/kalmarlan\/wp-json\/wp\/v2\/categories?post=614"},{"taxonomy":"post_tag","embeddable":true,"href":"https:\/\/wp.kristdemokraterna.se\/kalmarlan\/wp-json\/wp\/v2\/tags?post=614"}],"curies":[{"name":"wp","href":"https:\/\/api.w.org\/{rel}","templated":true}]}}