{"id":616,"date":"2016-05-04T11:22:53","date_gmt":"2016-05-04T09:22:53","guid":{"rendered":"http:\/\/wp.kristdemokraterna.se\/kalmarlan\/?p=616"},"modified":"2016-05-04T11:22:53","modified_gmt":"2016-05-04T09:22:53","slug":"politisk-kamp-mot-egoismen","status":"publish","type":"post","link":"https:\/\/wp.kristdemokraterna.se\/kalmarlan\/politisk-kamp-mot-egoismen\/","title":{"rendered":"Politisk kamp mot egoismen"},"content":{"rendered":"<p><em>Debattartikel av Jimmy Loord, vice ordf. Kristdemokraterna i Kalmar l\u00e4n<\/em><\/p>\n<p>F\u00f6rtroende tar l\u00e5ng tid att bygga upp men kan raseras p\u00e5 en natt.<\/p>\n<p>F\u00f6r n\u00e5gra veckor sedan rullades den s\u00e5 kallade Panama-skandalen ut i media runt om i v\u00e4rlden. 11,5 miljoner dokument visade sig inneh\u00e5lla uppgifter om hur advokatbyr\u00e5n Mossack Fonseca kan kopplas till, bland annat, skattefusk, pengatv\u00e4tt och korruption.<\/p>\n<p>Dokumenten visade sig ocks\u00e5 avsl\u00f6ja hur svenska storbanker hj\u00e4lpt sina f\u00f6rm\u00f6gnaste kunder att skapa s\u00e5 kallat brevl\u00e5def\u00f6retag i skatteparadis f\u00f6r att undvika att betala skatt. F\u00f6rtroendeklyftan v\u00e4xer ytterligare n\u00e4r det \u00e4ven visar sig att regeringschefer \u00e4r inblandade. Egoismen visar sitt fulaste tryne och vanligt folk st\u00e4ller sig fr\u00e5gan vart hederlighet och vanligt sunt f\u00f6rnuft tagit v\u00e4gen.<\/p>\n<p>Visst har vi alla m\u00f6tt sammanhang d\u00e4r n\u00e5got eller n\u00e5gon inte varit det man utgett sig f\u00f6r att vara. Det kan vara s\u00e5v\u00e4l i medm\u00e4nskliga relationer som i f\u00f6rh\u00e5llandet till politiken. Ena dagen \u00e4r det regeringschefer i andra l\u00e4nder, andra dagen \u00e4r det Kommunals h\u00f6gsta ledning som sviker sina medlemmar. Blir diskrepansen allt f\u00f6r stor mellan det beskrivna och det \u00f6verensst\u00e4mda riskerar f\u00f6rtroendeklyftor slita is\u00e4r oss dit vi till slut inte v\u00e5gar visa tillit till n\u00e5gon. En s\u00e5dan utveckling riskerar att urholka hela samh\u00e4llsgemenskapen och skapa en jordm\u00e5n d\u00e4r mentaliteten sk\u00f6t dig sj\u00e4lv och skit i andra b\u00e5de gror och trivs som b\u00e4st.<\/p>\n<p>N\u00e4r polisen inte l\u00e4ngre har resurser att prioritera inbrott p\u00e5 l\u00e4nets skolor, inbrott i din bostad eller problemet med tafsande m\u00e4n n\u00e4r du \u00e4r ute och g\u00e5r p\u00e5 kv\u00e4llen s\u00e5 g\u00f6r det n\u00e5got med oss. N\u00e4r \u00e4mbetsm\u00e4n p\u00e5 de stora bankerna inte l\u00e4ngre tycks bry sig om etik och moral s\u00e5 infinner sig ett avst\u00e5ndstagande. N\u00e4r regeringen l\u00e5ter kommunernas socialtj\u00e4nster g\u00e5 p\u00e5 kn\u00e4na utan tillr\u00e4ckliga resurser att hj\u00e4lpa de mest utsatta s\u00e5 \u00e4r vi p\u00e5 ett sluttande plan. F\u00f6r att anv\u00e4nda en sliten politisk slogan: &#8221;N\u00e5got h\u00e5ller p\u00e5 att g\u00e5 s\u00f6nder i Sverige.&#8221; D\u00e5 menar jag den h\u00f6ga tilltro till samh\u00e4llet och varandra som vi i Sverige varit k\u00e4nda f\u00f6r och stolta \u00f6ver.<\/p>\n<p>N\u00e4r tilliten brister s\u00e5 frodas egoismen och bidrar till ett nytt slags utanf\u00f6rskap som vi inte \u00e4r vana att tala om. Utanf\u00f6r, utl\u00e4mnad till sig sj\u00e4lv. Risken \u00e4r att en s\u00e5dan utveckling drar oss is\u00e4r och isolerar oss ytterligare fr\u00e5n varandra. Bristen p\u00e5 tillit till samh\u00e4llet och varandra riskerar att skapa oroligt m\u00e5nga negativa konsekvenser f\u00f6r samh\u00e4llsbygget och blir d\u00e4rmed ocks\u00e5 en politisk fr\u00e5ga.<\/p>\n<p>Vad kan d\u00e5 g\u00f6ras? Politiskt handlar om att skapa trygga milj\u00f6er f\u00f6r v\u00e5ra barn f\u00e5 v\u00e4xa upp i. Milj\u00f6er d\u00e4r du blir sedd och bekr\u00e4ftad. I takt med att andra partier h\u00e5nar kristdemokraterna f\u00f6r talet om familjen, gemenskaper och civilsamh\u00e4llets viktiga roller s\u00e5 stiger den psykiska oh\u00e4lsan hos b\u00e5de barn och dess f\u00f6r\u00e4ldrageneration. Polisen m\u00e5ste f\u00e5 r\u00e4tta resurser att uppr\u00e4tta s\u00e4kerhet, trygghet och ordning. Socialtj\u00e4nst och skola m\u00e5ste f\u00e5 resurser till att tidigt motverka utanf\u00f6rskap och f\u00f6rebygga psykisk oh\u00e4lsa. Politiken ska skapa f\u00f6ruts\u00e4ttningar f\u00f6r en v\u00e4xande tillit men vi har ocks\u00e5 ett medm\u00e4nskligt ansvar dit politikens gr\u00e4nser inte n\u00e5r in.<\/p>\n<p>&#8221;No man is an island&#8221;, sa John Donne. Men f\u00f6r att v\u00e5ga visa tillit s\u00e5 m\u00e5ste jag kunna lita p\u00e5 att ett ja \u00e4r ett ja och ett nej \u00e4r ett nej och att b\u00e5de samh\u00e4llet och vi finns d\u00e4r n\u00e4r vi beh\u00f6ver det.<\/p>\n<p>Det \u00e4r en fr\u00e5ga om v\u00e4rderingar och kanske aldrig f\u00f6rr har kampen om dessa varit s\u00e5 tydlig i v\u00e5rt land.<\/p>\n","protected":false},"excerpt":{"rendered":"<p>Debattartikel av Jimmy Loord, vice ordf. Kristdemokraterna i Kalmar l\u00e4n F\u00f6rtroende tar l\u00e5ng tid att bygga upp men kan raseras p\u00e5 en natt. F\u00f6r n\u00e5gra veckor sedan rullades den s\u00e5 kallade Panama-skandalen ut i media runt om i v\u00e4rlden. 11,5 miljoner dokument visade sig inneh\u00e5lla uppgifter om hur advokatbyr\u00e5n Mossack Fonseca kan kopplas till, bland <a class=\"read-more-link\" href=\"https:\/\/wp.kristdemokraterna.se\/kalmarlan\/politisk-kamp-mot-egoismen\/\">Read More<\/a><\/p>\n","protected":false},"author":417,"featured_media":0,"comment_status":"closed","ping_status":"closed","sticky":false,"template":"","format":"standard","meta":{"_acf_changed":false,"footnotes":""},"categories":[1],"tags":[],"class_list":["post-616","post","type-post","status-publish","format-standard","hentry","category-okategoriserade"],"acf":[],"yoast_head":"<!-- This site is optimized with the Yoast SEO plugin v27.4 - https:\/\/yoast.com\/product\/yoast-seo-wordpress\/ -->\n<title>Politisk kamp mot egoismen - i Kalmar l\u00e4n<\/title>\n<meta name=\"robots\" content=\"index, follow, max-snippet:-1, max-image-preview:large, max-video-preview:-1\" \/>\n<link rel=\"canonical\" href=\"https:\/\/wp.kristdemokraterna.se\/kalmarlan\/politisk-kamp-mot-egoismen\/\" \/>\n<meta property=\"og:locale\" content=\"sv_SE\" \/>\n<meta property=\"og:type\" content=\"article\" \/>\n<meta property=\"og:title\" content=\"Politisk kamp mot egoismen - i Kalmar l\u00e4n\" \/>\n<meta property=\"og:description\" content=\"Debattartikel av Jimmy Loord, vice ordf. Kristdemokraterna i Kalmar l\u00e4n F\u00f6rtroende tar l\u00e5ng tid att bygga upp men kan raseras p\u00e5 en natt. F\u00f6r n\u00e5gra veckor sedan rullades den s\u00e5 kallade Panama-skandalen ut i media runt om i v\u00e4rlden. 11,5 miljoner dokument visade sig inneh\u00e5lla uppgifter om hur advokatbyr\u00e5n Mossack Fonseca kan kopplas till, bland Read More\" \/>\n<meta property=\"og:url\" content=\"https:\/\/wp.kristdemokraterna.se\/kalmarlan\/politisk-kamp-mot-egoismen\/\" \/>\n<meta property=\"og:site_name\" content=\"i Kalmar l\u00e4n\" \/>\n<meta property=\"article:published_time\" content=\"2016-05-04T09:22:53+00:00\" \/>\n<meta name=\"author\" content=\"kalmarlan\" \/>\n<meta name=\"twitter:card\" content=\"summary_large_image\" \/>\n<meta name=\"twitter:label1\" content=\"Skriven av\" \/>\n\t<meta name=\"twitter:data1\" content=\"kalmarlan\" \/>\n\t<meta name=\"twitter:label2\" content=\"Ber\u00e4knad l\u00e4stid\" \/>\n\t<meta name=\"twitter:data2\" content=\"3 minuter\" \/>\n<script type=\"application\/ld+json\" class=\"yoast-schema-graph\">{\"@context\":\"https:\\\/\\\/schema.org\",\"@graph\":[{\"@type\":\"Article\",\"@id\":\"https:\\\/\\\/wp.kristdemokraterna.se\\\/kalmarlan\\\/politisk-kamp-mot-egoismen\\\/#article\",\"isPartOf\":{\"@id\":\"https:\\\/\\\/wp.kristdemokraterna.se\\\/kalmarlan\\\/politisk-kamp-mot-egoismen\\\/\"},\"author\":{\"name\":\"kalmarlan\",\"@id\":\"https:\\\/\\\/wp.kristdemokraterna.se\\\/kalmarlan\\\/#\\\/schema\\\/person\\\/a1856739934bf9c6a11fb258646ea2a5\"},\"headline\":\"Politisk kamp mot egoismen\",\"datePublished\":\"2016-05-04T09:22:53+00:00\",\"mainEntityOfPage\":{\"@id\":\"https:\\\/\\\/wp.kristdemokraterna.se\\\/kalmarlan\\\/politisk-kamp-mot-egoismen\\\/\"},\"wordCount\":697,\"inLanguage\":\"sv-SE\"},{\"@type\":\"WebPage\",\"@id\":\"https:\\\/\\\/wp.kristdemokraterna.se\\\/kalmarlan\\\/politisk-kamp-mot-egoismen\\\/\",\"url\":\"https:\\\/\\\/wp.kristdemokraterna.se\\\/kalmarlan\\\/politisk-kamp-mot-egoismen\\\/\",\"name\":\"Politisk kamp mot egoismen - i Kalmar l\u00e4n\",\"isPartOf\":{\"@id\":\"https:\\\/\\\/wp.kristdemokraterna.se\\\/kalmarlan\\\/#website\"},\"datePublished\":\"2016-05-04T09:22:53+00:00\",\"author\":{\"@id\":\"https:\\\/\\\/wp.kristdemokraterna.se\\\/kalmarlan\\\/#\\\/schema\\\/person\\\/a1856739934bf9c6a11fb258646ea2a5\"},\"breadcrumb\":{\"@id\":\"https:\\\/\\\/wp.kristdemokraterna.se\\\/kalmarlan\\\/politisk-kamp-mot-egoismen\\\/#breadcrumb\"},\"inLanguage\":\"sv-SE\",\"potentialAction\":[{\"@type\":\"ReadAction\",\"target\":[\"https:\\\/\\\/wp.kristdemokraterna.se\\\/kalmarlan\\\/politisk-kamp-mot-egoismen\\\/\"]}]},{\"@type\":\"BreadcrumbList\",\"@id\":\"https:\\\/\\\/wp.kristdemokraterna.se\\\/kalmarlan\\\/politisk-kamp-mot-egoismen\\\/#breadcrumb\",\"itemListElement\":[{\"@type\":\"ListItem\",\"position\":1,\"name\":\"Hem\",\"item\":\"https:\\\/\\\/wp.kristdemokraterna.se\\\/kalmarlan\\\/\"},{\"@type\":\"ListItem\",\"position\":2,\"name\":\"Politisk kamp mot egoismen\"}]},{\"@type\":\"WebSite\",\"@id\":\"https:\\\/\\\/wp.kristdemokraterna.se\\\/kalmarlan\\\/#website\",\"url\":\"https:\\\/\\\/wp.kristdemokraterna.se\\\/kalmarlan\\\/\",\"name\":\"i Kalmar l\u00e4n\",\"description\":\"\",\"inLanguage\":\"sv-SE\"},{\"@type\":\"Person\",\"@id\":\"https:\\\/\\\/wp.kristdemokraterna.se\\\/kalmarlan\\\/#\\\/schema\\\/person\\\/a1856739934bf9c6a11fb258646ea2a5\",\"name\":\"kalmarlan\",\"image\":{\"@type\":\"ImageObject\",\"inLanguage\":\"sv-SE\",\"@id\":\"https:\\\/\\\/secure.gravatar.com\\\/avatar\\\/ef1f7dcd1b21be34f0f3e58a032955c2de43794b20090a23118cd0e2a8964e6e?s=96&r=g\",\"url\":\"https:\\\/\\\/secure.gravatar.com\\\/avatar\\\/ef1f7dcd1b21be34f0f3e58a032955c2de43794b20090a23118cd0e2a8964e6e?s=96&r=g\",\"contentUrl\":\"https:\\\/\\\/secure.gravatar.com\\\/avatar\\\/ef1f7dcd1b21be34f0f3e58a032955c2de43794b20090a23118cd0e2a8964e6e?s=96&r=g\",\"caption\":\"kalmarlan\"},\"url\":\"https:\\\/\\\/wp.kristdemokraterna.se\\\/kalmarlan\\\/author\\\/kalmarlan\\\/\"}]}<\/script>\n<!-- \/ Yoast SEO plugin. -->","yoast_head_json":{"title":"Politisk kamp mot egoismen - i Kalmar l\u00e4n","robots":{"index":"index","follow":"follow","max-snippet":"max-snippet:-1","max-image-preview":"max-image-preview:large","max-video-preview":"max-video-preview:-1"},"canonical":"https:\/\/wp.kristdemokraterna.se\/kalmarlan\/politisk-kamp-mot-egoismen\/","og_locale":"sv_SE","og_type":"article","og_title":"Politisk kamp mot egoismen - i Kalmar l\u00e4n","og_description":"Debattartikel av Jimmy Loord, vice ordf. Kristdemokraterna i Kalmar l\u00e4n F\u00f6rtroende tar l\u00e5ng tid att bygga upp men kan raseras p\u00e5 en natt. F\u00f6r n\u00e5gra veckor sedan rullades den s\u00e5 kallade Panama-skandalen ut i media runt om i v\u00e4rlden. 11,5 miljoner dokument visade sig inneh\u00e5lla uppgifter om hur advokatbyr\u00e5n Mossack Fonseca kan kopplas till, bland Read More","og_url":"https:\/\/wp.kristdemokraterna.se\/kalmarlan\/politisk-kamp-mot-egoismen\/","og_site_name":"i Kalmar l\u00e4n","article_published_time":"2016-05-04T09:22:53+00:00","author":"kalmarlan","twitter_card":"summary_large_image","twitter_misc":{"Skriven av":"kalmarlan","Ber\u00e4knad l\u00e4stid":"3 minuter"},"schema":{"@context":"https:\/\/schema.org","@graph":[{"@type":"Article","@id":"https:\/\/wp.kristdemokraterna.se\/kalmarlan\/politisk-kamp-mot-egoismen\/#article","isPartOf":{"@id":"https:\/\/wp.kristdemokraterna.se\/kalmarlan\/politisk-kamp-mot-egoismen\/"},"author":{"name":"kalmarlan","@id":"https:\/\/wp.kristdemokraterna.se\/kalmarlan\/#\/schema\/person\/a1856739934bf9c6a11fb258646ea2a5"},"headline":"Politisk kamp mot egoismen","datePublished":"2016-05-04T09:22:53+00:00","mainEntityOfPage":{"@id":"https:\/\/wp.kristdemokraterna.se\/kalmarlan\/politisk-kamp-mot-egoismen\/"},"wordCount":697,"inLanguage":"sv-SE"},{"@type":"WebPage","@id":"https:\/\/wp.kristdemokraterna.se\/kalmarlan\/politisk-kamp-mot-egoismen\/","url":"https:\/\/wp.kristdemokraterna.se\/kalmarlan\/politisk-kamp-mot-egoismen\/","name":"Politisk kamp mot egoismen - i Kalmar l\u00e4n","isPartOf":{"@id":"https:\/\/wp.kristdemokraterna.se\/kalmarlan\/#website"},"datePublished":"2016-05-04T09:22:53+00:00","author":{"@id":"https:\/\/wp.kristdemokraterna.se\/kalmarlan\/#\/schema\/person\/a1856739934bf9c6a11fb258646ea2a5"},"breadcrumb":{"@id":"https:\/\/wp.kristdemokraterna.se\/kalmarlan\/politisk-kamp-mot-egoismen\/#breadcrumb"},"inLanguage":"sv-SE","potentialAction":[{"@type":"ReadAction","target":["https:\/\/wp.kristdemokraterna.se\/kalmarlan\/politisk-kamp-mot-egoismen\/"]}]},{"@type":"BreadcrumbList","@id":"https:\/\/wp.kristdemokraterna.se\/kalmarlan\/politisk-kamp-mot-egoismen\/#breadcrumb","itemListElement":[{"@type":"ListItem","position":1,"name":"Hem","item":"https:\/\/wp.kristdemokraterna.se\/kalmarlan\/"},{"@type":"ListItem","position":2,"name":"Politisk kamp mot egoismen"}]},{"@type":"WebSite","@id":"https:\/\/wp.kristdemokraterna.se\/kalmarlan\/#website","url":"https:\/\/wp.kristdemokraterna.se\/kalmarlan\/","name":"i Kalmar l\u00e4n","description":"","inLanguage":"sv-SE"},{"@type":"Person","@id":"https:\/\/wp.kristdemokraterna.se\/kalmarlan\/#\/schema\/person\/a1856739934bf9c6a11fb258646ea2a5","name":"kalmarlan","image":{"@type":"ImageObject","inLanguage":"sv-SE","@id":"https:\/\/secure.gravatar.com\/avatar\/ef1f7dcd1b21be34f0f3e58a032955c2de43794b20090a23118cd0e2a8964e6e?s=96&r=g","url":"https:\/\/secure.gravatar.com\/avatar\/ef1f7dcd1b21be34f0f3e58a032955c2de43794b20090a23118cd0e2a8964e6e?s=96&r=g","contentUrl":"https:\/\/secure.gravatar.com\/avatar\/ef1f7dcd1b21be34f0f3e58a032955c2de43794b20090a23118cd0e2a8964e6e?s=96&r=g","caption":"kalmarlan"},"url":"https:\/\/wp.kristdemokraterna.se\/kalmarlan\/author\/kalmarlan\/"}]}},"_links":{"self":[{"href":"https:\/\/wp.kristdemokraterna.se\/kalmarlan\/wp-json\/wp\/v2\/posts\/616","targetHints":{"allow":["GET"]}}],"collection":[{"href":"https:\/\/wp.kristdemokraterna.se\/kalmarlan\/wp-json\/wp\/v2\/posts"}],"about":[{"href":"https:\/\/wp.kristdemokraterna.se\/kalmarlan\/wp-json\/wp\/v2\/types\/post"}],"author":[{"embeddable":true,"href":"https:\/\/wp.kristdemokraterna.se\/kalmarlan\/wp-json\/wp\/v2\/users\/417"}],"replies":[{"embeddable":true,"href":"https:\/\/wp.kristdemokraterna.se\/kalmarlan\/wp-json\/wp\/v2\/comments?post=616"}],"version-history":[{"count":1,"href":"https:\/\/wp.kristdemokraterna.se\/kalmarlan\/wp-json\/wp\/v2\/posts\/616\/revisions"}],"predecessor-version":[{"id":617,"href":"https:\/\/wp.kristdemokraterna.se\/kalmarlan\/wp-json\/wp\/v2\/posts\/616\/revisions\/617"}],"wp:attachment":[{"href":"https:\/\/wp.kristdemokraterna.se\/kalmarlan\/wp-json\/wp\/v2\/media?parent=616"}],"wp:term":[{"taxonomy":"category","embeddable":true,"href":"https:\/\/wp.kristdemokraterna.se\/kalmarlan\/wp-json\/wp\/v2\/categories?post=616"},{"taxonomy":"post_tag","embeddable":true,"href":"https:\/\/wp.kristdemokraterna.se\/kalmarlan\/wp-json\/wp\/v2\/tags?post=616"}],"curies":[{"name":"wp","href":"https:\/\/api.w.org\/{rel}","templated":true}]}}