{"id":618,"date":"2016-05-04T18:45:51","date_gmt":"2016-05-04T16:45:51","guid":{"rendered":"http:\/\/wp.kristdemokraterna.se\/kalmarlan\/?p=618"},"modified":"2016-05-04T18:45:51","modified_gmt":"2016-05-04T16:45:51","slug":"kristdemokraternas-forslag-till-battre-livsvillkor-for-aldre-i-kalmar-lan","status":"publish","type":"post","link":"https:\/\/wp.kristdemokraterna.se\/kalmarlan\/kristdemokraternas-forslag-till-battre-livsvillkor-for-aldre-i-kalmar-lan\/","title":{"rendered":"Kristdemokraternas f\u00f6rslag till b\u00e4ttre livsvillkor f\u00f6r \u00e4ldre i Kalmar l\u00e4n!"},"content":{"rendered":"<p>H\u00e4r presenteras\u00a0Kristdemokraternas f\u00f6rslag till b\u00e4ttre livsvillkor f\u00f6r \u00e4ldre i Kalmar l\u00e4n!<\/p>\n<ol>\n<li>Vi kr\u00e4ver ett varierat utbud av \u00e4ldrebost\u00e4der i alla kommuner! I de st\u00f6rre kommunerna b\u00f6r det finnas i alla kommundelar. Var och en b\u00f6r k\u00e4nna trygghet inf\u00f6r \u00e5ldrandet att det finns boendeformer i kommunen som \u00e4r l\u00e4mpliga n\u00e4r man vill byta boende. Det ska ALLTID vara den enskildes egna \u00f6nskem\u00e5l som ska vara avg\u00f6rande. Alla m\u00e4nniskor \u00e4r olika och har olika \u00f6nskem\u00e5l och behov. Att f\u00e5 v\u00e4lja och bli respekterad \u00e4ven n\u00e4r man levt l\u00e4nge \u00e4r f\u00f6r kristdemokraterna en sj\u00e4lvklarhet. Vi f\u00f6resl\u00e5r som ett f\u00f6rsta steg att alla som fyllt 85 \u00e5r utan s k bist\u00e5ndsbed\u00f6mning f\u00e5r v\u00e4lja var man vill bo!<\/li>\n<\/ol>\n<ol start=\"2\">\n<li>Bra kontinuitet inom all v\u00e5rd och omsorg f\u00f6r \u00e4ldre! M\u00e5nga \u00e4ldre vittnar om att det kan komma m\u00e5nga olika personer n\u00e4r man har hemtj\u00e4nst. Det skapar otrygghet och oro. Att ha m\u00e5nga olika personer som har nyckel och tillg\u00e5ng till det privataste som finns hemmet upplever m\u00e5nga som utl\u00e4mnande. Likas\u00e5 n\u00e4r man f\u00e5r sin v\u00e5rd och omsorg \u00e4r det tryggare att v\u00e5rdas av samma personer s\u00e5 mycket som m\u00f6jligt. Detta g\u00e4ller naturligtvis ocks\u00e5 l\u00e4kare och sjuksk\u00f6terskor och \u00f6vrig personal. Kristdemokraterna kr\u00e4ver f\u00f6rb\u00e4ttringar och f\u00f6resl\u00e5r att en rapport tas fram d\u00e4r en kartl\u00e4ggning g\u00f6rs av hur l\u00e4get \u00e4r f\u00f6r n\u00e4rvarande och med det som bas f\u00f6resl\u00e5r hur kontinuiteten kan st\u00e4rkas och garanteras f\u00f6r framtiden.<\/li>\n<\/ol>\n<ol start=\"3\">\n<li>Vi kr\u00e4ver att \u00e4ldreteam ska finnas i alla kommuner. D\u00e4r bl.a l\u00e4kare, sjuksk\u00f6terska, arbetsterapeut, psykolog, dietist, kurator och fysioterapeut \u00e4r viktiga professioner. L\u00e4kemedelsgenomg\u00e5ngar m\u00e5ste ske kontinuerligt. Det m\u00e5ngprofessionella arbetslaget kan bli garant f\u00f6r att den enskilde f\u00e5r den allra b\u00e4sta v\u00e5rden utifr\u00e5n sina individuella behov. Detta skapar tillit och trygghet och en h\u00f6g v\u00e5rdkvalitet.<\/li>\n<\/ol>\n<ol start=\"4\">\n<li>Gratis kollektivtrafik till alla pension\u00e4rer! M\u00e5nga pension\u00e4rer har i dag en mycket begr\u00e4nsad ekonomi vilket kan medf\u00f6ra att man blir isolerad i sin bostad. \u00c4ven om man har k\u00f6rkort kanske man inte har r\u00e5d att ha bil. Som en f\u00f6rsta steg skulle de turer som \u00e4r mindre utnyttjade vara kostnadsfria f\u00f6r pension\u00e4rer. Detta minskar ensamhet och isolering och \u00e4r mycket gynnsamt f\u00f6r milj\u00f6n.<\/li>\n<\/ol>\n<ol start=\"5\">\n<li>Fortsatta mammografi screeningkontroller i ett f\u00f6rsta steg till 80 \u00e5r! M\u00e5nga liv har r\u00e4ddats p\u00e5 grund av att man uppt\u00e4ckt en cancertum\u00f6r i tid. Vi lever allt l\u00e4ngre och har bra behandlingsformer d\u00e4r a och o \u00e4r att den uppt\u00e4cks i tid. Detta g\u00e4ller sj\u00e4lvklart \u00e4ven \u00e4ldre!<\/li>\n<\/ol>\n","protected":false},"excerpt":{"rendered":"<p>H\u00e4r presenteras\u00a0Kristdemokraternas f\u00f6rslag till b\u00e4ttre livsvillkor f\u00f6r \u00e4ldre i Kalmar l\u00e4n! Vi kr\u00e4ver ett varierat utbud av \u00e4ldrebost\u00e4der i alla kommuner! I de st\u00f6rre kommunerna b\u00f6r det finnas i alla kommundelar. Var och en b\u00f6r k\u00e4nna trygghet inf\u00f6r \u00e5ldrandet att det finns boendeformer i kommunen som \u00e4r l\u00e4mpliga n\u00e4r man vill byta boende. Det ska <a class=\"read-more-link\" href=\"https:\/\/wp.kristdemokraterna.se\/kalmarlan\/kristdemokraternas-forslag-till-battre-livsvillkor-for-aldre-i-kalmar-lan\/\">Read More<\/a><\/p>\n","protected":false},"author":417,"featured_media":0,"comment_status":"closed","ping_status":"closed","sticky":false,"template":"","format":"standard","meta":{"_acf_changed":false,"footnotes":""},"categories":[1],"tags":[],"class_list":["post-618","post","type-post","status-publish","format-standard","hentry","category-okategoriserade"],"acf":[],"yoast_head":"<!-- This site is optimized with the Yoast SEO plugin v27.4 - https:\/\/yoast.com\/product\/yoast-seo-wordpress\/ -->\n<title>Kristdemokraternas f\u00f6rslag till b\u00e4ttre livsvillkor f\u00f6r \u00e4ldre i Kalmar l\u00e4n! - i Kalmar l\u00e4n<\/title>\n<meta name=\"robots\" content=\"index, follow, max-snippet:-1, max-image-preview:large, max-video-preview:-1\" \/>\n<link rel=\"canonical\" href=\"https:\/\/wp.kristdemokraterna.se\/kalmarlan\/kristdemokraternas-forslag-till-battre-livsvillkor-for-aldre-i-kalmar-lan\/\" \/>\n<meta property=\"og:locale\" content=\"sv_SE\" \/>\n<meta property=\"og:type\" content=\"article\" \/>\n<meta property=\"og:title\" content=\"Kristdemokraternas f\u00f6rslag till b\u00e4ttre livsvillkor f\u00f6r \u00e4ldre i Kalmar l\u00e4n! - i Kalmar l\u00e4n\" \/>\n<meta property=\"og:description\" content=\"H\u00e4r presenteras\u00a0Kristdemokraternas f\u00f6rslag till b\u00e4ttre livsvillkor f\u00f6r \u00e4ldre i Kalmar l\u00e4n! Vi kr\u00e4ver ett varierat utbud av \u00e4ldrebost\u00e4der i alla kommuner! I de st\u00f6rre kommunerna b\u00f6r det finnas i alla kommundelar. Var och en b\u00f6r k\u00e4nna trygghet inf\u00f6r \u00e5ldrandet att det finns boendeformer i kommunen som \u00e4r l\u00e4mpliga n\u00e4r man vill byta boende. Det ska Read More\" \/>\n<meta property=\"og:url\" content=\"https:\/\/wp.kristdemokraterna.se\/kalmarlan\/kristdemokraternas-forslag-till-battre-livsvillkor-for-aldre-i-kalmar-lan\/\" \/>\n<meta property=\"og:site_name\" content=\"i Kalmar l\u00e4n\" \/>\n<meta property=\"article:published_time\" content=\"2016-05-04T16:45:51+00:00\" \/>\n<meta name=\"author\" content=\"kalmarlan\" \/>\n<meta name=\"twitter:card\" content=\"summary_large_image\" \/>\n<meta name=\"twitter:label1\" content=\"Skriven av\" \/>\n\t<meta name=\"twitter:data1\" content=\"kalmarlan\" \/>\n\t<meta name=\"twitter:label2\" content=\"Ber\u00e4knad l\u00e4stid\" \/>\n\t<meta name=\"twitter:data2\" content=\"2 minuter\" \/>\n<script type=\"application\/ld+json\" class=\"yoast-schema-graph\">{\"@context\":\"https:\\\/\\\/schema.org\",\"@graph\":[{\"@type\":\"Article\",\"@id\":\"https:\\\/\\\/wp.kristdemokraterna.se\\\/kalmarlan\\\/kristdemokraternas-forslag-till-battre-livsvillkor-for-aldre-i-kalmar-lan\\\/#article\",\"isPartOf\":{\"@id\":\"https:\\\/\\\/wp.kristdemokraterna.se\\\/kalmarlan\\\/kristdemokraternas-forslag-till-battre-livsvillkor-for-aldre-i-kalmar-lan\\\/\"},\"author\":{\"name\":\"kalmarlan\",\"@id\":\"https:\\\/\\\/wp.kristdemokraterna.se\\\/kalmarlan\\\/#\\\/schema\\\/person\\\/a1856739934bf9c6a11fb258646ea2a5\"},\"headline\":\"Kristdemokraternas f\u00f6rslag till b\u00e4ttre livsvillkor f\u00f6r \u00e4ldre i Kalmar l\u00e4n!\",\"datePublished\":\"2016-05-04T16:45:51+00:00\",\"mainEntityOfPage\":{\"@id\":\"https:\\\/\\\/wp.kristdemokraterna.se\\\/kalmarlan\\\/kristdemokraternas-forslag-till-battre-livsvillkor-for-aldre-i-kalmar-lan\\\/\"},\"wordCount\":504,\"inLanguage\":\"sv-SE\"},{\"@type\":\"WebPage\",\"@id\":\"https:\\\/\\\/wp.kristdemokraterna.se\\\/kalmarlan\\\/kristdemokraternas-forslag-till-battre-livsvillkor-for-aldre-i-kalmar-lan\\\/\",\"url\":\"https:\\\/\\\/wp.kristdemokraterna.se\\\/kalmarlan\\\/kristdemokraternas-forslag-till-battre-livsvillkor-for-aldre-i-kalmar-lan\\\/\",\"name\":\"Kristdemokraternas f\u00f6rslag till b\u00e4ttre livsvillkor f\u00f6r \u00e4ldre i Kalmar l\u00e4n! - i Kalmar l\u00e4n\",\"isPartOf\":{\"@id\":\"https:\\\/\\\/wp.kristdemokraterna.se\\\/kalmarlan\\\/#website\"},\"datePublished\":\"2016-05-04T16:45:51+00:00\",\"author\":{\"@id\":\"https:\\\/\\\/wp.kristdemokraterna.se\\\/kalmarlan\\\/#\\\/schema\\\/person\\\/a1856739934bf9c6a11fb258646ea2a5\"},\"breadcrumb\":{\"@id\":\"https:\\\/\\\/wp.kristdemokraterna.se\\\/kalmarlan\\\/kristdemokraternas-forslag-till-battre-livsvillkor-for-aldre-i-kalmar-lan\\\/#breadcrumb\"},\"inLanguage\":\"sv-SE\",\"potentialAction\":[{\"@type\":\"ReadAction\",\"target\":[\"https:\\\/\\\/wp.kristdemokraterna.se\\\/kalmarlan\\\/kristdemokraternas-forslag-till-battre-livsvillkor-for-aldre-i-kalmar-lan\\\/\"]}]},{\"@type\":\"BreadcrumbList\",\"@id\":\"https:\\\/\\\/wp.kristdemokraterna.se\\\/kalmarlan\\\/kristdemokraternas-forslag-till-battre-livsvillkor-for-aldre-i-kalmar-lan\\\/#breadcrumb\",\"itemListElement\":[{\"@type\":\"ListItem\",\"position\":1,\"name\":\"Hem\",\"item\":\"https:\\\/\\\/wp.kristdemokraterna.se\\\/kalmarlan\\\/\"},{\"@type\":\"ListItem\",\"position\":2,\"name\":\"Kristdemokraternas f\u00f6rslag till b\u00e4ttre livsvillkor f\u00f6r \u00e4ldre i Kalmar l\u00e4n!\"}]},{\"@type\":\"WebSite\",\"@id\":\"https:\\\/\\\/wp.kristdemokraterna.se\\\/kalmarlan\\\/#website\",\"url\":\"https:\\\/\\\/wp.kristdemokraterna.se\\\/kalmarlan\\\/\",\"name\":\"i Kalmar l\u00e4n\",\"description\":\"\",\"inLanguage\":\"sv-SE\"},{\"@type\":\"Person\",\"@id\":\"https:\\\/\\\/wp.kristdemokraterna.se\\\/kalmarlan\\\/#\\\/schema\\\/person\\\/a1856739934bf9c6a11fb258646ea2a5\",\"name\":\"kalmarlan\",\"image\":{\"@type\":\"ImageObject\",\"inLanguage\":\"sv-SE\",\"@id\":\"https:\\\/\\\/secure.gravatar.com\\\/avatar\\\/ef1f7dcd1b21be34f0f3e58a032955c2de43794b20090a23118cd0e2a8964e6e?s=96&r=g\",\"url\":\"https:\\\/\\\/secure.gravatar.com\\\/avatar\\\/ef1f7dcd1b21be34f0f3e58a032955c2de43794b20090a23118cd0e2a8964e6e?s=96&r=g\",\"contentUrl\":\"https:\\\/\\\/secure.gravatar.com\\\/avatar\\\/ef1f7dcd1b21be34f0f3e58a032955c2de43794b20090a23118cd0e2a8964e6e?s=96&r=g\",\"caption\":\"kalmarlan\"},\"url\":\"https:\\\/\\\/wp.kristdemokraterna.se\\\/kalmarlan\\\/author\\\/kalmarlan\\\/\"}]}<\/script>\n<!-- \/ Yoast SEO plugin. -->","yoast_head_json":{"title":"Kristdemokraternas f\u00f6rslag till b\u00e4ttre livsvillkor f\u00f6r \u00e4ldre i Kalmar l\u00e4n! - i Kalmar l\u00e4n","robots":{"index":"index","follow":"follow","max-snippet":"max-snippet:-1","max-image-preview":"max-image-preview:large","max-video-preview":"max-video-preview:-1"},"canonical":"https:\/\/wp.kristdemokraterna.se\/kalmarlan\/kristdemokraternas-forslag-till-battre-livsvillkor-for-aldre-i-kalmar-lan\/","og_locale":"sv_SE","og_type":"article","og_title":"Kristdemokraternas f\u00f6rslag till b\u00e4ttre livsvillkor f\u00f6r \u00e4ldre i Kalmar l\u00e4n! - i Kalmar l\u00e4n","og_description":"H\u00e4r presenteras\u00a0Kristdemokraternas f\u00f6rslag till b\u00e4ttre livsvillkor f\u00f6r \u00e4ldre i Kalmar l\u00e4n! Vi kr\u00e4ver ett varierat utbud av \u00e4ldrebost\u00e4der i alla kommuner! I de st\u00f6rre kommunerna b\u00f6r det finnas i alla kommundelar. Var och en b\u00f6r k\u00e4nna trygghet inf\u00f6r \u00e5ldrandet att det finns boendeformer i kommunen som \u00e4r l\u00e4mpliga n\u00e4r man vill byta boende. Det ska Read More","og_url":"https:\/\/wp.kristdemokraterna.se\/kalmarlan\/kristdemokraternas-forslag-till-battre-livsvillkor-for-aldre-i-kalmar-lan\/","og_site_name":"i Kalmar l\u00e4n","article_published_time":"2016-05-04T16:45:51+00:00","author":"kalmarlan","twitter_card":"summary_large_image","twitter_misc":{"Skriven av":"kalmarlan","Ber\u00e4knad l\u00e4stid":"2 minuter"},"schema":{"@context":"https:\/\/schema.org","@graph":[{"@type":"Article","@id":"https:\/\/wp.kristdemokraterna.se\/kalmarlan\/kristdemokraternas-forslag-till-battre-livsvillkor-for-aldre-i-kalmar-lan\/#article","isPartOf":{"@id":"https:\/\/wp.kristdemokraterna.se\/kalmarlan\/kristdemokraternas-forslag-till-battre-livsvillkor-for-aldre-i-kalmar-lan\/"},"author":{"name":"kalmarlan","@id":"https:\/\/wp.kristdemokraterna.se\/kalmarlan\/#\/schema\/person\/a1856739934bf9c6a11fb258646ea2a5"},"headline":"Kristdemokraternas f\u00f6rslag till b\u00e4ttre livsvillkor f\u00f6r \u00e4ldre i Kalmar l\u00e4n!","datePublished":"2016-05-04T16:45:51+00:00","mainEntityOfPage":{"@id":"https:\/\/wp.kristdemokraterna.se\/kalmarlan\/kristdemokraternas-forslag-till-battre-livsvillkor-for-aldre-i-kalmar-lan\/"},"wordCount":504,"inLanguage":"sv-SE"},{"@type":"WebPage","@id":"https:\/\/wp.kristdemokraterna.se\/kalmarlan\/kristdemokraternas-forslag-till-battre-livsvillkor-for-aldre-i-kalmar-lan\/","url":"https:\/\/wp.kristdemokraterna.se\/kalmarlan\/kristdemokraternas-forslag-till-battre-livsvillkor-for-aldre-i-kalmar-lan\/","name":"Kristdemokraternas f\u00f6rslag till b\u00e4ttre livsvillkor f\u00f6r \u00e4ldre i Kalmar l\u00e4n! - i Kalmar l\u00e4n","isPartOf":{"@id":"https:\/\/wp.kristdemokraterna.se\/kalmarlan\/#website"},"datePublished":"2016-05-04T16:45:51+00:00","author":{"@id":"https:\/\/wp.kristdemokraterna.se\/kalmarlan\/#\/schema\/person\/a1856739934bf9c6a11fb258646ea2a5"},"breadcrumb":{"@id":"https:\/\/wp.kristdemokraterna.se\/kalmarlan\/kristdemokraternas-forslag-till-battre-livsvillkor-for-aldre-i-kalmar-lan\/#breadcrumb"},"inLanguage":"sv-SE","potentialAction":[{"@type":"ReadAction","target":["https:\/\/wp.kristdemokraterna.se\/kalmarlan\/kristdemokraternas-forslag-till-battre-livsvillkor-for-aldre-i-kalmar-lan\/"]}]},{"@type":"BreadcrumbList","@id":"https:\/\/wp.kristdemokraterna.se\/kalmarlan\/kristdemokraternas-forslag-till-battre-livsvillkor-for-aldre-i-kalmar-lan\/#breadcrumb","itemListElement":[{"@type":"ListItem","position":1,"name":"Hem","item":"https:\/\/wp.kristdemokraterna.se\/kalmarlan\/"},{"@type":"ListItem","position":2,"name":"Kristdemokraternas f\u00f6rslag till b\u00e4ttre livsvillkor f\u00f6r \u00e4ldre i Kalmar l\u00e4n!"}]},{"@type":"WebSite","@id":"https:\/\/wp.kristdemokraterna.se\/kalmarlan\/#website","url":"https:\/\/wp.kristdemokraterna.se\/kalmarlan\/","name":"i Kalmar l\u00e4n","description":"","inLanguage":"sv-SE"},{"@type":"Person","@id":"https:\/\/wp.kristdemokraterna.se\/kalmarlan\/#\/schema\/person\/a1856739934bf9c6a11fb258646ea2a5","name":"kalmarlan","image":{"@type":"ImageObject","inLanguage":"sv-SE","@id":"https:\/\/secure.gravatar.com\/avatar\/ef1f7dcd1b21be34f0f3e58a032955c2de43794b20090a23118cd0e2a8964e6e?s=96&r=g","url":"https:\/\/secure.gravatar.com\/avatar\/ef1f7dcd1b21be34f0f3e58a032955c2de43794b20090a23118cd0e2a8964e6e?s=96&r=g","contentUrl":"https:\/\/secure.gravatar.com\/avatar\/ef1f7dcd1b21be34f0f3e58a032955c2de43794b20090a23118cd0e2a8964e6e?s=96&r=g","caption":"kalmarlan"},"url":"https:\/\/wp.kristdemokraterna.se\/kalmarlan\/author\/kalmarlan\/"}]}},"_links":{"self":[{"href":"https:\/\/wp.kristdemokraterna.se\/kalmarlan\/wp-json\/wp\/v2\/posts\/618","targetHints":{"allow":["GET"]}}],"collection":[{"href":"https:\/\/wp.kristdemokraterna.se\/kalmarlan\/wp-json\/wp\/v2\/posts"}],"about":[{"href":"https:\/\/wp.kristdemokraterna.se\/kalmarlan\/wp-json\/wp\/v2\/types\/post"}],"author":[{"embeddable":true,"href":"https:\/\/wp.kristdemokraterna.se\/kalmarlan\/wp-json\/wp\/v2\/users\/417"}],"replies":[{"embeddable":true,"href":"https:\/\/wp.kristdemokraterna.se\/kalmarlan\/wp-json\/wp\/v2\/comments?post=618"}],"version-history":[{"count":1,"href":"https:\/\/wp.kristdemokraterna.se\/kalmarlan\/wp-json\/wp\/v2\/posts\/618\/revisions"}],"predecessor-version":[{"id":619,"href":"https:\/\/wp.kristdemokraterna.se\/kalmarlan\/wp-json\/wp\/v2\/posts\/618\/revisions\/619"}],"wp:attachment":[{"href":"https:\/\/wp.kristdemokraterna.se\/kalmarlan\/wp-json\/wp\/v2\/media?parent=618"}],"wp:term":[{"taxonomy":"category","embeddable":true,"href":"https:\/\/wp.kristdemokraterna.se\/kalmarlan\/wp-json\/wp\/v2\/categories?post=618"},{"taxonomy":"post_tag","embeddable":true,"href":"https:\/\/wp.kristdemokraterna.se\/kalmarlan\/wp-json\/wp\/v2\/tags?post=618"}],"curies":[{"name":"wp","href":"https:\/\/api.w.org\/{rel}","templated":true}]}}