{"id":625,"date":"2016-09-13T08:52:36","date_gmt":"2016-09-13T06:52:36","guid":{"rendered":"http:\/\/wp.kristdemokraterna.se\/kalmarlan\/?p=625"},"modified":"2016-09-13T08:52:36","modified_gmt":"2016-09-13T06:52:36","slug":"oppna-vardplatserna","status":"publish","type":"post","link":"https:\/\/wp.kristdemokraterna.se\/kalmarlan\/oppna-vardplatserna\/","title":{"rendered":"\u00d6PPNA V\u00c5RDPLATSERNA!"},"content":{"rendered":"<p>Namninsamling<br \/>\n\u00d6PPNA V\u00c5RDPLATSERNA!<br \/>\nH\u00d6J SJUKSK\u00d6TERSKORNAS STATUS!<br \/>\n<a href=\"http:\/\/namninsamling.se\/index.php?sida=2&amp;nid=11045\">Skriv under du ocks\u00e5!<\/a><\/p>\n<div class=\"text_exposed_show\">\n<p>Vi protesterar mot Landstinget i Kalmar l\u00e4ns st\u00e4ngningar av 79 v\u00e5rdplatser. Vi vill ha en h\u00e4lso- och sjukv\u00e5rd, d\u00e4r vi kan lita p\u00e5 att det finns personal att bemanna mottagningar och v\u00e5rdavdelningar.<br \/>\nEn s\u00e4rskild satsning p\u00e5 sjuksk\u00f6terskor, biomedicinska analytiker, barnmorskor och r\u00f6ntgensjuksk\u00f6terskor m\u00e5ste d\u00e4rf\u00f6r till:<br \/>\n&#8211; Tillsvidareanst\u00e4llning p\u00e5 heltid som standard<br \/>\n&#8211; L\u00f6n efter ansvar och kompetens<br \/>\n&#8211; V\u00e5rdserviceteam som avlastar och ger sjuksk\u00f6terskan tid att vara sjuksk\u00f6terska.<\/p>\n<\/div>\n","protected":false},"excerpt":{"rendered":"<p>Namninsamling \u00d6PPNA V\u00c5RDPLATSERNA! H\u00d6J SJUKSK\u00d6TERSKORNAS STATUS! Skriv under du ocks\u00e5! Vi protesterar mot Landstinget i Kalmar l\u00e4ns st\u00e4ngningar av 79 v\u00e5rdplatser. Vi vill ha en h\u00e4lso- och sjukv\u00e5rd, d\u00e4r vi kan lita p\u00e5 att det finns personal att bemanna mottagningar och v\u00e5rdavdelningar. En s\u00e4rskild satsning p\u00e5 sjuksk\u00f6terskor, biomedicinska analytiker, barnmorskor och r\u00f6ntgensjuksk\u00f6terskor m\u00e5ste d\u00e4rf\u00f6r till: <a class=\"read-more-link\" href=\"https:\/\/wp.kristdemokraterna.se\/kalmarlan\/oppna-vardplatserna\/\">Read More<\/a><\/p>\n","protected":false},"author":417,"featured_media":0,"comment_status":"closed","ping_status":"closed","sticky":false,"template":"","format":"standard","meta":{"_acf_changed":false,"footnotes":""},"categories":[1],"tags":[],"class_list":["post-625","post","type-post","status-publish","format-standard","hentry","category-okategoriserade"],"acf":[],"yoast_head":"<!-- This site is optimized with the Yoast SEO plugin v27.4 - https:\/\/yoast.com\/product\/yoast-seo-wordpress\/ -->\n<title>\u00d6PPNA V\u00c5RDPLATSERNA! - i Kalmar l\u00e4n<\/title>\n<meta name=\"robots\" content=\"index, follow, max-snippet:-1, max-image-preview:large, max-video-preview:-1\" \/>\n<link rel=\"canonical\" href=\"https:\/\/wp.kristdemokraterna.se\/kalmarlan\/oppna-vardplatserna\/\" \/>\n<meta property=\"og:locale\" content=\"sv_SE\" \/>\n<meta property=\"og:type\" content=\"article\" \/>\n<meta property=\"og:title\" content=\"\u00d6PPNA V\u00c5RDPLATSERNA! - i Kalmar l\u00e4n\" \/>\n<meta property=\"og:description\" content=\"Namninsamling \u00d6PPNA V\u00c5RDPLATSERNA! H\u00d6J SJUKSK\u00d6TERSKORNAS STATUS! Skriv under du ocks\u00e5! Vi protesterar mot Landstinget i Kalmar l\u00e4ns st\u00e4ngningar av 79 v\u00e5rdplatser. Vi vill ha en h\u00e4lso- och sjukv\u00e5rd, d\u00e4r vi kan lita p\u00e5 att det finns personal att bemanna mottagningar och v\u00e5rdavdelningar. En s\u00e4rskild satsning p\u00e5 sjuksk\u00f6terskor, biomedicinska analytiker, barnmorskor och r\u00f6ntgensjuksk\u00f6terskor m\u00e5ste d\u00e4rf\u00f6r till: Read More\" \/>\n<meta property=\"og:url\" content=\"https:\/\/wp.kristdemokraterna.se\/kalmarlan\/oppna-vardplatserna\/\" \/>\n<meta property=\"og:site_name\" content=\"i Kalmar l\u00e4n\" \/>\n<meta property=\"article:published_time\" content=\"2016-09-13T06:52:36+00:00\" \/>\n<meta name=\"author\" content=\"kalmarlan\" \/>\n<meta name=\"twitter:card\" content=\"summary_large_image\" \/>\n<meta name=\"twitter:label1\" content=\"Skriven av\" \/>\n\t<meta name=\"twitter:data1\" content=\"kalmarlan\" \/>\n<script type=\"application\/ld+json\" class=\"yoast-schema-graph\">{\"@context\":\"https:\\\/\\\/schema.org\",\"@graph\":[{\"@type\":\"Article\",\"@id\":\"https:\\\/\\\/wp.kristdemokraterna.se\\\/kalmarlan\\\/oppna-vardplatserna\\\/#article\",\"isPartOf\":{\"@id\":\"https:\\\/\\\/wp.kristdemokraterna.se\\\/kalmarlan\\\/oppna-vardplatserna\\\/\"},\"author\":{\"name\":\"kalmarlan\",\"@id\":\"https:\\\/\\\/wp.kristdemokraterna.se\\\/kalmarlan\\\/#\\\/schema\\\/person\\\/a1856739934bf9c6a11fb258646ea2a5\"},\"headline\":\"\u00d6PPNA V\u00c5RDPLATSERNA!\",\"datePublished\":\"2016-09-13T06:52:36+00:00\",\"mainEntityOfPage\":{\"@id\":\"https:\\\/\\\/wp.kristdemokraterna.se\\\/kalmarlan\\\/oppna-vardplatserna\\\/\"},\"wordCount\":102,\"inLanguage\":\"sv-SE\"},{\"@type\":\"WebPage\",\"@id\":\"https:\\\/\\\/wp.kristdemokraterna.se\\\/kalmarlan\\\/oppna-vardplatserna\\\/\",\"url\":\"https:\\\/\\\/wp.kristdemokraterna.se\\\/kalmarlan\\\/oppna-vardplatserna\\\/\",\"name\":\"\u00d6PPNA V\u00c5RDPLATSERNA! - i Kalmar l\u00e4n\",\"isPartOf\":{\"@id\":\"https:\\\/\\\/wp.kristdemokraterna.se\\\/kalmarlan\\\/#website\"},\"datePublished\":\"2016-09-13T06:52:36+00:00\",\"author\":{\"@id\":\"https:\\\/\\\/wp.kristdemokraterna.se\\\/kalmarlan\\\/#\\\/schema\\\/person\\\/a1856739934bf9c6a11fb258646ea2a5\"},\"breadcrumb\":{\"@id\":\"https:\\\/\\\/wp.kristdemokraterna.se\\\/kalmarlan\\\/oppna-vardplatserna\\\/#breadcrumb\"},\"inLanguage\":\"sv-SE\",\"potentialAction\":[{\"@type\":\"ReadAction\",\"target\":[\"https:\\\/\\\/wp.kristdemokraterna.se\\\/kalmarlan\\\/oppna-vardplatserna\\\/\"]}]},{\"@type\":\"BreadcrumbList\",\"@id\":\"https:\\\/\\\/wp.kristdemokraterna.se\\\/kalmarlan\\\/oppna-vardplatserna\\\/#breadcrumb\",\"itemListElement\":[{\"@type\":\"ListItem\",\"position\":1,\"name\":\"Hem\",\"item\":\"https:\\\/\\\/wp.kristdemokraterna.se\\\/kalmarlan\\\/\"},{\"@type\":\"ListItem\",\"position\":2,\"name\":\"\u00d6PPNA V\u00c5RDPLATSERNA!\"}]},{\"@type\":\"WebSite\",\"@id\":\"https:\\\/\\\/wp.kristdemokraterna.se\\\/kalmarlan\\\/#website\",\"url\":\"https:\\\/\\\/wp.kristdemokraterna.se\\\/kalmarlan\\\/\",\"name\":\"i Kalmar l\u00e4n\",\"description\":\"\",\"inLanguage\":\"sv-SE\"},{\"@type\":\"Person\",\"@id\":\"https:\\\/\\\/wp.kristdemokraterna.se\\\/kalmarlan\\\/#\\\/schema\\\/person\\\/a1856739934bf9c6a11fb258646ea2a5\",\"name\":\"kalmarlan\",\"image\":{\"@type\":\"ImageObject\",\"inLanguage\":\"sv-SE\",\"@id\":\"https:\\\/\\\/secure.gravatar.com\\\/avatar\\\/ef1f7dcd1b21be34f0f3e58a032955c2de43794b20090a23118cd0e2a8964e6e?s=96&r=g\",\"url\":\"https:\\\/\\\/secure.gravatar.com\\\/avatar\\\/ef1f7dcd1b21be34f0f3e58a032955c2de43794b20090a23118cd0e2a8964e6e?s=96&r=g\",\"contentUrl\":\"https:\\\/\\\/secure.gravatar.com\\\/avatar\\\/ef1f7dcd1b21be34f0f3e58a032955c2de43794b20090a23118cd0e2a8964e6e?s=96&r=g\",\"caption\":\"kalmarlan\"},\"url\":\"https:\\\/\\\/wp.kristdemokraterna.se\\\/kalmarlan\\\/author\\\/kalmarlan\\\/\"}]}<\/script>\n<!-- \/ Yoast SEO plugin. -->","yoast_head_json":{"title":"\u00d6PPNA V\u00c5RDPLATSERNA! - i Kalmar l\u00e4n","robots":{"index":"index","follow":"follow","max-snippet":"max-snippet:-1","max-image-preview":"max-image-preview:large","max-video-preview":"max-video-preview:-1"},"canonical":"https:\/\/wp.kristdemokraterna.se\/kalmarlan\/oppna-vardplatserna\/","og_locale":"sv_SE","og_type":"article","og_title":"\u00d6PPNA V\u00c5RDPLATSERNA! - i Kalmar l\u00e4n","og_description":"Namninsamling \u00d6PPNA V\u00c5RDPLATSERNA! H\u00d6J SJUKSK\u00d6TERSKORNAS STATUS! Skriv under du ocks\u00e5! Vi protesterar mot Landstinget i Kalmar l\u00e4ns st\u00e4ngningar av 79 v\u00e5rdplatser. Vi vill ha en h\u00e4lso- och sjukv\u00e5rd, d\u00e4r vi kan lita p\u00e5 att det finns personal att bemanna mottagningar och v\u00e5rdavdelningar. En s\u00e4rskild satsning p\u00e5 sjuksk\u00f6terskor, biomedicinska analytiker, barnmorskor och r\u00f6ntgensjuksk\u00f6terskor m\u00e5ste d\u00e4rf\u00f6r till: Read More","og_url":"https:\/\/wp.kristdemokraterna.se\/kalmarlan\/oppna-vardplatserna\/","og_site_name":"i Kalmar l\u00e4n","article_published_time":"2016-09-13T06:52:36+00:00","author":"kalmarlan","twitter_card":"summary_large_image","twitter_misc":{"Skriven av":"kalmarlan"},"schema":{"@context":"https:\/\/schema.org","@graph":[{"@type":"Article","@id":"https:\/\/wp.kristdemokraterna.se\/kalmarlan\/oppna-vardplatserna\/#article","isPartOf":{"@id":"https:\/\/wp.kristdemokraterna.se\/kalmarlan\/oppna-vardplatserna\/"},"author":{"name":"kalmarlan","@id":"https:\/\/wp.kristdemokraterna.se\/kalmarlan\/#\/schema\/person\/a1856739934bf9c6a11fb258646ea2a5"},"headline":"\u00d6PPNA V\u00c5RDPLATSERNA!","datePublished":"2016-09-13T06:52:36+00:00","mainEntityOfPage":{"@id":"https:\/\/wp.kristdemokraterna.se\/kalmarlan\/oppna-vardplatserna\/"},"wordCount":102,"inLanguage":"sv-SE"},{"@type":"WebPage","@id":"https:\/\/wp.kristdemokraterna.se\/kalmarlan\/oppna-vardplatserna\/","url":"https:\/\/wp.kristdemokraterna.se\/kalmarlan\/oppna-vardplatserna\/","name":"\u00d6PPNA V\u00c5RDPLATSERNA! - i Kalmar l\u00e4n","isPartOf":{"@id":"https:\/\/wp.kristdemokraterna.se\/kalmarlan\/#website"},"datePublished":"2016-09-13T06:52:36+00:00","author":{"@id":"https:\/\/wp.kristdemokraterna.se\/kalmarlan\/#\/schema\/person\/a1856739934bf9c6a11fb258646ea2a5"},"breadcrumb":{"@id":"https:\/\/wp.kristdemokraterna.se\/kalmarlan\/oppna-vardplatserna\/#breadcrumb"},"inLanguage":"sv-SE","potentialAction":[{"@type":"ReadAction","target":["https:\/\/wp.kristdemokraterna.se\/kalmarlan\/oppna-vardplatserna\/"]}]},{"@type":"BreadcrumbList","@id":"https:\/\/wp.kristdemokraterna.se\/kalmarlan\/oppna-vardplatserna\/#breadcrumb","itemListElement":[{"@type":"ListItem","position":1,"name":"Hem","item":"https:\/\/wp.kristdemokraterna.se\/kalmarlan\/"},{"@type":"ListItem","position":2,"name":"\u00d6PPNA V\u00c5RDPLATSERNA!"}]},{"@type":"WebSite","@id":"https:\/\/wp.kristdemokraterna.se\/kalmarlan\/#website","url":"https:\/\/wp.kristdemokraterna.se\/kalmarlan\/","name":"i Kalmar l\u00e4n","description":"","inLanguage":"sv-SE"},{"@type":"Person","@id":"https:\/\/wp.kristdemokraterna.se\/kalmarlan\/#\/schema\/person\/a1856739934bf9c6a11fb258646ea2a5","name":"kalmarlan","image":{"@type":"ImageObject","inLanguage":"sv-SE","@id":"https:\/\/secure.gravatar.com\/avatar\/ef1f7dcd1b21be34f0f3e58a032955c2de43794b20090a23118cd0e2a8964e6e?s=96&r=g","url":"https:\/\/secure.gravatar.com\/avatar\/ef1f7dcd1b21be34f0f3e58a032955c2de43794b20090a23118cd0e2a8964e6e?s=96&r=g","contentUrl":"https:\/\/secure.gravatar.com\/avatar\/ef1f7dcd1b21be34f0f3e58a032955c2de43794b20090a23118cd0e2a8964e6e?s=96&r=g","caption":"kalmarlan"},"url":"https:\/\/wp.kristdemokraterna.se\/kalmarlan\/author\/kalmarlan\/"}]}},"_links":{"self":[{"href":"https:\/\/wp.kristdemokraterna.se\/kalmarlan\/wp-json\/wp\/v2\/posts\/625","targetHints":{"allow":["GET"]}}],"collection":[{"href":"https:\/\/wp.kristdemokraterna.se\/kalmarlan\/wp-json\/wp\/v2\/posts"}],"about":[{"href":"https:\/\/wp.kristdemokraterna.se\/kalmarlan\/wp-json\/wp\/v2\/types\/post"}],"author":[{"embeddable":true,"href":"https:\/\/wp.kristdemokraterna.se\/kalmarlan\/wp-json\/wp\/v2\/users\/417"}],"replies":[{"embeddable":true,"href":"https:\/\/wp.kristdemokraterna.se\/kalmarlan\/wp-json\/wp\/v2\/comments?post=625"}],"version-history":[{"count":1,"href":"https:\/\/wp.kristdemokraterna.se\/kalmarlan\/wp-json\/wp\/v2\/posts\/625\/revisions"}],"predecessor-version":[{"id":626,"href":"https:\/\/wp.kristdemokraterna.se\/kalmarlan\/wp-json\/wp\/v2\/posts\/625\/revisions\/626"}],"wp:attachment":[{"href":"https:\/\/wp.kristdemokraterna.se\/kalmarlan\/wp-json\/wp\/v2\/media?parent=625"}],"wp:term":[{"taxonomy":"category","embeddable":true,"href":"https:\/\/wp.kristdemokraterna.se\/kalmarlan\/wp-json\/wp\/v2\/categories?post=625"},{"taxonomy":"post_tag","embeddable":true,"href":"https:\/\/wp.kristdemokraterna.se\/kalmarlan\/wp-json\/wp\/v2\/tags?post=625"}],"curies":[{"name":"wp","href":"https:\/\/api.w.org\/{rel}","templated":true}]}}