{"id":628,"date":"2016-11-11T16:06:06","date_gmt":"2016-11-11T15:06:06","guid":{"rendered":"http:\/\/wp.kristdemokraterna.se\/kalmarlan\/?p=628"},"modified":"2016-11-11T16:06:06","modified_gmt":"2016-11-11T15:06:06","slug":"nara-9000-namn-for-oppnade-vardplatser","status":"publish","type":"post","link":"https:\/\/wp.kristdemokraterna.se\/kalmarlan\/nara-9000-namn-for-oppnade-vardplatser\/","title":{"rendered":"N\u00e4ra 9000 namn f\u00f6r \u00f6ppnade v\u00e5rdplatser"},"content":{"rendered":"<p>Pressmeddelande<\/p>\n<p>2016-11-01<\/p>\n<p>8820 namnunderskrifter f\u00f6r \u00f6ppna v\u00e5rdplatser och h\u00f6jd status f\u00f6r sjuksk\u00f6terskor!<\/p>\n<div id=\"attachment_629\" style=\"width: 310px\" class=\"wp-caption alignleft\"><img loading=\"lazy\" decoding=\"async\" aria-describedby=\"caption-attachment-629\" class=\"size-medium wp-image-629\" src=\"http:\/\/wp.kristdemokraterna.se\/kalmarlan\/files\/2016\/11\/jl-gb-mr-300x230.jpg\" alt=\"Gudrun, Jimmy och Madeleine \u00f6verl\u00e4mnar namnlistorna i landstingshuset.\" width=\"300\" height=\"230\" srcset=\"https:\/\/wp.kristdemokraterna.se\/kalmarlan\/files\/2016\/11\/jl-gb-mr-300x230.jpg 300w, https:\/\/wp.kristdemokraterna.se\/kalmarlan\/files\/2016\/11\/jl-gb-mr-768x589.jpg 768w, https:\/\/wp.kristdemokraterna.se\/kalmarlan\/files\/2016\/11\/jl-gb-mr-540x414.jpg 540w, https:\/\/wp.kristdemokraterna.se\/kalmarlan\/files\/2016\/11\/jl-gb-mr-451x346.jpg 451w, https:\/\/wp.kristdemokraterna.se\/kalmarlan\/files\/2016\/11\/jl-gb-mr-146x112.jpg 146w, https:\/\/wp.kristdemokraterna.se\/kalmarlan\/files\/2016\/11\/jl-gb-mr.jpg 1368w\" sizes=\"auto, (max-width: 300px) 100vw, 300px\" \/><p id=\"caption-attachment-629\" class=\"wp-caption-text\">Gudrun, Jimmy och Madeleine \u00f6verl\u00e4mnar namnlistorna i landstingshuset.<\/p><\/div>\n<p>&#8211; 8820 namnunderskrifter visar p\u00e5 ett \u00f6verv\u00e4ldigande engagemang runt om i l\u00e4net, som protest mot landstingsmajoritetens st\u00e4ngning av v\u00e5rdplatser och kr\u00e4va att de \u00f6ppnas, och f\u00f6r att h\u00f6ja sjuksk\u00f6terskornas status. Inte bara i V\u00e4stervik, Oskarshamn och Kalmar, utan fr\u00e5n Gamleby till Tors\u00e5s, fr\u00e5n Byxelkrok till Emmaboda, fr\u00e5n Vimmerby till M\u00f6rbyl\u00e5nga, ja, fr\u00e5n l\u00e4nets alla h\u00f6rn har inv\u00e5nare, patienter, anh\u00f6riga, bes\u00f6kare och v\u00e5rdpersonal skrivit p\u00e5 listorna.<\/p>\n<p>Det s\u00e4ger Gudrun Bruneg\u00e5rd, landstingsr\u00e5d f\u00f6r Kristdemokraterna, som st\u00e5tt som kontaktperson under namninsamlingen.<\/p>\n<p>&#8211; Oavsett om vi har st\u00e5tt utanf\u00f6r n\u00e5got av sjukhusen eller p\u00e5 marknader och torg, s\u00e5 har m\u00e4nniskor kommit fram och ber\u00e4ttat om egna upplevelser. En s\u00e5 stor minskning av antalet v\u00e5rdplatser g\u00e5r inte obem\u00e4rkt f\u00f6rbi, vare sig f\u00f6r patienter eller f\u00f6r personal. \u00c4ven tillresta sl\u00e4ktingar fr\u00e5n andra l\u00e4n, som bes\u00f6kt sina anh\u00f6riga vid n\u00e5got av v\u00e5ra sjukhus, har engagerat sig, s\u00e4ger Gudrun Bruneg\u00e5rd.<\/p>\n<p>&#8211; Det \u00e4r s\u00e4llan man ser en s\u00e5dan h\u00e4r kraftfull opinionsyttring. P\u00e5 m\u00e5nga platser i l\u00e4net och framf\u00f6rallt p\u00e5 M\u00f6nster\u00e5s marknad stod folk i k\u00f6 f\u00f6r att f\u00e5 skriva under och visa sitt st\u00f6d f\u00f6r v\u00e5r kampanj. Det \u00e4r v\u00e5r starka f\u00f6rhoppning att landstingsmajoriteten tar till sig kritiken och \u00f6ppnar v\u00e5rdplatserna igen, s\u00e4ger Madeleine Rosenqvist.<\/p>\n<p>&#8211; De st\u00e4ngda v\u00e5rdplatserna \u00e4r ett resultat av majoritetens undfallenhet att p\u00e5 r\u00e4tt s\u00e4tt hantera den egna personalen. Nu kr\u00e4vs kraftiga \u00e5tg\u00e4rder. Att l\u00e4nets inv\u00e5nare nu s\u00e5 kraftigt h\u00f6jt sin r\u00f6st borde f\u00f6ranleda majoriteten att sl\u00e4ppa sin sj\u00e4lvgodhet och ta till sig de skarpa f\u00f6rslag vi presenterat f\u00f6r en h\u00e5llbar utveckling av v\u00e5rden i l\u00e4net, avslutar Jimmy Loord.<\/p>\n<p>&nbsp;<\/p>\n","protected":false},"excerpt":{"rendered":"<p>Pressmeddelande 2016-11-01 8820 namnunderskrifter f\u00f6r \u00f6ppna v\u00e5rdplatser och h\u00f6jd status f\u00f6r sjuksk\u00f6terskor! &#8211; 8820 namnunderskrifter visar p\u00e5 ett \u00f6verv\u00e4ldigande engagemang runt om i l\u00e4net, som protest mot landstingsmajoritetens st\u00e4ngning av v\u00e5rdplatser och kr\u00e4va att de \u00f6ppnas, och f\u00f6r att h\u00f6ja sjuksk\u00f6terskornas status. Inte bara i V\u00e4stervik, Oskarshamn och Kalmar, utan fr\u00e5n Gamleby till Tors\u00e5s, fr\u00e5n <a class=\"read-more-link\" href=\"https:\/\/wp.kristdemokraterna.se\/kalmarlan\/nara-9000-namn-for-oppnade-vardplatser\/\">Read More<\/a><\/p>\n","protected":false},"author":417,"featured_media":0,"comment_status":"closed","ping_status":"closed","sticky":false,"template":"","format":"standard","meta":{"_acf_changed":false,"footnotes":""},"categories":[1],"tags":[],"class_list":["post-628","post","type-post","status-publish","format-standard","hentry","category-okategoriserade"],"acf":[],"yoast_head":"<!-- This site is optimized with the Yoast SEO plugin v27.4 - https:\/\/yoast.com\/product\/yoast-seo-wordpress\/ -->\n<title>N\u00e4ra 9000 namn f\u00f6r \u00f6ppnade v\u00e5rdplatser - i Kalmar l\u00e4n<\/title>\n<meta name=\"robots\" content=\"index, follow, max-snippet:-1, max-image-preview:large, max-video-preview:-1\" \/>\n<link rel=\"canonical\" href=\"https:\/\/wp.kristdemokraterna.se\/kalmarlan\/nara-9000-namn-for-oppnade-vardplatser\/\" \/>\n<meta property=\"og:locale\" content=\"sv_SE\" \/>\n<meta property=\"og:type\" content=\"article\" \/>\n<meta property=\"og:title\" content=\"N\u00e4ra 9000 namn f\u00f6r \u00f6ppnade v\u00e5rdplatser - i Kalmar l\u00e4n\" \/>\n<meta property=\"og:description\" content=\"Pressmeddelande 2016-11-01 8820 namnunderskrifter f\u00f6r \u00f6ppna v\u00e5rdplatser och h\u00f6jd status f\u00f6r sjuksk\u00f6terskor! &#8211; 8820 namnunderskrifter visar p\u00e5 ett \u00f6verv\u00e4ldigande engagemang runt om i l\u00e4net, som protest mot landstingsmajoritetens st\u00e4ngning av v\u00e5rdplatser och kr\u00e4va att de \u00f6ppnas, och f\u00f6r att h\u00f6ja sjuksk\u00f6terskornas status. Inte bara i V\u00e4stervik, Oskarshamn och Kalmar, utan fr\u00e5n Gamleby till Tors\u00e5s, fr\u00e5n Read More\" \/>\n<meta property=\"og:url\" content=\"https:\/\/wp.kristdemokraterna.se\/kalmarlan\/nara-9000-namn-for-oppnade-vardplatser\/\" \/>\n<meta property=\"og:site_name\" content=\"i Kalmar l\u00e4n\" \/>\n<meta property=\"article:published_time\" content=\"2016-11-11T15:06:06+00:00\" \/>\n<meta property=\"og:image\" content=\"http:\/\/wp.kristdemokraterna.se\/kalmarlan\/files\/2016\/11\/jl-gb-mr-300x230.jpg\" \/>\n<meta name=\"author\" content=\"kalmarlan\" \/>\n<meta name=\"twitter:card\" content=\"summary_large_image\" \/>\n<meta name=\"twitter:label1\" content=\"Skriven av\" \/>\n\t<meta name=\"twitter:data1\" content=\"kalmarlan\" \/>\n\t<meta name=\"twitter:label2\" content=\"Ber\u00e4knad l\u00e4stid\" \/>\n\t<meta name=\"twitter:data2\" content=\"2 minuter\" \/>\n<script type=\"application\/ld+json\" class=\"yoast-schema-graph\">{\"@context\":\"https:\\\/\\\/schema.org\",\"@graph\":[{\"@type\":\"Article\",\"@id\":\"https:\\\/\\\/wp.kristdemokraterna.se\\\/kalmarlan\\\/nara-9000-namn-for-oppnade-vardplatser\\\/#article\",\"isPartOf\":{\"@id\":\"https:\\\/\\\/wp.kristdemokraterna.se\\\/kalmarlan\\\/nara-9000-namn-for-oppnade-vardplatser\\\/\"},\"author\":{\"name\":\"kalmarlan\",\"@id\":\"https:\\\/\\\/wp.kristdemokraterna.se\\\/kalmarlan\\\/#\\\/schema\\\/person\\\/a1856739934bf9c6a11fb258646ea2a5\"},\"headline\":\"N\u00e4ra 9000 namn f\u00f6r \u00f6ppnade v\u00e5rdplatser\",\"datePublished\":\"2016-11-11T15:06:06+00:00\",\"mainEntityOfPage\":{\"@id\":\"https:\\\/\\\/wp.kristdemokraterna.se\\\/kalmarlan\\\/nara-9000-namn-for-oppnade-vardplatser\\\/\"},\"wordCount\":377,\"image\":{\"@id\":\"https:\\\/\\\/wp.kristdemokraterna.se\\\/kalmarlan\\\/nara-9000-namn-for-oppnade-vardplatser\\\/#primaryimage\"},\"thumbnailUrl\":\"http:\\\/\\\/wp.kristdemokraterna.se\\\/kalmarlan\\\/files\\\/2016\\\/11\\\/jl-gb-mr-300x230.jpg\",\"inLanguage\":\"sv-SE\"},{\"@type\":\"WebPage\",\"@id\":\"https:\\\/\\\/wp.kristdemokraterna.se\\\/kalmarlan\\\/nara-9000-namn-for-oppnade-vardplatser\\\/\",\"url\":\"https:\\\/\\\/wp.kristdemokraterna.se\\\/kalmarlan\\\/nara-9000-namn-for-oppnade-vardplatser\\\/\",\"name\":\"N\u00e4ra 9000 namn f\u00f6r \u00f6ppnade v\u00e5rdplatser - i Kalmar l\u00e4n\",\"isPartOf\":{\"@id\":\"https:\\\/\\\/wp.kristdemokraterna.se\\\/kalmarlan\\\/#website\"},\"primaryImageOfPage\":{\"@id\":\"https:\\\/\\\/wp.kristdemokraterna.se\\\/kalmarlan\\\/nara-9000-namn-for-oppnade-vardplatser\\\/#primaryimage\"},\"image\":{\"@id\":\"https:\\\/\\\/wp.kristdemokraterna.se\\\/kalmarlan\\\/nara-9000-namn-for-oppnade-vardplatser\\\/#primaryimage\"},\"thumbnailUrl\":\"http:\\\/\\\/wp.kristdemokraterna.se\\\/kalmarlan\\\/files\\\/2016\\\/11\\\/jl-gb-mr-300x230.jpg\",\"datePublished\":\"2016-11-11T15:06:06+00:00\",\"author\":{\"@id\":\"https:\\\/\\\/wp.kristdemokraterna.se\\\/kalmarlan\\\/#\\\/schema\\\/person\\\/a1856739934bf9c6a11fb258646ea2a5\"},\"breadcrumb\":{\"@id\":\"https:\\\/\\\/wp.kristdemokraterna.se\\\/kalmarlan\\\/nara-9000-namn-for-oppnade-vardplatser\\\/#breadcrumb\"},\"inLanguage\":\"sv-SE\",\"potentialAction\":[{\"@type\":\"ReadAction\",\"target\":[\"https:\\\/\\\/wp.kristdemokraterna.se\\\/kalmarlan\\\/nara-9000-namn-for-oppnade-vardplatser\\\/\"]}]},{\"@type\":\"ImageObject\",\"inLanguage\":\"sv-SE\",\"@id\":\"https:\\\/\\\/wp.kristdemokraterna.se\\\/kalmarlan\\\/nara-9000-namn-for-oppnade-vardplatser\\\/#primaryimage\",\"url\":\"https:\\\/\\\/wp.kristdemokraterna.se\\\/kalmarlan\\\/files\\\/2016\\\/11\\\/jl-gb-mr.jpg\",\"contentUrl\":\"https:\\\/\\\/wp.kristdemokraterna.se\\\/kalmarlan\\\/files\\\/2016\\\/11\\\/jl-gb-mr.jpg\",\"width\":1368,\"height\":1050,\"caption\":\"Gudrun, Jimmy och Madeleine \u00f6verl\u00e4mnar namnlistorna i landstingshuset.\"},{\"@type\":\"BreadcrumbList\",\"@id\":\"https:\\\/\\\/wp.kristdemokraterna.se\\\/kalmarlan\\\/nara-9000-namn-for-oppnade-vardplatser\\\/#breadcrumb\",\"itemListElement\":[{\"@type\":\"ListItem\",\"position\":1,\"name\":\"Hem\",\"item\":\"https:\\\/\\\/wp.kristdemokraterna.se\\\/kalmarlan\\\/\"},{\"@type\":\"ListItem\",\"position\":2,\"name\":\"N\u00e4ra 9000 namn f\u00f6r \u00f6ppnade v\u00e5rdplatser\"}]},{\"@type\":\"WebSite\",\"@id\":\"https:\\\/\\\/wp.kristdemokraterna.se\\\/kalmarlan\\\/#website\",\"url\":\"https:\\\/\\\/wp.kristdemokraterna.se\\\/kalmarlan\\\/\",\"name\":\"i Kalmar l\u00e4n\",\"description\":\"\",\"inLanguage\":\"sv-SE\"},{\"@type\":\"Person\",\"@id\":\"https:\\\/\\\/wp.kristdemokraterna.se\\\/kalmarlan\\\/#\\\/schema\\\/person\\\/a1856739934bf9c6a11fb258646ea2a5\",\"name\":\"kalmarlan\",\"image\":{\"@type\":\"ImageObject\",\"inLanguage\":\"sv-SE\",\"@id\":\"https:\\\/\\\/secure.gravatar.com\\\/avatar\\\/ef1f7dcd1b21be34f0f3e58a032955c2de43794b20090a23118cd0e2a8964e6e?s=96&r=g\",\"url\":\"https:\\\/\\\/secure.gravatar.com\\\/avatar\\\/ef1f7dcd1b21be34f0f3e58a032955c2de43794b20090a23118cd0e2a8964e6e?s=96&r=g\",\"contentUrl\":\"https:\\\/\\\/secure.gravatar.com\\\/avatar\\\/ef1f7dcd1b21be34f0f3e58a032955c2de43794b20090a23118cd0e2a8964e6e?s=96&r=g\",\"caption\":\"kalmarlan\"},\"url\":\"https:\\\/\\\/wp.kristdemokraterna.se\\\/kalmarlan\\\/author\\\/kalmarlan\\\/\"}]}<\/script>\n<!-- \/ Yoast SEO plugin. -->","yoast_head_json":{"title":"N\u00e4ra 9000 namn f\u00f6r \u00f6ppnade v\u00e5rdplatser - i Kalmar l\u00e4n","robots":{"index":"index","follow":"follow","max-snippet":"max-snippet:-1","max-image-preview":"max-image-preview:large","max-video-preview":"max-video-preview:-1"},"canonical":"https:\/\/wp.kristdemokraterna.se\/kalmarlan\/nara-9000-namn-for-oppnade-vardplatser\/","og_locale":"sv_SE","og_type":"article","og_title":"N\u00e4ra 9000 namn f\u00f6r \u00f6ppnade v\u00e5rdplatser - i Kalmar l\u00e4n","og_description":"Pressmeddelande 2016-11-01 8820 namnunderskrifter f\u00f6r \u00f6ppna v\u00e5rdplatser och h\u00f6jd status f\u00f6r sjuksk\u00f6terskor! &#8211; 8820 namnunderskrifter visar p\u00e5 ett \u00f6verv\u00e4ldigande engagemang runt om i l\u00e4net, som protest mot landstingsmajoritetens st\u00e4ngning av v\u00e5rdplatser och kr\u00e4va att de \u00f6ppnas, och f\u00f6r att h\u00f6ja sjuksk\u00f6terskornas status. Inte bara i V\u00e4stervik, Oskarshamn och Kalmar, utan fr\u00e5n Gamleby till Tors\u00e5s, fr\u00e5n Read More","og_url":"https:\/\/wp.kristdemokraterna.se\/kalmarlan\/nara-9000-namn-for-oppnade-vardplatser\/","og_site_name":"i Kalmar l\u00e4n","article_published_time":"2016-11-11T15:06:06+00:00","og_image":[{"url":"http:\/\/wp.kristdemokraterna.se\/kalmarlan\/files\/2016\/11\/jl-gb-mr-300x230.jpg","type":"","width":"","height":""}],"author":"kalmarlan","twitter_card":"summary_large_image","twitter_misc":{"Skriven av":"kalmarlan","Ber\u00e4knad l\u00e4stid":"2 minuter"},"schema":{"@context":"https:\/\/schema.org","@graph":[{"@type":"Article","@id":"https:\/\/wp.kristdemokraterna.se\/kalmarlan\/nara-9000-namn-for-oppnade-vardplatser\/#article","isPartOf":{"@id":"https:\/\/wp.kristdemokraterna.se\/kalmarlan\/nara-9000-namn-for-oppnade-vardplatser\/"},"author":{"name":"kalmarlan","@id":"https:\/\/wp.kristdemokraterna.se\/kalmarlan\/#\/schema\/person\/a1856739934bf9c6a11fb258646ea2a5"},"headline":"N\u00e4ra 9000 namn f\u00f6r \u00f6ppnade v\u00e5rdplatser","datePublished":"2016-11-11T15:06:06+00:00","mainEntityOfPage":{"@id":"https:\/\/wp.kristdemokraterna.se\/kalmarlan\/nara-9000-namn-for-oppnade-vardplatser\/"},"wordCount":377,"image":{"@id":"https:\/\/wp.kristdemokraterna.se\/kalmarlan\/nara-9000-namn-for-oppnade-vardplatser\/#primaryimage"},"thumbnailUrl":"http:\/\/wp.kristdemokraterna.se\/kalmarlan\/files\/2016\/11\/jl-gb-mr-300x230.jpg","inLanguage":"sv-SE"},{"@type":"WebPage","@id":"https:\/\/wp.kristdemokraterna.se\/kalmarlan\/nara-9000-namn-for-oppnade-vardplatser\/","url":"https:\/\/wp.kristdemokraterna.se\/kalmarlan\/nara-9000-namn-for-oppnade-vardplatser\/","name":"N\u00e4ra 9000 namn f\u00f6r \u00f6ppnade v\u00e5rdplatser - i Kalmar l\u00e4n","isPartOf":{"@id":"https:\/\/wp.kristdemokraterna.se\/kalmarlan\/#website"},"primaryImageOfPage":{"@id":"https:\/\/wp.kristdemokraterna.se\/kalmarlan\/nara-9000-namn-for-oppnade-vardplatser\/#primaryimage"},"image":{"@id":"https:\/\/wp.kristdemokraterna.se\/kalmarlan\/nara-9000-namn-for-oppnade-vardplatser\/#primaryimage"},"thumbnailUrl":"http:\/\/wp.kristdemokraterna.se\/kalmarlan\/files\/2016\/11\/jl-gb-mr-300x230.jpg","datePublished":"2016-11-11T15:06:06+00:00","author":{"@id":"https:\/\/wp.kristdemokraterna.se\/kalmarlan\/#\/schema\/person\/a1856739934bf9c6a11fb258646ea2a5"},"breadcrumb":{"@id":"https:\/\/wp.kristdemokraterna.se\/kalmarlan\/nara-9000-namn-for-oppnade-vardplatser\/#breadcrumb"},"inLanguage":"sv-SE","potentialAction":[{"@type":"ReadAction","target":["https:\/\/wp.kristdemokraterna.se\/kalmarlan\/nara-9000-namn-for-oppnade-vardplatser\/"]}]},{"@type":"ImageObject","inLanguage":"sv-SE","@id":"https:\/\/wp.kristdemokraterna.se\/kalmarlan\/nara-9000-namn-for-oppnade-vardplatser\/#primaryimage","url":"https:\/\/wp.kristdemokraterna.se\/kalmarlan\/files\/2016\/11\/jl-gb-mr.jpg","contentUrl":"https:\/\/wp.kristdemokraterna.se\/kalmarlan\/files\/2016\/11\/jl-gb-mr.jpg","width":1368,"height":1050,"caption":"Gudrun, Jimmy och Madeleine \u00f6verl\u00e4mnar namnlistorna i landstingshuset."},{"@type":"BreadcrumbList","@id":"https:\/\/wp.kristdemokraterna.se\/kalmarlan\/nara-9000-namn-for-oppnade-vardplatser\/#breadcrumb","itemListElement":[{"@type":"ListItem","position":1,"name":"Hem","item":"https:\/\/wp.kristdemokraterna.se\/kalmarlan\/"},{"@type":"ListItem","position":2,"name":"N\u00e4ra 9000 namn f\u00f6r \u00f6ppnade v\u00e5rdplatser"}]},{"@type":"WebSite","@id":"https:\/\/wp.kristdemokraterna.se\/kalmarlan\/#website","url":"https:\/\/wp.kristdemokraterna.se\/kalmarlan\/","name":"i Kalmar l\u00e4n","description":"","inLanguage":"sv-SE"},{"@type":"Person","@id":"https:\/\/wp.kristdemokraterna.se\/kalmarlan\/#\/schema\/person\/a1856739934bf9c6a11fb258646ea2a5","name":"kalmarlan","image":{"@type":"ImageObject","inLanguage":"sv-SE","@id":"https:\/\/secure.gravatar.com\/avatar\/ef1f7dcd1b21be34f0f3e58a032955c2de43794b20090a23118cd0e2a8964e6e?s=96&r=g","url":"https:\/\/secure.gravatar.com\/avatar\/ef1f7dcd1b21be34f0f3e58a032955c2de43794b20090a23118cd0e2a8964e6e?s=96&r=g","contentUrl":"https:\/\/secure.gravatar.com\/avatar\/ef1f7dcd1b21be34f0f3e58a032955c2de43794b20090a23118cd0e2a8964e6e?s=96&r=g","caption":"kalmarlan"},"url":"https:\/\/wp.kristdemokraterna.se\/kalmarlan\/author\/kalmarlan\/"}]}},"_links":{"self":[{"href":"https:\/\/wp.kristdemokraterna.se\/kalmarlan\/wp-json\/wp\/v2\/posts\/628","targetHints":{"allow":["GET"]}}],"collection":[{"href":"https:\/\/wp.kristdemokraterna.se\/kalmarlan\/wp-json\/wp\/v2\/posts"}],"about":[{"href":"https:\/\/wp.kristdemokraterna.se\/kalmarlan\/wp-json\/wp\/v2\/types\/post"}],"author":[{"embeddable":true,"href":"https:\/\/wp.kristdemokraterna.se\/kalmarlan\/wp-json\/wp\/v2\/users\/417"}],"replies":[{"embeddable":true,"href":"https:\/\/wp.kristdemokraterna.se\/kalmarlan\/wp-json\/wp\/v2\/comments?post=628"}],"version-history":[{"count":1,"href":"https:\/\/wp.kristdemokraterna.se\/kalmarlan\/wp-json\/wp\/v2\/posts\/628\/revisions"}],"predecessor-version":[{"id":630,"href":"https:\/\/wp.kristdemokraterna.se\/kalmarlan\/wp-json\/wp\/v2\/posts\/628\/revisions\/630"}],"wp:attachment":[{"href":"https:\/\/wp.kristdemokraterna.se\/kalmarlan\/wp-json\/wp\/v2\/media?parent=628"}],"wp:term":[{"taxonomy":"category","embeddable":true,"href":"https:\/\/wp.kristdemokraterna.se\/kalmarlan\/wp-json\/wp\/v2\/categories?post=628"},{"taxonomy":"post_tag","embeddable":true,"href":"https:\/\/wp.kristdemokraterna.se\/kalmarlan\/wp-json\/wp\/v2\/tags?post=628"}],"curies":[{"name":"wp","href":"https:\/\/api.w.org\/{rel}","templated":true}]}}