{"id":631,"date":"2016-11-11T16:11:55","date_gmt":"2016-11-11T15:11:55","guid":{"rendered":"http:\/\/wp.kristdemokraterna.se\/kalmarlan\/?p=631"},"modified":"2016-11-11T16:11:55","modified_gmt":"2016-11-11T15:11:55","slug":"kristdemokraterna-har-nu-utsett-toppkandidaterna-till-riksdagen","status":"publish","type":"post","link":"https:\/\/wp.kristdemokraterna.se\/kalmarlan\/kristdemokraterna-har-nu-utsett-toppkandidaterna-till-riksdagen\/","title":{"rendered":"Kristdemokraterna har nu utsett toppkandidaterna till riksdagen"},"content":{"rendered":"<p><strong>Jimmy Loord, Nybro, Gudrun Bruneg\u00e5rd, Vimmerby och Eric Dicksson, Kalmar \u00e4r kristdemokraternas topptrio inf\u00f6r kommande riksdagsval.<\/strong><\/p>\n<p><img loading=\"lazy\" decoding=\"async\" class=\"alignleft size-large wp-image-632\" src=\"http:\/\/wp.kristdemokraterna.se\/kalmarlan\/files\/2016\/11\/14938247_10154666819807594_1166474112951898209_n-540x405.jpg\" alt=\"14938247-10154666819807594-1166474112951898209-n\" width=\"540\" height=\"405\" srcset=\"https:\/\/wp.kristdemokraterna.se\/kalmarlan\/files\/2016\/11\/14938247_10154666819807594_1166474112951898209_n-540x405.jpg 540w, https:\/\/wp.kristdemokraterna.se\/kalmarlan\/files\/2016\/11\/14938247_10154666819807594_1166474112951898209_n-300x225.jpg 300w, https:\/\/wp.kristdemokraterna.se\/kalmarlan\/files\/2016\/11\/14938247_10154666819807594_1166474112951898209_n-768x576.jpg 768w, https:\/\/wp.kristdemokraterna.se\/kalmarlan\/files\/2016\/11\/14938247_10154666819807594_1166474112951898209_n-461x346.jpg 461w, https:\/\/wp.kristdemokraterna.se\/kalmarlan\/files\/2016\/11\/14938247_10154666819807594_1166474112951898209_n-149x112.jpg 149w, https:\/\/wp.kristdemokraterna.se\/kalmarlan\/files\/2016\/11\/14938247_10154666819807594_1166474112951898209_n.jpg 960w\" sizes=\"auto, (max-width: 540px) 100vw, 540px\" \/><\/p>\n<p>Under torsdagskv\u00e4llen h\u00f6ll Kristdemokraterna i l\u00e4net ett v\u00e4lbes\u00f6kt nomineringsm\u00f6te inf\u00f6r riksdagsvalet. En process med nomineringar fr\u00e5n partiavdelningarna och provval har genomf\u00f6rts under h\u00f6sten.<\/p>\n<p>Nomineringskommitt\u00e9n redovisade sitt arbete och d\u00e4refter f\u00f6ljde en utfr\u00e5gning av de tre toppkandidaterna med m\u00f6jlighet f\u00f6r ombuden att st\u00e4lla sina fr\u00e5gor.<\/p>\n<p>Nomineringsm\u00f6tet med ombud fr\u00e5n hela l\u00e4net samlade sig slutligen till beslut och det blev bifall till det framlagda f\u00f6rslaget. Partiledaren Ebba Busch Thor kommer att st\u00e5 f\u00f6rst p\u00e5 valsedeln men d\u00e4refter f\u00f6ljer l\u00e4nets kandidater som toppas av Jimmy Loord f\u00f6ljd av Gudrun Bruneg\u00e5rd och Eric Dicksson.<\/p>\n<p>&#8211; Jag k\u00e4nner mig mycket hedrad \u00f6ver ett starkt f\u00f6rtroende. Nu b\u00f6rjar det h\u00e5rda arbetet. Vi har m\u00e5nga stora samh\u00e4llsfr\u00e5gor att arbeta med. En \u00f6kad otrygghet i samh\u00e4llet. Funktionsnedsatta som f\u00e5r sin assistans indragen. Detta kan inte accepteras! Jag \u00e4r beredd att bli en stark politisk r\u00f6st i riksdagen och jobba utifr\u00e5n ett tydligt Kalmar l\u00e4ns perspektiv, s\u00e4ger Jimmy Loord i en kommentar efter nomineringen.<\/p>\n<p>&#8211; Det \u00e4r ett stort f\u00f6rtroende att f\u00e5 finnas med i l\u00e4nets topptrio. Jag kommer att arbeta h\u00e5rt f\u00f6r familjernas valfrihet, \u00e4ldres r\u00e4tt till trygghet och v\u00e4rdighet och f\u00f6r allas r\u00e4tt till v\u00e5rd n\u00e4r man beh\u00f6ver det, s\u00e4ger Gudrun Bruneg\u00e5rd.<\/p>\n<p>&#8211; Jag \u00e4r hedrad och glad och ser fram mot att f\u00e5 jobba med Jimmy, Gudrun och hela distriktet f\u00f6r valvinst 2018, s\u00e4ger Eric Dicksson<\/p>\n","protected":false},"excerpt":{"rendered":"<p>Jimmy Loord, Nybro, Gudrun Bruneg\u00e5rd, Vimmerby och Eric Dicksson, Kalmar \u00e4r kristdemokraternas topptrio inf\u00f6r kommande riksdagsval. Under torsdagskv\u00e4llen h\u00f6ll Kristdemokraterna i l\u00e4net ett v\u00e4lbes\u00f6kt nomineringsm\u00f6te inf\u00f6r riksdagsvalet. En process med nomineringar fr\u00e5n partiavdelningarna och provval har genomf\u00f6rts under h\u00f6sten. Nomineringskommitt\u00e9n redovisade sitt arbete och d\u00e4refter f\u00f6ljde en utfr\u00e5gning av de tre toppkandidaterna med m\u00f6jlighet f\u00f6r <a class=\"read-more-link\" href=\"https:\/\/wp.kristdemokraterna.se\/kalmarlan\/kristdemokraterna-har-nu-utsett-toppkandidaterna-till-riksdagen\/\">Read More<\/a><\/p>\n","protected":false},"author":417,"featured_media":0,"comment_status":"closed","ping_status":"closed","sticky":false,"template":"","format":"standard","meta":{"_acf_changed":false,"footnotes":""},"categories":[1],"tags":[],"class_list":["post-631","post","type-post","status-publish","format-standard","hentry","category-okategoriserade"],"acf":[],"yoast_head":"<!-- This site is optimized with the Yoast SEO plugin v27.4 - https:\/\/yoast.com\/product\/yoast-seo-wordpress\/ -->\n<title>Kristdemokraterna har nu utsett toppkandidaterna till riksdagen - i Kalmar l\u00e4n<\/title>\n<meta name=\"robots\" content=\"index, follow, max-snippet:-1, max-image-preview:large, max-video-preview:-1\" \/>\n<link rel=\"canonical\" href=\"https:\/\/wp.kristdemokraterna.se\/kalmarlan\/kristdemokraterna-har-nu-utsett-toppkandidaterna-till-riksdagen\/\" \/>\n<meta property=\"og:locale\" content=\"sv_SE\" \/>\n<meta property=\"og:type\" content=\"article\" \/>\n<meta property=\"og:title\" content=\"Kristdemokraterna har nu utsett toppkandidaterna till riksdagen - i Kalmar l\u00e4n\" \/>\n<meta property=\"og:description\" content=\"Jimmy Loord, Nybro, Gudrun Bruneg\u00e5rd, Vimmerby och Eric Dicksson, Kalmar \u00e4r kristdemokraternas topptrio inf\u00f6r kommande riksdagsval. Under torsdagskv\u00e4llen h\u00f6ll Kristdemokraterna i l\u00e4net ett v\u00e4lbes\u00f6kt nomineringsm\u00f6te inf\u00f6r riksdagsvalet. En process med nomineringar fr\u00e5n partiavdelningarna och provval har genomf\u00f6rts under h\u00f6sten. Nomineringskommitt\u00e9n redovisade sitt arbete och d\u00e4refter f\u00f6ljde en utfr\u00e5gning av de tre toppkandidaterna med m\u00f6jlighet f\u00f6r Read More\" \/>\n<meta property=\"og:url\" content=\"https:\/\/wp.kristdemokraterna.se\/kalmarlan\/kristdemokraterna-har-nu-utsett-toppkandidaterna-till-riksdagen\/\" \/>\n<meta property=\"og:site_name\" content=\"i Kalmar l\u00e4n\" \/>\n<meta property=\"article:published_time\" content=\"2016-11-11T15:11:55+00:00\" \/>\n<meta property=\"og:image\" content=\"http:\/\/wp.kristdemokraterna.se\/kalmarlan\/files\/2016\/11\/14938247_10154666819807594_1166474112951898209_n-540x405.jpg\" \/>\n<meta name=\"author\" content=\"kalmarlan\" \/>\n<meta name=\"twitter:card\" content=\"summary_large_image\" \/>\n<meta name=\"twitter:label1\" content=\"Skriven av\" \/>\n\t<meta name=\"twitter:data1\" content=\"kalmarlan\" \/>\n\t<meta name=\"twitter:label2\" content=\"Ber\u00e4knad l\u00e4stid\" \/>\n\t<meta name=\"twitter:data2\" content=\"1 minut\" \/>\n<script type=\"application\/ld+json\" class=\"yoast-schema-graph\">{\"@context\":\"https:\\\/\\\/schema.org\",\"@graph\":[{\"@type\":\"Article\",\"@id\":\"https:\\\/\\\/wp.kristdemokraterna.se\\\/kalmarlan\\\/kristdemokraterna-har-nu-utsett-toppkandidaterna-till-riksdagen\\\/#article\",\"isPartOf\":{\"@id\":\"https:\\\/\\\/wp.kristdemokraterna.se\\\/kalmarlan\\\/kristdemokraterna-har-nu-utsett-toppkandidaterna-till-riksdagen\\\/\"},\"author\":{\"name\":\"kalmarlan\",\"@id\":\"https:\\\/\\\/wp.kristdemokraterna.se\\\/kalmarlan\\\/#\\\/schema\\\/person\\\/a1856739934bf9c6a11fb258646ea2a5\"},\"headline\":\"Kristdemokraterna har nu utsett toppkandidaterna till riksdagen\",\"datePublished\":\"2016-11-11T15:11:55+00:00\",\"mainEntityOfPage\":{\"@id\":\"https:\\\/\\\/wp.kristdemokraterna.se\\\/kalmarlan\\\/kristdemokraterna-har-nu-utsett-toppkandidaterna-till-riksdagen\\\/\"},\"wordCount\":300,\"image\":{\"@id\":\"https:\\\/\\\/wp.kristdemokraterna.se\\\/kalmarlan\\\/kristdemokraterna-har-nu-utsett-toppkandidaterna-till-riksdagen\\\/#primaryimage\"},\"thumbnailUrl\":\"http:\\\/\\\/wp.kristdemokraterna.se\\\/kalmarlan\\\/files\\\/2016\\\/11\\\/14938247_10154666819807594_1166474112951898209_n-540x405.jpg\",\"inLanguage\":\"sv-SE\"},{\"@type\":\"WebPage\",\"@id\":\"https:\\\/\\\/wp.kristdemokraterna.se\\\/kalmarlan\\\/kristdemokraterna-har-nu-utsett-toppkandidaterna-till-riksdagen\\\/\",\"url\":\"https:\\\/\\\/wp.kristdemokraterna.se\\\/kalmarlan\\\/kristdemokraterna-har-nu-utsett-toppkandidaterna-till-riksdagen\\\/\",\"name\":\"Kristdemokraterna har nu utsett toppkandidaterna till riksdagen - i Kalmar l\u00e4n\",\"isPartOf\":{\"@id\":\"https:\\\/\\\/wp.kristdemokraterna.se\\\/kalmarlan\\\/#website\"},\"primaryImageOfPage\":{\"@id\":\"https:\\\/\\\/wp.kristdemokraterna.se\\\/kalmarlan\\\/kristdemokraterna-har-nu-utsett-toppkandidaterna-till-riksdagen\\\/#primaryimage\"},\"image\":{\"@id\":\"https:\\\/\\\/wp.kristdemokraterna.se\\\/kalmarlan\\\/kristdemokraterna-har-nu-utsett-toppkandidaterna-till-riksdagen\\\/#primaryimage\"},\"thumbnailUrl\":\"http:\\\/\\\/wp.kristdemokraterna.se\\\/kalmarlan\\\/files\\\/2016\\\/11\\\/14938247_10154666819807594_1166474112951898209_n-540x405.jpg\",\"datePublished\":\"2016-11-11T15:11:55+00:00\",\"author\":{\"@id\":\"https:\\\/\\\/wp.kristdemokraterna.se\\\/kalmarlan\\\/#\\\/schema\\\/person\\\/a1856739934bf9c6a11fb258646ea2a5\"},\"breadcrumb\":{\"@id\":\"https:\\\/\\\/wp.kristdemokraterna.se\\\/kalmarlan\\\/kristdemokraterna-har-nu-utsett-toppkandidaterna-till-riksdagen\\\/#breadcrumb\"},\"inLanguage\":\"sv-SE\",\"potentialAction\":[{\"@type\":\"ReadAction\",\"target\":[\"https:\\\/\\\/wp.kristdemokraterna.se\\\/kalmarlan\\\/kristdemokraterna-har-nu-utsett-toppkandidaterna-till-riksdagen\\\/\"]}]},{\"@type\":\"ImageObject\",\"inLanguage\":\"sv-SE\",\"@id\":\"https:\\\/\\\/wp.kristdemokraterna.se\\\/kalmarlan\\\/kristdemokraterna-har-nu-utsett-toppkandidaterna-till-riksdagen\\\/#primaryimage\",\"url\":\"https:\\\/\\\/wp.kristdemokraterna.se\\\/kalmarlan\\\/files\\\/2016\\\/11\\\/14938247_10154666819807594_1166474112951898209_n.jpg\",\"contentUrl\":\"https:\\\/\\\/wp.kristdemokraterna.se\\\/kalmarlan\\\/files\\\/2016\\\/11\\\/14938247_10154666819807594_1166474112951898209_n.jpg\",\"width\":960,\"height\":720},{\"@type\":\"BreadcrumbList\",\"@id\":\"https:\\\/\\\/wp.kristdemokraterna.se\\\/kalmarlan\\\/kristdemokraterna-har-nu-utsett-toppkandidaterna-till-riksdagen\\\/#breadcrumb\",\"itemListElement\":[{\"@type\":\"ListItem\",\"position\":1,\"name\":\"Hem\",\"item\":\"https:\\\/\\\/wp.kristdemokraterna.se\\\/kalmarlan\\\/\"},{\"@type\":\"ListItem\",\"position\":2,\"name\":\"Kristdemokraterna har nu utsett toppkandidaterna till riksdagen\"}]},{\"@type\":\"WebSite\",\"@id\":\"https:\\\/\\\/wp.kristdemokraterna.se\\\/kalmarlan\\\/#website\",\"url\":\"https:\\\/\\\/wp.kristdemokraterna.se\\\/kalmarlan\\\/\",\"name\":\"i Kalmar l\u00e4n\",\"description\":\"\",\"inLanguage\":\"sv-SE\"},{\"@type\":\"Person\",\"@id\":\"https:\\\/\\\/wp.kristdemokraterna.se\\\/kalmarlan\\\/#\\\/schema\\\/person\\\/a1856739934bf9c6a11fb258646ea2a5\",\"name\":\"kalmarlan\",\"image\":{\"@type\":\"ImageObject\",\"inLanguage\":\"sv-SE\",\"@id\":\"https:\\\/\\\/secure.gravatar.com\\\/avatar\\\/ef1f7dcd1b21be34f0f3e58a032955c2de43794b20090a23118cd0e2a8964e6e?s=96&r=g\",\"url\":\"https:\\\/\\\/secure.gravatar.com\\\/avatar\\\/ef1f7dcd1b21be34f0f3e58a032955c2de43794b20090a23118cd0e2a8964e6e?s=96&r=g\",\"contentUrl\":\"https:\\\/\\\/secure.gravatar.com\\\/avatar\\\/ef1f7dcd1b21be34f0f3e58a032955c2de43794b20090a23118cd0e2a8964e6e?s=96&r=g\",\"caption\":\"kalmarlan\"},\"url\":\"https:\\\/\\\/wp.kristdemokraterna.se\\\/kalmarlan\\\/author\\\/kalmarlan\\\/\"}]}<\/script>\n<!-- \/ Yoast SEO plugin. -->","yoast_head_json":{"title":"Kristdemokraterna har nu utsett toppkandidaterna till riksdagen - i Kalmar l\u00e4n","robots":{"index":"index","follow":"follow","max-snippet":"max-snippet:-1","max-image-preview":"max-image-preview:large","max-video-preview":"max-video-preview:-1"},"canonical":"https:\/\/wp.kristdemokraterna.se\/kalmarlan\/kristdemokraterna-har-nu-utsett-toppkandidaterna-till-riksdagen\/","og_locale":"sv_SE","og_type":"article","og_title":"Kristdemokraterna har nu utsett toppkandidaterna till riksdagen - i Kalmar l\u00e4n","og_description":"Jimmy Loord, Nybro, Gudrun Bruneg\u00e5rd, Vimmerby och Eric Dicksson, Kalmar \u00e4r kristdemokraternas topptrio inf\u00f6r kommande riksdagsval. Under torsdagskv\u00e4llen h\u00f6ll Kristdemokraterna i l\u00e4net ett v\u00e4lbes\u00f6kt nomineringsm\u00f6te inf\u00f6r riksdagsvalet. En process med nomineringar fr\u00e5n partiavdelningarna och provval har genomf\u00f6rts under h\u00f6sten. Nomineringskommitt\u00e9n redovisade sitt arbete och d\u00e4refter f\u00f6ljde en utfr\u00e5gning av de tre toppkandidaterna med m\u00f6jlighet f\u00f6r Read More","og_url":"https:\/\/wp.kristdemokraterna.se\/kalmarlan\/kristdemokraterna-har-nu-utsett-toppkandidaterna-till-riksdagen\/","og_site_name":"i Kalmar l\u00e4n","article_published_time":"2016-11-11T15:11:55+00:00","og_image":[{"url":"http:\/\/wp.kristdemokraterna.se\/kalmarlan\/files\/2016\/11\/14938247_10154666819807594_1166474112951898209_n-540x405.jpg","type":"","width":"","height":""}],"author":"kalmarlan","twitter_card":"summary_large_image","twitter_misc":{"Skriven av":"kalmarlan","Ber\u00e4knad l\u00e4stid":"1 minut"},"schema":{"@context":"https:\/\/schema.org","@graph":[{"@type":"Article","@id":"https:\/\/wp.kristdemokraterna.se\/kalmarlan\/kristdemokraterna-har-nu-utsett-toppkandidaterna-till-riksdagen\/#article","isPartOf":{"@id":"https:\/\/wp.kristdemokraterna.se\/kalmarlan\/kristdemokraterna-har-nu-utsett-toppkandidaterna-till-riksdagen\/"},"author":{"name":"kalmarlan","@id":"https:\/\/wp.kristdemokraterna.se\/kalmarlan\/#\/schema\/person\/a1856739934bf9c6a11fb258646ea2a5"},"headline":"Kristdemokraterna har nu utsett toppkandidaterna till riksdagen","datePublished":"2016-11-11T15:11:55+00:00","mainEntityOfPage":{"@id":"https:\/\/wp.kristdemokraterna.se\/kalmarlan\/kristdemokraterna-har-nu-utsett-toppkandidaterna-till-riksdagen\/"},"wordCount":300,"image":{"@id":"https:\/\/wp.kristdemokraterna.se\/kalmarlan\/kristdemokraterna-har-nu-utsett-toppkandidaterna-till-riksdagen\/#primaryimage"},"thumbnailUrl":"http:\/\/wp.kristdemokraterna.se\/kalmarlan\/files\/2016\/11\/14938247_10154666819807594_1166474112951898209_n-540x405.jpg","inLanguage":"sv-SE"},{"@type":"WebPage","@id":"https:\/\/wp.kristdemokraterna.se\/kalmarlan\/kristdemokraterna-har-nu-utsett-toppkandidaterna-till-riksdagen\/","url":"https:\/\/wp.kristdemokraterna.se\/kalmarlan\/kristdemokraterna-har-nu-utsett-toppkandidaterna-till-riksdagen\/","name":"Kristdemokraterna har nu utsett toppkandidaterna till riksdagen - i Kalmar l\u00e4n","isPartOf":{"@id":"https:\/\/wp.kristdemokraterna.se\/kalmarlan\/#website"},"primaryImageOfPage":{"@id":"https:\/\/wp.kristdemokraterna.se\/kalmarlan\/kristdemokraterna-har-nu-utsett-toppkandidaterna-till-riksdagen\/#primaryimage"},"image":{"@id":"https:\/\/wp.kristdemokraterna.se\/kalmarlan\/kristdemokraterna-har-nu-utsett-toppkandidaterna-till-riksdagen\/#primaryimage"},"thumbnailUrl":"http:\/\/wp.kristdemokraterna.se\/kalmarlan\/files\/2016\/11\/14938247_10154666819807594_1166474112951898209_n-540x405.jpg","datePublished":"2016-11-11T15:11:55+00:00","author":{"@id":"https:\/\/wp.kristdemokraterna.se\/kalmarlan\/#\/schema\/person\/a1856739934bf9c6a11fb258646ea2a5"},"breadcrumb":{"@id":"https:\/\/wp.kristdemokraterna.se\/kalmarlan\/kristdemokraterna-har-nu-utsett-toppkandidaterna-till-riksdagen\/#breadcrumb"},"inLanguage":"sv-SE","potentialAction":[{"@type":"ReadAction","target":["https:\/\/wp.kristdemokraterna.se\/kalmarlan\/kristdemokraterna-har-nu-utsett-toppkandidaterna-till-riksdagen\/"]}]},{"@type":"ImageObject","inLanguage":"sv-SE","@id":"https:\/\/wp.kristdemokraterna.se\/kalmarlan\/kristdemokraterna-har-nu-utsett-toppkandidaterna-till-riksdagen\/#primaryimage","url":"https:\/\/wp.kristdemokraterna.se\/kalmarlan\/files\/2016\/11\/14938247_10154666819807594_1166474112951898209_n.jpg","contentUrl":"https:\/\/wp.kristdemokraterna.se\/kalmarlan\/files\/2016\/11\/14938247_10154666819807594_1166474112951898209_n.jpg","width":960,"height":720},{"@type":"BreadcrumbList","@id":"https:\/\/wp.kristdemokraterna.se\/kalmarlan\/kristdemokraterna-har-nu-utsett-toppkandidaterna-till-riksdagen\/#breadcrumb","itemListElement":[{"@type":"ListItem","position":1,"name":"Hem","item":"https:\/\/wp.kristdemokraterna.se\/kalmarlan\/"},{"@type":"ListItem","position":2,"name":"Kristdemokraterna har nu utsett toppkandidaterna till riksdagen"}]},{"@type":"WebSite","@id":"https:\/\/wp.kristdemokraterna.se\/kalmarlan\/#website","url":"https:\/\/wp.kristdemokraterna.se\/kalmarlan\/","name":"i Kalmar l\u00e4n","description":"","inLanguage":"sv-SE"},{"@type":"Person","@id":"https:\/\/wp.kristdemokraterna.se\/kalmarlan\/#\/schema\/person\/a1856739934bf9c6a11fb258646ea2a5","name":"kalmarlan","image":{"@type":"ImageObject","inLanguage":"sv-SE","@id":"https:\/\/secure.gravatar.com\/avatar\/ef1f7dcd1b21be34f0f3e58a032955c2de43794b20090a23118cd0e2a8964e6e?s=96&r=g","url":"https:\/\/secure.gravatar.com\/avatar\/ef1f7dcd1b21be34f0f3e58a032955c2de43794b20090a23118cd0e2a8964e6e?s=96&r=g","contentUrl":"https:\/\/secure.gravatar.com\/avatar\/ef1f7dcd1b21be34f0f3e58a032955c2de43794b20090a23118cd0e2a8964e6e?s=96&r=g","caption":"kalmarlan"},"url":"https:\/\/wp.kristdemokraterna.se\/kalmarlan\/author\/kalmarlan\/"}]}},"_links":{"self":[{"href":"https:\/\/wp.kristdemokraterna.se\/kalmarlan\/wp-json\/wp\/v2\/posts\/631","targetHints":{"allow":["GET"]}}],"collection":[{"href":"https:\/\/wp.kristdemokraterna.se\/kalmarlan\/wp-json\/wp\/v2\/posts"}],"about":[{"href":"https:\/\/wp.kristdemokraterna.se\/kalmarlan\/wp-json\/wp\/v2\/types\/post"}],"author":[{"embeddable":true,"href":"https:\/\/wp.kristdemokraterna.se\/kalmarlan\/wp-json\/wp\/v2\/users\/417"}],"replies":[{"embeddable":true,"href":"https:\/\/wp.kristdemokraterna.se\/kalmarlan\/wp-json\/wp\/v2\/comments?post=631"}],"version-history":[{"count":1,"href":"https:\/\/wp.kristdemokraterna.se\/kalmarlan\/wp-json\/wp\/v2\/posts\/631\/revisions"}],"predecessor-version":[{"id":633,"href":"https:\/\/wp.kristdemokraterna.se\/kalmarlan\/wp-json\/wp\/v2\/posts\/631\/revisions\/633"}],"wp:attachment":[{"href":"https:\/\/wp.kristdemokraterna.se\/kalmarlan\/wp-json\/wp\/v2\/media?parent=631"}],"wp:term":[{"taxonomy":"category","embeddable":true,"href":"https:\/\/wp.kristdemokraterna.se\/kalmarlan\/wp-json\/wp\/v2\/categories?post=631"},{"taxonomy":"post_tag","embeddable":true,"href":"https:\/\/wp.kristdemokraterna.se\/kalmarlan\/wp-json\/wp\/v2\/tags?post=631"}],"curies":[{"name":"wp","href":"https:\/\/api.w.org\/{rel}","templated":true}]}}