{"id":635,"date":"2017-01-23T09:47:25","date_gmt":"2017-01-23T08:47:25","guid":{"rendered":"http:\/\/wp.kristdemokraterna.se\/kalmarlan\/?p=635"},"modified":"2017-01-23T09:47:25","modified_gmt":"2017-01-23T08:47:25","slug":"kristdemokrater-inspirerades-i-monsteras","status":"publish","type":"post","link":"https:\/\/wp.kristdemokraterna.se\/kalmarlan\/kristdemokrater-inspirerades-i-monsteras\/","title":{"rendered":"Kristdemokrater inspirerades i M\u00f6nster\u00e5s"},"content":{"rendered":"<div id=\"attachment_636\" style=\"width: 550px\" class=\"wp-caption alignleft\"><img loading=\"lazy\" decoding=\"async\" aria-describedby=\"caption-attachment-636\" class=\"size-large wp-image-636\" src=\"http:\/\/wp.kristdemokraterna.se\/kalmarlan\/files\/2017\/01\/16114915_362911610756221_4261950240711861798_n-540x512.jpg\" alt=\"\" width=\"540\" height=\"512\" srcset=\"https:\/\/wp.kristdemokraterna.se\/kalmarlan\/files\/2017\/01\/16114915_362911610756221_4261950240711861798_n-540x512.jpg 540w, https:\/\/wp.kristdemokraterna.se\/kalmarlan\/files\/2017\/01\/16114915_362911610756221_4261950240711861798_n-300x284.jpg 300w, https:\/\/wp.kristdemokraterna.se\/kalmarlan\/files\/2017\/01\/16114915_362911610756221_4261950240711861798_n-768x728.jpg 768w, https:\/\/wp.kristdemokraterna.se\/kalmarlan\/files\/2017\/01\/16114915_362911610756221_4261950240711861798_n-365x346.jpg 365w, https:\/\/wp.kristdemokraterna.se\/kalmarlan\/files\/2017\/01\/16114915_362911610756221_4261950240711861798_n-118x112.jpg 118w, https:\/\/wp.kristdemokraterna.se\/kalmarlan\/files\/2017\/01\/16114915_362911610756221_4261950240711861798_n.jpg 960w\" sizes=\"auto, (max-width: 540px) 100vw, 540px\" \/><p id=\"caption-attachment-636\" class=\"wp-caption-text\">En bild p\u00e5 de medverkande. Fr.v.: Gudrun Bruneg\u00e5rd, Madeleine Rosenqvist, Emma Henriksson, Jimmy Loord och Chatrine P\u00e5lsson Ahlgren<\/p><\/div>\n<p>Idag har vi haft en mycket bra utbildningsdag i M\u00f6nster\u00e5s med m\u00e5nga kristdemokrater fr\u00e5n hela l\u00e4net. Extra roligt att vi fick bes\u00f6k av riksdagsledamot och 2 vice partiordf\u00f6rande Emma Henriksson som ber\u00e4ttade om de skarpa f\u00f6rslag som partiet f\u00f6resl\u00e5r f\u00f6r att st\u00e4rka ekonomin f\u00f6r pension\u00e4rer och barnfamiljer. Trygghetsfr\u00e5gan med en stor satsning p\u00e5 fler poliser stod ocks\u00e5 i fokus. P\u00e5 bilden syns de som h\u00f6ll i de olika passen men det var det stora gemensamma engagemanget fr\u00e5n alla deltagare som gjorde dagen mycket lyckad.<\/p>\n","protected":false},"excerpt":{"rendered":"<p>Idag har vi haft en mycket bra utbildningsdag i M\u00f6nster\u00e5s med m\u00e5nga kristdemokrater fr\u00e5n hela l\u00e4net. Extra roligt att vi fick bes\u00f6k av riksdagsledamot och 2 vice partiordf\u00f6rande Emma Henriksson som ber\u00e4ttade om de skarpa f\u00f6rslag som partiet f\u00f6resl\u00e5r f\u00f6r att st\u00e4rka ekonomin f\u00f6r pension\u00e4rer och barnfamiljer. Trygghetsfr\u00e5gan med en stor satsning p\u00e5 fler poliser <a class=\"read-more-link\" href=\"https:\/\/wp.kristdemokraterna.se\/kalmarlan\/kristdemokrater-inspirerades-i-monsteras\/\">Read More<\/a><\/p>\n","protected":false},"author":417,"featured_media":0,"comment_status":"closed","ping_status":"closed","sticky":false,"template":"","format":"standard","meta":{"_acf_changed":false,"footnotes":""},"categories":[1],"tags":[],"class_list":["post-635","post","type-post","status-publish","format-standard","hentry","category-okategoriserade"],"acf":[],"yoast_head":"<!-- This site is optimized with the Yoast SEO plugin v27.4 - https:\/\/yoast.com\/product\/yoast-seo-wordpress\/ -->\n<title>Kristdemokrater inspirerades i M\u00f6nster\u00e5s - i Kalmar l\u00e4n<\/title>\n<meta name=\"robots\" content=\"index, follow, max-snippet:-1, max-image-preview:large, max-video-preview:-1\" \/>\n<link rel=\"canonical\" href=\"https:\/\/wp.kristdemokraterna.se\/kalmarlan\/kristdemokrater-inspirerades-i-monsteras\/\" \/>\n<meta property=\"og:locale\" content=\"sv_SE\" \/>\n<meta property=\"og:type\" content=\"article\" \/>\n<meta property=\"og:title\" content=\"Kristdemokrater inspirerades i M\u00f6nster\u00e5s - i Kalmar l\u00e4n\" \/>\n<meta property=\"og:description\" content=\"Idag har vi haft en mycket bra utbildningsdag i M\u00f6nster\u00e5s med m\u00e5nga kristdemokrater fr\u00e5n hela l\u00e4net. Extra roligt att vi fick bes\u00f6k av riksdagsledamot och 2 vice partiordf\u00f6rande Emma Henriksson som ber\u00e4ttade om de skarpa f\u00f6rslag som partiet f\u00f6resl\u00e5r f\u00f6r att st\u00e4rka ekonomin f\u00f6r pension\u00e4rer och barnfamiljer. Trygghetsfr\u00e5gan med en stor satsning p\u00e5 fler poliser Read More\" \/>\n<meta property=\"og:url\" content=\"https:\/\/wp.kristdemokraterna.se\/kalmarlan\/kristdemokrater-inspirerades-i-monsteras\/\" \/>\n<meta property=\"og:site_name\" content=\"i Kalmar l\u00e4n\" \/>\n<meta property=\"article:published_time\" content=\"2017-01-23T08:47:25+00:00\" \/>\n<meta property=\"og:image\" content=\"http:\/\/wp.kristdemokraterna.se\/kalmarlan\/files\/2017\/01\/16114915_362911610756221_4261950240711861798_n-540x512.jpg\" \/>\n<meta name=\"author\" content=\"kalmarlan\" \/>\n<meta name=\"twitter:card\" content=\"summary_large_image\" \/>\n<meta name=\"twitter:label1\" content=\"Skriven av\" \/>\n\t<meta name=\"twitter:data1\" content=\"kalmarlan\" \/>\n\t<meta name=\"twitter:label2\" content=\"Ber\u00e4knad l\u00e4stid\" \/>\n\t<meta name=\"twitter:data2\" content=\"1 minut\" \/>\n<script type=\"application\/ld+json\" class=\"yoast-schema-graph\">{\"@context\":\"https:\\\/\\\/schema.org\",\"@graph\":[{\"@type\":\"Article\",\"@id\":\"https:\\\/\\\/wp.kristdemokraterna.se\\\/kalmarlan\\\/kristdemokrater-inspirerades-i-monsteras\\\/#article\",\"isPartOf\":{\"@id\":\"https:\\\/\\\/wp.kristdemokraterna.se\\\/kalmarlan\\\/kristdemokrater-inspirerades-i-monsteras\\\/\"},\"author\":{\"name\":\"kalmarlan\",\"@id\":\"https:\\\/\\\/wp.kristdemokraterna.se\\\/kalmarlan\\\/#\\\/schema\\\/person\\\/a1856739934bf9c6a11fb258646ea2a5\"},\"headline\":\"Kristdemokrater inspirerades i M\u00f6nster\u00e5s\",\"datePublished\":\"2017-01-23T08:47:25+00:00\",\"mainEntityOfPage\":{\"@id\":\"https:\\\/\\\/wp.kristdemokraterna.se\\\/kalmarlan\\\/kristdemokrater-inspirerades-i-monsteras\\\/\"},\"wordCount\":135,\"image\":{\"@id\":\"https:\\\/\\\/wp.kristdemokraterna.se\\\/kalmarlan\\\/kristdemokrater-inspirerades-i-monsteras\\\/#primaryimage\"},\"thumbnailUrl\":\"http:\\\/\\\/wp.kristdemokraterna.se\\\/kalmarlan\\\/files\\\/2017\\\/01\\\/16114915_362911610756221_4261950240711861798_n-540x512.jpg\",\"inLanguage\":\"sv-SE\"},{\"@type\":\"WebPage\",\"@id\":\"https:\\\/\\\/wp.kristdemokraterna.se\\\/kalmarlan\\\/kristdemokrater-inspirerades-i-monsteras\\\/\",\"url\":\"https:\\\/\\\/wp.kristdemokraterna.se\\\/kalmarlan\\\/kristdemokrater-inspirerades-i-monsteras\\\/\",\"name\":\"Kristdemokrater inspirerades i M\u00f6nster\u00e5s - i Kalmar l\u00e4n\",\"isPartOf\":{\"@id\":\"https:\\\/\\\/wp.kristdemokraterna.se\\\/kalmarlan\\\/#website\"},\"primaryImageOfPage\":{\"@id\":\"https:\\\/\\\/wp.kristdemokraterna.se\\\/kalmarlan\\\/kristdemokrater-inspirerades-i-monsteras\\\/#primaryimage\"},\"image\":{\"@id\":\"https:\\\/\\\/wp.kristdemokraterna.se\\\/kalmarlan\\\/kristdemokrater-inspirerades-i-monsteras\\\/#primaryimage\"},\"thumbnailUrl\":\"http:\\\/\\\/wp.kristdemokraterna.se\\\/kalmarlan\\\/files\\\/2017\\\/01\\\/16114915_362911610756221_4261950240711861798_n-540x512.jpg\",\"datePublished\":\"2017-01-23T08:47:25+00:00\",\"author\":{\"@id\":\"https:\\\/\\\/wp.kristdemokraterna.se\\\/kalmarlan\\\/#\\\/schema\\\/person\\\/a1856739934bf9c6a11fb258646ea2a5\"},\"breadcrumb\":{\"@id\":\"https:\\\/\\\/wp.kristdemokraterna.se\\\/kalmarlan\\\/kristdemokrater-inspirerades-i-monsteras\\\/#breadcrumb\"},\"inLanguage\":\"sv-SE\",\"potentialAction\":[{\"@type\":\"ReadAction\",\"target\":[\"https:\\\/\\\/wp.kristdemokraterna.se\\\/kalmarlan\\\/kristdemokrater-inspirerades-i-monsteras\\\/\"]}]},{\"@type\":\"ImageObject\",\"inLanguage\":\"sv-SE\",\"@id\":\"https:\\\/\\\/wp.kristdemokraterna.se\\\/kalmarlan\\\/kristdemokrater-inspirerades-i-monsteras\\\/#primaryimage\",\"url\":\"https:\\\/\\\/wp.kristdemokraterna.se\\\/kalmarlan\\\/files\\\/2017\\\/01\\\/16114915_362911610756221_4261950240711861798_n.jpg\",\"contentUrl\":\"https:\\\/\\\/wp.kristdemokraterna.se\\\/kalmarlan\\\/files\\\/2017\\\/01\\\/16114915_362911610756221_4261950240711861798_n.jpg\",\"width\":960,\"height\":910,\"caption\":\"En bild p\u00e5 de medverkande. Fr.v.: Gudrun Bruneg\u00e5rd, Madeleine Rosenqvist, Emma Henriksson, Jimmy Loord och Chatrine P\u00e5lsson Ahlgren\"},{\"@type\":\"BreadcrumbList\",\"@id\":\"https:\\\/\\\/wp.kristdemokraterna.se\\\/kalmarlan\\\/kristdemokrater-inspirerades-i-monsteras\\\/#breadcrumb\",\"itemListElement\":[{\"@type\":\"ListItem\",\"position\":1,\"name\":\"Hem\",\"item\":\"https:\\\/\\\/wp.kristdemokraterna.se\\\/kalmarlan\\\/\"},{\"@type\":\"ListItem\",\"position\":2,\"name\":\"Kristdemokrater inspirerades i M\u00f6nster\u00e5s\"}]},{\"@type\":\"WebSite\",\"@id\":\"https:\\\/\\\/wp.kristdemokraterna.se\\\/kalmarlan\\\/#website\",\"url\":\"https:\\\/\\\/wp.kristdemokraterna.se\\\/kalmarlan\\\/\",\"name\":\"i Kalmar l\u00e4n\",\"description\":\"\",\"inLanguage\":\"sv-SE\"},{\"@type\":\"Person\",\"@id\":\"https:\\\/\\\/wp.kristdemokraterna.se\\\/kalmarlan\\\/#\\\/schema\\\/person\\\/a1856739934bf9c6a11fb258646ea2a5\",\"name\":\"kalmarlan\",\"image\":{\"@type\":\"ImageObject\",\"inLanguage\":\"sv-SE\",\"@id\":\"https:\\\/\\\/secure.gravatar.com\\\/avatar\\\/ef1f7dcd1b21be34f0f3e58a032955c2de43794b20090a23118cd0e2a8964e6e?s=96&r=g\",\"url\":\"https:\\\/\\\/secure.gravatar.com\\\/avatar\\\/ef1f7dcd1b21be34f0f3e58a032955c2de43794b20090a23118cd0e2a8964e6e?s=96&r=g\",\"contentUrl\":\"https:\\\/\\\/secure.gravatar.com\\\/avatar\\\/ef1f7dcd1b21be34f0f3e58a032955c2de43794b20090a23118cd0e2a8964e6e?s=96&r=g\",\"caption\":\"kalmarlan\"},\"url\":\"https:\\\/\\\/wp.kristdemokraterna.se\\\/kalmarlan\\\/author\\\/kalmarlan\\\/\"}]}<\/script>\n<!-- \/ Yoast SEO plugin. -->","yoast_head_json":{"title":"Kristdemokrater inspirerades i M\u00f6nster\u00e5s - i Kalmar l\u00e4n","robots":{"index":"index","follow":"follow","max-snippet":"max-snippet:-1","max-image-preview":"max-image-preview:large","max-video-preview":"max-video-preview:-1"},"canonical":"https:\/\/wp.kristdemokraterna.se\/kalmarlan\/kristdemokrater-inspirerades-i-monsteras\/","og_locale":"sv_SE","og_type":"article","og_title":"Kristdemokrater inspirerades i M\u00f6nster\u00e5s - i Kalmar l\u00e4n","og_description":"Idag har vi haft en mycket bra utbildningsdag i M\u00f6nster\u00e5s med m\u00e5nga kristdemokrater fr\u00e5n hela l\u00e4net. Extra roligt att vi fick bes\u00f6k av riksdagsledamot och 2 vice partiordf\u00f6rande Emma Henriksson som ber\u00e4ttade om de skarpa f\u00f6rslag som partiet f\u00f6resl\u00e5r f\u00f6r att st\u00e4rka ekonomin f\u00f6r pension\u00e4rer och barnfamiljer. Trygghetsfr\u00e5gan med en stor satsning p\u00e5 fler poliser Read More","og_url":"https:\/\/wp.kristdemokraterna.se\/kalmarlan\/kristdemokrater-inspirerades-i-monsteras\/","og_site_name":"i Kalmar l\u00e4n","article_published_time":"2017-01-23T08:47:25+00:00","og_image":[{"url":"http:\/\/wp.kristdemokraterna.se\/kalmarlan\/files\/2017\/01\/16114915_362911610756221_4261950240711861798_n-540x512.jpg","type":"","width":"","height":""}],"author":"kalmarlan","twitter_card":"summary_large_image","twitter_misc":{"Skriven av":"kalmarlan","Ber\u00e4knad l\u00e4stid":"1 minut"},"schema":{"@context":"https:\/\/schema.org","@graph":[{"@type":"Article","@id":"https:\/\/wp.kristdemokraterna.se\/kalmarlan\/kristdemokrater-inspirerades-i-monsteras\/#article","isPartOf":{"@id":"https:\/\/wp.kristdemokraterna.se\/kalmarlan\/kristdemokrater-inspirerades-i-monsteras\/"},"author":{"name":"kalmarlan","@id":"https:\/\/wp.kristdemokraterna.se\/kalmarlan\/#\/schema\/person\/a1856739934bf9c6a11fb258646ea2a5"},"headline":"Kristdemokrater inspirerades i M\u00f6nster\u00e5s","datePublished":"2017-01-23T08:47:25+00:00","mainEntityOfPage":{"@id":"https:\/\/wp.kristdemokraterna.se\/kalmarlan\/kristdemokrater-inspirerades-i-monsteras\/"},"wordCount":135,"image":{"@id":"https:\/\/wp.kristdemokraterna.se\/kalmarlan\/kristdemokrater-inspirerades-i-monsteras\/#primaryimage"},"thumbnailUrl":"http:\/\/wp.kristdemokraterna.se\/kalmarlan\/files\/2017\/01\/16114915_362911610756221_4261950240711861798_n-540x512.jpg","inLanguage":"sv-SE"},{"@type":"WebPage","@id":"https:\/\/wp.kristdemokraterna.se\/kalmarlan\/kristdemokrater-inspirerades-i-monsteras\/","url":"https:\/\/wp.kristdemokraterna.se\/kalmarlan\/kristdemokrater-inspirerades-i-monsteras\/","name":"Kristdemokrater inspirerades i M\u00f6nster\u00e5s - i Kalmar l\u00e4n","isPartOf":{"@id":"https:\/\/wp.kristdemokraterna.se\/kalmarlan\/#website"},"primaryImageOfPage":{"@id":"https:\/\/wp.kristdemokraterna.se\/kalmarlan\/kristdemokrater-inspirerades-i-monsteras\/#primaryimage"},"image":{"@id":"https:\/\/wp.kristdemokraterna.se\/kalmarlan\/kristdemokrater-inspirerades-i-monsteras\/#primaryimage"},"thumbnailUrl":"http:\/\/wp.kristdemokraterna.se\/kalmarlan\/files\/2017\/01\/16114915_362911610756221_4261950240711861798_n-540x512.jpg","datePublished":"2017-01-23T08:47:25+00:00","author":{"@id":"https:\/\/wp.kristdemokraterna.se\/kalmarlan\/#\/schema\/person\/a1856739934bf9c6a11fb258646ea2a5"},"breadcrumb":{"@id":"https:\/\/wp.kristdemokraterna.se\/kalmarlan\/kristdemokrater-inspirerades-i-monsteras\/#breadcrumb"},"inLanguage":"sv-SE","potentialAction":[{"@type":"ReadAction","target":["https:\/\/wp.kristdemokraterna.se\/kalmarlan\/kristdemokrater-inspirerades-i-monsteras\/"]}]},{"@type":"ImageObject","inLanguage":"sv-SE","@id":"https:\/\/wp.kristdemokraterna.se\/kalmarlan\/kristdemokrater-inspirerades-i-monsteras\/#primaryimage","url":"https:\/\/wp.kristdemokraterna.se\/kalmarlan\/files\/2017\/01\/16114915_362911610756221_4261950240711861798_n.jpg","contentUrl":"https:\/\/wp.kristdemokraterna.se\/kalmarlan\/files\/2017\/01\/16114915_362911610756221_4261950240711861798_n.jpg","width":960,"height":910,"caption":"En bild p\u00e5 de medverkande. Fr.v.: Gudrun Bruneg\u00e5rd, Madeleine Rosenqvist, Emma Henriksson, Jimmy Loord och Chatrine P\u00e5lsson Ahlgren"},{"@type":"BreadcrumbList","@id":"https:\/\/wp.kristdemokraterna.se\/kalmarlan\/kristdemokrater-inspirerades-i-monsteras\/#breadcrumb","itemListElement":[{"@type":"ListItem","position":1,"name":"Hem","item":"https:\/\/wp.kristdemokraterna.se\/kalmarlan\/"},{"@type":"ListItem","position":2,"name":"Kristdemokrater inspirerades i M\u00f6nster\u00e5s"}]},{"@type":"WebSite","@id":"https:\/\/wp.kristdemokraterna.se\/kalmarlan\/#website","url":"https:\/\/wp.kristdemokraterna.se\/kalmarlan\/","name":"i Kalmar l\u00e4n","description":"","inLanguage":"sv-SE"},{"@type":"Person","@id":"https:\/\/wp.kristdemokraterna.se\/kalmarlan\/#\/schema\/person\/a1856739934bf9c6a11fb258646ea2a5","name":"kalmarlan","image":{"@type":"ImageObject","inLanguage":"sv-SE","@id":"https:\/\/secure.gravatar.com\/avatar\/ef1f7dcd1b21be34f0f3e58a032955c2de43794b20090a23118cd0e2a8964e6e?s=96&r=g","url":"https:\/\/secure.gravatar.com\/avatar\/ef1f7dcd1b21be34f0f3e58a032955c2de43794b20090a23118cd0e2a8964e6e?s=96&r=g","contentUrl":"https:\/\/secure.gravatar.com\/avatar\/ef1f7dcd1b21be34f0f3e58a032955c2de43794b20090a23118cd0e2a8964e6e?s=96&r=g","caption":"kalmarlan"},"url":"https:\/\/wp.kristdemokraterna.se\/kalmarlan\/author\/kalmarlan\/"}]}},"_links":{"self":[{"href":"https:\/\/wp.kristdemokraterna.se\/kalmarlan\/wp-json\/wp\/v2\/posts\/635","targetHints":{"allow":["GET"]}}],"collection":[{"href":"https:\/\/wp.kristdemokraterna.se\/kalmarlan\/wp-json\/wp\/v2\/posts"}],"about":[{"href":"https:\/\/wp.kristdemokraterna.se\/kalmarlan\/wp-json\/wp\/v2\/types\/post"}],"author":[{"embeddable":true,"href":"https:\/\/wp.kristdemokraterna.se\/kalmarlan\/wp-json\/wp\/v2\/users\/417"}],"replies":[{"embeddable":true,"href":"https:\/\/wp.kristdemokraterna.se\/kalmarlan\/wp-json\/wp\/v2\/comments?post=635"}],"version-history":[{"count":1,"href":"https:\/\/wp.kristdemokraterna.se\/kalmarlan\/wp-json\/wp\/v2\/posts\/635\/revisions"}],"predecessor-version":[{"id":637,"href":"https:\/\/wp.kristdemokraterna.se\/kalmarlan\/wp-json\/wp\/v2\/posts\/635\/revisions\/637"}],"wp:attachment":[{"href":"https:\/\/wp.kristdemokraterna.se\/kalmarlan\/wp-json\/wp\/v2\/media?parent=635"}],"wp:term":[{"taxonomy":"category","embeddable":true,"href":"https:\/\/wp.kristdemokraterna.se\/kalmarlan\/wp-json\/wp\/v2\/categories?post=635"},{"taxonomy":"post_tag","embeddable":true,"href":"https:\/\/wp.kristdemokraterna.se\/kalmarlan\/wp-json\/wp\/v2\/tags?post=635"}],"curies":[{"name":"wp","href":"https:\/\/api.w.org\/{rel}","templated":true}]}}