{"id":638,"date":"2017-01-26T17:24:50","date_gmt":"2017-01-26T16:24:50","guid":{"rendered":"http:\/\/wp.kristdemokraterna.se\/kalmarlan\/?p=638"},"modified":"2017-01-26T17:24:50","modified_gmt":"2017-01-26T16:24:50","slug":"dags-for-pensionarer-att-fa-sankt-skatt","status":"publish","type":"post","link":"https:\/\/wp.kristdemokraterna.se\/kalmarlan\/dags-for-pensionarer-att-fa-sankt-skatt\/","title":{"rendered":"Dags f\u00f6r pension\u00e4rer att f\u00e5 s\u00e4nkt skatt!"},"content":{"rendered":"<p><strong>Jimmy Loord skriver i <a href=\"http:\/\/www.ostrasmaland.se\/insandare\/dags-for-pensionarer-att-fa-skatten-sankt\/\">\u00d6stran<\/a> tillsammans med Ebba Busch Thor om att det \u00e4r dags att ta bort skillnaden i beskattning mellan l\u00f6ntagare och pension\u00e4rer.<\/strong><br \/>\n<strong>En pension\u00e4r med en pension p\u00e5 18 000 kronor f\u00e5r med v\u00e5rt f\u00f6rslag 463 kronor mer i pl\u00e5nboken varje m\u00e5nad och en pension\u00e4r med en pension p\u00e5 22 000 f\u00e5r 726 kronor mer.<\/strong><\/p>\n<p>Skatter \u00e4r n\u00f6dv\u00e4ndigt f\u00f6r att finansiera den gemensamma v\u00e4lf\u00e4rden och ska utformas s\u00e5 att de fr\u00e4mjar ansvarstagande och arbete och samtidigt st\u00f6dja sammanh\u00e5llning och medm\u00e4nsklighet. Samtidigt beh\u00f6ver skatter vara legitima f\u00f6r att inte t\u00e4ra p\u00e5 tilliten till samh\u00e4llet.<\/p>\n<p>Det har funnits \u2013 och finns \u2013 tillf\u00e4llen d\u00e5 skatter f\u00e5tt effekter som p\u00e5 ett eller annat s\u00e4tt utmanat k\u00e4nslan av r\u00e4ttvisa. Vi menar att skillnaden i beskattning mellan pension\u00e4rer och l\u00f6ntagare b\u00e4r s\u00e5dana drag. Den uppfattas som or\u00e4ttvis, minskar legitimiteten f\u00f6r skattesystemet och bidrar till att f\u00f6rst\u00e4rka skillnaden mellan grupper.<\/p>\n<p>N\u00e4r Alliansregeringen tilltr\u00e4dde 2006 var utanf\u00f6rskapet betydande. Stora grupper stod, trots h\u00f6gkonjunktur, mer eller mindre permanent utanf\u00f6r arbetsmarknaden. Alliansen genomf\u00f6rde stora jobbreformer d\u00e4r jobbskatteavdraget \u2013 som gjorde det v\u00e4sentligt mer l\u00f6nsamt att arbeta \u2013 var b\u00e4rande. F\u00f6r att reformen skulle bli tillr\u00e4ckligt stor f\u00f6r att bidra till att bryta utanf\u00f6rskapet lade vi fokus p\u00e5 drivkrafter att g\u00e5 fr\u00e5n utanf\u00f6rskap till arbete eller \u00f6ka sin arbetstid. Pension\u00e4rer fick d\u00e4rf\u00f6r inte del av den stora skattel\u00e4ttnaden.<\/p>\n<p>F\u00f6r oss kristdemokrater var det dock viktigt att n\u00e4r jobbreformer etablerats steg f\u00f6r steg sluta skattegapet mellan pension och arbetsinkomst. Alliansregeringen s\u00e4nkte ocks\u00e5 p\u00e5 v\u00e5rt initiativ skatten f\u00f6r pension\u00e4rer fem g\u00e5nger med \u00f6ver 16 miljarder \u2013 med tonvikt p\u00e5 de l\u00e4gsta pensionerna.<\/p>\n<p>Trots storslagna vall\u00f6ften fr\u00e5n Socialdemokraterna har nuvarande regering bara genomf\u00f6rt en blygsam skattel\u00e4ttnad f\u00f6r pension\u00e4rer. I h\u00f6stens regeringsbudget uteblev l\u00e4ttnader helt.<\/p>\n<p>Vi kristdemokrater f\u00f6reslog i v\u00e5rt budgetalternativ ekonomiska f\u00f6rst\u00e4rkningar f\u00f6r pension\u00e4rer om 5,7 miljarder \u2013 borttagen s\u00e4rskild l\u00f6neskatt, f\u00f6rdubblat jobbskatteavdrag fr\u00e5n 64 \u00e5r, h\u00f6jt bostadstill\u00e4gg och skattes\u00e4nkning.<\/p>\n<p>Men vi menar nu att det \u00e4r dags att fullt ut ta bort skillnaden i beskattning mellan l\u00f6ntagare och pension\u00e4rer och d\u00e4rmed slopa den s\u00e5 kallade pension\u00e4rsskatten. Pension\u00e4rerna fick st\u00e5 tillbaka n\u00e4r jobbskatteavdraget inf\u00f6rdes, men det \u00e4r inte rimligt att uppr\u00e4tth\u00e5lla denna diskrepans \u00e5r efter \u00e5r. Skatteskillnaden bidrar till att dra is\u00e4r samh\u00e4llet.<\/p>\n<p>En pension\u00e4r med en pension p\u00e5 18 000 kronor f\u00e5r med v\u00e5rt f\u00f6rslag 463 kronor mer i pl\u00e5nboken varje m\u00e5nad och en pension\u00e4r med en pension p\u00e5 22 000 f\u00e5r 726 kronor mer.<\/p>\n<p>Detta \u00e4r en viktig reform f\u00f6r pension\u00e4rer, som under l\u00e5ng tid har f\u00e5tt st\u00e5 tillbaka. Men vi menar ocks\u00e5 att det \u00e4r en angel\u00e4genhet f\u00f6r hela samh\u00e4llet: reformen bidrar till mer av legitimitet f\u00f6r det offentliga och mer av sammanh\u00e5llning \u00f6ver grupp- och generationsgr\u00e4nser. Det \u00e4r d\u00e4rf\u00f6r en reform som Sverige beh\u00f6ver.<\/p>\n<p>Ebba Busch Thor (KD), partiledare<\/p>\n<p>Jimmy Loord (KD), riksdagskandidat<\/p>\n","protected":false},"excerpt":{"rendered":"<p>Jimmy Loord skriver i \u00d6stran tillsammans med Ebba Busch Thor om att det \u00e4r dags att ta bort skillnaden i beskattning mellan l\u00f6ntagare och pension\u00e4rer. En pension\u00e4r med en pension p\u00e5 18 000 kronor f\u00e5r med v\u00e5rt f\u00f6rslag 463 kronor mer i pl\u00e5nboken varje m\u00e5nad och en pension\u00e4r med en pension p\u00e5 22 000 f\u00e5r <a class=\"read-more-link\" href=\"https:\/\/wp.kristdemokraterna.se\/kalmarlan\/dags-for-pensionarer-att-fa-sankt-skatt\/\">Read More<\/a><\/p>\n","protected":false},"author":417,"featured_media":0,"comment_status":"closed","ping_status":"closed","sticky":false,"template":"","format":"standard","meta":{"_acf_changed":false,"footnotes":""},"categories":[1],"tags":[],"class_list":["post-638","post","type-post","status-publish","format-standard","hentry","category-okategoriserade"],"acf":[],"yoast_head":"<!-- This site is optimized with the Yoast SEO plugin v27.4 - https:\/\/yoast.com\/product\/yoast-seo-wordpress\/ -->\n<title>Dags f\u00f6r pension\u00e4rer att f\u00e5 s\u00e4nkt skatt! - i Kalmar l\u00e4n<\/title>\n<meta name=\"robots\" content=\"index, follow, max-snippet:-1, max-image-preview:large, max-video-preview:-1\" \/>\n<link rel=\"canonical\" href=\"https:\/\/wp.kristdemokraterna.se\/kalmarlan\/dags-for-pensionarer-att-fa-sankt-skatt\/\" \/>\n<meta property=\"og:locale\" content=\"sv_SE\" \/>\n<meta property=\"og:type\" content=\"article\" \/>\n<meta property=\"og:title\" content=\"Dags f\u00f6r pension\u00e4rer att f\u00e5 s\u00e4nkt skatt! - i Kalmar l\u00e4n\" \/>\n<meta property=\"og:description\" content=\"Jimmy Loord skriver i \u00d6stran tillsammans med Ebba Busch Thor om att det \u00e4r dags att ta bort skillnaden i beskattning mellan l\u00f6ntagare och pension\u00e4rer. En pension\u00e4r med en pension p\u00e5 18 000 kronor f\u00e5r med v\u00e5rt f\u00f6rslag 463 kronor mer i pl\u00e5nboken varje m\u00e5nad och en pension\u00e4r med en pension p\u00e5 22 000 f\u00e5r Read More\" \/>\n<meta property=\"og:url\" content=\"https:\/\/wp.kristdemokraterna.se\/kalmarlan\/dags-for-pensionarer-att-fa-sankt-skatt\/\" \/>\n<meta property=\"og:site_name\" content=\"i Kalmar l\u00e4n\" \/>\n<meta property=\"article:published_time\" content=\"2017-01-26T16:24:50+00:00\" \/>\n<meta name=\"author\" content=\"kalmarlan\" \/>\n<meta name=\"twitter:card\" content=\"summary_large_image\" \/>\n<meta name=\"twitter:label1\" content=\"Skriven av\" \/>\n\t<meta name=\"twitter:data1\" content=\"kalmarlan\" \/>\n\t<meta name=\"twitter:label2\" content=\"Ber\u00e4knad l\u00e4stid\" \/>\n\t<meta name=\"twitter:data2\" content=\"3 minuter\" \/>\n<script type=\"application\/ld+json\" class=\"yoast-schema-graph\">{\"@context\":\"https:\\\/\\\/schema.org\",\"@graph\":[{\"@type\":\"Article\",\"@id\":\"https:\\\/\\\/wp.kristdemokraterna.se\\\/kalmarlan\\\/dags-for-pensionarer-att-fa-sankt-skatt\\\/#article\",\"isPartOf\":{\"@id\":\"https:\\\/\\\/wp.kristdemokraterna.se\\\/kalmarlan\\\/dags-for-pensionarer-att-fa-sankt-skatt\\\/\"},\"author\":{\"name\":\"kalmarlan\",\"@id\":\"https:\\\/\\\/wp.kristdemokraterna.se\\\/kalmarlan\\\/#\\\/schema\\\/person\\\/a1856739934bf9c6a11fb258646ea2a5\"},\"headline\":\"Dags f\u00f6r pension\u00e4rer att f\u00e5 s\u00e4nkt skatt!\",\"datePublished\":\"2017-01-26T16:24:50+00:00\",\"mainEntityOfPage\":{\"@id\":\"https:\\\/\\\/wp.kristdemokraterna.se\\\/kalmarlan\\\/dags-for-pensionarer-att-fa-sankt-skatt\\\/\"},\"wordCount\":563,\"inLanguage\":\"sv-SE\"},{\"@type\":\"WebPage\",\"@id\":\"https:\\\/\\\/wp.kristdemokraterna.se\\\/kalmarlan\\\/dags-for-pensionarer-att-fa-sankt-skatt\\\/\",\"url\":\"https:\\\/\\\/wp.kristdemokraterna.se\\\/kalmarlan\\\/dags-for-pensionarer-att-fa-sankt-skatt\\\/\",\"name\":\"Dags f\u00f6r pension\u00e4rer att f\u00e5 s\u00e4nkt skatt! - i Kalmar l\u00e4n\",\"isPartOf\":{\"@id\":\"https:\\\/\\\/wp.kristdemokraterna.se\\\/kalmarlan\\\/#website\"},\"datePublished\":\"2017-01-26T16:24:50+00:00\",\"author\":{\"@id\":\"https:\\\/\\\/wp.kristdemokraterna.se\\\/kalmarlan\\\/#\\\/schema\\\/person\\\/a1856739934bf9c6a11fb258646ea2a5\"},\"breadcrumb\":{\"@id\":\"https:\\\/\\\/wp.kristdemokraterna.se\\\/kalmarlan\\\/dags-for-pensionarer-att-fa-sankt-skatt\\\/#breadcrumb\"},\"inLanguage\":\"sv-SE\",\"potentialAction\":[{\"@type\":\"ReadAction\",\"target\":[\"https:\\\/\\\/wp.kristdemokraterna.se\\\/kalmarlan\\\/dags-for-pensionarer-att-fa-sankt-skatt\\\/\"]}]},{\"@type\":\"BreadcrumbList\",\"@id\":\"https:\\\/\\\/wp.kristdemokraterna.se\\\/kalmarlan\\\/dags-for-pensionarer-att-fa-sankt-skatt\\\/#breadcrumb\",\"itemListElement\":[{\"@type\":\"ListItem\",\"position\":1,\"name\":\"Hem\",\"item\":\"https:\\\/\\\/wp.kristdemokraterna.se\\\/kalmarlan\\\/\"},{\"@type\":\"ListItem\",\"position\":2,\"name\":\"Dags f\u00f6r pension\u00e4rer att f\u00e5 s\u00e4nkt skatt!\"}]},{\"@type\":\"WebSite\",\"@id\":\"https:\\\/\\\/wp.kristdemokraterna.se\\\/kalmarlan\\\/#website\",\"url\":\"https:\\\/\\\/wp.kristdemokraterna.se\\\/kalmarlan\\\/\",\"name\":\"i Kalmar l\u00e4n\",\"description\":\"\",\"inLanguage\":\"sv-SE\"},{\"@type\":\"Person\",\"@id\":\"https:\\\/\\\/wp.kristdemokraterna.se\\\/kalmarlan\\\/#\\\/schema\\\/person\\\/a1856739934bf9c6a11fb258646ea2a5\",\"name\":\"kalmarlan\",\"image\":{\"@type\":\"ImageObject\",\"inLanguage\":\"sv-SE\",\"@id\":\"https:\\\/\\\/secure.gravatar.com\\\/avatar\\\/ef1f7dcd1b21be34f0f3e58a032955c2de43794b20090a23118cd0e2a8964e6e?s=96&r=g\",\"url\":\"https:\\\/\\\/secure.gravatar.com\\\/avatar\\\/ef1f7dcd1b21be34f0f3e58a032955c2de43794b20090a23118cd0e2a8964e6e?s=96&r=g\",\"contentUrl\":\"https:\\\/\\\/secure.gravatar.com\\\/avatar\\\/ef1f7dcd1b21be34f0f3e58a032955c2de43794b20090a23118cd0e2a8964e6e?s=96&r=g\",\"caption\":\"kalmarlan\"},\"url\":\"https:\\\/\\\/wp.kristdemokraterna.se\\\/kalmarlan\\\/author\\\/kalmarlan\\\/\"}]}<\/script>\n<!-- \/ Yoast SEO plugin. -->","yoast_head_json":{"title":"Dags f\u00f6r pension\u00e4rer att f\u00e5 s\u00e4nkt skatt! - i Kalmar l\u00e4n","robots":{"index":"index","follow":"follow","max-snippet":"max-snippet:-1","max-image-preview":"max-image-preview:large","max-video-preview":"max-video-preview:-1"},"canonical":"https:\/\/wp.kristdemokraterna.se\/kalmarlan\/dags-for-pensionarer-att-fa-sankt-skatt\/","og_locale":"sv_SE","og_type":"article","og_title":"Dags f\u00f6r pension\u00e4rer att f\u00e5 s\u00e4nkt skatt! - i Kalmar l\u00e4n","og_description":"Jimmy Loord skriver i \u00d6stran tillsammans med Ebba Busch Thor om att det \u00e4r dags att ta bort skillnaden i beskattning mellan l\u00f6ntagare och pension\u00e4rer. En pension\u00e4r med en pension p\u00e5 18 000 kronor f\u00e5r med v\u00e5rt f\u00f6rslag 463 kronor mer i pl\u00e5nboken varje m\u00e5nad och en pension\u00e4r med en pension p\u00e5 22 000 f\u00e5r Read More","og_url":"https:\/\/wp.kristdemokraterna.se\/kalmarlan\/dags-for-pensionarer-att-fa-sankt-skatt\/","og_site_name":"i Kalmar l\u00e4n","article_published_time":"2017-01-26T16:24:50+00:00","author":"kalmarlan","twitter_card":"summary_large_image","twitter_misc":{"Skriven av":"kalmarlan","Ber\u00e4knad l\u00e4stid":"3 minuter"},"schema":{"@context":"https:\/\/schema.org","@graph":[{"@type":"Article","@id":"https:\/\/wp.kristdemokraterna.se\/kalmarlan\/dags-for-pensionarer-att-fa-sankt-skatt\/#article","isPartOf":{"@id":"https:\/\/wp.kristdemokraterna.se\/kalmarlan\/dags-for-pensionarer-att-fa-sankt-skatt\/"},"author":{"name":"kalmarlan","@id":"https:\/\/wp.kristdemokraterna.se\/kalmarlan\/#\/schema\/person\/a1856739934bf9c6a11fb258646ea2a5"},"headline":"Dags f\u00f6r pension\u00e4rer att f\u00e5 s\u00e4nkt skatt!","datePublished":"2017-01-26T16:24:50+00:00","mainEntityOfPage":{"@id":"https:\/\/wp.kristdemokraterna.se\/kalmarlan\/dags-for-pensionarer-att-fa-sankt-skatt\/"},"wordCount":563,"inLanguage":"sv-SE"},{"@type":"WebPage","@id":"https:\/\/wp.kristdemokraterna.se\/kalmarlan\/dags-for-pensionarer-att-fa-sankt-skatt\/","url":"https:\/\/wp.kristdemokraterna.se\/kalmarlan\/dags-for-pensionarer-att-fa-sankt-skatt\/","name":"Dags f\u00f6r pension\u00e4rer att f\u00e5 s\u00e4nkt skatt! - i Kalmar l\u00e4n","isPartOf":{"@id":"https:\/\/wp.kristdemokraterna.se\/kalmarlan\/#website"},"datePublished":"2017-01-26T16:24:50+00:00","author":{"@id":"https:\/\/wp.kristdemokraterna.se\/kalmarlan\/#\/schema\/person\/a1856739934bf9c6a11fb258646ea2a5"},"breadcrumb":{"@id":"https:\/\/wp.kristdemokraterna.se\/kalmarlan\/dags-for-pensionarer-att-fa-sankt-skatt\/#breadcrumb"},"inLanguage":"sv-SE","potentialAction":[{"@type":"ReadAction","target":["https:\/\/wp.kristdemokraterna.se\/kalmarlan\/dags-for-pensionarer-att-fa-sankt-skatt\/"]}]},{"@type":"BreadcrumbList","@id":"https:\/\/wp.kristdemokraterna.se\/kalmarlan\/dags-for-pensionarer-att-fa-sankt-skatt\/#breadcrumb","itemListElement":[{"@type":"ListItem","position":1,"name":"Hem","item":"https:\/\/wp.kristdemokraterna.se\/kalmarlan\/"},{"@type":"ListItem","position":2,"name":"Dags f\u00f6r pension\u00e4rer att f\u00e5 s\u00e4nkt skatt!"}]},{"@type":"WebSite","@id":"https:\/\/wp.kristdemokraterna.se\/kalmarlan\/#website","url":"https:\/\/wp.kristdemokraterna.se\/kalmarlan\/","name":"i Kalmar l\u00e4n","description":"","inLanguage":"sv-SE"},{"@type":"Person","@id":"https:\/\/wp.kristdemokraterna.se\/kalmarlan\/#\/schema\/person\/a1856739934bf9c6a11fb258646ea2a5","name":"kalmarlan","image":{"@type":"ImageObject","inLanguage":"sv-SE","@id":"https:\/\/secure.gravatar.com\/avatar\/ef1f7dcd1b21be34f0f3e58a032955c2de43794b20090a23118cd0e2a8964e6e?s=96&r=g","url":"https:\/\/secure.gravatar.com\/avatar\/ef1f7dcd1b21be34f0f3e58a032955c2de43794b20090a23118cd0e2a8964e6e?s=96&r=g","contentUrl":"https:\/\/secure.gravatar.com\/avatar\/ef1f7dcd1b21be34f0f3e58a032955c2de43794b20090a23118cd0e2a8964e6e?s=96&r=g","caption":"kalmarlan"},"url":"https:\/\/wp.kristdemokraterna.se\/kalmarlan\/author\/kalmarlan\/"}]}},"_links":{"self":[{"href":"https:\/\/wp.kristdemokraterna.se\/kalmarlan\/wp-json\/wp\/v2\/posts\/638","targetHints":{"allow":["GET"]}}],"collection":[{"href":"https:\/\/wp.kristdemokraterna.se\/kalmarlan\/wp-json\/wp\/v2\/posts"}],"about":[{"href":"https:\/\/wp.kristdemokraterna.se\/kalmarlan\/wp-json\/wp\/v2\/types\/post"}],"author":[{"embeddable":true,"href":"https:\/\/wp.kristdemokraterna.se\/kalmarlan\/wp-json\/wp\/v2\/users\/417"}],"replies":[{"embeddable":true,"href":"https:\/\/wp.kristdemokraterna.se\/kalmarlan\/wp-json\/wp\/v2\/comments?post=638"}],"version-history":[{"count":1,"href":"https:\/\/wp.kristdemokraterna.se\/kalmarlan\/wp-json\/wp\/v2\/posts\/638\/revisions"}],"predecessor-version":[{"id":639,"href":"https:\/\/wp.kristdemokraterna.se\/kalmarlan\/wp-json\/wp\/v2\/posts\/638\/revisions\/639"}],"wp:attachment":[{"href":"https:\/\/wp.kristdemokraterna.se\/kalmarlan\/wp-json\/wp\/v2\/media?parent=638"}],"wp:term":[{"taxonomy":"category","embeddable":true,"href":"https:\/\/wp.kristdemokraterna.se\/kalmarlan\/wp-json\/wp\/v2\/categories?post=638"},{"taxonomy":"post_tag","embeddable":true,"href":"https:\/\/wp.kristdemokraterna.se\/kalmarlan\/wp-json\/wp\/v2\/tags?post=638"}],"curies":[{"name":"wp","href":"https:\/\/api.w.org\/{rel}","templated":true}]}}