{"id":642,"date":"2017-03-21T19:03:51","date_gmt":"2017-03-21T18:03:51","guid":{"rendered":"http:\/\/wp.kristdemokraterna.se\/kalmarlan\/?p=642"},"modified":"2017-03-21T19:03:51","modified_gmt":"2017-03-21T18:03:51","slug":"partidistriktsarsmote-kd-kalmar-lan","status":"publish","type":"post","link":"https:\/\/wp.kristdemokraterna.se\/kalmarlan\/partidistriktsarsmote-kd-kalmar-lan\/","title":{"rendered":"Partidistrikts\u00e5rsm\u00f6te Kd Kalmar l\u00e4n"},"content":{"rendered":"<p>P\u00e5 l\u00f6rdag, den 25 mars h\u00e5ller Kristdemokraterna i Kalmar l\u00e4n partidistrikts\u00e5rsm\u00f6te. Kristdemokrater fr\u00e5n hela l\u00e4net samlas till en sp\u00e4nnande heldag d\u00e5 bland annat 31 motioner till partiets riksting ska behandlas. H\u00e4r hittar du b\u00e5de kallelse och dagordning.<\/p>\n<p><img loading=\"lazy\" decoding=\"async\" class=\"aligncenter size-large wp-image-645\" src=\"http:\/\/wp.kristdemokraterna.se\/kalmarlan\/files\/2017\/03\/kallelse-program-foredragningslista-pda-20170325-382x540.jpg\" alt=\"\" width=\"382\" height=\"540\" srcset=\"https:\/\/wp.kristdemokraterna.se\/kalmarlan\/files\/2017\/03\/kallelse-program-foredragningslista-pda-20170325-382x540.jpg 382w, https:\/\/wp.kristdemokraterna.se\/kalmarlan\/files\/2017\/03\/kallelse-program-foredragningslista-pda-20170325-212x300.jpg 212w, https:\/\/wp.kristdemokraterna.se\/kalmarlan\/files\/2017\/03\/kallelse-program-foredragningslista-pda-20170325-768x1086.jpg 768w, https:\/\/wp.kristdemokraterna.se\/kalmarlan\/files\/2017\/03\/kallelse-program-foredragningslista-pda-20170325-245x346.jpg 245w, https:\/\/wp.kristdemokraterna.se\/kalmarlan\/files\/2017\/03\/kallelse-program-foredragningslista-pda-20170325-79x112.jpg 79w\" sizes=\"auto, (max-width: 382px) 100vw, 382px\" \/><\/p>\n<p><img loading=\"lazy\" decoding=\"async\" class=\"aligncenter size-large wp-image-644\" src=\"http:\/\/wp.kristdemokraterna.se\/kalmarlan\/files\/2017\/03\/kallelse-program-foredragningslista2-382x540.jpg\" alt=\"\" width=\"382\" height=\"540\" srcset=\"https:\/\/wp.kristdemokraterna.se\/kalmarlan\/files\/2017\/03\/kallelse-program-foredragningslista2-382x540.jpg 382w, https:\/\/wp.kristdemokraterna.se\/kalmarlan\/files\/2017\/03\/kallelse-program-foredragningslista2-212x300.jpg 212w, https:\/\/wp.kristdemokraterna.se\/kalmarlan\/files\/2017\/03\/kallelse-program-foredragningslista2-768x1086.jpg 768w, https:\/\/wp.kristdemokraterna.se\/kalmarlan\/files\/2017\/03\/kallelse-program-foredragningslista2-245x346.jpg 245w, https:\/\/wp.kristdemokraterna.se\/kalmarlan\/files\/2017\/03\/kallelse-program-foredragningslista2-79x112.jpg 79w\" sizes=\"auto, (max-width: 382px) 100vw, 382px\" \/><\/p>\n<p><img loading=\"lazy\" decoding=\"async\" class=\"aligncenter wp-image-643 size-large\" src=\"http:\/\/wp.kristdemokraterna.se\/kalmarlan\/files\/2017\/03\/kallelse-program-foredragningslista3-382x540.jpg\" alt=\"\" width=\"382\" height=\"540\" srcset=\"https:\/\/wp.kristdemokraterna.se\/kalmarlan\/files\/2017\/03\/kallelse-program-foredragningslista3-382x540.jpg 382w, https:\/\/wp.kristdemokraterna.se\/kalmarlan\/files\/2017\/03\/kallelse-program-foredragningslista3-212x300.jpg 212w, https:\/\/wp.kristdemokraterna.se\/kalmarlan\/files\/2017\/03\/kallelse-program-foredragningslista3-768x1086.jpg 768w, https:\/\/wp.kristdemokraterna.se\/kalmarlan\/files\/2017\/03\/kallelse-program-foredragningslista3-245x346.jpg 245w, https:\/\/wp.kristdemokraterna.se\/kalmarlan\/files\/2017\/03\/kallelse-program-foredragningslista3-79x112.jpg 79w\" sizes=\"auto, (max-width: 382px) 100vw, 382px\" \/><\/p>\n","protected":false},"excerpt":{"rendered":"<p>P\u00e5 l\u00f6rdag, den 25 mars h\u00e5ller Kristdemokraterna i Kalmar l\u00e4n partidistrikts\u00e5rsm\u00f6te. Kristdemokrater fr\u00e5n hela l\u00e4net samlas till en sp\u00e4nnande heldag d\u00e5 bland annat 31 motioner till partiets riksting ska behandlas. H\u00e4r hittar du b\u00e5de kallelse och dagordning.<\/p>\n","protected":false},"author":417,"featured_media":0,"comment_status":"closed","ping_status":"closed","sticky":false,"template":"","format":"standard","meta":{"_acf_changed":false,"footnotes":""},"categories":[1],"tags":[],"class_list":["post-642","post","type-post","status-publish","format-standard","hentry","category-okategoriserade"],"acf":[],"yoast_head":"<!-- This site is optimized with the Yoast SEO plugin v27.4 - https:\/\/yoast.com\/product\/yoast-seo-wordpress\/ -->\n<title>Partidistrikts\u00e5rsm\u00f6te Kd Kalmar l\u00e4n - i Kalmar l\u00e4n<\/title>\n<meta name=\"robots\" content=\"index, follow, max-snippet:-1, max-image-preview:large, max-video-preview:-1\" \/>\n<link rel=\"canonical\" href=\"https:\/\/wp.kristdemokraterna.se\/kalmarlan\/partidistriktsarsmote-kd-kalmar-lan\/\" \/>\n<meta property=\"og:locale\" content=\"sv_SE\" \/>\n<meta property=\"og:type\" content=\"article\" \/>\n<meta property=\"og:title\" content=\"Partidistrikts\u00e5rsm\u00f6te Kd Kalmar l\u00e4n - i Kalmar l\u00e4n\" \/>\n<meta property=\"og:description\" content=\"P\u00e5 l\u00f6rdag, den 25 mars h\u00e5ller Kristdemokraterna i Kalmar l\u00e4n partidistrikts\u00e5rsm\u00f6te. Kristdemokrater fr\u00e5n hela l\u00e4net samlas till en sp\u00e4nnande heldag d\u00e5 bland annat 31 motioner till partiets riksting ska behandlas. H\u00e4r hittar du b\u00e5de kallelse och dagordning.\" \/>\n<meta property=\"og:url\" content=\"https:\/\/wp.kristdemokraterna.se\/kalmarlan\/partidistriktsarsmote-kd-kalmar-lan\/\" \/>\n<meta property=\"og:site_name\" content=\"i Kalmar l\u00e4n\" \/>\n<meta property=\"article:published_time\" content=\"2017-03-21T18:03:51+00:00\" \/>\n<meta property=\"og:image\" content=\"http:\/\/wp.kristdemokraterna.se\/kalmarlan\/files\/2017\/03\/kallelse-program-foredragningslista-pda-20170325-382x540.jpg\" \/>\n<meta name=\"author\" content=\"kalmarlan\" \/>\n<meta name=\"twitter:card\" content=\"summary_large_image\" \/>\n<meta name=\"twitter:label1\" content=\"Skriven av\" \/>\n\t<meta name=\"twitter:data1\" content=\"kalmarlan\" \/>\n<script type=\"application\/ld+json\" class=\"yoast-schema-graph\">{\"@context\":\"https:\\\/\\\/schema.org\",\"@graph\":[{\"@type\":\"Article\",\"@id\":\"https:\\\/\\\/wp.kristdemokraterna.se\\\/kalmarlan\\\/partidistriktsarsmote-kd-kalmar-lan\\\/#article\",\"isPartOf\":{\"@id\":\"https:\\\/\\\/wp.kristdemokraterna.se\\\/kalmarlan\\\/partidistriktsarsmote-kd-kalmar-lan\\\/\"},\"author\":{\"name\":\"kalmarlan\",\"@id\":\"https:\\\/\\\/wp.kristdemokraterna.se\\\/kalmarlan\\\/#\\\/schema\\\/person\\\/a1856739934bf9c6a11fb258646ea2a5\"},\"headline\":\"Partidistrikts\u00e5rsm\u00f6te Kd Kalmar l\u00e4n\",\"datePublished\":\"2017-03-21T18:03:51+00:00\",\"mainEntityOfPage\":{\"@id\":\"https:\\\/\\\/wp.kristdemokraterna.se\\\/kalmarlan\\\/partidistriktsarsmote-kd-kalmar-lan\\\/\"},\"wordCount\":52,\"image\":{\"@id\":\"https:\\\/\\\/wp.kristdemokraterna.se\\\/kalmarlan\\\/partidistriktsarsmote-kd-kalmar-lan\\\/#primaryimage\"},\"thumbnailUrl\":\"http:\\\/\\\/wp.kristdemokraterna.se\\\/kalmarlan\\\/files\\\/2017\\\/03\\\/kallelse-program-foredragningslista-pda-20170325-382x540.jpg\",\"inLanguage\":\"sv-SE\"},{\"@type\":\"WebPage\",\"@id\":\"https:\\\/\\\/wp.kristdemokraterna.se\\\/kalmarlan\\\/partidistriktsarsmote-kd-kalmar-lan\\\/\",\"url\":\"https:\\\/\\\/wp.kristdemokraterna.se\\\/kalmarlan\\\/partidistriktsarsmote-kd-kalmar-lan\\\/\",\"name\":\"Partidistrikts\u00e5rsm\u00f6te Kd Kalmar l\u00e4n - i Kalmar l\u00e4n\",\"isPartOf\":{\"@id\":\"https:\\\/\\\/wp.kristdemokraterna.se\\\/kalmarlan\\\/#website\"},\"primaryImageOfPage\":{\"@id\":\"https:\\\/\\\/wp.kristdemokraterna.se\\\/kalmarlan\\\/partidistriktsarsmote-kd-kalmar-lan\\\/#primaryimage\"},\"image\":{\"@id\":\"https:\\\/\\\/wp.kristdemokraterna.se\\\/kalmarlan\\\/partidistriktsarsmote-kd-kalmar-lan\\\/#primaryimage\"},\"thumbnailUrl\":\"http:\\\/\\\/wp.kristdemokraterna.se\\\/kalmarlan\\\/files\\\/2017\\\/03\\\/kallelse-program-foredragningslista-pda-20170325-382x540.jpg\",\"datePublished\":\"2017-03-21T18:03:51+00:00\",\"author\":{\"@id\":\"https:\\\/\\\/wp.kristdemokraterna.se\\\/kalmarlan\\\/#\\\/schema\\\/person\\\/a1856739934bf9c6a11fb258646ea2a5\"},\"breadcrumb\":{\"@id\":\"https:\\\/\\\/wp.kristdemokraterna.se\\\/kalmarlan\\\/partidistriktsarsmote-kd-kalmar-lan\\\/#breadcrumb\"},\"inLanguage\":\"sv-SE\",\"potentialAction\":[{\"@type\":\"ReadAction\",\"target\":[\"https:\\\/\\\/wp.kristdemokraterna.se\\\/kalmarlan\\\/partidistriktsarsmote-kd-kalmar-lan\\\/\"]}]},{\"@type\":\"ImageObject\",\"inLanguage\":\"sv-SE\",\"@id\":\"https:\\\/\\\/wp.kristdemokraterna.se\\\/kalmarlan\\\/partidistriktsarsmote-kd-kalmar-lan\\\/#primaryimage\",\"url\":\"https:\\\/\\\/wp.kristdemokraterna.se\\\/kalmarlan\\\/files\\\/2017\\\/03\\\/kallelse-program-foredragningslista-pda-20170325.jpg\",\"contentUrl\":\"https:\\\/\\\/wp.kristdemokraterna.se\\\/kalmarlan\\\/files\\\/2017\\\/03\\\/kallelse-program-foredragningslista-pda-20170325.jpg\",\"width\":2480,\"height\":3508},{\"@type\":\"BreadcrumbList\",\"@id\":\"https:\\\/\\\/wp.kristdemokraterna.se\\\/kalmarlan\\\/partidistriktsarsmote-kd-kalmar-lan\\\/#breadcrumb\",\"itemListElement\":[{\"@type\":\"ListItem\",\"position\":1,\"name\":\"Hem\",\"item\":\"https:\\\/\\\/wp.kristdemokraterna.se\\\/kalmarlan\\\/\"},{\"@type\":\"ListItem\",\"position\":2,\"name\":\"Partidistrikts\u00e5rsm\u00f6te Kd Kalmar l\u00e4n\"}]},{\"@type\":\"WebSite\",\"@id\":\"https:\\\/\\\/wp.kristdemokraterna.se\\\/kalmarlan\\\/#website\",\"url\":\"https:\\\/\\\/wp.kristdemokraterna.se\\\/kalmarlan\\\/\",\"name\":\"i Kalmar l\u00e4n\",\"description\":\"\",\"inLanguage\":\"sv-SE\"},{\"@type\":\"Person\",\"@id\":\"https:\\\/\\\/wp.kristdemokraterna.se\\\/kalmarlan\\\/#\\\/schema\\\/person\\\/a1856739934bf9c6a11fb258646ea2a5\",\"name\":\"kalmarlan\",\"image\":{\"@type\":\"ImageObject\",\"inLanguage\":\"sv-SE\",\"@id\":\"https:\\\/\\\/secure.gravatar.com\\\/avatar\\\/ef1f7dcd1b21be34f0f3e58a032955c2de43794b20090a23118cd0e2a8964e6e?s=96&r=g\",\"url\":\"https:\\\/\\\/secure.gravatar.com\\\/avatar\\\/ef1f7dcd1b21be34f0f3e58a032955c2de43794b20090a23118cd0e2a8964e6e?s=96&r=g\",\"contentUrl\":\"https:\\\/\\\/secure.gravatar.com\\\/avatar\\\/ef1f7dcd1b21be34f0f3e58a032955c2de43794b20090a23118cd0e2a8964e6e?s=96&r=g\",\"caption\":\"kalmarlan\"},\"url\":\"https:\\\/\\\/wp.kristdemokraterna.se\\\/kalmarlan\\\/author\\\/kalmarlan\\\/\"}]}<\/script>\n<!-- \/ Yoast SEO plugin. -->","yoast_head_json":{"title":"Partidistrikts\u00e5rsm\u00f6te Kd Kalmar l\u00e4n - i Kalmar l\u00e4n","robots":{"index":"index","follow":"follow","max-snippet":"max-snippet:-1","max-image-preview":"max-image-preview:large","max-video-preview":"max-video-preview:-1"},"canonical":"https:\/\/wp.kristdemokraterna.se\/kalmarlan\/partidistriktsarsmote-kd-kalmar-lan\/","og_locale":"sv_SE","og_type":"article","og_title":"Partidistrikts\u00e5rsm\u00f6te Kd Kalmar l\u00e4n - i Kalmar l\u00e4n","og_description":"P\u00e5 l\u00f6rdag, den 25 mars h\u00e5ller Kristdemokraterna i Kalmar l\u00e4n partidistrikts\u00e5rsm\u00f6te. Kristdemokrater fr\u00e5n hela l\u00e4net samlas till en sp\u00e4nnande heldag d\u00e5 bland annat 31 motioner till partiets riksting ska behandlas. H\u00e4r hittar du b\u00e5de kallelse och dagordning.","og_url":"https:\/\/wp.kristdemokraterna.se\/kalmarlan\/partidistriktsarsmote-kd-kalmar-lan\/","og_site_name":"i Kalmar l\u00e4n","article_published_time":"2017-03-21T18:03:51+00:00","og_image":[{"url":"http:\/\/wp.kristdemokraterna.se\/kalmarlan\/files\/2017\/03\/kallelse-program-foredragningslista-pda-20170325-382x540.jpg","type":"","width":"","height":""}],"author":"kalmarlan","twitter_card":"summary_large_image","twitter_misc":{"Skriven av":"kalmarlan"},"schema":{"@context":"https:\/\/schema.org","@graph":[{"@type":"Article","@id":"https:\/\/wp.kristdemokraterna.se\/kalmarlan\/partidistriktsarsmote-kd-kalmar-lan\/#article","isPartOf":{"@id":"https:\/\/wp.kristdemokraterna.se\/kalmarlan\/partidistriktsarsmote-kd-kalmar-lan\/"},"author":{"name":"kalmarlan","@id":"https:\/\/wp.kristdemokraterna.se\/kalmarlan\/#\/schema\/person\/a1856739934bf9c6a11fb258646ea2a5"},"headline":"Partidistrikts\u00e5rsm\u00f6te Kd Kalmar l\u00e4n","datePublished":"2017-03-21T18:03:51+00:00","mainEntityOfPage":{"@id":"https:\/\/wp.kristdemokraterna.se\/kalmarlan\/partidistriktsarsmote-kd-kalmar-lan\/"},"wordCount":52,"image":{"@id":"https:\/\/wp.kristdemokraterna.se\/kalmarlan\/partidistriktsarsmote-kd-kalmar-lan\/#primaryimage"},"thumbnailUrl":"http:\/\/wp.kristdemokraterna.se\/kalmarlan\/files\/2017\/03\/kallelse-program-foredragningslista-pda-20170325-382x540.jpg","inLanguage":"sv-SE"},{"@type":"WebPage","@id":"https:\/\/wp.kristdemokraterna.se\/kalmarlan\/partidistriktsarsmote-kd-kalmar-lan\/","url":"https:\/\/wp.kristdemokraterna.se\/kalmarlan\/partidistriktsarsmote-kd-kalmar-lan\/","name":"Partidistrikts\u00e5rsm\u00f6te Kd Kalmar l\u00e4n - i Kalmar l\u00e4n","isPartOf":{"@id":"https:\/\/wp.kristdemokraterna.se\/kalmarlan\/#website"},"primaryImageOfPage":{"@id":"https:\/\/wp.kristdemokraterna.se\/kalmarlan\/partidistriktsarsmote-kd-kalmar-lan\/#primaryimage"},"image":{"@id":"https:\/\/wp.kristdemokraterna.se\/kalmarlan\/partidistriktsarsmote-kd-kalmar-lan\/#primaryimage"},"thumbnailUrl":"http:\/\/wp.kristdemokraterna.se\/kalmarlan\/files\/2017\/03\/kallelse-program-foredragningslista-pda-20170325-382x540.jpg","datePublished":"2017-03-21T18:03:51+00:00","author":{"@id":"https:\/\/wp.kristdemokraterna.se\/kalmarlan\/#\/schema\/person\/a1856739934bf9c6a11fb258646ea2a5"},"breadcrumb":{"@id":"https:\/\/wp.kristdemokraterna.se\/kalmarlan\/partidistriktsarsmote-kd-kalmar-lan\/#breadcrumb"},"inLanguage":"sv-SE","potentialAction":[{"@type":"ReadAction","target":["https:\/\/wp.kristdemokraterna.se\/kalmarlan\/partidistriktsarsmote-kd-kalmar-lan\/"]}]},{"@type":"ImageObject","inLanguage":"sv-SE","@id":"https:\/\/wp.kristdemokraterna.se\/kalmarlan\/partidistriktsarsmote-kd-kalmar-lan\/#primaryimage","url":"https:\/\/wp.kristdemokraterna.se\/kalmarlan\/files\/2017\/03\/kallelse-program-foredragningslista-pda-20170325.jpg","contentUrl":"https:\/\/wp.kristdemokraterna.se\/kalmarlan\/files\/2017\/03\/kallelse-program-foredragningslista-pda-20170325.jpg","width":2480,"height":3508},{"@type":"BreadcrumbList","@id":"https:\/\/wp.kristdemokraterna.se\/kalmarlan\/partidistriktsarsmote-kd-kalmar-lan\/#breadcrumb","itemListElement":[{"@type":"ListItem","position":1,"name":"Hem","item":"https:\/\/wp.kristdemokraterna.se\/kalmarlan\/"},{"@type":"ListItem","position":2,"name":"Partidistrikts\u00e5rsm\u00f6te Kd Kalmar l\u00e4n"}]},{"@type":"WebSite","@id":"https:\/\/wp.kristdemokraterna.se\/kalmarlan\/#website","url":"https:\/\/wp.kristdemokraterna.se\/kalmarlan\/","name":"i Kalmar l\u00e4n","description":"","inLanguage":"sv-SE"},{"@type":"Person","@id":"https:\/\/wp.kristdemokraterna.se\/kalmarlan\/#\/schema\/person\/a1856739934bf9c6a11fb258646ea2a5","name":"kalmarlan","image":{"@type":"ImageObject","inLanguage":"sv-SE","@id":"https:\/\/secure.gravatar.com\/avatar\/ef1f7dcd1b21be34f0f3e58a032955c2de43794b20090a23118cd0e2a8964e6e?s=96&r=g","url":"https:\/\/secure.gravatar.com\/avatar\/ef1f7dcd1b21be34f0f3e58a032955c2de43794b20090a23118cd0e2a8964e6e?s=96&r=g","contentUrl":"https:\/\/secure.gravatar.com\/avatar\/ef1f7dcd1b21be34f0f3e58a032955c2de43794b20090a23118cd0e2a8964e6e?s=96&r=g","caption":"kalmarlan"},"url":"https:\/\/wp.kristdemokraterna.se\/kalmarlan\/author\/kalmarlan\/"}]}},"_links":{"self":[{"href":"https:\/\/wp.kristdemokraterna.se\/kalmarlan\/wp-json\/wp\/v2\/posts\/642","targetHints":{"allow":["GET"]}}],"collection":[{"href":"https:\/\/wp.kristdemokraterna.se\/kalmarlan\/wp-json\/wp\/v2\/posts"}],"about":[{"href":"https:\/\/wp.kristdemokraterna.se\/kalmarlan\/wp-json\/wp\/v2\/types\/post"}],"author":[{"embeddable":true,"href":"https:\/\/wp.kristdemokraterna.se\/kalmarlan\/wp-json\/wp\/v2\/users\/417"}],"replies":[{"embeddable":true,"href":"https:\/\/wp.kristdemokraterna.se\/kalmarlan\/wp-json\/wp\/v2\/comments?post=642"}],"version-history":[{"count":1,"href":"https:\/\/wp.kristdemokraterna.se\/kalmarlan\/wp-json\/wp\/v2\/posts\/642\/revisions"}],"predecessor-version":[{"id":646,"href":"https:\/\/wp.kristdemokraterna.se\/kalmarlan\/wp-json\/wp\/v2\/posts\/642\/revisions\/646"}],"wp:attachment":[{"href":"https:\/\/wp.kristdemokraterna.se\/kalmarlan\/wp-json\/wp\/v2\/media?parent=642"}],"wp:term":[{"taxonomy":"category","embeddable":true,"href":"https:\/\/wp.kristdemokraterna.se\/kalmarlan\/wp-json\/wp\/v2\/categories?post=642"},{"taxonomy":"post_tag","embeddable":true,"href":"https:\/\/wp.kristdemokraterna.se\/kalmarlan\/wp-json\/wp\/v2\/tags?post=642"}],"curies":[{"name":"wp","href":"https:\/\/api.w.org\/{rel}","templated":true}]}}