{"id":648,"date":"2017-09-03T20:27:20","date_gmt":"2017-09-03T18:27:20","guid":{"rendered":"http:\/\/wp.kristdemokraterna.se\/kalmarlan\/?p=648"},"modified":"2018-06-14T15:56:11","modified_gmt":"2018-06-14T13:56:11","slug":"brunegard-glad-och-hedrad-over-fortroendet","status":"publish","type":"post","link":"https:\/\/wp.kristdemokraterna.se\/kalmarlan\/brunegard-glad-och-hedrad-over-fortroendet\/","title":{"rendered":"Bruneg\u00e5rd: Glad och hedrad \u00f6ver f\u00f6rtroendet"},"content":{"rendered":"<p><b>&#8211; Det var en total \u00f6verraskning n\u00e4r jag blev uppring av Chatrine P\u00e5lsson Ahlgren, valberedningens ordf\u00f6rande, och hon ber\u00e4ttade att jag finns med i deras f\u00f6rslag till partistyrelse. Jag \u00e4r oerh\u00f6rt glad och k\u00e4nner mig djupt hedrad \u00f6ver f\u00f6rtroendet. <\/b><\/p>\n<p><b>Det s\u00e4ger Gudrun Bruneg\u00e5rd (KD) oppositionsr\u00e5d i landstinget, med anledning av att valberedningens f\u00f6rslag till partistyrelse offentliggjordes under l\u00f6rdagen, d\u00e4r hon \u00e4r f\u00f6reslagen som ers\u00e4ttare.\u00a0<\/b><\/p>\n<p><!--more--><\/p>\n<p>Som ers\u00e4ttare i partistyrelsen deltar man p\u00e5 lika villkor i sammantr\u00e4den och diskussioner. Det \u00e4r bara i omr\u00f6stningarna som inte ers\u00e4ttarna deltar om man inte \u00e4r tj\u00e4nstg\u00f6rande.<\/p>\n<p>&#8211; Om jag f\u00e5r rikstingets f\u00f6rtroende och blir invald i partistyrelsen kommer jag sj\u00e4<\/p>\n<p>lvklart ta med mig mina erfarenheter fr\u00e5n arbetet med h\u00e4lso- och sjukv\u00e5rdsfr\u00e5gorna, men ocks\u00e5 perspektivet fr\u00e5n ett h\u00f6rn av landet som den r\u00f6dgr\u00f6na regeringen tycks ha gl\u00f6mt. Hela Sverige ska leva, s\u00e4ger Gudrun Bruneg\u00e5rd.<\/p>\n<p>&nbsp;<\/p>\n<p>&#8211;\u00a0 Distriktsstyrelsen f\u00f6r Kalmar l\u00e4n har f\u00f6rt fram Gudrun Bruneg\u00e5rd som l\u00e4mplig kandidat f\u00f6r att ing\u00e5 i KD\u00b4s partistyrelse. Det \u00e4r gl\u00e4djande att Kristdemokraterna i Kalmar l\u00e4n p\u00e5 det h\u00e4r viset \u00e5terigen kan f\u00e5 en r\u00f6st in i partistyrelsen. Vi \u00e4r det n\u00e4st starkaste l\u00e4net n\u00e4r det g\u00e4ller v\u00e4ljarst\u00f6d i landstingsvalet, s\u00e4ger Anders Andersson, partidistriktsordf\u00f6rande f\u00f6r KD i Kalmar l\u00e4n.<\/p>\n<p>Val av partistyrelse sker p\u00e5 KD\u00b4s riksting som h\u00e5lls i Uppsala den 20-22 oktober 2017.<\/p>\n","protected":false},"excerpt":{"rendered":"<p>&#8211; Det var en total \u00f6verraskning n\u00e4r jag blev uppring av Chatrine P\u00e5lsson Ahlgren, valberedningens ordf\u00f6rande, och hon ber\u00e4ttade att jag finns med i deras f\u00f6rslag till partistyrelse. Jag \u00e4r oerh\u00f6rt glad och k\u00e4nner mig djupt hedrad \u00f6ver f\u00f6rtroendet. Det s\u00e4ger Gudrun Bruneg\u00e5rd (KD) oppositionsr\u00e5d i landstinget, med anledning av att valberedningens f\u00f6rslag till partistyrelse <a class=\"read-more-link\" href=\"https:\/\/wp.kristdemokraterna.se\/kalmarlan\/brunegard-glad-och-hedrad-over-fortroendet\/\">Read More<\/a><\/p>\n","protected":false},"author":417,"featured_media":702,"comment_status":"closed","ping_status":"closed","sticky":false,"template":"","format":"standard","meta":{"_acf_changed":false,"footnotes":""},"categories":[1],"tags":[],"class_list":["post-648","post","type-post","status-publish","format-standard","has-post-thumbnail","hentry","category-okategoriserade"],"acf":[],"yoast_head":"<!-- This site is optimized with the Yoast SEO plugin v27.4 - https:\/\/yoast.com\/product\/yoast-seo-wordpress\/ -->\n<title>Bruneg\u00e5rd: Glad och hedrad \u00f6ver f\u00f6rtroendet - i Kalmar l\u00e4n<\/title>\n<meta name=\"robots\" content=\"index, follow, max-snippet:-1, max-image-preview:large, max-video-preview:-1\" \/>\n<link rel=\"canonical\" href=\"https:\/\/wp.kristdemokraterna.se\/kalmarlan\/brunegard-glad-och-hedrad-over-fortroendet\/\" \/>\n<meta property=\"og:locale\" content=\"sv_SE\" \/>\n<meta property=\"og:type\" content=\"article\" \/>\n<meta property=\"og:title\" content=\"Bruneg\u00e5rd: Glad och hedrad \u00f6ver f\u00f6rtroendet - i Kalmar l\u00e4n\" \/>\n<meta property=\"og:description\" content=\"&#8211; Det var en total \u00f6verraskning n\u00e4r jag blev uppring av Chatrine P\u00e5lsson Ahlgren, valberedningens ordf\u00f6rande, och hon ber\u00e4ttade att jag finns med i deras f\u00f6rslag till partistyrelse. Jag \u00e4r oerh\u00f6rt glad och k\u00e4nner mig djupt hedrad \u00f6ver f\u00f6rtroendet. Det s\u00e4ger Gudrun Bruneg\u00e5rd (KD) oppositionsr\u00e5d i landstinget, med anledning av att valberedningens f\u00f6rslag till partistyrelse Read More\" \/>\n<meta property=\"og:url\" content=\"https:\/\/wp.kristdemokraterna.se\/kalmarlan\/brunegard-glad-och-hedrad-over-fortroendet\/\" \/>\n<meta property=\"og:site_name\" content=\"i Kalmar l\u00e4n\" \/>\n<meta property=\"article:published_time\" content=\"2017-09-03T18:27:20+00:00\" \/>\n<meta property=\"article:modified_time\" content=\"2018-06-14T13:56:11+00:00\" \/>\n<meta property=\"og:image\" content=\"https:\/\/wp.kristdemokraterna.se\/kalmarlan\/files\/2017\/09\/img_2458.jpg\" \/>\n\t<meta property=\"og:image:width\" content=\"3024\" \/>\n\t<meta property=\"og:image:height\" content=\"4032\" \/>\n\t<meta property=\"og:image:type\" content=\"image\/jpeg\" \/>\n<meta name=\"author\" content=\"kalmarlan\" \/>\n<meta name=\"twitter:card\" content=\"summary_large_image\" \/>\n<meta name=\"twitter:label1\" content=\"Skriven av\" \/>\n\t<meta name=\"twitter:data1\" content=\"kalmarlan\" \/>\n\t<meta name=\"twitter:label2\" content=\"Ber\u00e4knad l\u00e4stid\" \/>\n\t<meta name=\"twitter:data2\" content=\"1 minut\" \/>\n<script type=\"application\/ld+json\" class=\"yoast-schema-graph\">{\"@context\":\"https:\\\/\\\/schema.org\",\"@graph\":[{\"@type\":\"Article\",\"@id\":\"https:\\\/\\\/wp.kristdemokraterna.se\\\/kalmarlan\\\/brunegard-glad-och-hedrad-over-fortroendet\\\/#article\",\"isPartOf\":{\"@id\":\"https:\\\/\\\/wp.kristdemokraterna.se\\\/kalmarlan\\\/brunegard-glad-och-hedrad-over-fortroendet\\\/\"},\"author\":{\"name\":\"kalmarlan\",\"@id\":\"https:\\\/\\\/wp.kristdemokraterna.se\\\/kalmarlan\\\/#\\\/schema\\\/person\\\/a1856739934bf9c6a11fb258646ea2a5\"},\"headline\":\"Bruneg\u00e5rd: Glad och hedrad \u00f6ver f\u00f6rtroendet\",\"datePublished\":\"2017-09-03T18:27:20+00:00\",\"dateModified\":\"2018-06-14T13:56:11+00:00\",\"mainEntityOfPage\":{\"@id\":\"https:\\\/\\\/wp.kristdemokraterna.se\\\/kalmarlan\\\/brunegard-glad-och-hedrad-over-fortroendet\\\/\"},\"wordCount\":280,\"image\":{\"@id\":\"https:\\\/\\\/wp.kristdemokraterna.se\\\/kalmarlan\\\/brunegard-glad-och-hedrad-over-fortroendet\\\/#primaryimage\"},\"thumbnailUrl\":\"https:\\\/\\\/wp.kristdemokraterna.se\\\/kalmarlan\\\/files\\\/2017\\\/09\\\/img_2458.jpg\",\"inLanguage\":\"sv-SE\"},{\"@type\":\"WebPage\",\"@id\":\"https:\\\/\\\/wp.kristdemokraterna.se\\\/kalmarlan\\\/brunegard-glad-och-hedrad-over-fortroendet\\\/\",\"url\":\"https:\\\/\\\/wp.kristdemokraterna.se\\\/kalmarlan\\\/brunegard-glad-och-hedrad-over-fortroendet\\\/\",\"name\":\"Bruneg\u00e5rd: Glad och hedrad \u00f6ver f\u00f6rtroendet - i Kalmar l\u00e4n\",\"isPartOf\":{\"@id\":\"https:\\\/\\\/wp.kristdemokraterna.se\\\/kalmarlan\\\/#website\"},\"primaryImageOfPage\":{\"@id\":\"https:\\\/\\\/wp.kristdemokraterna.se\\\/kalmarlan\\\/brunegard-glad-och-hedrad-over-fortroendet\\\/#primaryimage\"},\"image\":{\"@id\":\"https:\\\/\\\/wp.kristdemokraterna.se\\\/kalmarlan\\\/brunegard-glad-och-hedrad-over-fortroendet\\\/#primaryimage\"},\"thumbnailUrl\":\"https:\\\/\\\/wp.kristdemokraterna.se\\\/kalmarlan\\\/files\\\/2017\\\/09\\\/img_2458.jpg\",\"datePublished\":\"2017-09-03T18:27:20+00:00\",\"dateModified\":\"2018-06-14T13:56:11+00:00\",\"author\":{\"@id\":\"https:\\\/\\\/wp.kristdemokraterna.se\\\/kalmarlan\\\/#\\\/schema\\\/person\\\/a1856739934bf9c6a11fb258646ea2a5\"},\"breadcrumb\":{\"@id\":\"https:\\\/\\\/wp.kristdemokraterna.se\\\/kalmarlan\\\/brunegard-glad-och-hedrad-over-fortroendet\\\/#breadcrumb\"},\"inLanguage\":\"sv-SE\",\"potentialAction\":[{\"@type\":\"ReadAction\",\"target\":[\"https:\\\/\\\/wp.kristdemokraterna.se\\\/kalmarlan\\\/brunegard-glad-och-hedrad-over-fortroendet\\\/\"]}]},{\"@type\":\"ImageObject\",\"inLanguage\":\"sv-SE\",\"@id\":\"https:\\\/\\\/wp.kristdemokraterna.se\\\/kalmarlan\\\/brunegard-glad-och-hedrad-over-fortroendet\\\/#primaryimage\",\"url\":\"https:\\\/\\\/wp.kristdemokraterna.se\\\/kalmarlan\\\/files\\\/2017\\\/09\\\/img_2458.jpg\",\"contentUrl\":\"https:\\\/\\\/wp.kristdemokraterna.se\\\/kalmarlan\\\/files\\\/2017\\\/09\\\/img_2458.jpg\",\"width\":3024,\"height\":4032},{\"@type\":\"BreadcrumbList\",\"@id\":\"https:\\\/\\\/wp.kristdemokraterna.se\\\/kalmarlan\\\/brunegard-glad-och-hedrad-over-fortroendet\\\/#breadcrumb\",\"itemListElement\":[{\"@type\":\"ListItem\",\"position\":1,\"name\":\"Hem\",\"item\":\"https:\\\/\\\/wp.kristdemokraterna.se\\\/kalmarlan\\\/\"},{\"@type\":\"ListItem\",\"position\":2,\"name\":\"Bruneg\u00e5rd: Glad och hedrad \u00f6ver f\u00f6rtroendet\"}]},{\"@type\":\"WebSite\",\"@id\":\"https:\\\/\\\/wp.kristdemokraterna.se\\\/kalmarlan\\\/#website\",\"url\":\"https:\\\/\\\/wp.kristdemokraterna.se\\\/kalmarlan\\\/\",\"name\":\"i Kalmar l\u00e4n\",\"description\":\"\",\"inLanguage\":\"sv-SE\"},{\"@type\":\"Person\",\"@id\":\"https:\\\/\\\/wp.kristdemokraterna.se\\\/kalmarlan\\\/#\\\/schema\\\/person\\\/a1856739934bf9c6a11fb258646ea2a5\",\"name\":\"kalmarlan\",\"image\":{\"@type\":\"ImageObject\",\"inLanguage\":\"sv-SE\",\"@id\":\"https:\\\/\\\/secure.gravatar.com\\\/avatar\\\/ef1f7dcd1b21be34f0f3e58a032955c2de43794b20090a23118cd0e2a8964e6e?s=96&r=g\",\"url\":\"https:\\\/\\\/secure.gravatar.com\\\/avatar\\\/ef1f7dcd1b21be34f0f3e58a032955c2de43794b20090a23118cd0e2a8964e6e?s=96&r=g\",\"contentUrl\":\"https:\\\/\\\/secure.gravatar.com\\\/avatar\\\/ef1f7dcd1b21be34f0f3e58a032955c2de43794b20090a23118cd0e2a8964e6e?s=96&r=g\",\"caption\":\"kalmarlan\"},\"url\":\"https:\\\/\\\/wp.kristdemokraterna.se\\\/kalmarlan\\\/author\\\/kalmarlan\\\/\"}]}<\/script>\n<!-- \/ Yoast SEO plugin. -->","yoast_head_json":{"title":"Bruneg\u00e5rd: Glad och hedrad \u00f6ver f\u00f6rtroendet - i Kalmar l\u00e4n","robots":{"index":"index","follow":"follow","max-snippet":"max-snippet:-1","max-image-preview":"max-image-preview:large","max-video-preview":"max-video-preview:-1"},"canonical":"https:\/\/wp.kristdemokraterna.se\/kalmarlan\/brunegard-glad-och-hedrad-over-fortroendet\/","og_locale":"sv_SE","og_type":"article","og_title":"Bruneg\u00e5rd: Glad och hedrad \u00f6ver f\u00f6rtroendet - i Kalmar l\u00e4n","og_description":"&#8211; Det var en total \u00f6verraskning n\u00e4r jag blev uppring av Chatrine P\u00e5lsson Ahlgren, valberedningens ordf\u00f6rande, och hon ber\u00e4ttade att jag finns med i deras f\u00f6rslag till partistyrelse. Jag \u00e4r oerh\u00f6rt glad och k\u00e4nner mig djupt hedrad \u00f6ver f\u00f6rtroendet. Det s\u00e4ger Gudrun Bruneg\u00e5rd (KD) oppositionsr\u00e5d i landstinget, med anledning av att valberedningens f\u00f6rslag till partistyrelse Read More","og_url":"https:\/\/wp.kristdemokraterna.se\/kalmarlan\/brunegard-glad-och-hedrad-over-fortroendet\/","og_site_name":"i Kalmar l\u00e4n","article_published_time":"2017-09-03T18:27:20+00:00","article_modified_time":"2018-06-14T13:56:11+00:00","og_image":[{"width":3024,"height":4032,"url":"https:\/\/wp.kristdemokraterna.se\/kalmarlan\/files\/2017\/09\/img_2458.jpg","type":"image\/jpeg"}],"author":"kalmarlan","twitter_card":"summary_large_image","twitter_misc":{"Skriven av":"kalmarlan","Ber\u00e4knad l\u00e4stid":"1 minut"},"schema":{"@context":"https:\/\/schema.org","@graph":[{"@type":"Article","@id":"https:\/\/wp.kristdemokraterna.se\/kalmarlan\/brunegard-glad-och-hedrad-over-fortroendet\/#article","isPartOf":{"@id":"https:\/\/wp.kristdemokraterna.se\/kalmarlan\/brunegard-glad-och-hedrad-over-fortroendet\/"},"author":{"name":"kalmarlan","@id":"https:\/\/wp.kristdemokraterna.se\/kalmarlan\/#\/schema\/person\/a1856739934bf9c6a11fb258646ea2a5"},"headline":"Bruneg\u00e5rd: Glad och hedrad \u00f6ver f\u00f6rtroendet","datePublished":"2017-09-03T18:27:20+00:00","dateModified":"2018-06-14T13:56:11+00:00","mainEntityOfPage":{"@id":"https:\/\/wp.kristdemokraterna.se\/kalmarlan\/brunegard-glad-och-hedrad-over-fortroendet\/"},"wordCount":280,"image":{"@id":"https:\/\/wp.kristdemokraterna.se\/kalmarlan\/brunegard-glad-och-hedrad-over-fortroendet\/#primaryimage"},"thumbnailUrl":"https:\/\/wp.kristdemokraterna.se\/kalmarlan\/files\/2017\/09\/img_2458.jpg","inLanguage":"sv-SE"},{"@type":"WebPage","@id":"https:\/\/wp.kristdemokraterna.se\/kalmarlan\/brunegard-glad-och-hedrad-over-fortroendet\/","url":"https:\/\/wp.kristdemokraterna.se\/kalmarlan\/brunegard-glad-och-hedrad-over-fortroendet\/","name":"Bruneg\u00e5rd: Glad och hedrad \u00f6ver f\u00f6rtroendet - i Kalmar l\u00e4n","isPartOf":{"@id":"https:\/\/wp.kristdemokraterna.se\/kalmarlan\/#website"},"primaryImageOfPage":{"@id":"https:\/\/wp.kristdemokraterna.se\/kalmarlan\/brunegard-glad-och-hedrad-over-fortroendet\/#primaryimage"},"image":{"@id":"https:\/\/wp.kristdemokraterna.se\/kalmarlan\/brunegard-glad-och-hedrad-over-fortroendet\/#primaryimage"},"thumbnailUrl":"https:\/\/wp.kristdemokraterna.se\/kalmarlan\/files\/2017\/09\/img_2458.jpg","datePublished":"2017-09-03T18:27:20+00:00","dateModified":"2018-06-14T13:56:11+00:00","author":{"@id":"https:\/\/wp.kristdemokraterna.se\/kalmarlan\/#\/schema\/person\/a1856739934bf9c6a11fb258646ea2a5"},"breadcrumb":{"@id":"https:\/\/wp.kristdemokraterna.se\/kalmarlan\/brunegard-glad-och-hedrad-over-fortroendet\/#breadcrumb"},"inLanguage":"sv-SE","potentialAction":[{"@type":"ReadAction","target":["https:\/\/wp.kristdemokraterna.se\/kalmarlan\/brunegard-glad-och-hedrad-over-fortroendet\/"]}]},{"@type":"ImageObject","inLanguage":"sv-SE","@id":"https:\/\/wp.kristdemokraterna.se\/kalmarlan\/brunegard-glad-och-hedrad-over-fortroendet\/#primaryimage","url":"https:\/\/wp.kristdemokraterna.se\/kalmarlan\/files\/2017\/09\/img_2458.jpg","contentUrl":"https:\/\/wp.kristdemokraterna.se\/kalmarlan\/files\/2017\/09\/img_2458.jpg","width":3024,"height":4032},{"@type":"BreadcrumbList","@id":"https:\/\/wp.kristdemokraterna.se\/kalmarlan\/brunegard-glad-och-hedrad-over-fortroendet\/#breadcrumb","itemListElement":[{"@type":"ListItem","position":1,"name":"Hem","item":"https:\/\/wp.kristdemokraterna.se\/kalmarlan\/"},{"@type":"ListItem","position":2,"name":"Bruneg\u00e5rd: Glad och hedrad \u00f6ver f\u00f6rtroendet"}]},{"@type":"WebSite","@id":"https:\/\/wp.kristdemokraterna.se\/kalmarlan\/#website","url":"https:\/\/wp.kristdemokraterna.se\/kalmarlan\/","name":"i Kalmar l\u00e4n","description":"","inLanguage":"sv-SE"},{"@type":"Person","@id":"https:\/\/wp.kristdemokraterna.se\/kalmarlan\/#\/schema\/person\/a1856739934bf9c6a11fb258646ea2a5","name":"kalmarlan","image":{"@type":"ImageObject","inLanguage":"sv-SE","@id":"https:\/\/secure.gravatar.com\/avatar\/ef1f7dcd1b21be34f0f3e58a032955c2de43794b20090a23118cd0e2a8964e6e?s=96&r=g","url":"https:\/\/secure.gravatar.com\/avatar\/ef1f7dcd1b21be34f0f3e58a032955c2de43794b20090a23118cd0e2a8964e6e?s=96&r=g","contentUrl":"https:\/\/secure.gravatar.com\/avatar\/ef1f7dcd1b21be34f0f3e58a032955c2de43794b20090a23118cd0e2a8964e6e?s=96&r=g","caption":"kalmarlan"},"url":"https:\/\/wp.kristdemokraterna.se\/kalmarlan\/author\/kalmarlan\/"}]}},"_links":{"self":[{"href":"https:\/\/wp.kristdemokraterna.se\/kalmarlan\/wp-json\/wp\/v2\/posts\/648","targetHints":{"allow":["GET"]}}],"collection":[{"href":"https:\/\/wp.kristdemokraterna.se\/kalmarlan\/wp-json\/wp\/v2\/posts"}],"about":[{"href":"https:\/\/wp.kristdemokraterna.se\/kalmarlan\/wp-json\/wp\/v2\/types\/post"}],"author":[{"embeddable":true,"href":"https:\/\/wp.kristdemokraterna.se\/kalmarlan\/wp-json\/wp\/v2\/users\/417"}],"replies":[{"embeddable":true,"href":"https:\/\/wp.kristdemokraterna.se\/kalmarlan\/wp-json\/wp\/v2\/comments?post=648"}],"version-history":[{"count":4,"href":"https:\/\/wp.kristdemokraterna.se\/kalmarlan\/wp-json\/wp\/v2\/posts\/648\/revisions"}],"predecessor-version":[{"id":706,"href":"https:\/\/wp.kristdemokraterna.se\/kalmarlan\/wp-json\/wp\/v2\/posts\/648\/revisions\/706"}],"wp:featuredmedia":[{"embeddable":true,"href":"https:\/\/wp.kristdemokraterna.se\/kalmarlan\/wp-json\/wp\/v2\/media\/702"}],"wp:attachment":[{"href":"https:\/\/wp.kristdemokraterna.se\/kalmarlan\/wp-json\/wp\/v2\/media?parent=648"}],"wp:term":[{"taxonomy":"category","embeddable":true,"href":"https:\/\/wp.kristdemokraterna.se\/kalmarlan\/wp-json\/wp\/v2\/categories?post=648"},{"taxonomy":"post_tag","embeddable":true,"href":"https:\/\/wp.kristdemokraterna.se\/kalmarlan\/wp-json\/wp\/v2\/tags?post=648"}],"curies":[{"name":"wp","href":"https:\/\/api.w.org\/{rel}","templated":true}]}}