{"id":651,"date":"2017-09-04T10:37:20","date_gmt":"2017-09-04T08:37:20","guid":{"rendered":"http:\/\/wp.kristdemokraterna.se\/kalmarlan\/?p=651"},"modified":"2018-06-14T15:55:28","modified_gmt":"2018-06-14T13:55:28","slug":"anders-andersson-tragen-kamp-for-pensionarernas-resor-ger-resultat","status":"publish","type":"post","link":"https:\/\/wp.kristdemokraterna.se\/kalmarlan\/anders-andersson-tragen-kamp-for-pensionarernas-resor-ger-resultat\/","title":{"rendered":"Anders Andersson: -Tr\u00e4gen kamp f\u00f6r pension\u00e4rernas resor ger resultat! \u00a0"},"content":{"rendered":"<p><strong>Tr\u00e4gen vinner, s\u00e4ger Anders Andersson (KD) ledamot i trafikstyrelsen n\u00e4r han p\u00e5 m\u00e5ndagen tar del av majoritetens f\u00f6rslag om avgiftss\u00e4nkning f\u00f6r pension\u00e4rer.\u00a0<\/strong><\/p>\n<p>Under flera \u00e5r har vi fr\u00e5n KD f\u00f6rt fram det rimliga i att pension\u00e4rerna i l\u00e4net ges m\u00f6jlighet till att \u00e5ka avgiftsfritt under de tider d\u00e5 bussar och t\u00e5g har l\u00e4gre antal passagerare.<\/p>\n<p><!--more--><\/p>\n<p>I december f\u00f6rra \u00e5ret gjorde jag ett f\u00f6rs\u00f6k att f\u00e5 fram beslut via trafikstyrelsen och i mars i \u00e5r yrkade KD-gruppen p\u00e5 ett aktivit beslut i fr\u00e5gan, men vid b\u00e5da dessa tillf\u00e4llen fanns ett avvisande fr\u00e5n dom r\u00f6dgr\u00f6na. D\u00e4rf\u00f6r \u00e4r det nu v\u00e4lkommet att tr\u00e4gen vinner och att \u00e4ven pension\u00e4n\u00e4rer med l\u00e5g pension f\u00e5r tillg\u00e5ng till buss och t\u00e5g, s\u00e4ger Anders Andersson (KD).<\/p>\n<p>Bakgrunden till v\u00e5rt f\u00f6rslag \u00e4r att m\u00e5nga pension\u00e4rer har en begr\u00e4nsad ekonomi vilket kan medf\u00f6ra att man blir isolerad i sin bostad.\u00a0 Avgiftsfritt p\u00e5 bussar och t\u00e5g skulle bidra till att minska ensamhet och isolering och \u00e4r gynnsamt f\u00f6r milj\u00f6n.<\/p>\n<p>&#8211; \u00a0 Vi ska nu utv\u00e4rdera f\u00f6rslaget utifr\u00e5n v\u00e5rt grundf\u00f6rslag som \u00e4r helt avgiftsfritt,\u00a0 men f\u00f6rslaget som kom idag \u00e4r ett bra f\u00f6rsta steg p\u00e5 v\u00e4gen, s\u00e4ger Anders Andersson (KD) ledamot i trafikstyrelsen.<\/p>\n<p>&nbsp;<\/p>\n<p>J\u00e4rnforsen den 5 sept 2017<\/p>\n<p>&nbsp;<\/p>\n","protected":false},"excerpt":{"rendered":"<p>Tr\u00e4gen vinner, s\u00e4ger Anders Andersson (KD) ledamot i trafikstyrelsen n\u00e4r han p\u00e5 m\u00e5ndagen tar del av majoritetens f\u00f6rslag om avgiftss\u00e4nkning f\u00f6r pension\u00e4rer.\u00a0 Under flera \u00e5r har vi fr\u00e5n KD f\u00f6rt fram det rimliga i att pension\u00e4rerna i l\u00e4net ges m\u00f6jlighet till att \u00e5ka avgiftsfritt under de tider d\u00e5 bussar och t\u00e5g har l\u00e4gre antal passagerare.<\/p>\n","protected":false},"author":417,"featured_media":699,"comment_status":"closed","ping_status":"closed","sticky":false,"template":"","format":"standard","meta":{"_acf_changed":false,"footnotes":""},"categories":[1],"tags":[],"class_list":["post-651","post","type-post","status-publish","format-standard","has-post-thumbnail","hentry","category-okategoriserade"],"acf":[],"yoast_head":"<!-- This site is optimized with the Yoast SEO plugin v27.4 - https:\/\/yoast.com\/product\/yoast-seo-wordpress\/ -->\n<title>Anders Andersson: -Tr\u00e4gen kamp f\u00f6r pension\u00e4rernas resor ger resultat! \u00a0 - i Kalmar l\u00e4n<\/title>\n<meta name=\"robots\" content=\"index, follow, max-snippet:-1, max-image-preview:large, max-video-preview:-1\" \/>\n<link rel=\"canonical\" href=\"https:\/\/wp.kristdemokraterna.se\/kalmarlan\/anders-andersson-tragen-kamp-for-pensionarernas-resor-ger-resultat\/\" \/>\n<meta property=\"og:locale\" content=\"sv_SE\" \/>\n<meta property=\"og:type\" content=\"article\" \/>\n<meta property=\"og:title\" content=\"Anders Andersson: -Tr\u00e4gen kamp f\u00f6r pension\u00e4rernas resor ger resultat! \u00a0 - i Kalmar l\u00e4n\" \/>\n<meta property=\"og:description\" content=\"Tr\u00e4gen vinner, s\u00e4ger Anders Andersson (KD) ledamot i trafikstyrelsen n\u00e4r han p\u00e5 m\u00e5ndagen tar del av majoritetens f\u00f6rslag om avgiftss\u00e4nkning f\u00f6r pension\u00e4rer.\u00a0 Under flera \u00e5r har vi fr\u00e5n KD f\u00f6rt fram det rimliga i att pension\u00e4rerna i l\u00e4net ges m\u00f6jlighet till att \u00e5ka avgiftsfritt under de tider d\u00e5 bussar och t\u00e5g har l\u00e4gre antal passagerare.\" \/>\n<meta property=\"og:url\" content=\"https:\/\/wp.kristdemokraterna.se\/kalmarlan\/anders-andersson-tragen-kamp-for-pensionarernas-resor-ger-resultat\/\" \/>\n<meta property=\"og:site_name\" content=\"i Kalmar l\u00e4n\" \/>\n<meta property=\"article:published_time\" content=\"2017-09-04T08:37:20+00:00\" \/>\n<meta property=\"article:modified_time\" content=\"2018-06-14T13:55:28+00:00\" \/>\n<meta property=\"og:image\" content=\"https:\/\/wp.kristdemokraterna.se\/kalmarlan\/files\/2017\/09\/img_3238.jpg\" \/>\n\t<meta property=\"og:image:width\" content=\"3024\" \/>\n\t<meta property=\"og:image:height\" content=\"4032\" \/>\n\t<meta property=\"og:image:type\" content=\"image\/jpeg\" \/>\n<meta name=\"author\" content=\"kalmarlan\" \/>\n<meta name=\"twitter:card\" content=\"summary_large_image\" \/>\n<meta name=\"twitter:label1\" content=\"Skriven av\" \/>\n\t<meta name=\"twitter:data1\" content=\"kalmarlan\" \/>\n\t<meta name=\"twitter:label2\" content=\"Ber\u00e4knad l\u00e4stid\" \/>\n\t<meta name=\"twitter:data2\" content=\"1 minut\" \/>\n<script type=\"application\/ld+json\" class=\"yoast-schema-graph\">{\"@context\":\"https:\\\/\\\/schema.org\",\"@graph\":[{\"@type\":\"Article\",\"@id\":\"https:\\\/\\\/wp.kristdemokraterna.se\\\/kalmarlan\\\/anders-andersson-tragen-kamp-for-pensionarernas-resor-ger-resultat\\\/#article\",\"isPartOf\":{\"@id\":\"https:\\\/\\\/wp.kristdemokraterna.se\\\/kalmarlan\\\/anders-andersson-tragen-kamp-for-pensionarernas-resor-ger-resultat\\\/\"},\"author\":{\"name\":\"kalmarlan\",\"@id\":\"https:\\\/\\\/wp.kristdemokraterna.se\\\/kalmarlan\\\/#\\\/schema\\\/person\\\/a1856739934bf9c6a11fb258646ea2a5\"},\"headline\":\"Anders Andersson: -Tr\u00e4gen kamp f\u00f6r pension\u00e4rernas resor ger resultat! \u00a0\",\"datePublished\":\"2017-09-04T08:37:20+00:00\",\"dateModified\":\"2018-06-14T13:55:28+00:00\",\"mainEntityOfPage\":{\"@id\":\"https:\\\/\\\/wp.kristdemokraterna.se\\\/kalmarlan\\\/anders-andersson-tragen-kamp-for-pensionarernas-resor-ger-resultat\\\/\"},\"wordCount\":261,\"image\":{\"@id\":\"https:\\\/\\\/wp.kristdemokraterna.se\\\/kalmarlan\\\/anders-andersson-tragen-kamp-for-pensionarernas-resor-ger-resultat\\\/#primaryimage\"},\"thumbnailUrl\":\"https:\\\/\\\/wp.kristdemokraterna.se\\\/kalmarlan\\\/files\\\/2017\\\/09\\\/img_3238.jpg\",\"inLanguage\":\"sv-SE\"},{\"@type\":\"WebPage\",\"@id\":\"https:\\\/\\\/wp.kristdemokraterna.se\\\/kalmarlan\\\/anders-andersson-tragen-kamp-for-pensionarernas-resor-ger-resultat\\\/\",\"url\":\"https:\\\/\\\/wp.kristdemokraterna.se\\\/kalmarlan\\\/anders-andersson-tragen-kamp-for-pensionarernas-resor-ger-resultat\\\/\",\"name\":\"Anders Andersson: -Tr\u00e4gen kamp f\u00f6r pension\u00e4rernas resor ger resultat! \u00a0 - i Kalmar l\u00e4n\",\"isPartOf\":{\"@id\":\"https:\\\/\\\/wp.kristdemokraterna.se\\\/kalmarlan\\\/#website\"},\"primaryImageOfPage\":{\"@id\":\"https:\\\/\\\/wp.kristdemokraterna.se\\\/kalmarlan\\\/anders-andersson-tragen-kamp-for-pensionarernas-resor-ger-resultat\\\/#primaryimage\"},\"image\":{\"@id\":\"https:\\\/\\\/wp.kristdemokraterna.se\\\/kalmarlan\\\/anders-andersson-tragen-kamp-for-pensionarernas-resor-ger-resultat\\\/#primaryimage\"},\"thumbnailUrl\":\"https:\\\/\\\/wp.kristdemokraterna.se\\\/kalmarlan\\\/files\\\/2017\\\/09\\\/img_3238.jpg\",\"datePublished\":\"2017-09-04T08:37:20+00:00\",\"dateModified\":\"2018-06-14T13:55:28+00:00\",\"author\":{\"@id\":\"https:\\\/\\\/wp.kristdemokraterna.se\\\/kalmarlan\\\/#\\\/schema\\\/person\\\/a1856739934bf9c6a11fb258646ea2a5\"},\"breadcrumb\":{\"@id\":\"https:\\\/\\\/wp.kristdemokraterna.se\\\/kalmarlan\\\/anders-andersson-tragen-kamp-for-pensionarernas-resor-ger-resultat\\\/#breadcrumb\"},\"inLanguage\":\"sv-SE\",\"potentialAction\":[{\"@type\":\"ReadAction\",\"target\":[\"https:\\\/\\\/wp.kristdemokraterna.se\\\/kalmarlan\\\/anders-andersson-tragen-kamp-for-pensionarernas-resor-ger-resultat\\\/\"]}]},{\"@type\":\"ImageObject\",\"inLanguage\":\"sv-SE\",\"@id\":\"https:\\\/\\\/wp.kristdemokraterna.se\\\/kalmarlan\\\/anders-andersson-tragen-kamp-for-pensionarernas-resor-ger-resultat\\\/#primaryimage\",\"url\":\"https:\\\/\\\/wp.kristdemokraterna.se\\\/kalmarlan\\\/files\\\/2017\\\/09\\\/img_3238.jpg\",\"contentUrl\":\"https:\\\/\\\/wp.kristdemokraterna.se\\\/kalmarlan\\\/files\\\/2017\\\/09\\\/img_3238.jpg\",\"width\":3024,\"height\":4032},{\"@type\":\"BreadcrumbList\",\"@id\":\"https:\\\/\\\/wp.kristdemokraterna.se\\\/kalmarlan\\\/anders-andersson-tragen-kamp-for-pensionarernas-resor-ger-resultat\\\/#breadcrumb\",\"itemListElement\":[{\"@type\":\"ListItem\",\"position\":1,\"name\":\"Hem\",\"item\":\"https:\\\/\\\/wp.kristdemokraterna.se\\\/kalmarlan\\\/\"},{\"@type\":\"ListItem\",\"position\":2,\"name\":\"Anders Andersson: -Tr\u00e4gen kamp f\u00f6r pension\u00e4rernas resor ger resultat! \u00a0\"}]},{\"@type\":\"WebSite\",\"@id\":\"https:\\\/\\\/wp.kristdemokraterna.se\\\/kalmarlan\\\/#website\",\"url\":\"https:\\\/\\\/wp.kristdemokraterna.se\\\/kalmarlan\\\/\",\"name\":\"i Kalmar l\u00e4n\",\"description\":\"\",\"inLanguage\":\"sv-SE\"},{\"@type\":\"Person\",\"@id\":\"https:\\\/\\\/wp.kristdemokraterna.se\\\/kalmarlan\\\/#\\\/schema\\\/person\\\/a1856739934bf9c6a11fb258646ea2a5\",\"name\":\"kalmarlan\",\"image\":{\"@type\":\"ImageObject\",\"inLanguage\":\"sv-SE\",\"@id\":\"https:\\\/\\\/secure.gravatar.com\\\/avatar\\\/ef1f7dcd1b21be34f0f3e58a032955c2de43794b20090a23118cd0e2a8964e6e?s=96&r=g\",\"url\":\"https:\\\/\\\/secure.gravatar.com\\\/avatar\\\/ef1f7dcd1b21be34f0f3e58a032955c2de43794b20090a23118cd0e2a8964e6e?s=96&r=g\",\"contentUrl\":\"https:\\\/\\\/secure.gravatar.com\\\/avatar\\\/ef1f7dcd1b21be34f0f3e58a032955c2de43794b20090a23118cd0e2a8964e6e?s=96&r=g\",\"caption\":\"kalmarlan\"},\"url\":\"https:\\\/\\\/wp.kristdemokraterna.se\\\/kalmarlan\\\/author\\\/kalmarlan\\\/\"}]}<\/script>\n<!-- \/ Yoast SEO plugin. -->","yoast_head_json":{"title":"Anders Andersson: -Tr\u00e4gen kamp f\u00f6r pension\u00e4rernas resor ger resultat! \u00a0 - i Kalmar l\u00e4n","robots":{"index":"index","follow":"follow","max-snippet":"max-snippet:-1","max-image-preview":"max-image-preview:large","max-video-preview":"max-video-preview:-1"},"canonical":"https:\/\/wp.kristdemokraterna.se\/kalmarlan\/anders-andersson-tragen-kamp-for-pensionarernas-resor-ger-resultat\/","og_locale":"sv_SE","og_type":"article","og_title":"Anders Andersson: -Tr\u00e4gen kamp f\u00f6r pension\u00e4rernas resor ger resultat! \u00a0 - i Kalmar l\u00e4n","og_description":"Tr\u00e4gen vinner, s\u00e4ger Anders Andersson (KD) ledamot i trafikstyrelsen n\u00e4r han p\u00e5 m\u00e5ndagen tar del av majoritetens f\u00f6rslag om avgiftss\u00e4nkning f\u00f6r pension\u00e4rer.\u00a0 Under flera \u00e5r har vi fr\u00e5n KD f\u00f6rt fram det rimliga i att pension\u00e4rerna i l\u00e4net ges m\u00f6jlighet till att \u00e5ka avgiftsfritt under de tider d\u00e5 bussar och t\u00e5g har l\u00e4gre antal passagerare.","og_url":"https:\/\/wp.kristdemokraterna.se\/kalmarlan\/anders-andersson-tragen-kamp-for-pensionarernas-resor-ger-resultat\/","og_site_name":"i Kalmar l\u00e4n","article_published_time":"2017-09-04T08:37:20+00:00","article_modified_time":"2018-06-14T13:55:28+00:00","og_image":[{"width":3024,"height":4032,"url":"https:\/\/wp.kristdemokraterna.se\/kalmarlan\/files\/2017\/09\/img_3238.jpg","type":"image\/jpeg"}],"author":"kalmarlan","twitter_card":"summary_large_image","twitter_misc":{"Skriven av":"kalmarlan","Ber\u00e4knad l\u00e4stid":"1 minut"},"schema":{"@context":"https:\/\/schema.org","@graph":[{"@type":"Article","@id":"https:\/\/wp.kristdemokraterna.se\/kalmarlan\/anders-andersson-tragen-kamp-for-pensionarernas-resor-ger-resultat\/#article","isPartOf":{"@id":"https:\/\/wp.kristdemokraterna.se\/kalmarlan\/anders-andersson-tragen-kamp-for-pensionarernas-resor-ger-resultat\/"},"author":{"name":"kalmarlan","@id":"https:\/\/wp.kristdemokraterna.se\/kalmarlan\/#\/schema\/person\/a1856739934bf9c6a11fb258646ea2a5"},"headline":"Anders Andersson: -Tr\u00e4gen kamp f\u00f6r pension\u00e4rernas resor ger resultat! \u00a0","datePublished":"2017-09-04T08:37:20+00:00","dateModified":"2018-06-14T13:55:28+00:00","mainEntityOfPage":{"@id":"https:\/\/wp.kristdemokraterna.se\/kalmarlan\/anders-andersson-tragen-kamp-for-pensionarernas-resor-ger-resultat\/"},"wordCount":261,"image":{"@id":"https:\/\/wp.kristdemokraterna.se\/kalmarlan\/anders-andersson-tragen-kamp-for-pensionarernas-resor-ger-resultat\/#primaryimage"},"thumbnailUrl":"https:\/\/wp.kristdemokraterna.se\/kalmarlan\/files\/2017\/09\/img_3238.jpg","inLanguage":"sv-SE"},{"@type":"WebPage","@id":"https:\/\/wp.kristdemokraterna.se\/kalmarlan\/anders-andersson-tragen-kamp-for-pensionarernas-resor-ger-resultat\/","url":"https:\/\/wp.kristdemokraterna.se\/kalmarlan\/anders-andersson-tragen-kamp-for-pensionarernas-resor-ger-resultat\/","name":"Anders Andersson: -Tr\u00e4gen kamp f\u00f6r pension\u00e4rernas resor ger resultat! \u00a0 - i Kalmar l\u00e4n","isPartOf":{"@id":"https:\/\/wp.kristdemokraterna.se\/kalmarlan\/#website"},"primaryImageOfPage":{"@id":"https:\/\/wp.kristdemokraterna.se\/kalmarlan\/anders-andersson-tragen-kamp-for-pensionarernas-resor-ger-resultat\/#primaryimage"},"image":{"@id":"https:\/\/wp.kristdemokraterna.se\/kalmarlan\/anders-andersson-tragen-kamp-for-pensionarernas-resor-ger-resultat\/#primaryimage"},"thumbnailUrl":"https:\/\/wp.kristdemokraterna.se\/kalmarlan\/files\/2017\/09\/img_3238.jpg","datePublished":"2017-09-04T08:37:20+00:00","dateModified":"2018-06-14T13:55:28+00:00","author":{"@id":"https:\/\/wp.kristdemokraterna.se\/kalmarlan\/#\/schema\/person\/a1856739934bf9c6a11fb258646ea2a5"},"breadcrumb":{"@id":"https:\/\/wp.kristdemokraterna.se\/kalmarlan\/anders-andersson-tragen-kamp-for-pensionarernas-resor-ger-resultat\/#breadcrumb"},"inLanguage":"sv-SE","potentialAction":[{"@type":"ReadAction","target":["https:\/\/wp.kristdemokraterna.se\/kalmarlan\/anders-andersson-tragen-kamp-for-pensionarernas-resor-ger-resultat\/"]}]},{"@type":"ImageObject","inLanguage":"sv-SE","@id":"https:\/\/wp.kristdemokraterna.se\/kalmarlan\/anders-andersson-tragen-kamp-for-pensionarernas-resor-ger-resultat\/#primaryimage","url":"https:\/\/wp.kristdemokraterna.se\/kalmarlan\/files\/2017\/09\/img_3238.jpg","contentUrl":"https:\/\/wp.kristdemokraterna.se\/kalmarlan\/files\/2017\/09\/img_3238.jpg","width":3024,"height":4032},{"@type":"BreadcrumbList","@id":"https:\/\/wp.kristdemokraterna.se\/kalmarlan\/anders-andersson-tragen-kamp-for-pensionarernas-resor-ger-resultat\/#breadcrumb","itemListElement":[{"@type":"ListItem","position":1,"name":"Hem","item":"https:\/\/wp.kristdemokraterna.se\/kalmarlan\/"},{"@type":"ListItem","position":2,"name":"Anders Andersson: -Tr\u00e4gen kamp f\u00f6r pension\u00e4rernas resor ger resultat! \u00a0"}]},{"@type":"WebSite","@id":"https:\/\/wp.kristdemokraterna.se\/kalmarlan\/#website","url":"https:\/\/wp.kristdemokraterna.se\/kalmarlan\/","name":"i Kalmar l\u00e4n","description":"","inLanguage":"sv-SE"},{"@type":"Person","@id":"https:\/\/wp.kristdemokraterna.se\/kalmarlan\/#\/schema\/person\/a1856739934bf9c6a11fb258646ea2a5","name":"kalmarlan","image":{"@type":"ImageObject","inLanguage":"sv-SE","@id":"https:\/\/secure.gravatar.com\/avatar\/ef1f7dcd1b21be34f0f3e58a032955c2de43794b20090a23118cd0e2a8964e6e?s=96&r=g","url":"https:\/\/secure.gravatar.com\/avatar\/ef1f7dcd1b21be34f0f3e58a032955c2de43794b20090a23118cd0e2a8964e6e?s=96&r=g","contentUrl":"https:\/\/secure.gravatar.com\/avatar\/ef1f7dcd1b21be34f0f3e58a032955c2de43794b20090a23118cd0e2a8964e6e?s=96&r=g","caption":"kalmarlan"},"url":"https:\/\/wp.kristdemokraterna.se\/kalmarlan\/author\/kalmarlan\/"}]}},"_links":{"self":[{"href":"https:\/\/wp.kristdemokraterna.se\/kalmarlan\/wp-json\/wp\/v2\/posts\/651","targetHints":{"allow":["GET"]}}],"collection":[{"href":"https:\/\/wp.kristdemokraterna.se\/kalmarlan\/wp-json\/wp\/v2\/posts"}],"about":[{"href":"https:\/\/wp.kristdemokraterna.se\/kalmarlan\/wp-json\/wp\/v2\/types\/post"}],"author":[{"embeddable":true,"href":"https:\/\/wp.kristdemokraterna.se\/kalmarlan\/wp-json\/wp\/v2\/users\/417"}],"replies":[{"embeddable":true,"href":"https:\/\/wp.kristdemokraterna.se\/kalmarlan\/wp-json\/wp\/v2\/comments?post=651"}],"version-history":[{"count":4,"href":"https:\/\/wp.kristdemokraterna.se\/kalmarlan\/wp-json\/wp\/v2\/posts\/651\/revisions"}],"predecessor-version":[{"id":705,"href":"https:\/\/wp.kristdemokraterna.se\/kalmarlan\/wp-json\/wp\/v2\/posts\/651\/revisions\/705"}],"wp:featuredmedia":[{"embeddable":true,"href":"https:\/\/wp.kristdemokraterna.se\/kalmarlan\/wp-json\/wp\/v2\/media\/699"}],"wp:attachment":[{"href":"https:\/\/wp.kristdemokraterna.se\/kalmarlan\/wp-json\/wp\/v2\/media?parent=651"}],"wp:term":[{"taxonomy":"category","embeddable":true,"href":"https:\/\/wp.kristdemokraterna.se\/kalmarlan\/wp-json\/wp\/v2\/categories?post=651"},{"taxonomy":"post_tag","embeddable":true,"href":"https:\/\/wp.kristdemokraterna.se\/kalmarlan\/wp-json\/wp\/v2\/tags?post=651"}],"curies":[{"name":"wp","href":"https:\/\/api.w.org\/{rel}","templated":true}]}}