{"id":656,"date":"2017-10-02T21:47:58","date_gmt":"2017-10-02T19:47:58","guid":{"rendered":"http:\/\/wp.kristdemokraterna.se\/kalmarlan\/?p=656"},"modified":"2018-06-14T15:54:29","modified_gmt":"2018-06-14T13:54:29","slug":"valfardsloftet-en-budget-for-vard-omsorg-och-trygghet","status":"publish","type":"post","link":"https:\/\/wp.kristdemokraterna.se\/kalmarlan\/valfardsloftet-en-budget-for-vard-omsorg-och-trygghet\/","title":{"rendered":"V\u00e4lf\u00e4rdsl\u00f6ftet &#8211; En budget f\u00f6r v\u00e5rd, omsorg och trygghet"},"content":{"rendered":"<p>Kristdemokraterna presenterade idag h\u00f6stbudgeten som g\u00e5r under namnet \u201dV\u00e4lf\u00e4rdsl\u00f6ftet\u201d med fokus p\u00e5 v\u00e5rd, omsorg och trygghet.<\/p>\n<p><!--more--><\/p>\n<p>&#8211; Efter tre \u00e5r med r\u00f6dgr\u00f6n regering \u00f6kar v\u00e4ntetiderna till v\u00e5rd och behandling, \u00e4ldreboendeplatser saknas och polisen lider av bristande resurser. Detta \u00e4r utmaningar som beh\u00f6ver tas p\u00e5 stort allvar. Med Kristdemokraternas budgetf\u00f6rslag \u00e5teruppr\u00e4ttar vi den tillg\u00e4nglighet som vi tidigare haft. St\u00e4ngda v\u00e5rdplatser, d\u00e5liga arbetsvillkor och problem med att rekrytera kompetent personal har l\u00e4nge varit \u00e5terkommande fr\u00e5gor f\u00f6r sjukv\u00e5rden i v\u00e5rt l\u00e4n. D\u00e4rf\u00f6r \u00e4r KD:s prioriteringar p\u00e5 fler v\u00e5rdplatser, en st\u00e4rkt prim\u00e4rv\u00e5rd och f\u00f6rlossningsv\u00e5rd samt en \u00e5terinf\u00f6rd k\u00f6miljard viktiga delar f\u00f6r att uppr\u00e4tth\u00e5lla en god kvalitet f\u00f6r b\u00e5de patienter och personal. Ingen ska riskera att inte f\u00e5 v\u00e5rd p\u00e5 r\u00e4tt niv\u00e5 p\u00e5 grund av brist p\u00e5 v\u00e5rdplatser eller sjuksk\u00f6terskor, s\u00e4ger Gudrun Bruneg\u00e5rd<\/p>\n<p>&#8211; Vi \u00e4r m\u00e5nga som f\u00f6rf\u00e4rats \u00f6ver hur regeringen hanterat den personliga assistansen. Flera personer i l\u00e4net har drabbats h\u00e5rt och jag har sj\u00e4lv varit aktiv i att s\u00e4tta press p\u00e5 regeringen att f\u00e5 till en f\u00f6r\u00e4ndring av b\u00e5de lagstiftning och praxis. F\u00f6rutom ekonomiska satsningar beh\u00f6vs ocks\u00e5 en ny lagstiftning som s\u00e4krar att inte fler blir av med sin assistans. Kristdemokraterna tillf\u00f6r 3,3 miljarder i sin h\u00f6stbudget f\u00f6r att bromsa den olyckliga utveckling som nu p\u00e5g\u00e5r. Det \u00e4r inte r\u00e4tt att spara p\u00e5 m\u00e4nniskoliv och barnfamiljer som har det tufft. D\u00e4rf\u00f6r \u00e4r denna satsning v\u00e4ldigt v\u00e4lkommen f\u00f6r att s\u00e4kra att de som \u00e4r i denna utsatta situation ska f\u00e5 den hj\u00e4lp och det st\u00f6d som de beh\u00f6ver, forts\u00e4tter Jimmy Loord<\/p>\n<p>&#8211; Vi genomf\u00f6r en omfattande satsning p\u00e5 barnfamiljerna. Barnbidraget har inte h\u00e4ngt med i utvecklingen. F\u00f6rutom att vi s\u00e4ger ja till regeringens h\u00f6jning s\u00e5 vill vi \u00e4ven st\u00e4rka bostadsbidraget med upp till 600 kr\/m\u00e5nad. Detta \u00e4r v\u00e4lkommet f\u00f6r alla de barnfamiljer som har det tufft att f\u00e5 ekonomin att g\u00e5 runt, s\u00e4ger Gudrun Bruneg\u00e5rd<\/p>\n<p>&#8211; H\u00e4r hemma i l\u00e4net s\u00e5 har vi noterat att polisen beh\u00f6ver mer resurser f\u00f6r att klara sitt uppdrag. Vi har ocks\u00e5 problemet med poliser som slutar sitt jobb pga orimliga arbetsf\u00f6rh\u00e5llanden. Detta \u00e4r en utmaning som vi beh\u00f6ver v\u00e4nda, annars avtar tilliten till samh\u00e4llet. Nationellt satsar vi f\u00f6r 10 000 fler poliser, vilket skulle inneb\u00e4ra ca 200 fler poliser i Kalmar l\u00e4n. Av dessa poliser ska \u00e4ven kommunerna kunna knytas till kommunerna f\u00f6r en tydlig lokal f\u00f6rankring. F\u00f6r att st\u00e4rka attraktiviteten s\u00e5 f\u00f6resl\u00e5r vi ocks\u00e5 en generell h\u00f6jning av polisl\u00f6nerna med 5000 kr per m\u00e5nad f\u00f6r poliser i yttre tj\u00e4nst samt utredningsverksamhet, avslutar Jimmy Loord<\/p>\n<p>H\u00e4r kan du l\u00e4sa Kristdemokraternas budget i sin helhet:<\/p>\n<p><a href=\"http:\/\/wp.kristdemokraterna.se\/kalmarlan\/files\/2017\/10\/budgetmotion-2018-kristdemokraterna.docx\">Budgetmotion 2018 Kristdemokraterna<\/a><\/p>\n","protected":false},"excerpt":{"rendered":"<p>Kristdemokraterna presenterade idag h\u00f6stbudgeten som g\u00e5r under namnet \u201dV\u00e4lf\u00e4rdsl\u00f6ftet\u201d med fokus p\u00e5 v\u00e5rd, omsorg och trygghet.<\/p>\n","protected":false},"author":417,"featured_media":657,"comment_status":"closed","ping_status":"closed","sticky":false,"template":"","format":"standard","meta":{"_acf_changed":false,"footnotes":""},"categories":[1],"tags":[],"class_list":["post-656","post","type-post","status-publish","format-standard","has-post-thumbnail","hentry","category-okategoriserade"],"acf":[],"yoast_head":"<!-- This site is optimized with the Yoast SEO plugin v27.4 - https:\/\/yoast.com\/product\/yoast-seo-wordpress\/ -->\n<title>V\u00e4lf\u00e4rdsl\u00f6ftet - En budget f\u00f6r v\u00e5rd, omsorg och trygghet - i Kalmar l\u00e4n<\/title>\n<meta name=\"robots\" content=\"index, follow, max-snippet:-1, max-image-preview:large, max-video-preview:-1\" \/>\n<link rel=\"canonical\" href=\"https:\/\/wp.kristdemokraterna.se\/kalmarlan\/valfardsloftet-en-budget-for-vard-omsorg-och-trygghet\/\" \/>\n<meta property=\"og:locale\" content=\"sv_SE\" \/>\n<meta property=\"og:type\" content=\"article\" \/>\n<meta property=\"og:title\" content=\"V\u00e4lf\u00e4rdsl\u00f6ftet - En budget f\u00f6r v\u00e5rd, omsorg och trygghet - i Kalmar l\u00e4n\" \/>\n<meta property=\"og:description\" content=\"Kristdemokraterna presenterade idag h\u00f6stbudgeten som g\u00e5r under namnet \u201dV\u00e4lf\u00e4rdsl\u00f6ftet\u201d med fokus p\u00e5 v\u00e5rd, omsorg och trygghet.\" \/>\n<meta property=\"og:url\" content=\"https:\/\/wp.kristdemokraterna.se\/kalmarlan\/valfardsloftet-en-budget-for-vard-omsorg-och-trygghet\/\" \/>\n<meta property=\"og:site_name\" content=\"i Kalmar l\u00e4n\" \/>\n<meta property=\"article:published_time\" content=\"2017-10-02T19:47:58+00:00\" \/>\n<meta property=\"article:modified_time\" content=\"2018-06-14T13:54:29+00:00\" \/>\n<meta property=\"og:image\" content=\"https:\/\/wp.kristdemokraterna.se\/kalmarlan\/files\/2017\/10\/iphone-image-f8630f.jpg\" \/>\n\t<meta property=\"og:image:width\" content=\"2209\" \/>\n\t<meta property=\"og:image:height\" content=\"2032\" \/>\n\t<meta property=\"og:image:type\" content=\"image\/jpeg\" \/>\n<meta name=\"author\" content=\"kalmarlan\" \/>\n<meta name=\"twitter:card\" content=\"summary_large_image\" \/>\n<meta name=\"twitter:label1\" content=\"Skriven av\" \/>\n\t<meta name=\"twitter:data1\" content=\"kalmarlan\" \/>\n\t<meta name=\"twitter:label2\" content=\"Ber\u00e4knad l\u00e4stid\" \/>\n\t<meta name=\"twitter:data2\" content=\"3 minuter\" \/>\n<script type=\"application\/ld+json\" class=\"yoast-schema-graph\">{\"@context\":\"https:\\\/\\\/schema.org\",\"@graph\":[{\"@type\":\"Article\",\"@id\":\"https:\\\/\\\/wp.kristdemokraterna.se\\\/kalmarlan\\\/valfardsloftet-en-budget-for-vard-omsorg-och-trygghet\\\/#article\",\"isPartOf\":{\"@id\":\"https:\\\/\\\/wp.kristdemokraterna.se\\\/kalmarlan\\\/valfardsloftet-en-budget-for-vard-omsorg-och-trygghet\\\/\"},\"author\":{\"name\":\"kalmarlan\",\"@id\":\"https:\\\/\\\/wp.kristdemokraterna.se\\\/kalmarlan\\\/#\\\/schema\\\/person\\\/a1856739934bf9c6a11fb258646ea2a5\"},\"headline\":\"V\u00e4lf\u00e4rdsl\u00f6ftet &#8211; En budget f\u00f6r v\u00e5rd, omsorg och trygghet\",\"datePublished\":\"2017-10-02T19:47:58+00:00\",\"dateModified\":\"2018-06-14T13:54:29+00:00\",\"mainEntityOfPage\":{\"@id\":\"https:\\\/\\\/wp.kristdemokraterna.se\\\/kalmarlan\\\/valfardsloftet-en-budget-for-vard-omsorg-och-trygghet\\\/\"},\"wordCount\":539,\"image\":{\"@id\":\"https:\\\/\\\/wp.kristdemokraterna.se\\\/kalmarlan\\\/valfardsloftet-en-budget-for-vard-omsorg-och-trygghet\\\/#primaryimage\"},\"thumbnailUrl\":\"https:\\\/\\\/wp.kristdemokraterna.se\\\/kalmarlan\\\/files\\\/2017\\\/10\\\/iphone-image-f8630f.jpg\",\"inLanguage\":\"sv-SE\"},{\"@type\":\"WebPage\",\"@id\":\"https:\\\/\\\/wp.kristdemokraterna.se\\\/kalmarlan\\\/valfardsloftet-en-budget-for-vard-omsorg-och-trygghet\\\/\",\"url\":\"https:\\\/\\\/wp.kristdemokraterna.se\\\/kalmarlan\\\/valfardsloftet-en-budget-for-vard-omsorg-och-trygghet\\\/\",\"name\":\"V\u00e4lf\u00e4rdsl\u00f6ftet - En budget f\u00f6r v\u00e5rd, omsorg och trygghet - i Kalmar l\u00e4n\",\"isPartOf\":{\"@id\":\"https:\\\/\\\/wp.kristdemokraterna.se\\\/kalmarlan\\\/#website\"},\"primaryImageOfPage\":{\"@id\":\"https:\\\/\\\/wp.kristdemokraterna.se\\\/kalmarlan\\\/valfardsloftet-en-budget-for-vard-omsorg-och-trygghet\\\/#primaryimage\"},\"image\":{\"@id\":\"https:\\\/\\\/wp.kristdemokraterna.se\\\/kalmarlan\\\/valfardsloftet-en-budget-for-vard-omsorg-och-trygghet\\\/#primaryimage\"},\"thumbnailUrl\":\"https:\\\/\\\/wp.kristdemokraterna.se\\\/kalmarlan\\\/files\\\/2017\\\/10\\\/iphone-image-f8630f.jpg\",\"datePublished\":\"2017-10-02T19:47:58+00:00\",\"dateModified\":\"2018-06-14T13:54:29+00:00\",\"author\":{\"@id\":\"https:\\\/\\\/wp.kristdemokraterna.se\\\/kalmarlan\\\/#\\\/schema\\\/person\\\/a1856739934bf9c6a11fb258646ea2a5\"},\"breadcrumb\":{\"@id\":\"https:\\\/\\\/wp.kristdemokraterna.se\\\/kalmarlan\\\/valfardsloftet-en-budget-for-vard-omsorg-och-trygghet\\\/#breadcrumb\"},\"inLanguage\":\"sv-SE\",\"potentialAction\":[{\"@type\":\"ReadAction\",\"target\":[\"https:\\\/\\\/wp.kristdemokraterna.se\\\/kalmarlan\\\/valfardsloftet-en-budget-for-vard-omsorg-och-trygghet\\\/\"]}]},{\"@type\":\"ImageObject\",\"inLanguage\":\"sv-SE\",\"@id\":\"https:\\\/\\\/wp.kristdemokraterna.se\\\/kalmarlan\\\/valfardsloftet-en-budget-for-vard-omsorg-och-trygghet\\\/#primaryimage\",\"url\":\"https:\\\/\\\/wp.kristdemokraterna.se\\\/kalmarlan\\\/files\\\/2017\\\/10\\\/iphone-image-f8630f.jpg\",\"contentUrl\":\"https:\\\/\\\/wp.kristdemokraterna.se\\\/kalmarlan\\\/files\\\/2017\\\/10\\\/iphone-image-f8630f.jpg\",\"width\":2209,\"height\":2032},{\"@type\":\"BreadcrumbList\",\"@id\":\"https:\\\/\\\/wp.kristdemokraterna.se\\\/kalmarlan\\\/valfardsloftet-en-budget-for-vard-omsorg-och-trygghet\\\/#breadcrumb\",\"itemListElement\":[{\"@type\":\"ListItem\",\"position\":1,\"name\":\"Hem\",\"item\":\"https:\\\/\\\/wp.kristdemokraterna.se\\\/kalmarlan\\\/\"},{\"@type\":\"ListItem\",\"position\":2,\"name\":\"V\u00e4lf\u00e4rdsl\u00f6ftet &#8211; En budget f\u00f6r v\u00e5rd, omsorg och trygghet\"}]},{\"@type\":\"WebSite\",\"@id\":\"https:\\\/\\\/wp.kristdemokraterna.se\\\/kalmarlan\\\/#website\",\"url\":\"https:\\\/\\\/wp.kristdemokraterna.se\\\/kalmarlan\\\/\",\"name\":\"i Kalmar l\u00e4n\",\"description\":\"\",\"inLanguage\":\"sv-SE\"},{\"@type\":\"Person\",\"@id\":\"https:\\\/\\\/wp.kristdemokraterna.se\\\/kalmarlan\\\/#\\\/schema\\\/person\\\/a1856739934bf9c6a11fb258646ea2a5\",\"name\":\"kalmarlan\",\"image\":{\"@type\":\"ImageObject\",\"inLanguage\":\"sv-SE\",\"@id\":\"https:\\\/\\\/secure.gravatar.com\\\/avatar\\\/ef1f7dcd1b21be34f0f3e58a032955c2de43794b20090a23118cd0e2a8964e6e?s=96&r=g\",\"url\":\"https:\\\/\\\/secure.gravatar.com\\\/avatar\\\/ef1f7dcd1b21be34f0f3e58a032955c2de43794b20090a23118cd0e2a8964e6e?s=96&r=g\",\"contentUrl\":\"https:\\\/\\\/secure.gravatar.com\\\/avatar\\\/ef1f7dcd1b21be34f0f3e58a032955c2de43794b20090a23118cd0e2a8964e6e?s=96&r=g\",\"caption\":\"kalmarlan\"},\"url\":\"https:\\\/\\\/wp.kristdemokraterna.se\\\/kalmarlan\\\/author\\\/kalmarlan\\\/\"}]}<\/script>\n<!-- \/ Yoast SEO plugin. -->","yoast_head_json":{"title":"V\u00e4lf\u00e4rdsl\u00f6ftet - En budget f\u00f6r v\u00e5rd, omsorg och trygghet - i Kalmar l\u00e4n","robots":{"index":"index","follow":"follow","max-snippet":"max-snippet:-1","max-image-preview":"max-image-preview:large","max-video-preview":"max-video-preview:-1"},"canonical":"https:\/\/wp.kristdemokraterna.se\/kalmarlan\/valfardsloftet-en-budget-for-vard-omsorg-och-trygghet\/","og_locale":"sv_SE","og_type":"article","og_title":"V\u00e4lf\u00e4rdsl\u00f6ftet - En budget f\u00f6r v\u00e5rd, omsorg och trygghet - i Kalmar l\u00e4n","og_description":"Kristdemokraterna presenterade idag h\u00f6stbudgeten som g\u00e5r under namnet \u201dV\u00e4lf\u00e4rdsl\u00f6ftet\u201d med fokus p\u00e5 v\u00e5rd, omsorg och trygghet.","og_url":"https:\/\/wp.kristdemokraterna.se\/kalmarlan\/valfardsloftet-en-budget-for-vard-omsorg-och-trygghet\/","og_site_name":"i Kalmar l\u00e4n","article_published_time":"2017-10-02T19:47:58+00:00","article_modified_time":"2018-06-14T13:54:29+00:00","og_image":[{"width":2209,"height":2032,"url":"https:\/\/wp.kristdemokraterna.se\/kalmarlan\/files\/2017\/10\/iphone-image-f8630f.jpg","type":"image\/jpeg"}],"author":"kalmarlan","twitter_card":"summary_large_image","twitter_misc":{"Skriven av":"kalmarlan","Ber\u00e4knad l\u00e4stid":"3 minuter"},"schema":{"@context":"https:\/\/schema.org","@graph":[{"@type":"Article","@id":"https:\/\/wp.kristdemokraterna.se\/kalmarlan\/valfardsloftet-en-budget-for-vard-omsorg-och-trygghet\/#article","isPartOf":{"@id":"https:\/\/wp.kristdemokraterna.se\/kalmarlan\/valfardsloftet-en-budget-for-vard-omsorg-och-trygghet\/"},"author":{"name":"kalmarlan","@id":"https:\/\/wp.kristdemokraterna.se\/kalmarlan\/#\/schema\/person\/a1856739934bf9c6a11fb258646ea2a5"},"headline":"V\u00e4lf\u00e4rdsl\u00f6ftet &#8211; En budget f\u00f6r v\u00e5rd, omsorg och trygghet","datePublished":"2017-10-02T19:47:58+00:00","dateModified":"2018-06-14T13:54:29+00:00","mainEntityOfPage":{"@id":"https:\/\/wp.kristdemokraterna.se\/kalmarlan\/valfardsloftet-en-budget-for-vard-omsorg-och-trygghet\/"},"wordCount":539,"image":{"@id":"https:\/\/wp.kristdemokraterna.se\/kalmarlan\/valfardsloftet-en-budget-for-vard-omsorg-och-trygghet\/#primaryimage"},"thumbnailUrl":"https:\/\/wp.kristdemokraterna.se\/kalmarlan\/files\/2017\/10\/iphone-image-f8630f.jpg","inLanguage":"sv-SE"},{"@type":"WebPage","@id":"https:\/\/wp.kristdemokraterna.se\/kalmarlan\/valfardsloftet-en-budget-for-vard-omsorg-och-trygghet\/","url":"https:\/\/wp.kristdemokraterna.se\/kalmarlan\/valfardsloftet-en-budget-for-vard-omsorg-och-trygghet\/","name":"V\u00e4lf\u00e4rdsl\u00f6ftet - En budget f\u00f6r v\u00e5rd, omsorg och trygghet - i Kalmar l\u00e4n","isPartOf":{"@id":"https:\/\/wp.kristdemokraterna.se\/kalmarlan\/#website"},"primaryImageOfPage":{"@id":"https:\/\/wp.kristdemokraterna.se\/kalmarlan\/valfardsloftet-en-budget-for-vard-omsorg-och-trygghet\/#primaryimage"},"image":{"@id":"https:\/\/wp.kristdemokraterna.se\/kalmarlan\/valfardsloftet-en-budget-for-vard-omsorg-och-trygghet\/#primaryimage"},"thumbnailUrl":"https:\/\/wp.kristdemokraterna.se\/kalmarlan\/files\/2017\/10\/iphone-image-f8630f.jpg","datePublished":"2017-10-02T19:47:58+00:00","dateModified":"2018-06-14T13:54:29+00:00","author":{"@id":"https:\/\/wp.kristdemokraterna.se\/kalmarlan\/#\/schema\/person\/a1856739934bf9c6a11fb258646ea2a5"},"breadcrumb":{"@id":"https:\/\/wp.kristdemokraterna.se\/kalmarlan\/valfardsloftet-en-budget-for-vard-omsorg-och-trygghet\/#breadcrumb"},"inLanguage":"sv-SE","potentialAction":[{"@type":"ReadAction","target":["https:\/\/wp.kristdemokraterna.se\/kalmarlan\/valfardsloftet-en-budget-for-vard-omsorg-och-trygghet\/"]}]},{"@type":"ImageObject","inLanguage":"sv-SE","@id":"https:\/\/wp.kristdemokraterna.se\/kalmarlan\/valfardsloftet-en-budget-for-vard-omsorg-och-trygghet\/#primaryimage","url":"https:\/\/wp.kristdemokraterna.se\/kalmarlan\/files\/2017\/10\/iphone-image-f8630f.jpg","contentUrl":"https:\/\/wp.kristdemokraterna.se\/kalmarlan\/files\/2017\/10\/iphone-image-f8630f.jpg","width":2209,"height":2032},{"@type":"BreadcrumbList","@id":"https:\/\/wp.kristdemokraterna.se\/kalmarlan\/valfardsloftet-en-budget-for-vard-omsorg-och-trygghet\/#breadcrumb","itemListElement":[{"@type":"ListItem","position":1,"name":"Hem","item":"https:\/\/wp.kristdemokraterna.se\/kalmarlan\/"},{"@type":"ListItem","position":2,"name":"V\u00e4lf\u00e4rdsl\u00f6ftet &#8211; En budget f\u00f6r v\u00e5rd, omsorg och trygghet"}]},{"@type":"WebSite","@id":"https:\/\/wp.kristdemokraterna.se\/kalmarlan\/#website","url":"https:\/\/wp.kristdemokraterna.se\/kalmarlan\/","name":"i Kalmar l\u00e4n","description":"","inLanguage":"sv-SE"},{"@type":"Person","@id":"https:\/\/wp.kristdemokraterna.se\/kalmarlan\/#\/schema\/person\/a1856739934bf9c6a11fb258646ea2a5","name":"kalmarlan","image":{"@type":"ImageObject","inLanguage":"sv-SE","@id":"https:\/\/secure.gravatar.com\/avatar\/ef1f7dcd1b21be34f0f3e58a032955c2de43794b20090a23118cd0e2a8964e6e?s=96&r=g","url":"https:\/\/secure.gravatar.com\/avatar\/ef1f7dcd1b21be34f0f3e58a032955c2de43794b20090a23118cd0e2a8964e6e?s=96&r=g","contentUrl":"https:\/\/secure.gravatar.com\/avatar\/ef1f7dcd1b21be34f0f3e58a032955c2de43794b20090a23118cd0e2a8964e6e?s=96&r=g","caption":"kalmarlan"},"url":"https:\/\/wp.kristdemokraterna.se\/kalmarlan\/author\/kalmarlan\/"}]}},"_links":{"self":[{"href":"https:\/\/wp.kristdemokraterna.se\/kalmarlan\/wp-json\/wp\/v2\/posts\/656","targetHints":{"allow":["GET"]}}],"collection":[{"href":"https:\/\/wp.kristdemokraterna.se\/kalmarlan\/wp-json\/wp\/v2\/posts"}],"about":[{"href":"https:\/\/wp.kristdemokraterna.se\/kalmarlan\/wp-json\/wp\/v2\/types\/post"}],"author":[{"embeddable":true,"href":"https:\/\/wp.kristdemokraterna.se\/kalmarlan\/wp-json\/wp\/v2\/users\/417"}],"replies":[{"embeddable":true,"href":"https:\/\/wp.kristdemokraterna.se\/kalmarlan\/wp-json\/wp\/v2\/comments?post=656"}],"version-history":[{"count":6,"href":"https:\/\/wp.kristdemokraterna.se\/kalmarlan\/wp-json\/wp\/v2\/posts\/656\/revisions"}],"predecessor-version":[{"id":704,"href":"https:\/\/wp.kristdemokraterna.se\/kalmarlan\/wp-json\/wp\/v2\/posts\/656\/revisions\/704"}],"wp:featuredmedia":[{"embeddable":true,"href":"https:\/\/wp.kristdemokraterna.se\/kalmarlan\/wp-json\/wp\/v2\/media\/657"}],"wp:attachment":[{"href":"https:\/\/wp.kristdemokraterna.se\/kalmarlan\/wp-json\/wp\/v2\/media?parent=656"}],"wp:term":[{"taxonomy":"category","embeddable":true,"href":"https:\/\/wp.kristdemokraterna.se\/kalmarlan\/wp-json\/wp\/v2\/categories?post=656"},{"taxonomy":"post_tag","embeddable":true,"href":"https:\/\/wp.kristdemokraterna.se\/kalmarlan\/wp-json\/wp\/v2\/tags?post=656"}],"curies":[{"name":"wp","href":"https:\/\/api.w.org\/{rel}","templated":true}]}}