{"id":665,"date":"2018-03-22T16:27:38","date_gmt":"2018-03-22T15:27:38","guid":{"rendered":"http:\/\/wp.kristdemokraterna.se\/kalmarlan\/?p=665"},"modified":"2018-06-14T15:25:04","modified_gmt":"2018-06-14T13:25:04","slug":"fixa-lss-haveriet-hallengren","status":"publish","type":"post","link":"https:\/\/wp.kristdemokraterna.se\/kalmarlan\/fixa-lss-haveriet-hallengren\/","title":{"rendered":"Fixa LSS-haveriet Hallengren!"},"content":{"rendered":"<p>F\u00f6rst vill jag rikta ett grattis till Lena Hallengren. Det \u00e4r s\u00e5klart roligt f\u00f6r hela l\u00e4net att en av \u201dv\u00e5ra\u201d nu innehar en ministerpost.\u00a0Det \u00e4r dock ett digert arbete som v\u00e4ntar.<\/p>\n<p>De senaste \u00e5ren har vi med v\u00e5nda sett hur LSS nedmonterats och m\u00e5nga har mer eller mindre f\u00e5tt sina liv f\u00f6rst\u00f6rda. Regeringen har skyllt p\u00e5 domar och fusk under tiden som politiken h\u00e5rdnat allt mer mot de som beh\u00f6ver samh\u00e4llets st\u00f6d allra mest.<!--more--><\/p>\n<p>F\u00f6r oss Kristdemokrater \u00e4r det tydligt att den nya r\u00e4ttspraxisen m\u00e5ste \u00e4ndras. Det m\u00e5ste \u00e5terigen vara ett grundl\u00e4ggande behov att f\u00e5 hj\u00e4lp att andas n\u00e4r halsen proppas igen av slem, eller att \u00e4ta via en sond n\u00e4r man inte kan \u00e4ta sj\u00e4lv. Rapporter fr\u00e5n Socialstyrelsen och F\u00f6rs\u00e4kringskassan ger mer \u00e4n tillr\u00e4ckligt underlag f\u00f6r en lag\u00e4ndring som \u00e5teruppr\u00e4ttar intentionen med LSS (Lagen om st\u00f6d och service):<\/p>\n<ul>\n<li>78 procent av de som har f\u00e5tt den statliga assistansen indragen har f\u00e5tt det utan att personernas hj\u00e4lpbehov har minskat.<\/li>\n<li>Den \u00f6kade ansvarsb\u00f6rdan f\u00f6r n\u00e4rst\u00e5ende riskerar att leda till psykisk oh\u00e4lsa hos n\u00e4rst\u00e5ende.<\/li>\n<li>M\u00f6jligheten till delaktighet och sj\u00e4lvbest\u00e4mmande riskerar minska f\u00f6r de personer som f\u00e5r andra insatser enligt LSS och Socialtj\u00e4nstlagen ist\u00e4llet f\u00f6r personlig assistans. D\u00e4rf\u00f6r bed\u00f6mer Socialstyrelsen att de enskildas egna behov troligen inte tillgodoses i samma utstr\u00e4ckning som n\u00e4r de hade eller kunde ha f\u00e5tt personlig assistans.<\/li>\n<\/ul>\n<p>Vi h\u00e5ller med regeringen om att kostnader som kan kopplas till fusk och brottslighet m\u00e5ste stoppas. Men det finns inget som visar att situationen otvetydigt \u00e4r v\u00e4rre inom LSS \u00e4n inom n\u00e5got annat v\u00e4lf\u00e4rdssystem. M\u00e5ndagen den 22\/1 s\u00e4nde Kalla Fakta inslaget \u201dSpelet om Assistansen\u201d. Granskningen g\u00f6r g\u00e4llande att regeringens fokusering p\u00e5 fusket f\u00f6r att r\u00e4ttf\u00e4rdiga neddragningarna inom LSS \u00e4r en del av en medveten strategi. Det \u00e4r sv\u00e5rt att inte misst\u00e4nka att de har r\u00e4tt.<\/p>\n<p>Regeringen har haft alla m\u00f6jligheter att l\u00e4gga fram f\u00f6rslag f\u00f6r att \u00e4ndra lagen, men under Socialutskottets \u00f6ppna utfr\u00e5gning den 30 januari klargjorde de att de inte har n\u00e5gon intention att agera.<\/p>\n<p>Hade regeringen lyssnat p\u00e5 oss Kristdemokrater och hela den samlade funktionshindersr\u00f6relsen s\u00e5 hade de lagt fram f\u00f6rslag till Riksdagen som syftar till att \u00e5teruppr\u00e4tta intentionen med LSS \u2013 inte bara att stoppa tv\u00e5\u00e5rsompr\u00f6vningarna. \u00c5tg\u00e4rden verkar mest avsedd att r\u00e4dda ansiktet p\u00e5 regeringen under valr\u00f6relsen.<\/p>\n<p>Fr\u00e5gan \u00e4r om Lena Hallengren har vilja eller m\u00f6jlighet att agera i en annan riktning \u00e4n vad hennes f\u00f6retr\u00e4dare \u00c5sa Regn\u00e9r gjorde?<\/p>\n<p>Vad t\u00e4nker du Lena Hallengren nu g\u00f6ra annorlunda f\u00f6r att ge m\u00e4nniskor sin v\u00e4rdighet tillbaka? Vad t\u00e4nker du om LSS-utredningen som har ett tydligt direktiv om att spara ytterligare pengar p\u00e5 LSS?<\/p>\n<p>En sak \u00e4r s\u00e4ker. Regeringens h\u00e5rdf\u00f6ra politik mot personer med funktionsvariationer kan hittills inte beskrivas som annat \u00e4n ett haveri.<\/p>\n<p>&nbsp;<\/p>\n<p>Jimmy Loord (KD)<\/p>\n<p>Riksdagskandidat Kalmar l\u00e4n<\/p>\n","protected":false},"excerpt":{"rendered":"<p>F\u00f6rst vill jag rikta ett grattis till Lena Hallengren. Det \u00e4r s\u00e5klart roligt f\u00f6r hela l\u00e4net att en av \u201dv\u00e5ra\u201d nu innehar en ministerpost.\u00a0Det \u00e4r dock ett digert arbete som v\u00e4ntar. De senaste \u00e5ren har vi med v\u00e5nda sett hur LSS nedmonterats och m\u00e5nga har mer eller mindre f\u00e5tt sina liv f\u00f6rst\u00f6rda. Regeringen har skyllt <a class=\"read-more-link\" href=\"https:\/\/wp.kristdemokraterna.se\/kalmarlan\/fixa-lss-haveriet-hallengren\/\">Read More<\/a><\/p>\n","protected":false},"author":417,"featured_media":666,"comment_status":"closed","ping_status":"closed","sticky":false,"template":"","format":"standard","meta":{"_acf_changed":false,"footnotes":""},"categories":[1],"tags":[],"class_list":["post-665","post","type-post","status-publish","format-standard","has-post-thumbnail","hentry","category-okategoriserade"],"acf":[],"yoast_head":"<!-- This site is optimized with the Yoast SEO plugin v27.4 - https:\/\/yoast.com\/product\/yoast-seo-wordpress\/ -->\n<title>Fixa LSS-haveriet Hallengren! - i Kalmar l\u00e4n<\/title>\n<meta name=\"robots\" content=\"index, follow, max-snippet:-1, max-image-preview:large, max-video-preview:-1\" \/>\n<link rel=\"canonical\" href=\"https:\/\/wp.kristdemokraterna.se\/kalmarlan\/fixa-lss-haveriet-hallengren\/\" \/>\n<meta property=\"og:locale\" content=\"sv_SE\" \/>\n<meta property=\"og:type\" content=\"article\" \/>\n<meta property=\"og:title\" content=\"Fixa LSS-haveriet Hallengren! - i Kalmar l\u00e4n\" \/>\n<meta property=\"og:description\" content=\"F\u00f6rst vill jag rikta ett grattis till Lena Hallengren. Det \u00e4r s\u00e5klart roligt f\u00f6r hela l\u00e4net att en av \u201dv\u00e5ra\u201d nu innehar en ministerpost.\u00a0Det \u00e4r dock ett digert arbete som v\u00e4ntar. De senaste \u00e5ren har vi med v\u00e5nda sett hur LSS nedmonterats och m\u00e5nga har mer eller mindre f\u00e5tt sina liv f\u00f6rst\u00f6rda. Regeringen har skyllt Read More\" \/>\n<meta property=\"og:url\" content=\"https:\/\/wp.kristdemokraterna.se\/kalmarlan\/fixa-lss-haveriet-hallengren\/\" \/>\n<meta property=\"og:site_name\" content=\"i Kalmar l\u00e4n\" \/>\n<meta property=\"article:published_time\" content=\"2018-03-22T15:27:38+00:00\" \/>\n<meta property=\"article:modified_time\" content=\"2018-06-14T13:25:04+00:00\" \/>\n<meta property=\"og:image\" content=\"https:\/\/wp.kristdemokraterna.se\/kalmarlan\/files\/2018\/03\/img_8143.jpg\" \/>\n\t<meta property=\"og:image:width\" content=\"2621\" \/>\n\t<meta property=\"og:image:height\" content=\"2797\" \/>\n\t<meta property=\"og:image:type\" content=\"image\/jpeg\" \/>\n<meta name=\"author\" content=\"kalmarlan\" \/>\n<meta name=\"twitter:card\" content=\"summary_large_image\" \/>\n<meta name=\"twitter:label1\" content=\"Skriven av\" \/>\n\t<meta name=\"twitter:data1\" content=\"kalmarlan\" \/>\n\t<meta name=\"twitter:label2\" content=\"Ber\u00e4knad l\u00e4stid\" \/>\n\t<meta name=\"twitter:data2\" content=\"3 minuter\" \/>\n<script type=\"application\/ld+json\" class=\"yoast-schema-graph\">{\"@context\":\"https:\\\/\\\/schema.org\",\"@graph\":[{\"@type\":\"Article\",\"@id\":\"https:\\\/\\\/wp.kristdemokraterna.se\\\/kalmarlan\\\/fixa-lss-haveriet-hallengren\\\/#article\",\"isPartOf\":{\"@id\":\"https:\\\/\\\/wp.kristdemokraterna.se\\\/kalmarlan\\\/fixa-lss-haveriet-hallengren\\\/\"},\"author\":{\"name\":\"kalmarlan\",\"@id\":\"https:\\\/\\\/wp.kristdemokraterna.se\\\/kalmarlan\\\/#\\\/schema\\\/person\\\/a1856739934bf9c6a11fb258646ea2a5\"},\"headline\":\"Fixa LSS-haveriet Hallengren!\",\"datePublished\":\"2018-03-22T15:27:38+00:00\",\"dateModified\":\"2018-06-14T13:25:04+00:00\",\"mainEntityOfPage\":{\"@id\":\"https:\\\/\\\/wp.kristdemokraterna.se\\\/kalmarlan\\\/fixa-lss-haveriet-hallengren\\\/\"},\"wordCount\":550,\"image\":{\"@id\":\"https:\\\/\\\/wp.kristdemokraterna.se\\\/kalmarlan\\\/fixa-lss-haveriet-hallengren\\\/#primaryimage\"},\"thumbnailUrl\":\"https:\\\/\\\/wp.kristdemokraterna.se\\\/kalmarlan\\\/files\\\/2018\\\/03\\\/img_8143.jpg\",\"inLanguage\":\"sv-SE\"},{\"@type\":\"WebPage\",\"@id\":\"https:\\\/\\\/wp.kristdemokraterna.se\\\/kalmarlan\\\/fixa-lss-haveriet-hallengren\\\/\",\"url\":\"https:\\\/\\\/wp.kristdemokraterna.se\\\/kalmarlan\\\/fixa-lss-haveriet-hallengren\\\/\",\"name\":\"Fixa LSS-haveriet Hallengren! - i Kalmar l\u00e4n\",\"isPartOf\":{\"@id\":\"https:\\\/\\\/wp.kristdemokraterna.se\\\/kalmarlan\\\/#website\"},\"primaryImageOfPage\":{\"@id\":\"https:\\\/\\\/wp.kristdemokraterna.se\\\/kalmarlan\\\/fixa-lss-haveriet-hallengren\\\/#primaryimage\"},\"image\":{\"@id\":\"https:\\\/\\\/wp.kristdemokraterna.se\\\/kalmarlan\\\/fixa-lss-haveriet-hallengren\\\/#primaryimage\"},\"thumbnailUrl\":\"https:\\\/\\\/wp.kristdemokraterna.se\\\/kalmarlan\\\/files\\\/2018\\\/03\\\/img_8143.jpg\",\"datePublished\":\"2018-03-22T15:27:38+00:00\",\"dateModified\":\"2018-06-14T13:25:04+00:00\",\"author\":{\"@id\":\"https:\\\/\\\/wp.kristdemokraterna.se\\\/kalmarlan\\\/#\\\/schema\\\/person\\\/a1856739934bf9c6a11fb258646ea2a5\"},\"breadcrumb\":{\"@id\":\"https:\\\/\\\/wp.kristdemokraterna.se\\\/kalmarlan\\\/fixa-lss-haveriet-hallengren\\\/#breadcrumb\"},\"inLanguage\":\"sv-SE\",\"potentialAction\":[{\"@type\":\"ReadAction\",\"target\":[\"https:\\\/\\\/wp.kristdemokraterna.se\\\/kalmarlan\\\/fixa-lss-haveriet-hallengren\\\/\"]}]},{\"@type\":\"ImageObject\",\"inLanguage\":\"sv-SE\",\"@id\":\"https:\\\/\\\/wp.kristdemokraterna.se\\\/kalmarlan\\\/fixa-lss-haveriet-hallengren\\\/#primaryimage\",\"url\":\"https:\\\/\\\/wp.kristdemokraterna.se\\\/kalmarlan\\\/files\\\/2018\\\/03\\\/img_8143.jpg\",\"contentUrl\":\"https:\\\/\\\/wp.kristdemokraterna.se\\\/kalmarlan\\\/files\\\/2018\\\/03\\\/img_8143.jpg\",\"width\":2621,\"height\":2797},{\"@type\":\"BreadcrumbList\",\"@id\":\"https:\\\/\\\/wp.kristdemokraterna.se\\\/kalmarlan\\\/fixa-lss-haveriet-hallengren\\\/#breadcrumb\",\"itemListElement\":[{\"@type\":\"ListItem\",\"position\":1,\"name\":\"Hem\",\"item\":\"https:\\\/\\\/wp.kristdemokraterna.se\\\/kalmarlan\\\/\"},{\"@type\":\"ListItem\",\"position\":2,\"name\":\"Fixa LSS-haveriet Hallengren!\"}]},{\"@type\":\"WebSite\",\"@id\":\"https:\\\/\\\/wp.kristdemokraterna.se\\\/kalmarlan\\\/#website\",\"url\":\"https:\\\/\\\/wp.kristdemokraterna.se\\\/kalmarlan\\\/\",\"name\":\"i Kalmar l\u00e4n\",\"description\":\"\",\"inLanguage\":\"sv-SE\"},{\"@type\":\"Person\",\"@id\":\"https:\\\/\\\/wp.kristdemokraterna.se\\\/kalmarlan\\\/#\\\/schema\\\/person\\\/a1856739934bf9c6a11fb258646ea2a5\",\"name\":\"kalmarlan\",\"image\":{\"@type\":\"ImageObject\",\"inLanguage\":\"sv-SE\",\"@id\":\"https:\\\/\\\/secure.gravatar.com\\\/avatar\\\/ef1f7dcd1b21be34f0f3e58a032955c2de43794b20090a23118cd0e2a8964e6e?s=96&r=g\",\"url\":\"https:\\\/\\\/secure.gravatar.com\\\/avatar\\\/ef1f7dcd1b21be34f0f3e58a032955c2de43794b20090a23118cd0e2a8964e6e?s=96&r=g\",\"contentUrl\":\"https:\\\/\\\/secure.gravatar.com\\\/avatar\\\/ef1f7dcd1b21be34f0f3e58a032955c2de43794b20090a23118cd0e2a8964e6e?s=96&r=g\",\"caption\":\"kalmarlan\"},\"url\":\"https:\\\/\\\/wp.kristdemokraterna.se\\\/kalmarlan\\\/author\\\/kalmarlan\\\/\"}]}<\/script>\n<!-- \/ Yoast SEO plugin. -->","yoast_head_json":{"title":"Fixa LSS-haveriet Hallengren! - i Kalmar l\u00e4n","robots":{"index":"index","follow":"follow","max-snippet":"max-snippet:-1","max-image-preview":"max-image-preview:large","max-video-preview":"max-video-preview:-1"},"canonical":"https:\/\/wp.kristdemokraterna.se\/kalmarlan\/fixa-lss-haveriet-hallengren\/","og_locale":"sv_SE","og_type":"article","og_title":"Fixa LSS-haveriet Hallengren! - i Kalmar l\u00e4n","og_description":"F\u00f6rst vill jag rikta ett grattis till Lena Hallengren. Det \u00e4r s\u00e5klart roligt f\u00f6r hela l\u00e4net att en av \u201dv\u00e5ra\u201d nu innehar en ministerpost.\u00a0Det \u00e4r dock ett digert arbete som v\u00e4ntar. De senaste \u00e5ren har vi med v\u00e5nda sett hur LSS nedmonterats och m\u00e5nga har mer eller mindre f\u00e5tt sina liv f\u00f6rst\u00f6rda. Regeringen har skyllt Read More","og_url":"https:\/\/wp.kristdemokraterna.se\/kalmarlan\/fixa-lss-haveriet-hallengren\/","og_site_name":"i Kalmar l\u00e4n","article_published_time":"2018-03-22T15:27:38+00:00","article_modified_time":"2018-06-14T13:25:04+00:00","og_image":[{"width":2621,"height":2797,"url":"https:\/\/wp.kristdemokraterna.se\/kalmarlan\/files\/2018\/03\/img_8143.jpg","type":"image\/jpeg"}],"author":"kalmarlan","twitter_card":"summary_large_image","twitter_misc":{"Skriven av":"kalmarlan","Ber\u00e4knad l\u00e4stid":"3 minuter"},"schema":{"@context":"https:\/\/schema.org","@graph":[{"@type":"Article","@id":"https:\/\/wp.kristdemokraterna.se\/kalmarlan\/fixa-lss-haveriet-hallengren\/#article","isPartOf":{"@id":"https:\/\/wp.kristdemokraterna.se\/kalmarlan\/fixa-lss-haveriet-hallengren\/"},"author":{"name":"kalmarlan","@id":"https:\/\/wp.kristdemokraterna.se\/kalmarlan\/#\/schema\/person\/a1856739934bf9c6a11fb258646ea2a5"},"headline":"Fixa LSS-haveriet Hallengren!","datePublished":"2018-03-22T15:27:38+00:00","dateModified":"2018-06-14T13:25:04+00:00","mainEntityOfPage":{"@id":"https:\/\/wp.kristdemokraterna.se\/kalmarlan\/fixa-lss-haveriet-hallengren\/"},"wordCount":550,"image":{"@id":"https:\/\/wp.kristdemokraterna.se\/kalmarlan\/fixa-lss-haveriet-hallengren\/#primaryimage"},"thumbnailUrl":"https:\/\/wp.kristdemokraterna.se\/kalmarlan\/files\/2018\/03\/img_8143.jpg","inLanguage":"sv-SE"},{"@type":"WebPage","@id":"https:\/\/wp.kristdemokraterna.se\/kalmarlan\/fixa-lss-haveriet-hallengren\/","url":"https:\/\/wp.kristdemokraterna.se\/kalmarlan\/fixa-lss-haveriet-hallengren\/","name":"Fixa LSS-haveriet Hallengren! - i Kalmar l\u00e4n","isPartOf":{"@id":"https:\/\/wp.kristdemokraterna.se\/kalmarlan\/#website"},"primaryImageOfPage":{"@id":"https:\/\/wp.kristdemokraterna.se\/kalmarlan\/fixa-lss-haveriet-hallengren\/#primaryimage"},"image":{"@id":"https:\/\/wp.kristdemokraterna.se\/kalmarlan\/fixa-lss-haveriet-hallengren\/#primaryimage"},"thumbnailUrl":"https:\/\/wp.kristdemokraterna.se\/kalmarlan\/files\/2018\/03\/img_8143.jpg","datePublished":"2018-03-22T15:27:38+00:00","dateModified":"2018-06-14T13:25:04+00:00","author":{"@id":"https:\/\/wp.kristdemokraterna.se\/kalmarlan\/#\/schema\/person\/a1856739934bf9c6a11fb258646ea2a5"},"breadcrumb":{"@id":"https:\/\/wp.kristdemokraterna.se\/kalmarlan\/fixa-lss-haveriet-hallengren\/#breadcrumb"},"inLanguage":"sv-SE","potentialAction":[{"@type":"ReadAction","target":["https:\/\/wp.kristdemokraterna.se\/kalmarlan\/fixa-lss-haveriet-hallengren\/"]}]},{"@type":"ImageObject","inLanguage":"sv-SE","@id":"https:\/\/wp.kristdemokraterna.se\/kalmarlan\/fixa-lss-haveriet-hallengren\/#primaryimage","url":"https:\/\/wp.kristdemokraterna.se\/kalmarlan\/files\/2018\/03\/img_8143.jpg","contentUrl":"https:\/\/wp.kristdemokraterna.se\/kalmarlan\/files\/2018\/03\/img_8143.jpg","width":2621,"height":2797},{"@type":"BreadcrumbList","@id":"https:\/\/wp.kristdemokraterna.se\/kalmarlan\/fixa-lss-haveriet-hallengren\/#breadcrumb","itemListElement":[{"@type":"ListItem","position":1,"name":"Hem","item":"https:\/\/wp.kristdemokraterna.se\/kalmarlan\/"},{"@type":"ListItem","position":2,"name":"Fixa LSS-haveriet Hallengren!"}]},{"@type":"WebSite","@id":"https:\/\/wp.kristdemokraterna.se\/kalmarlan\/#website","url":"https:\/\/wp.kristdemokraterna.se\/kalmarlan\/","name":"i Kalmar l\u00e4n","description":"","inLanguage":"sv-SE"},{"@type":"Person","@id":"https:\/\/wp.kristdemokraterna.se\/kalmarlan\/#\/schema\/person\/a1856739934bf9c6a11fb258646ea2a5","name":"kalmarlan","image":{"@type":"ImageObject","inLanguage":"sv-SE","@id":"https:\/\/secure.gravatar.com\/avatar\/ef1f7dcd1b21be34f0f3e58a032955c2de43794b20090a23118cd0e2a8964e6e?s=96&r=g","url":"https:\/\/secure.gravatar.com\/avatar\/ef1f7dcd1b21be34f0f3e58a032955c2de43794b20090a23118cd0e2a8964e6e?s=96&r=g","contentUrl":"https:\/\/secure.gravatar.com\/avatar\/ef1f7dcd1b21be34f0f3e58a032955c2de43794b20090a23118cd0e2a8964e6e?s=96&r=g","caption":"kalmarlan"},"url":"https:\/\/wp.kristdemokraterna.se\/kalmarlan\/author\/kalmarlan\/"}]}},"_links":{"self":[{"href":"https:\/\/wp.kristdemokraterna.se\/kalmarlan\/wp-json\/wp\/v2\/posts\/665","targetHints":{"allow":["GET"]}}],"collection":[{"href":"https:\/\/wp.kristdemokraterna.se\/kalmarlan\/wp-json\/wp\/v2\/posts"}],"about":[{"href":"https:\/\/wp.kristdemokraterna.se\/kalmarlan\/wp-json\/wp\/v2\/types\/post"}],"author":[{"embeddable":true,"href":"https:\/\/wp.kristdemokraterna.se\/kalmarlan\/wp-json\/wp\/v2\/users\/417"}],"replies":[{"embeddable":true,"href":"https:\/\/wp.kristdemokraterna.se\/kalmarlan\/wp-json\/wp\/v2\/comments?post=665"}],"version-history":[{"count":3,"href":"https:\/\/wp.kristdemokraterna.se\/kalmarlan\/wp-json\/wp\/v2\/posts\/665\/revisions"}],"predecessor-version":[{"id":687,"href":"https:\/\/wp.kristdemokraterna.se\/kalmarlan\/wp-json\/wp\/v2\/posts\/665\/revisions\/687"}],"wp:featuredmedia":[{"embeddable":true,"href":"https:\/\/wp.kristdemokraterna.se\/kalmarlan\/wp-json\/wp\/v2\/media\/666"}],"wp:attachment":[{"href":"https:\/\/wp.kristdemokraterna.se\/kalmarlan\/wp-json\/wp\/v2\/media?parent=665"}],"wp:term":[{"taxonomy":"category","embeddable":true,"href":"https:\/\/wp.kristdemokraterna.se\/kalmarlan\/wp-json\/wp\/v2\/categories?post=665"},{"taxonomy":"post_tag","embeddable":true,"href":"https:\/\/wp.kristdemokraterna.se\/kalmarlan\/wp-json\/wp\/v2\/tags?post=665"}],"curies":[{"name":"wp","href":"https:\/\/api.w.org\/{rel}","templated":true}]}}