{"id":779,"date":"2020-09-10T10:10:48","date_gmt":"2020-09-10T08:10:48","guid":{"rendered":"http:\/\/wp.kristdemokraterna.se\/kalmarlan\/?p=779"},"modified":"2020-09-10T10:18:59","modified_gmt":"2020-09-10T08:18:59","slug":"daniel-braw-ny-politisk-sekreterare-for-kd-2","status":"publish","type":"post","link":"https:\/\/wp.kristdemokraterna.se\/kalmarlan\/daniel-braw-ny-politisk-sekreterare-for-kd-2\/","title":{"rendered":"Daniel Braw ny politisk sekreterare f\u00f6r KD!"},"content":{"rendered":"<p><strong>Han l\u00e4mnar nu jobbet som ledarskribent p\u00e5 Barometern\/OT och blir ny medarbetare f\u00f6r KD i Kalmar l\u00e4n.<\/strong><!--more--><\/p>\n<p>Idag har vi f\u00f6rm\u00e5nen att h\u00e4lsa Daniel Braw v\u00e4lkommen som ny politisk sekreterare f\u00f6r KD Region Kalmar l\u00e4n. Vi \u00e4r oerh\u00f6rt glada att Daniel valt att arbeta tillsammans med oss. Daniel \u00e4r en erk\u00e4nt duktig politisk analytiker och en av landets b\u00e4sta ledarskribenter. Att vi nu st\u00e4rker v\u00e5rt lag p\u00e5 det h\u00e4r s\u00e4ttet \u00e4r fantastiskt kul och b\u00e4ddar f\u00f6r en sp\u00e4nnande valr\u00f6relse, s\u00e4ger Jimmy Loord, distriktsordf\u00f6rande och gruppledare f\u00f6r KD i Region Kalmar l\u00e4n<\/p>\n<p>&nbsp;<\/p>\n<p>Jag har l\u00e4nge haft ett stort intresse f\u00f6r de fr\u00e5gor regionen ansvarar f\u00f6r och deras betydelse har \u00f6kat i och med coronakrisen. Det ska bli v\u00e4ldigt sp\u00e4nnande att f\u00e5 bidra till Kristdemokraternas politikutveckling inom sjukv\u00e5rd, kollektivtrafik och regional tillv\u00e4xt, s\u00e4ger Daniel Braw i en kommentar efter dagens presskonferens.<\/p>\n","protected":false},"excerpt":{"rendered":"<p>Han l\u00e4mnar nu jobbet som ledarskribent p\u00e5 Barometern\/OT och blir ny medarbetare f\u00f6r KD i Kalmar l\u00e4n.<\/p>\n","protected":false},"author":417,"featured_media":781,"comment_status":"closed","ping_status":"closed","sticky":false,"template":"","format":"standard","meta":{"_acf_changed":false,"footnotes":""},"categories":[3],"tags":[],"class_list":["post-779","post","type-post","status-publish","format-standard","has-post-thumbnail","hentry","category-pressmeddelande"],"acf":[],"yoast_head":"<!-- This site is optimized with the Yoast SEO plugin v27.4 - https:\/\/yoast.com\/product\/yoast-seo-wordpress\/ -->\n<title>Daniel Braw ny politisk sekreterare f\u00f6r KD! - i Kalmar l\u00e4n<\/title>\n<meta name=\"robots\" content=\"index, follow, max-snippet:-1, max-image-preview:large, max-video-preview:-1\" \/>\n<link rel=\"canonical\" href=\"https:\/\/wp.kristdemokraterna.se\/kalmarlan\/daniel-braw-ny-politisk-sekreterare-for-kd-2\/\" \/>\n<meta property=\"og:locale\" content=\"sv_SE\" \/>\n<meta property=\"og:type\" content=\"article\" \/>\n<meta property=\"og:title\" content=\"Daniel Braw ny politisk sekreterare f\u00f6r KD! - i Kalmar l\u00e4n\" \/>\n<meta property=\"og:description\" content=\"Han l\u00e4mnar nu jobbet som ledarskribent p\u00e5 Barometern\/OT och blir ny medarbetare f\u00f6r KD i Kalmar l\u00e4n.\" \/>\n<meta property=\"og:url\" content=\"https:\/\/wp.kristdemokraterna.se\/kalmarlan\/daniel-braw-ny-politisk-sekreterare-for-kd-2\/\" \/>\n<meta property=\"og:site_name\" content=\"i Kalmar l\u00e4n\" \/>\n<meta property=\"article:published_time\" content=\"2020-09-10T08:10:48+00:00\" \/>\n<meta property=\"article:modified_time\" content=\"2020-09-10T08:18:59+00:00\" \/>\n<meta property=\"og:image\" content=\"https:\/\/wp.kristdemokraterna.se\/kalmarlan\/files\/2020\/09\/iphone-image-7be4bd-scaled.jpg\" \/>\n\t<meta property=\"og:image:width\" content=\"2560\" \/>\n\t<meta property=\"og:image:height\" content=\"1994\" \/>\n\t<meta property=\"og:image:type\" content=\"image\/jpeg\" \/>\n<meta name=\"author\" content=\"kalmarlan\" \/>\n<meta name=\"twitter:card\" content=\"summary_large_image\" \/>\n<meta name=\"twitter:label1\" content=\"Skriven av\" \/>\n\t<meta name=\"twitter:data1\" content=\"kalmarlan\" \/>\n\t<meta name=\"twitter:label2\" content=\"Ber\u00e4knad l\u00e4stid\" \/>\n\t<meta name=\"twitter:data2\" content=\"1 minut\" \/>\n<script type=\"application\/ld+json\" class=\"yoast-schema-graph\">{\"@context\":\"https:\\\/\\\/schema.org\",\"@graph\":[{\"@type\":\"Article\",\"@id\":\"https:\\\/\\\/wp.kristdemokraterna.se\\\/kalmarlan\\\/daniel-braw-ny-politisk-sekreterare-for-kd-2\\\/#article\",\"isPartOf\":{\"@id\":\"https:\\\/\\\/wp.kristdemokraterna.se\\\/kalmarlan\\\/daniel-braw-ny-politisk-sekreterare-for-kd-2\\\/\"},\"author\":{\"name\":\"kalmarlan\",\"@id\":\"https:\\\/\\\/wp.kristdemokraterna.se\\\/kalmarlan\\\/#\\\/schema\\\/person\\\/a1856739934bf9c6a11fb258646ea2a5\"},\"headline\":\"Daniel Braw ny politisk sekreterare f\u00f6r KD!\",\"datePublished\":\"2020-09-10T08:10:48+00:00\",\"dateModified\":\"2020-09-10T08:18:59+00:00\",\"mainEntityOfPage\":{\"@id\":\"https:\\\/\\\/wp.kristdemokraterna.se\\\/kalmarlan\\\/daniel-braw-ny-politisk-sekreterare-for-kd-2\\\/\"},\"wordCount\":182,\"image\":{\"@id\":\"https:\\\/\\\/wp.kristdemokraterna.se\\\/kalmarlan\\\/daniel-braw-ny-politisk-sekreterare-for-kd-2\\\/#primaryimage\"},\"thumbnailUrl\":\"https:\\\/\\\/wp.kristdemokraterna.se\\\/kalmarlan\\\/files\\\/2020\\\/09\\\/iphone-image-7be4bd-scaled.jpg\",\"articleSection\":[\"Pressmeddelande\"],\"inLanguage\":\"sv-SE\"},{\"@type\":\"WebPage\",\"@id\":\"https:\\\/\\\/wp.kristdemokraterna.se\\\/kalmarlan\\\/daniel-braw-ny-politisk-sekreterare-for-kd-2\\\/\",\"url\":\"https:\\\/\\\/wp.kristdemokraterna.se\\\/kalmarlan\\\/daniel-braw-ny-politisk-sekreterare-for-kd-2\\\/\",\"name\":\"Daniel Braw ny politisk sekreterare f\u00f6r KD! - i Kalmar l\u00e4n\",\"isPartOf\":{\"@id\":\"https:\\\/\\\/wp.kristdemokraterna.se\\\/kalmarlan\\\/#website\"},\"primaryImageOfPage\":{\"@id\":\"https:\\\/\\\/wp.kristdemokraterna.se\\\/kalmarlan\\\/daniel-braw-ny-politisk-sekreterare-for-kd-2\\\/#primaryimage\"},\"image\":{\"@id\":\"https:\\\/\\\/wp.kristdemokraterna.se\\\/kalmarlan\\\/daniel-braw-ny-politisk-sekreterare-for-kd-2\\\/#primaryimage\"},\"thumbnailUrl\":\"https:\\\/\\\/wp.kristdemokraterna.se\\\/kalmarlan\\\/files\\\/2020\\\/09\\\/iphone-image-7be4bd-scaled.jpg\",\"datePublished\":\"2020-09-10T08:10:48+00:00\",\"dateModified\":\"2020-09-10T08:18:59+00:00\",\"author\":{\"@id\":\"https:\\\/\\\/wp.kristdemokraterna.se\\\/kalmarlan\\\/#\\\/schema\\\/person\\\/a1856739934bf9c6a11fb258646ea2a5\"},\"breadcrumb\":{\"@id\":\"https:\\\/\\\/wp.kristdemokraterna.se\\\/kalmarlan\\\/daniel-braw-ny-politisk-sekreterare-for-kd-2\\\/#breadcrumb\"},\"inLanguage\":\"sv-SE\",\"potentialAction\":[{\"@type\":\"ReadAction\",\"target\":[\"https:\\\/\\\/wp.kristdemokraterna.se\\\/kalmarlan\\\/daniel-braw-ny-politisk-sekreterare-for-kd-2\\\/\"]}]},{\"@type\":\"ImageObject\",\"inLanguage\":\"sv-SE\",\"@id\":\"https:\\\/\\\/wp.kristdemokraterna.se\\\/kalmarlan\\\/daniel-braw-ny-politisk-sekreterare-for-kd-2\\\/#primaryimage\",\"url\":\"https:\\\/\\\/wp.kristdemokraterna.se\\\/kalmarlan\\\/files\\\/2020\\\/09\\\/iphone-image-7be4bd-scaled.jpg\",\"contentUrl\":\"https:\\\/\\\/wp.kristdemokraterna.se\\\/kalmarlan\\\/files\\\/2020\\\/09\\\/iphone-image-7be4bd-scaled.jpg\",\"width\":2560,\"height\":1994},{\"@type\":\"BreadcrumbList\",\"@id\":\"https:\\\/\\\/wp.kristdemokraterna.se\\\/kalmarlan\\\/daniel-braw-ny-politisk-sekreterare-for-kd-2\\\/#breadcrumb\",\"itemListElement\":[{\"@type\":\"ListItem\",\"position\":1,\"name\":\"Hem\",\"item\":\"https:\\\/\\\/wp.kristdemokraterna.se\\\/kalmarlan\\\/\"},{\"@type\":\"ListItem\",\"position\":2,\"name\":\"Daniel Braw ny politisk sekreterare f\u00f6r KD!\"}]},{\"@type\":\"WebSite\",\"@id\":\"https:\\\/\\\/wp.kristdemokraterna.se\\\/kalmarlan\\\/#website\",\"url\":\"https:\\\/\\\/wp.kristdemokraterna.se\\\/kalmarlan\\\/\",\"name\":\"i Kalmar l\u00e4n\",\"description\":\"\",\"inLanguage\":\"sv-SE\"},{\"@type\":\"Person\",\"@id\":\"https:\\\/\\\/wp.kristdemokraterna.se\\\/kalmarlan\\\/#\\\/schema\\\/person\\\/a1856739934bf9c6a11fb258646ea2a5\",\"name\":\"kalmarlan\",\"image\":{\"@type\":\"ImageObject\",\"inLanguage\":\"sv-SE\",\"@id\":\"https:\\\/\\\/secure.gravatar.com\\\/avatar\\\/ef1f7dcd1b21be34f0f3e58a032955c2de43794b20090a23118cd0e2a8964e6e?s=96&r=g\",\"url\":\"https:\\\/\\\/secure.gravatar.com\\\/avatar\\\/ef1f7dcd1b21be34f0f3e58a032955c2de43794b20090a23118cd0e2a8964e6e?s=96&r=g\",\"contentUrl\":\"https:\\\/\\\/secure.gravatar.com\\\/avatar\\\/ef1f7dcd1b21be34f0f3e58a032955c2de43794b20090a23118cd0e2a8964e6e?s=96&r=g\",\"caption\":\"kalmarlan\"},\"url\":\"https:\\\/\\\/wp.kristdemokraterna.se\\\/kalmarlan\\\/author\\\/kalmarlan\\\/\"}]}<\/script>\n<!-- \/ Yoast SEO plugin. -->","yoast_head_json":{"title":"Daniel Braw ny politisk sekreterare f\u00f6r KD! - i Kalmar l\u00e4n","robots":{"index":"index","follow":"follow","max-snippet":"max-snippet:-1","max-image-preview":"max-image-preview:large","max-video-preview":"max-video-preview:-1"},"canonical":"https:\/\/wp.kristdemokraterna.se\/kalmarlan\/daniel-braw-ny-politisk-sekreterare-for-kd-2\/","og_locale":"sv_SE","og_type":"article","og_title":"Daniel Braw ny politisk sekreterare f\u00f6r KD! - i Kalmar l\u00e4n","og_description":"Han l\u00e4mnar nu jobbet som ledarskribent p\u00e5 Barometern\/OT och blir ny medarbetare f\u00f6r KD i Kalmar l\u00e4n.","og_url":"https:\/\/wp.kristdemokraterna.se\/kalmarlan\/daniel-braw-ny-politisk-sekreterare-for-kd-2\/","og_site_name":"i Kalmar l\u00e4n","article_published_time":"2020-09-10T08:10:48+00:00","article_modified_time":"2020-09-10T08:18:59+00:00","og_image":[{"width":2560,"height":1994,"url":"https:\/\/wp.kristdemokraterna.se\/kalmarlan\/files\/2020\/09\/iphone-image-7be4bd-scaled.jpg","type":"image\/jpeg"}],"author":"kalmarlan","twitter_card":"summary_large_image","twitter_misc":{"Skriven av":"kalmarlan","Ber\u00e4knad l\u00e4stid":"1 minut"},"schema":{"@context":"https:\/\/schema.org","@graph":[{"@type":"Article","@id":"https:\/\/wp.kristdemokraterna.se\/kalmarlan\/daniel-braw-ny-politisk-sekreterare-for-kd-2\/#article","isPartOf":{"@id":"https:\/\/wp.kristdemokraterna.se\/kalmarlan\/daniel-braw-ny-politisk-sekreterare-for-kd-2\/"},"author":{"name":"kalmarlan","@id":"https:\/\/wp.kristdemokraterna.se\/kalmarlan\/#\/schema\/person\/a1856739934bf9c6a11fb258646ea2a5"},"headline":"Daniel Braw ny politisk sekreterare f\u00f6r KD!","datePublished":"2020-09-10T08:10:48+00:00","dateModified":"2020-09-10T08:18:59+00:00","mainEntityOfPage":{"@id":"https:\/\/wp.kristdemokraterna.se\/kalmarlan\/daniel-braw-ny-politisk-sekreterare-for-kd-2\/"},"wordCount":182,"image":{"@id":"https:\/\/wp.kristdemokraterna.se\/kalmarlan\/daniel-braw-ny-politisk-sekreterare-for-kd-2\/#primaryimage"},"thumbnailUrl":"https:\/\/wp.kristdemokraterna.se\/kalmarlan\/files\/2020\/09\/iphone-image-7be4bd-scaled.jpg","articleSection":["Pressmeddelande"],"inLanguage":"sv-SE"},{"@type":"WebPage","@id":"https:\/\/wp.kristdemokraterna.se\/kalmarlan\/daniel-braw-ny-politisk-sekreterare-for-kd-2\/","url":"https:\/\/wp.kristdemokraterna.se\/kalmarlan\/daniel-braw-ny-politisk-sekreterare-for-kd-2\/","name":"Daniel Braw ny politisk sekreterare f\u00f6r KD! - i Kalmar l\u00e4n","isPartOf":{"@id":"https:\/\/wp.kristdemokraterna.se\/kalmarlan\/#website"},"primaryImageOfPage":{"@id":"https:\/\/wp.kristdemokraterna.se\/kalmarlan\/daniel-braw-ny-politisk-sekreterare-for-kd-2\/#primaryimage"},"image":{"@id":"https:\/\/wp.kristdemokraterna.se\/kalmarlan\/daniel-braw-ny-politisk-sekreterare-for-kd-2\/#primaryimage"},"thumbnailUrl":"https:\/\/wp.kristdemokraterna.se\/kalmarlan\/files\/2020\/09\/iphone-image-7be4bd-scaled.jpg","datePublished":"2020-09-10T08:10:48+00:00","dateModified":"2020-09-10T08:18:59+00:00","author":{"@id":"https:\/\/wp.kristdemokraterna.se\/kalmarlan\/#\/schema\/person\/a1856739934bf9c6a11fb258646ea2a5"},"breadcrumb":{"@id":"https:\/\/wp.kristdemokraterna.se\/kalmarlan\/daniel-braw-ny-politisk-sekreterare-for-kd-2\/#breadcrumb"},"inLanguage":"sv-SE","potentialAction":[{"@type":"ReadAction","target":["https:\/\/wp.kristdemokraterna.se\/kalmarlan\/daniel-braw-ny-politisk-sekreterare-for-kd-2\/"]}]},{"@type":"ImageObject","inLanguage":"sv-SE","@id":"https:\/\/wp.kristdemokraterna.se\/kalmarlan\/daniel-braw-ny-politisk-sekreterare-for-kd-2\/#primaryimage","url":"https:\/\/wp.kristdemokraterna.se\/kalmarlan\/files\/2020\/09\/iphone-image-7be4bd-scaled.jpg","contentUrl":"https:\/\/wp.kristdemokraterna.se\/kalmarlan\/files\/2020\/09\/iphone-image-7be4bd-scaled.jpg","width":2560,"height":1994},{"@type":"BreadcrumbList","@id":"https:\/\/wp.kristdemokraterna.se\/kalmarlan\/daniel-braw-ny-politisk-sekreterare-for-kd-2\/#breadcrumb","itemListElement":[{"@type":"ListItem","position":1,"name":"Hem","item":"https:\/\/wp.kristdemokraterna.se\/kalmarlan\/"},{"@type":"ListItem","position":2,"name":"Daniel Braw ny politisk sekreterare f\u00f6r KD!"}]},{"@type":"WebSite","@id":"https:\/\/wp.kristdemokraterna.se\/kalmarlan\/#website","url":"https:\/\/wp.kristdemokraterna.se\/kalmarlan\/","name":"i Kalmar l\u00e4n","description":"","inLanguage":"sv-SE"},{"@type":"Person","@id":"https:\/\/wp.kristdemokraterna.se\/kalmarlan\/#\/schema\/person\/a1856739934bf9c6a11fb258646ea2a5","name":"kalmarlan","image":{"@type":"ImageObject","inLanguage":"sv-SE","@id":"https:\/\/secure.gravatar.com\/avatar\/ef1f7dcd1b21be34f0f3e58a032955c2de43794b20090a23118cd0e2a8964e6e?s=96&r=g","url":"https:\/\/secure.gravatar.com\/avatar\/ef1f7dcd1b21be34f0f3e58a032955c2de43794b20090a23118cd0e2a8964e6e?s=96&r=g","contentUrl":"https:\/\/secure.gravatar.com\/avatar\/ef1f7dcd1b21be34f0f3e58a032955c2de43794b20090a23118cd0e2a8964e6e?s=96&r=g","caption":"kalmarlan"},"url":"https:\/\/wp.kristdemokraterna.se\/kalmarlan\/author\/kalmarlan\/"}]}},"_links":{"self":[{"href":"https:\/\/wp.kristdemokraterna.se\/kalmarlan\/wp-json\/wp\/v2\/posts\/779","targetHints":{"allow":["GET"]}}],"collection":[{"href":"https:\/\/wp.kristdemokraterna.se\/kalmarlan\/wp-json\/wp\/v2\/posts"}],"about":[{"href":"https:\/\/wp.kristdemokraterna.se\/kalmarlan\/wp-json\/wp\/v2\/types\/post"}],"author":[{"embeddable":true,"href":"https:\/\/wp.kristdemokraterna.se\/kalmarlan\/wp-json\/wp\/v2\/users\/417"}],"replies":[{"embeddable":true,"href":"https:\/\/wp.kristdemokraterna.se\/kalmarlan\/wp-json\/wp\/v2\/comments?post=779"}],"version-history":[{"count":3,"href":"https:\/\/wp.kristdemokraterna.se\/kalmarlan\/wp-json\/wp\/v2\/posts\/779\/revisions"}],"predecessor-version":[{"id":796,"href":"https:\/\/wp.kristdemokraterna.se\/kalmarlan\/wp-json\/wp\/v2\/posts\/779\/revisions\/796"}],"wp:featuredmedia":[{"embeddable":true,"href":"https:\/\/wp.kristdemokraterna.se\/kalmarlan\/wp-json\/wp\/v2\/media\/781"}],"wp:attachment":[{"href":"https:\/\/wp.kristdemokraterna.se\/kalmarlan\/wp-json\/wp\/v2\/media?parent=779"}],"wp:term":[{"taxonomy":"category","embeddable":true,"href":"https:\/\/wp.kristdemokraterna.se\/kalmarlan\/wp-json\/wp\/v2\/categories?post=779"},{"taxonomy":"post_tag","embeddable":true,"href":"https:\/\/wp.kristdemokraterna.se\/kalmarlan\/wp-json\/wp\/v2\/tags?post=779"}],"curies":[{"name":"wp","href":"https:\/\/api.w.org\/{rel}","templated":true}]}}