{"id":859,"date":"2021-07-02T14:18:40","date_gmt":"2021-07-02T12:18:40","guid":{"rendered":"https:\/\/wp.kristdemokraterna.se\/kalmarlan\/?p=859"},"modified":"2021-07-02T14:18:57","modified_gmt":"2021-07-02T12:18:57","slug":"vitsippsbladet-nr-4","status":"publish","type":"post","link":"https:\/\/wp.kristdemokraterna.se\/kalmarlan\/vitsippsbladet-nr-4\/","title":{"rendered":"Vitsippsbladet nr. 4"},"content":{"rendered":"<p>Hej p\u00e5 er!<\/p>\n<p>det \u00e4r dags f\u00f6r ytterligare ett nummer av v\u00e5rt nyhetsbrev Vitsippsbladet.<\/p>\n<p>Vi \u00f6nskar er en trevlig l\u00e4sning samtidigt som vi ocks\u00e5 vill till\u00f6nska er en riktigt h\u00e4rlig och fin sommar!<\/p>\n<p><a href=\"http:\/\/wp.kristdemokraterna.se\/kalmarlan\/files\/2021\/07\/vitsippsbladet-nr-4-juli-2021.pdf\">Vitsippsbladet nr 4 juli 2021<\/a><\/p>\n<p>&nbsp;<\/p>\n","protected":false},"excerpt":{"rendered":"<p>Hej p\u00e5 er! det \u00e4r dags f\u00f6r ytterligare ett nummer av v\u00e5rt nyhetsbrev Vitsippsbladet. Vi \u00f6nskar er en trevlig l\u00e4sning samtidigt som vi ocks\u00e5 vill till\u00f6nska er en riktigt h\u00e4rlig och fin sommar! Vitsippsbladet nr 4 juli 2021 &nbsp;<\/p>\n","protected":false},"author":417,"featured_media":862,"comment_status":"closed","ping_status":"closed","sticky":false,"template":"","format":"standard","meta":{"_acf_changed":false,"footnotes":""},"categories":[1],"tags":[],"class_list":["post-859","post","type-post","status-publish","format-standard","has-post-thumbnail","hentry","category-okategoriserade"],"acf":[],"yoast_head":"<!-- This site is optimized with the Yoast SEO plugin v27.4 - https:\/\/yoast.com\/product\/yoast-seo-wordpress\/ -->\n<title>Vitsippsbladet nr. 4 - i Kalmar l\u00e4n<\/title>\n<meta name=\"robots\" content=\"index, follow, max-snippet:-1, max-image-preview:large, max-video-preview:-1\" \/>\n<link rel=\"canonical\" href=\"https:\/\/wp.kristdemokraterna.se\/kalmarlan\/vitsippsbladet-nr-4\/\" \/>\n<meta property=\"og:locale\" content=\"sv_SE\" \/>\n<meta property=\"og:type\" content=\"article\" \/>\n<meta property=\"og:title\" content=\"Vitsippsbladet nr. 4 - i Kalmar l\u00e4n\" \/>\n<meta property=\"og:description\" content=\"Hej p\u00e5 er! det \u00e4r dags f\u00f6r ytterligare ett nummer av v\u00e5rt nyhetsbrev Vitsippsbladet. Vi \u00f6nskar er en trevlig l\u00e4sning samtidigt som vi ocks\u00e5 vill till\u00f6nska er en riktigt h\u00e4rlig och fin sommar! Vitsippsbladet nr 4 juli 2021 &nbsp;\" \/>\n<meta property=\"og:url\" content=\"https:\/\/wp.kristdemokraterna.se\/kalmarlan\/vitsippsbladet-nr-4\/\" \/>\n<meta property=\"og:site_name\" content=\"i Kalmar l\u00e4n\" \/>\n<meta property=\"article:published_time\" content=\"2021-07-02T12:18:40+00:00\" \/>\n<meta property=\"article:modified_time\" content=\"2021-07-02T12:18:57+00:00\" \/>\n<meta property=\"og:image\" content=\"https:\/\/wp.kristdemokraterna.se\/kalmarlan\/files\/2021\/07\/tempimageary71s-scaled.jpg\" \/>\n\t<meta property=\"og:image:width\" content=\"2503\" \/>\n\t<meta property=\"og:image:height\" content=\"2560\" \/>\n\t<meta property=\"og:image:type\" content=\"image\/jpeg\" \/>\n<meta name=\"author\" content=\"kalmarlan\" \/>\n<meta name=\"twitter:card\" content=\"summary_large_image\" \/>\n<meta name=\"twitter:label1\" content=\"Skriven av\" \/>\n\t<meta name=\"twitter:data1\" content=\"kalmarlan\" \/>\n\t<meta name=\"twitter:label2\" content=\"Ber\u00e4knad l\u00e4stid\" \/>\n\t<meta name=\"twitter:data2\" content=\"1 minut\" \/>\n<script type=\"application\/ld+json\" class=\"yoast-schema-graph\">{\"@context\":\"https:\\\/\\\/schema.org\",\"@graph\":[{\"@type\":\"Article\",\"@id\":\"https:\\\/\\\/wp.kristdemokraterna.se\\\/kalmarlan\\\/vitsippsbladet-nr-4\\\/#article\",\"isPartOf\":{\"@id\":\"https:\\\/\\\/wp.kristdemokraterna.se\\\/kalmarlan\\\/vitsippsbladet-nr-4\\\/\"},\"author\":{\"name\":\"kalmarlan\",\"@id\":\"https:\\\/\\\/wp.kristdemokraterna.se\\\/kalmarlan\\\/#\\\/schema\\\/person\\\/a1856739934bf9c6a11fb258646ea2a5\"},\"headline\":\"Vitsippsbladet nr. 4\",\"datePublished\":\"2021-07-02T12:18:40+00:00\",\"dateModified\":\"2021-07-02T12:18:57+00:00\",\"mainEntityOfPage\":{\"@id\":\"https:\\\/\\\/wp.kristdemokraterna.se\\\/kalmarlan\\\/vitsippsbladet-nr-4\\\/\"},\"wordCount\":44,\"image\":{\"@id\":\"https:\\\/\\\/wp.kristdemokraterna.se\\\/kalmarlan\\\/vitsippsbladet-nr-4\\\/#primaryimage\"},\"thumbnailUrl\":\"https:\\\/\\\/wp.kristdemokraterna.se\\\/kalmarlan\\\/files\\\/2021\\\/07\\\/tempimageary71s-scaled.jpg\",\"inLanguage\":\"sv-SE\"},{\"@type\":\"WebPage\",\"@id\":\"https:\\\/\\\/wp.kristdemokraterna.se\\\/kalmarlan\\\/vitsippsbladet-nr-4\\\/\",\"url\":\"https:\\\/\\\/wp.kristdemokraterna.se\\\/kalmarlan\\\/vitsippsbladet-nr-4\\\/\",\"name\":\"Vitsippsbladet nr. 4 - i Kalmar l\u00e4n\",\"isPartOf\":{\"@id\":\"https:\\\/\\\/wp.kristdemokraterna.se\\\/kalmarlan\\\/#website\"},\"primaryImageOfPage\":{\"@id\":\"https:\\\/\\\/wp.kristdemokraterna.se\\\/kalmarlan\\\/vitsippsbladet-nr-4\\\/#primaryimage\"},\"image\":{\"@id\":\"https:\\\/\\\/wp.kristdemokraterna.se\\\/kalmarlan\\\/vitsippsbladet-nr-4\\\/#primaryimage\"},\"thumbnailUrl\":\"https:\\\/\\\/wp.kristdemokraterna.se\\\/kalmarlan\\\/files\\\/2021\\\/07\\\/tempimageary71s-scaled.jpg\",\"datePublished\":\"2021-07-02T12:18:40+00:00\",\"dateModified\":\"2021-07-02T12:18:57+00:00\",\"author\":{\"@id\":\"https:\\\/\\\/wp.kristdemokraterna.se\\\/kalmarlan\\\/#\\\/schema\\\/person\\\/a1856739934bf9c6a11fb258646ea2a5\"},\"breadcrumb\":{\"@id\":\"https:\\\/\\\/wp.kristdemokraterna.se\\\/kalmarlan\\\/vitsippsbladet-nr-4\\\/#breadcrumb\"},\"inLanguage\":\"sv-SE\",\"potentialAction\":[{\"@type\":\"ReadAction\",\"target\":[\"https:\\\/\\\/wp.kristdemokraterna.se\\\/kalmarlan\\\/vitsippsbladet-nr-4\\\/\"]}]},{\"@type\":\"ImageObject\",\"inLanguage\":\"sv-SE\",\"@id\":\"https:\\\/\\\/wp.kristdemokraterna.se\\\/kalmarlan\\\/vitsippsbladet-nr-4\\\/#primaryimage\",\"url\":\"https:\\\/\\\/wp.kristdemokraterna.se\\\/kalmarlan\\\/files\\\/2021\\\/07\\\/tempimageary71s-scaled.jpg\",\"contentUrl\":\"https:\\\/\\\/wp.kristdemokraterna.se\\\/kalmarlan\\\/files\\\/2021\\\/07\\\/tempimageary71s-scaled.jpg\",\"width\":2503,\"height\":2560},{\"@type\":\"BreadcrumbList\",\"@id\":\"https:\\\/\\\/wp.kristdemokraterna.se\\\/kalmarlan\\\/vitsippsbladet-nr-4\\\/#breadcrumb\",\"itemListElement\":[{\"@type\":\"ListItem\",\"position\":1,\"name\":\"Hem\",\"item\":\"https:\\\/\\\/wp.kristdemokraterna.se\\\/kalmarlan\\\/\"},{\"@type\":\"ListItem\",\"position\":2,\"name\":\"Vitsippsbladet nr. 4\"}]},{\"@type\":\"WebSite\",\"@id\":\"https:\\\/\\\/wp.kristdemokraterna.se\\\/kalmarlan\\\/#website\",\"url\":\"https:\\\/\\\/wp.kristdemokraterna.se\\\/kalmarlan\\\/\",\"name\":\"i Kalmar l\u00e4n\",\"description\":\"\",\"inLanguage\":\"sv-SE\"},{\"@type\":\"Person\",\"@id\":\"https:\\\/\\\/wp.kristdemokraterna.se\\\/kalmarlan\\\/#\\\/schema\\\/person\\\/a1856739934bf9c6a11fb258646ea2a5\",\"name\":\"kalmarlan\",\"image\":{\"@type\":\"ImageObject\",\"inLanguage\":\"sv-SE\",\"@id\":\"https:\\\/\\\/secure.gravatar.com\\\/avatar\\\/ef1f7dcd1b21be34f0f3e58a032955c2de43794b20090a23118cd0e2a8964e6e?s=96&r=g\",\"url\":\"https:\\\/\\\/secure.gravatar.com\\\/avatar\\\/ef1f7dcd1b21be34f0f3e58a032955c2de43794b20090a23118cd0e2a8964e6e?s=96&r=g\",\"contentUrl\":\"https:\\\/\\\/secure.gravatar.com\\\/avatar\\\/ef1f7dcd1b21be34f0f3e58a032955c2de43794b20090a23118cd0e2a8964e6e?s=96&r=g\",\"caption\":\"kalmarlan\"},\"url\":\"https:\\\/\\\/wp.kristdemokraterna.se\\\/kalmarlan\\\/author\\\/kalmarlan\\\/\"}]}<\/script>\n<!-- \/ Yoast SEO plugin. -->","yoast_head_json":{"title":"Vitsippsbladet nr. 4 - i Kalmar l\u00e4n","robots":{"index":"index","follow":"follow","max-snippet":"max-snippet:-1","max-image-preview":"max-image-preview:large","max-video-preview":"max-video-preview:-1"},"canonical":"https:\/\/wp.kristdemokraterna.se\/kalmarlan\/vitsippsbladet-nr-4\/","og_locale":"sv_SE","og_type":"article","og_title":"Vitsippsbladet nr. 4 - i Kalmar l\u00e4n","og_description":"Hej p\u00e5 er! det \u00e4r dags f\u00f6r ytterligare ett nummer av v\u00e5rt nyhetsbrev Vitsippsbladet. Vi \u00f6nskar er en trevlig l\u00e4sning samtidigt som vi ocks\u00e5 vill till\u00f6nska er en riktigt h\u00e4rlig och fin sommar! Vitsippsbladet nr 4 juli 2021 &nbsp;","og_url":"https:\/\/wp.kristdemokraterna.se\/kalmarlan\/vitsippsbladet-nr-4\/","og_site_name":"i Kalmar l\u00e4n","article_published_time":"2021-07-02T12:18:40+00:00","article_modified_time":"2021-07-02T12:18:57+00:00","og_image":[{"width":2503,"height":2560,"url":"https:\/\/wp.kristdemokraterna.se\/kalmarlan\/files\/2021\/07\/tempimageary71s-scaled.jpg","type":"image\/jpeg"}],"author":"kalmarlan","twitter_card":"summary_large_image","twitter_misc":{"Skriven av":"kalmarlan","Ber\u00e4knad l\u00e4stid":"1 minut"},"schema":{"@context":"https:\/\/schema.org","@graph":[{"@type":"Article","@id":"https:\/\/wp.kristdemokraterna.se\/kalmarlan\/vitsippsbladet-nr-4\/#article","isPartOf":{"@id":"https:\/\/wp.kristdemokraterna.se\/kalmarlan\/vitsippsbladet-nr-4\/"},"author":{"name":"kalmarlan","@id":"https:\/\/wp.kristdemokraterna.se\/kalmarlan\/#\/schema\/person\/a1856739934bf9c6a11fb258646ea2a5"},"headline":"Vitsippsbladet nr. 4","datePublished":"2021-07-02T12:18:40+00:00","dateModified":"2021-07-02T12:18:57+00:00","mainEntityOfPage":{"@id":"https:\/\/wp.kristdemokraterna.se\/kalmarlan\/vitsippsbladet-nr-4\/"},"wordCount":44,"image":{"@id":"https:\/\/wp.kristdemokraterna.se\/kalmarlan\/vitsippsbladet-nr-4\/#primaryimage"},"thumbnailUrl":"https:\/\/wp.kristdemokraterna.se\/kalmarlan\/files\/2021\/07\/tempimageary71s-scaled.jpg","inLanguage":"sv-SE"},{"@type":"WebPage","@id":"https:\/\/wp.kristdemokraterna.se\/kalmarlan\/vitsippsbladet-nr-4\/","url":"https:\/\/wp.kristdemokraterna.se\/kalmarlan\/vitsippsbladet-nr-4\/","name":"Vitsippsbladet nr. 4 - i Kalmar l\u00e4n","isPartOf":{"@id":"https:\/\/wp.kristdemokraterna.se\/kalmarlan\/#website"},"primaryImageOfPage":{"@id":"https:\/\/wp.kristdemokraterna.se\/kalmarlan\/vitsippsbladet-nr-4\/#primaryimage"},"image":{"@id":"https:\/\/wp.kristdemokraterna.se\/kalmarlan\/vitsippsbladet-nr-4\/#primaryimage"},"thumbnailUrl":"https:\/\/wp.kristdemokraterna.se\/kalmarlan\/files\/2021\/07\/tempimageary71s-scaled.jpg","datePublished":"2021-07-02T12:18:40+00:00","dateModified":"2021-07-02T12:18:57+00:00","author":{"@id":"https:\/\/wp.kristdemokraterna.se\/kalmarlan\/#\/schema\/person\/a1856739934bf9c6a11fb258646ea2a5"},"breadcrumb":{"@id":"https:\/\/wp.kristdemokraterna.se\/kalmarlan\/vitsippsbladet-nr-4\/#breadcrumb"},"inLanguage":"sv-SE","potentialAction":[{"@type":"ReadAction","target":["https:\/\/wp.kristdemokraterna.se\/kalmarlan\/vitsippsbladet-nr-4\/"]}]},{"@type":"ImageObject","inLanguage":"sv-SE","@id":"https:\/\/wp.kristdemokraterna.se\/kalmarlan\/vitsippsbladet-nr-4\/#primaryimage","url":"https:\/\/wp.kristdemokraterna.se\/kalmarlan\/files\/2021\/07\/tempimageary71s-scaled.jpg","contentUrl":"https:\/\/wp.kristdemokraterna.se\/kalmarlan\/files\/2021\/07\/tempimageary71s-scaled.jpg","width":2503,"height":2560},{"@type":"BreadcrumbList","@id":"https:\/\/wp.kristdemokraterna.se\/kalmarlan\/vitsippsbladet-nr-4\/#breadcrumb","itemListElement":[{"@type":"ListItem","position":1,"name":"Hem","item":"https:\/\/wp.kristdemokraterna.se\/kalmarlan\/"},{"@type":"ListItem","position":2,"name":"Vitsippsbladet nr. 4"}]},{"@type":"WebSite","@id":"https:\/\/wp.kristdemokraterna.se\/kalmarlan\/#website","url":"https:\/\/wp.kristdemokraterna.se\/kalmarlan\/","name":"i Kalmar l\u00e4n","description":"","inLanguage":"sv-SE"},{"@type":"Person","@id":"https:\/\/wp.kristdemokraterna.se\/kalmarlan\/#\/schema\/person\/a1856739934bf9c6a11fb258646ea2a5","name":"kalmarlan","image":{"@type":"ImageObject","inLanguage":"sv-SE","@id":"https:\/\/secure.gravatar.com\/avatar\/ef1f7dcd1b21be34f0f3e58a032955c2de43794b20090a23118cd0e2a8964e6e?s=96&r=g","url":"https:\/\/secure.gravatar.com\/avatar\/ef1f7dcd1b21be34f0f3e58a032955c2de43794b20090a23118cd0e2a8964e6e?s=96&r=g","contentUrl":"https:\/\/secure.gravatar.com\/avatar\/ef1f7dcd1b21be34f0f3e58a032955c2de43794b20090a23118cd0e2a8964e6e?s=96&r=g","caption":"kalmarlan"},"url":"https:\/\/wp.kristdemokraterna.se\/kalmarlan\/author\/kalmarlan\/"}]}},"_links":{"self":[{"href":"https:\/\/wp.kristdemokraterna.se\/kalmarlan\/wp-json\/wp\/v2\/posts\/859","targetHints":{"allow":["GET"]}}],"collection":[{"href":"https:\/\/wp.kristdemokraterna.se\/kalmarlan\/wp-json\/wp\/v2\/posts"}],"about":[{"href":"https:\/\/wp.kristdemokraterna.se\/kalmarlan\/wp-json\/wp\/v2\/types\/post"}],"author":[{"embeddable":true,"href":"https:\/\/wp.kristdemokraterna.se\/kalmarlan\/wp-json\/wp\/v2\/users\/417"}],"replies":[{"embeddable":true,"href":"https:\/\/wp.kristdemokraterna.se\/kalmarlan\/wp-json\/wp\/v2\/comments?post=859"}],"version-history":[{"count":1,"href":"https:\/\/wp.kristdemokraterna.se\/kalmarlan\/wp-json\/wp\/v2\/posts\/859\/revisions"}],"predecessor-version":[{"id":863,"href":"https:\/\/wp.kristdemokraterna.se\/kalmarlan\/wp-json\/wp\/v2\/posts\/859\/revisions\/863"}],"wp:featuredmedia":[{"embeddable":true,"href":"https:\/\/wp.kristdemokraterna.se\/kalmarlan\/wp-json\/wp\/v2\/media\/862"}],"wp:attachment":[{"href":"https:\/\/wp.kristdemokraterna.se\/kalmarlan\/wp-json\/wp\/v2\/media?parent=859"}],"wp:term":[{"taxonomy":"category","embeddable":true,"href":"https:\/\/wp.kristdemokraterna.se\/kalmarlan\/wp-json\/wp\/v2\/categories?post=859"},{"taxonomy":"post_tag","embeddable":true,"href":"https:\/\/wp.kristdemokraterna.se\/kalmarlan\/wp-json\/wp\/v2\/tags?post=859"}],"curies":[{"name":"wp","href":"https:\/\/api.w.org\/{rel}","templated":true}]}}