{"id":303,"date":"2022-05-23T20:21:28","date_gmt":"2022-05-23T18:21:28","guid":{"rendered":"https:\/\/wp.kristdemokraterna.se\/karlskoga\/?p=303"},"modified":"2026-04-11T21:33:28","modified_gmt":"2026-04-11T19:33:28","slug":"aldre","status":"publish","type":"post","link":"https:\/\/wp.kristdemokraterna.se\/karlskoga\/aldre\/","title":{"rendered":"livskvalitet \u00e4ven efter 80"},"content":{"rendered":"<p><strong>Kristdemokraterna i Karlskoga \u2013 en trygg och v\u00e4rdig \u00e4ldreomsorg<\/strong><\/p>\n<p>Vi \u00e4r redo att forts\u00e4tta f\u00f6rb\u00e4ttra Karlskoga f\u00f6r de \u00e4ldre. Alla m\u00e4nniskor ska kunna \u00e5ldras med v\u00e4rdighet, d\u00e4r v\u00e5rd, omsorg och service finns tillg\u00e4nglig och utg\u00e5r fr\u00e5n hela m\u00e4nniskans behov \u2013 sj\u00e4lsliga, andliga och materiella. \u00c4ldreomsorgen ska pr\u00e4glas av trygghet, delaktighet och respekt f\u00f6r varje individs v\u00e4rde, oavsett \u00e5lder eller f\u00f6rm\u00e5ga.<\/p>\n<p>Vi vill skapa en \u00e4ldreomsorg med st\u00f6rre tillg\u00e4nglighet och valfrihet. Fler ska f\u00e5 plats p\u00e5 \u00e4ldreboenden (S\u00c4BO) genom f\u00f6renklade regler och snabbare handl\u00e4ggning, samtidigt som digitalisering effektiviserar processer och kortar v\u00e4ntetider. Det ska vara enkelt att f\u00e5 r\u00e4tt st\u00f6d i r\u00e4tt tid.<\/p>\n<p>N\u00e4rhet och gemenskap \u00e4r avg\u00f6rande f\u00f6r livskvaliteten. D\u00e4rf\u00f6r vill vi st\u00e4rka samarbetet mellan \u00e4ldreomsorgen och familj, f\u00f6reningsliv och civilsamh\u00e4lle. Vi vill ocks\u00e5 utveckla generations\u00f6verskridande m\u00f6ten d\u00e4r unga och \u00e4ldre f\u00e5r m\u00f6jlighet att m\u00f6tas, exempelvis genom samverkan mellan v\u00e5rdboenden och kommunens barnomsorg.<\/p>\n<p><strong>V\u00e5r vision f\u00f6r \u00e4ldreomsorgen i Karlskoga:<\/strong><\/p>\n<p><em>Ett tryggt boende \u2013 n\u00e4r man beh\u00f6ver det<\/em><\/p>\n<p>&#8211; Underl\u00e4tta f\u00f6r \u00e4ldre att f\u00e5 plats p\u00e5 \u00e4ldreboende<br \/>\n&#8211; F\u00f6renkla regler f\u00f6r att fler ska f\u00e5 tillg\u00e5ng till S\u00c4BO<br \/>\n&#8211; \u00d6ka valfriheten genom fler boendealternativ<br \/>\n&#8211; Snabbare handl\u00e4ggning av ans\u00f6kningar<\/p>\n<p><em>Livskvalitet \u2013 hela livet<\/em><\/p>\n<p>&#8211; Digitalisering f\u00f6r snabbare och b\u00e4ttre beslut<br \/>\n&#8211; Skapa m\u00f6tesplatser, som exempelvis en \u201cungdomsg\u00e5rd f\u00f6r \u00e4ldre\u201d<br \/>\n&#8211; Inf\u00f6ra fler generations\u00f6verskridande aktiviteter<\/p>\n<p>Vi vill \u00e4ven forts\u00e4tta utveckla den goda \u00e4ldreomsorgen i Karlskoga tillsammans med personalen och de \u00e4ldre. De \u00e4ldre ska erbjudas dagliga aktiviteter och ges inflytande \u00f6ver sin egen vardag.<\/p>\n<p><strong>Kristdemokraterna arbetar f\u00f6r att:<\/strong><\/p>\n<p>\u00d6ka samverkan mellan v\u00e5rdboenden och barnomsorg \u00d6ka valfriheten inom v\u00e5rd och omsorg Ge kommunen ansvar f\u00f6r flextrafik f\u00f6r \u00e4ldre Utveckla v\u00e5rdserviceteam som avlastar undersk\u00f6terskor Minska antalet delade turer M\u00f6jligg\u00f6ra fler mellanboenden, \u00e4ven genom privata akt\u00f6rer Utveckla v\u00e4lf\u00e4rdsteknologi f\u00f6r \u00f6kad trygghet och sj\u00e4lvst\u00e4ndighet S\u00e4kerst\u00e4lla kontinuitet i hemtj\u00e4nsten Erbjuda trygghetslarm till alla \u00f6ver 65 \u00e5r utan bist\u00e5ndsbed\u00f6mning<\/p>\n<p>Genom dessa satsningar vill vi skapa en \u00e4ldreomsorg d\u00e4r trygghet, valfrihet och livskvalitet st\u00e5r i centrum<\/p>\n","protected":false},"excerpt":{"rendered":"<p>Kristdemokraterna i Karlskoga \u2013 en trygg och v\u00e4rdig \u00e4ldreomsorg Vi \u00e4r redo att forts\u00e4tta f\u00f6rb\u00e4ttra Karlskoga f\u00f6r de \u00e4ldre. Alla m\u00e4nniskor ska kunna \u00e5ldras med v\u00e4rdighet, d\u00e4r v\u00e5rd, omsorg och service finns tillg\u00e4nglig och utg\u00e5r fr\u00e5n hela m\u00e4nniskans behov \u2013 sj\u00e4lsliga, andliga och materiella. \u00c4ldreomsorgen ska pr\u00e4glas av trygghet, delaktighet och respekt f\u00f6r varje individs <a class=\"read-more-link\" href=\"https:\/\/wp.kristdemokraterna.se\/karlskoga\/aldre\/\">Read More<\/a><\/p>\n","protected":false},"author":456,"featured_media":0,"comment_status":"closed","ping_status":"closed","sticky":false,"template":"","format":"standard","meta":{"_acf_changed":false,"footnotes":""},"categories":[9],"tags":[],"class_list":["post-303","post","type-post","status-publish","format-standard","hentry","category-politik"],"acf":[],"yoast_head":"<!-- This site is optimized with the Yoast SEO plugin v27.5 - https:\/\/yoast.com\/product\/yoast-seo-wordpress\/ -->\n<title>livskvalitet \u00e4ven efter 80 - Karlskoga<\/title>\n<meta name=\"description\" content=\"En v\u00e4rdig \u00e4ldreomsorg i Karlskoga med trygghet, valfrihet och gemenskap. Fler boenden, b\u00e4ttre st\u00f6d och \u00f6kad livskvalitet f\u00f6r \u00e4ldre.\" \/>\n<meta name=\"robots\" content=\"index, follow, max-snippet:-1, max-image-preview:large, max-video-preview:-1\" \/>\n<link rel=\"canonical\" href=\"https:\/\/wp.kristdemokraterna.se\/karlskoga\/aldre\/\" \/>\n<meta property=\"og:locale\" content=\"sv_SE\" \/>\n<meta property=\"og:type\" content=\"article\" \/>\n<meta property=\"og:title\" content=\"livskvalitet \u00e4ven efter 80 - Karlskoga\" \/>\n<meta property=\"og:description\" content=\"En v\u00e4rdig \u00e4ldreomsorg i Karlskoga med trygghet, valfrihet och gemenskap. Fler boenden, b\u00e4ttre st\u00f6d och \u00f6kad livskvalitet f\u00f6r \u00e4ldre.\" \/>\n<meta property=\"og:url\" content=\"https:\/\/wp.kristdemokraterna.se\/karlskoga\/aldre\/\" \/>\n<meta property=\"og:site_name\" content=\"Karlskoga\" \/>\n<meta property=\"article:published_time\" content=\"2022-05-23T18:21:28+00:00\" \/>\n<meta property=\"article:modified_time\" content=\"2026-04-11T19:33:28+00:00\" \/>\n<meta name=\"author\" content=\"karlskoga\" \/>\n<meta name=\"twitter:card\" content=\"summary_large_image\" \/>\n<meta name=\"twitter:label1\" content=\"Skriven av\" \/>\n\t<meta name=\"twitter:data1\" content=\"karlskoga\" \/>\n\t<meta name=\"twitter:label2\" content=\"Ber\u00e4knad l\u00e4stid\" \/>\n\t<meta name=\"twitter:data2\" content=\"2 minuter\" \/>\n<script type=\"application\/ld+json\" class=\"yoast-schema-graph\">{\"@context\":\"https:\\\/\\\/schema.org\",\"@graph\":[{\"@type\":\"Article\",\"@id\":\"https:\\\/\\\/wp.kristdemokraterna.se\\\/karlskoga\\\/aldre\\\/#article\",\"isPartOf\":{\"@id\":\"https:\\\/\\\/wp.kristdemokraterna.se\\\/karlskoga\\\/aldre\\\/\"},\"author\":{\"name\":\"karlskoga\",\"@id\":\"https:\\\/\\\/wp.kristdemokraterna.se\\\/karlskoga\\\/#\\\/schema\\\/person\\\/5e65ba54c8b467720f9f29ce04de82ac\"},\"headline\":\"livskvalitet \u00e4ven efter 80\",\"datePublished\":\"2022-05-23T18:21:28+00:00\",\"dateModified\":\"2026-04-11T19:33:28+00:00\",\"mainEntityOfPage\":{\"@id\":\"https:\\\/\\\/wp.kristdemokraterna.se\\\/karlskoga\\\/aldre\\\/\"},\"wordCount\":400,\"articleSection\":[\"Politik\"],\"inLanguage\":\"sv-SE\"},{\"@type\":\"WebPage\",\"@id\":\"https:\\\/\\\/wp.kristdemokraterna.se\\\/karlskoga\\\/aldre\\\/\",\"url\":\"https:\\\/\\\/wp.kristdemokraterna.se\\\/karlskoga\\\/aldre\\\/\",\"name\":\"livskvalitet \u00e4ven efter 80 - Karlskoga\",\"isPartOf\":{\"@id\":\"https:\\\/\\\/wp.kristdemokraterna.se\\\/karlskoga\\\/#website\"},\"datePublished\":\"2022-05-23T18:21:28+00:00\",\"dateModified\":\"2026-04-11T19:33:28+00:00\",\"author\":{\"@id\":\"https:\\\/\\\/wp.kristdemokraterna.se\\\/karlskoga\\\/#\\\/schema\\\/person\\\/5e65ba54c8b467720f9f29ce04de82ac\"},\"description\":\"En v\u00e4rdig \u00e4ldreomsorg i Karlskoga med trygghet, valfrihet och gemenskap. Fler boenden, b\u00e4ttre st\u00f6d och \u00f6kad livskvalitet f\u00f6r \u00e4ldre.\",\"breadcrumb\":{\"@id\":\"https:\\\/\\\/wp.kristdemokraterna.se\\\/karlskoga\\\/aldre\\\/#breadcrumb\"},\"inLanguage\":\"sv-SE\",\"potentialAction\":[{\"@type\":\"ReadAction\",\"target\":[\"https:\\\/\\\/wp.kristdemokraterna.se\\\/karlskoga\\\/aldre\\\/\"]}]},{\"@type\":\"BreadcrumbList\",\"@id\":\"https:\\\/\\\/wp.kristdemokraterna.se\\\/karlskoga\\\/aldre\\\/#breadcrumb\",\"itemListElement\":[{\"@type\":\"ListItem\",\"position\":1,\"name\":\"Hem\",\"item\":\"https:\\\/\\\/wp.kristdemokraterna.se\\\/karlskoga\\\/\"},{\"@type\":\"ListItem\",\"position\":2,\"name\":\"livskvalitet \u00e4ven efter 80\"}]},{\"@type\":\"WebSite\",\"@id\":\"https:\\\/\\\/wp.kristdemokraterna.se\\\/karlskoga\\\/#website\",\"url\":\"https:\\\/\\\/wp.kristdemokraterna.se\\\/karlskoga\\\/\",\"name\":\"Karlskoga\",\"description\":\"Med hj\u00e4rtat f\u00f6r Karlskoga\",\"inLanguage\":\"sv-SE\"},{\"@type\":\"Person\",\"@id\":\"https:\\\/\\\/wp.kristdemokraterna.se\\\/karlskoga\\\/#\\\/schema\\\/person\\\/5e65ba54c8b467720f9f29ce04de82ac\",\"name\":\"karlskoga\",\"image\":{\"@type\":\"ImageObject\",\"inLanguage\":\"sv-SE\",\"@id\":\"https:\\\/\\\/secure.gravatar.com\\\/avatar\\\/500134e75e467ad132cd267ed3fd78053775f41622f2875437d9b56aebc7b2d9?s=96&r=g\",\"url\":\"https:\\\/\\\/secure.gravatar.com\\\/avatar\\\/500134e75e467ad132cd267ed3fd78053775f41622f2875437d9b56aebc7b2d9?s=96&r=g\",\"contentUrl\":\"https:\\\/\\\/secure.gravatar.com\\\/avatar\\\/500134e75e467ad132cd267ed3fd78053775f41622f2875437d9b56aebc7b2d9?s=96&r=g\",\"caption\":\"karlskoga\"},\"url\":\"https:\\\/\\\/wp.kristdemokraterna.se\\\/karlskoga\\\/author\\\/karlskoga\\\/\"}]}<\/script>\n<!-- \/ Yoast SEO plugin. -->","yoast_head_json":{"title":"livskvalitet \u00e4ven efter 80 - Karlskoga","description":"En v\u00e4rdig \u00e4ldreomsorg i Karlskoga med trygghet, valfrihet och gemenskap. Fler boenden, b\u00e4ttre st\u00f6d och \u00f6kad livskvalitet f\u00f6r \u00e4ldre.","robots":{"index":"index","follow":"follow","max-snippet":"max-snippet:-1","max-image-preview":"max-image-preview:large","max-video-preview":"max-video-preview:-1"},"canonical":"https:\/\/wp.kristdemokraterna.se\/karlskoga\/aldre\/","og_locale":"sv_SE","og_type":"article","og_title":"livskvalitet \u00e4ven efter 80 - Karlskoga","og_description":"En v\u00e4rdig \u00e4ldreomsorg i Karlskoga med trygghet, valfrihet och gemenskap. Fler boenden, b\u00e4ttre st\u00f6d och \u00f6kad livskvalitet f\u00f6r \u00e4ldre.","og_url":"https:\/\/wp.kristdemokraterna.se\/karlskoga\/aldre\/","og_site_name":"Karlskoga","article_published_time":"2022-05-23T18:21:28+00:00","article_modified_time":"2026-04-11T19:33:28+00:00","author":"karlskoga","twitter_card":"summary_large_image","twitter_misc":{"Skriven av":"karlskoga","Ber\u00e4knad l\u00e4stid":"2 minuter"},"schema":{"@context":"https:\/\/schema.org","@graph":[{"@type":"Article","@id":"https:\/\/wp.kristdemokraterna.se\/karlskoga\/aldre\/#article","isPartOf":{"@id":"https:\/\/wp.kristdemokraterna.se\/karlskoga\/aldre\/"},"author":{"name":"karlskoga","@id":"https:\/\/wp.kristdemokraterna.se\/karlskoga\/#\/schema\/person\/5e65ba54c8b467720f9f29ce04de82ac"},"headline":"livskvalitet \u00e4ven efter 80","datePublished":"2022-05-23T18:21:28+00:00","dateModified":"2026-04-11T19:33:28+00:00","mainEntityOfPage":{"@id":"https:\/\/wp.kristdemokraterna.se\/karlskoga\/aldre\/"},"wordCount":400,"articleSection":["Politik"],"inLanguage":"sv-SE"},{"@type":"WebPage","@id":"https:\/\/wp.kristdemokraterna.se\/karlskoga\/aldre\/","url":"https:\/\/wp.kristdemokraterna.se\/karlskoga\/aldre\/","name":"livskvalitet \u00e4ven efter 80 - Karlskoga","isPartOf":{"@id":"https:\/\/wp.kristdemokraterna.se\/karlskoga\/#website"},"datePublished":"2022-05-23T18:21:28+00:00","dateModified":"2026-04-11T19:33:28+00:00","author":{"@id":"https:\/\/wp.kristdemokraterna.se\/karlskoga\/#\/schema\/person\/5e65ba54c8b467720f9f29ce04de82ac"},"description":"En v\u00e4rdig \u00e4ldreomsorg i Karlskoga med trygghet, valfrihet och gemenskap. Fler boenden, b\u00e4ttre st\u00f6d och \u00f6kad livskvalitet f\u00f6r \u00e4ldre.","breadcrumb":{"@id":"https:\/\/wp.kristdemokraterna.se\/karlskoga\/aldre\/#breadcrumb"},"inLanguage":"sv-SE","potentialAction":[{"@type":"ReadAction","target":["https:\/\/wp.kristdemokraterna.se\/karlskoga\/aldre\/"]}]},{"@type":"BreadcrumbList","@id":"https:\/\/wp.kristdemokraterna.se\/karlskoga\/aldre\/#breadcrumb","itemListElement":[{"@type":"ListItem","position":1,"name":"Hem","item":"https:\/\/wp.kristdemokraterna.se\/karlskoga\/"},{"@type":"ListItem","position":2,"name":"livskvalitet \u00e4ven efter 80"}]},{"@type":"WebSite","@id":"https:\/\/wp.kristdemokraterna.se\/karlskoga\/#website","url":"https:\/\/wp.kristdemokraterna.se\/karlskoga\/","name":"Karlskoga","description":"Med hj\u00e4rtat f\u00f6r Karlskoga","inLanguage":"sv-SE"},{"@type":"Person","@id":"https:\/\/wp.kristdemokraterna.se\/karlskoga\/#\/schema\/person\/5e65ba54c8b467720f9f29ce04de82ac","name":"karlskoga","image":{"@type":"ImageObject","inLanguage":"sv-SE","@id":"https:\/\/secure.gravatar.com\/avatar\/500134e75e467ad132cd267ed3fd78053775f41622f2875437d9b56aebc7b2d9?s=96&r=g","url":"https:\/\/secure.gravatar.com\/avatar\/500134e75e467ad132cd267ed3fd78053775f41622f2875437d9b56aebc7b2d9?s=96&r=g","contentUrl":"https:\/\/secure.gravatar.com\/avatar\/500134e75e467ad132cd267ed3fd78053775f41622f2875437d9b56aebc7b2d9?s=96&r=g","caption":"karlskoga"},"url":"https:\/\/wp.kristdemokraterna.se\/karlskoga\/author\/karlskoga\/"}]}},"_links":{"self":[{"href":"https:\/\/wp.kristdemokraterna.se\/karlskoga\/wp-json\/wp\/v2\/posts\/303","targetHints":{"allow":["GET"]}}],"collection":[{"href":"https:\/\/wp.kristdemokraterna.se\/karlskoga\/wp-json\/wp\/v2\/posts"}],"about":[{"href":"https:\/\/wp.kristdemokraterna.se\/karlskoga\/wp-json\/wp\/v2\/types\/post"}],"author":[{"embeddable":true,"href":"https:\/\/wp.kristdemokraterna.se\/karlskoga\/wp-json\/wp\/v2\/users\/456"}],"replies":[{"embeddable":true,"href":"https:\/\/wp.kristdemokraterna.se\/karlskoga\/wp-json\/wp\/v2\/comments?post=303"}],"version-history":[{"count":4,"href":"https:\/\/wp.kristdemokraterna.se\/karlskoga\/wp-json\/wp\/v2\/posts\/303\/revisions"}],"predecessor-version":[{"id":366,"href":"https:\/\/wp.kristdemokraterna.se\/karlskoga\/wp-json\/wp\/v2\/posts\/303\/revisions\/366"}],"wp:attachment":[{"href":"https:\/\/wp.kristdemokraterna.se\/karlskoga\/wp-json\/wp\/v2\/media?parent=303"}],"wp:term":[{"taxonomy":"category","embeddable":true,"href":"https:\/\/wp.kristdemokraterna.se\/karlskoga\/wp-json\/wp\/v2\/categories?post=303"},{"taxonomy":"post_tag","embeddable":true,"href":"https:\/\/wp.kristdemokraterna.se\/karlskoga\/wp-json\/wp\/v2\/tags?post=303"}],"curies":[{"name":"wp","href":"https:\/\/api.w.org\/{rel}","templated":true}]}}