{"id":1,"date":"2017-04-04T11:34:08","date_gmt":"2017-04-04T09:34:08","guid":{"rendered":"http:\/\/wp.kristdemokraterna.se\/lokalavdelningsmall20140404\/?p=1"},"modified":"2018-01-29T10:36:24","modified_gmt":"2018-01-29T09:36:24","slug":"ungdomsarbetsloshet","status":"publish","type":"post","link":"https:\/\/wp.kristdemokraterna.se\/katrineholm\/ungdomsarbetsloshet\/","title":{"rendered":"Ungdomsarbetsl\u00f6sheten \u00e4r ett allvarligt hot mot ungas tilltro f\u00f6r sin egen framtid"},"content":{"rendered":"<p>Vi tror p\u00e5 en bra framtid d\u00e4r vi \u00e4r \u00f6ppna f\u00f6r nya id\u00e9er och en vilja att f\u00f6r\u00e4ndra det som inte \u00e4r bra till det b\u00e4ttre \u2013 inget \u00e4r om\u00f6jligt! Vi ser stora m\u00f6jligheter och \u00e4ven stora utmaningar. En av v\u00e5ra st\u00f6rsta utmaningar 2014-2015 \u00e4r ungdomsarbetsl\u00f6sheten i v\u00e5r kommun. Den \u00e4r mycket h\u00f6g och \u00e4r ett allvarligt hot mot ungas tilltro att kunna bygga sin egen framtid, s\u00e4ger Robert Persson.<\/p>\n","protected":false},"excerpt":{"rendered":"<p>Vi tror p\u00e5 en bra framtid d\u00e4r vi \u00e4r \u00f6ppna f\u00f6r nya id\u00e9er och en vilja att f\u00f6r\u00e4ndra det som inte \u00e4r bra till det b\u00e4ttre \u2013 inget \u00e4r om\u00f6jligt! Vi ser stora m\u00f6jligheter och \u00e4ven stora utmaningar. En av v\u00e5ra st\u00f6rsta utmaningar 2014-2015 \u00e4r ungdomsarbetsl\u00f6sheten i v\u00e5r kommun. Den \u00e4r mycket h\u00f6g och \u00e4r <a class=\"read-more-link\" href=\"https:\/\/wp.kristdemokraterna.se\/katrineholm\/ungdomsarbetsloshet\/\">Read More<\/a><\/p>\n","protected":false},"author":759,"featured_media":0,"comment_status":"closed","ping_status":"closed","sticky":false,"template":"","format":"standard","meta":{"_acf_changed":false,"footnotes":""},"categories":[4,12,11],"tags":[],"class_list":["post-1","post","type-post","status-publish","format-standard","hentry","category-i-kommunen","category-inlagg-2","category-inlagg"],"acf":[],"yoast_head":"<!-- This site is optimized with the Yoast SEO plugin v27.4 - https:\/\/yoast.com\/product\/yoast-seo-wordpress\/ -->\n<title>Ungdomsarbetsl\u00f6sheten \u00e4r ett allvarligt hot mot ungas tilltro f\u00f6r sin egen framtid - Kristdemokraterna i Katrineholm<\/title>\n<meta name=\"robots\" content=\"index, follow, max-snippet:-1, max-image-preview:large, max-video-preview:-1\" \/>\n<link rel=\"canonical\" href=\"https:\/\/wp.kristdemokraterna.se\/katrineholm\/ungdomsarbetsloshet\/\" \/>\n<meta property=\"og:locale\" content=\"sv_SE\" \/>\n<meta property=\"og:type\" content=\"article\" \/>\n<meta property=\"og:title\" content=\"Ungdomsarbetsl\u00f6sheten \u00e4r ett allvarligt hot mot ungas tilltro f\u00f6r sin egen framtid - Kristdemokraterna i Katrineholm\" \/>\n<meta property=\"og:description\" content=\"Vi tror p\u00e5 en bra framtid d\u00e4r vi \u00e4r \u00f6ppna f\u00f6r nya id\u00e9er och en vilja att f\u00f6r\u00e4ndra det som inte \u00e4r bra till det b\u00e4ttre \u2013 inget \u00e4r om\u00f6jligt! Vi ser stora m\u00f6jligheter och \u00e4ven stora utmaningar. En av v\u00e5ra st\u00f6rsta utmaningar 2014-2015 \u00e4r ungdomsarbetsl\u00f6sheten i v\u00e5r kommun. Den \u00e4r mycket h\u00f6g och \u00e4r Read More\" \/>\n<meta property=\"og:url\" content=\"https:\/\/wp.kristdemokraterna.se\/katrineholm\/ungdomsarbetsloshet\/\" \/>\n<meta property=\"og:site_name\" content=\"Kristdemokraterna i Katrineholm\" \/>\n<meta property=\"article:published_time\" content=\"2017-04-04T09:34:08+00:00\" \/>\n<meta property=\"article:modified_time\" content=\"2018-01-29T09:36:24+00:00\" \/>\n<meta name=\"author\" content=\"Joha Frondelius\" \/>\n<meta name=\"twitter:card\" content=\"summary_large_image\" \/>\n<meta name=\"twitter:label1\" content=\"Skriven av\" \/>\n\t<meta name=\"twitter:data1\" content=\"Joha Frondelius\" \/>\n<script type=\"application\/ld+json\" class=\"yoast-schema-graph\">{\"@context\":\"https:\\\/\\\/schema.org\",\"@graph\":[{\"@type\":\"Article\",\"@id\":\"https:\\\/\\\/wp.kristdemokraterna.se\\\/katrineholm\\\/ungdomsarbetsloshet\\\/#article\",\"isPartOf\":{\"@id\":\"https:\\\/\\\/wp.kristdemokraterna.se\\\/katrineholm\\\/ungdomsarbetsloshet\\\/\"},\"author\":{\"name\":\"Joha Frondelius\",\"@id\":\"https:\\\/\\\/wp.kristdemokraterna.se\\\/katrineholm\\\/#\\\/schema\\\/person\\\/1d054ac6057909f46e02d8c0d3a45859\"},\"headline\":\"Ungdomsarbetsl\u00f6sheten \u00e4r ett allvarligt hot mot ungas tilltro f\u00f6r sin egen framtid\",\"datePublished\":\"2017-04-04T09:34:08+00:00\",\"dateModified\":\"2018-01-29T09:36:24+00:00\",\"mainEntityOfPage\":{\"@id\":\"https:\\\/\\\/wp.kristdemokraterna.se\\\/katrineholm\\\/ungdomsarbetsloshet\\\/\"},\"wordCount\":97,\"articleSection\":[\"I Kommunen\",\"inl\u00e4gg\",\"\u00d6vriga inl\u00e4gg\"],\"inLanguage\":\"sv-SE\"},{\"@type\":\"WebPage\",\"@id\":\"https:\\\/\\\/wp.kristdemokraterna.se\\\/katrineholm\\\/ungdomsarbetsloshet\\\/\",\"url\":\"https:\\\/\\\/wp.kristdemokraterna.se\\\/katrineholm\\\/ungdomsarbetsloshet\\\/\",\"name\":\"Ungdomsarbetsl\u00f6sheten \u00e4r ett allvarligt hot mot ungas tilltro f\u00f6r sin egen framtid - Kristdemokraterna i Katrineholm\",\"isPartOf\":{\"@id\":\"https:\\\/\\\/wp.kristdemokraterna.se\\\/katrineholm\\\/#website\"},\"datePublished\":\"2017-04-04T09:34:08+00:00\",\"dateModified\":\"2018-01-29T09:36:24+00:00\",\"author\":{\"@id\":\"https:\\\/\\\/wp.kristdemokraterna.se\\\/katrineholm\\\/#\\\/schema\\\/person\\\/1d054ac6057909f46e02d8c0d3a45859\"},\"breadcrumb\":{\"@id\":\"https:\\\/\\\/wp.kristdemokraterna.se\\\/katrineholm\\\/ungdomsarbetsloshet\\\/#breadcrumb\"},\"inLanguage\":\"sv-SE\",\"potentialAction\":[{\"@type\":\"ReadAction\",\"target\":[\"https:\\\/\\\/wp.kristdemokraterna.se\\\/katrineholm\\\/ungdomsarbetsloshet\\\/\"]}]},{\"@type\":\"BreadcrumbList\",\"@id\":\"https:\\\/\\\/wp.kristdemokraterna.se\\\/katrineholm\\\/ungdomsarbetsloshet\\\/#breadcrumb\",\"itemListElement\":[{\"@type\":\"ListItem\",\"position\":1,\"name\":\"Hem\",\"item\":\"https:\\\/\\\/wp.kristdemokraterna.se\\\/katrineholm\\\/\"},{\"@type\":\"ListItem\",\"position\":2,\"name\":\"Ungdomsarbetsl\u00f6sheten \u00e4r ett allvarligt hot mot ungas tilltro f\u00f6r sin egen framtid\"}]},{\"@type\":\"WebSite\",\"@id\":\"https:\\\/\\\/wp.kristdemokraterna.se\\\/katrineholm\\\/#website\",\"url\":\"https:\\\/\\\/wp.kristdemokraterna.se\\\/katrineholm\\\/\",\"name\":\"Kristdemokraterna i Katrineholm\",\"description\":\"En till Kristdemokraterna webbplats\",\"inLanguage\":\"sv-SE\"},{\"@type\":\"Person\",\"@id\":\"https:\\\/\\\/wp.kristdemokraterna.se\\\/katrineholm\\\/#\\\/schema\\\/person\\\/1d054ac6057909f46e02d8c0d3a45859\",\"name\":\"Joha Frondelius\",\"image\":{\"@type\":\"ImageObject\",\"inLanguage\":\"sv-SE\",\"@id\":\"https:\\\/\\\/secure.gravatar.com\\\/avatar\\\/c7946ebe5352eb23e1536df4d94297253e40b1915f68dfd0baccd1ec161b537e?s=96&d=mm&r=g\",\"url\":\"https:\\\/\\\/secure.gravatar.com\\\/avatar\\\/c7946ebe5352eb23e1536df4d94297253e40b1915f68dfd0baccd1ec161b537e?s=96&d=mm&r=g\",\"contentUrl\":\"https:\\\/\\\/secure.gravatar.com\\\/avatar\\\/c7946ebe5352eb23e1536df4d94297253e40b1915f68dfd0baccd1ec161b537e?s=96&d=mm&r=g\",\"caption\":\"Joha Frondelius\"},\"url\":\"https:\\\/\\\/wp.kristdemokraterna.se\\\/katrineholm\\\/author\\\/joha\\\/\"}]}<\/script>\n<!-- \/ Yoast SEO plugin. -->","yoast_head_json":{"title":"Ungdomsarbetsl\u00f6sheten \u00e4r ett allvarligt hot mot ungas tilltro f\u00f6r sin egen framtid - Kristdemokraterna i Katrineholm","robots":{"index":"index","follow":"follow","max-snippet":"max-snippet:-1","max-image-preview":"max-image-preview:large","max-video-preview":"max-video-preview:-1"},"canonical":"https:\/\/wp.kristdemokraterna.se\/katrineholm\/ungdomsarbetsloshet\/","og_locale":"sv_SE","og_type":"article","og_title":"Ungdomsarbetsl\u00f6sheten \u00e4r ett allvarligt hot mot ungas tilltro f\u00f6r sin egen framtid - Kristdemokraterna i Katrineholm","og_description":"Vi tror p\u00e5 en bra framtid d\u00e4r vi \u00e4r \u00f6ppna f\u00f6r nya id\u00e9er och en vilja att f\u00f6r\u00e4ndra det som inte \u00e4r bra till det b\u00e4ttre \u2013 inget \u00e4r om\u00f6jligt! Vi ser stora m\u00f6jligheter och \u00e4ven stora utmaningar. En av v\u00e5ra st\u00f6rsta utmaningar 2014-2015 \u00e4r ungdomsarbetsl\u00f6sheten i v\u00e5r kommun. Den \u00e4r mycket h\u00f6g och \u00e4r Read More","og_url":"https:\/\/wp.kristdemokraterna.se\/katrineholm\/ungdomsarbetsloshet\/","og_site_name":"Kristdemokraterna i Katrineholm","article_published_time":"2017-04-04T09:34:08+00:00","article_modified_time":"2018-01-29T09:36:24+00:00","author":"Joha Frondelius","twitter_card":"summary_large_image","twitter_misc":{"Skriven av":"Joha Frondelius"},"schema":{"@context":"https:\/\/schema.org","@graph":[{"@type":"Article","@id":"https:\/\/wp.kristdemokraterna.se\/katrineholm\/ungdomsarbetsloshet\/#article","isPartOf":{"@id":"https:\/\/wp.kristdemokraterna.se\/katrineholm\/ungdomsarbetsloshet\/"},"author":{"name":"Joha Frondelius","@id":"https:\/\/wp.kristdemokraterna.se\/katrineholm\/#\/schema\/person\/1d054ac6057909f46e02d8c0d3a45859"},"headline":"Ungdomsarbetsl\u00f6sheten \u00e4r ett allvarligt hot mot ungas tilltro f\u00f6r sin egen framtid","datePublished":"2017-04-04T09:34:08+00:00","dateModified":"2018-01-29T09:36:24+00:00","mainEntityOfPage":{"@id":"https:\/\/wp.kristdemokraterna.se\/katrineholm\/ungdomsarbetsloshet\/"},"wordCount":97,"articleSection":["I Kommunen","inl\u00e4gg","\u00d6vriga inl\u00e4gg"],"inLanguage":"sv-SE"},{"@type":"WebPage","@id":"https:\/\/wp.kristdemokraterna.se\/katrineholm\/ungdomsarbetsloshet\/","url":"https:\/\/wp.kristdemokraterna.se\/katrineholm\/ungdomsarbetsloshet\/","name":"Ungdomsarbetsl\u00f6sheten \u00e4r ett allvarligt hot mot ungas tilltro f\u00f6r sin egen framtid - Kristdemokraterna i Katrineholm","isPartOf":{"@id":"https:\/\/wp.kristdemokraterna.se\/katrineholm\/#website"},"datePublished":"2017-04-04T09:34:08+00:00","dateModified":"2018-01-29T09:36:24+00:00","author":{"@id":"https:\/\/wp.kristdemokraterna.se\/katrineholm\/#\/schema\/person\/1d054ac6057909f46e02d8c0d3a45859"},"breadcrumb":{"@id":"https:\/\/wp.kristdemokraterna.se\/katrineholm\/ungdomsarbetsloshet\/#breadcrumb"},"inLanguage":"sv-SE","potentialAction":[{"@type":"ReadAction","target":["https:\/\/wp.kristdemokraterna.se\/katrineholm\/ungdomsarbetsloshet\/"]}]},{"@type":"BreadcrumbList","@id":"https:\/\/wp.kristdemokraterna.se\/katrineholm\/ungdomsarbetsloshet\/#breadcrumb","itemListElement":[{"@type":"ListItem","position":1,"name":"Hem","item":"https:\/\/wp.kristdemokraterna.se\/katrineholm\/"},{"@type":"ListItem","position":2,"name":"Ungdomsarbetsl\u00f6sheten \u00e4r ett allvarligt hot mot ungas tilltro f\u00f6r sin egen framtid"}]},{"@type":"WebSite","@id":"https:\/\/wp.kristdemokraterna.se\/katrineholm\/#website","url":"https:\/\/wp.kristdemokraterna.se\/katrineholm\/","name":"Kristdemokraterna i Katrineholm","description":"En till Kristdemokraterna webbplats","inLanguage":"sv-SE"},{"@type":"Person","@id":"https:\/\/wp.kristdemokraterna.se\/katrineholm\/#\/schema\/person\/1d054ac6057909f46e02d8c0d3a45859","name":"Joha Frondelius","image":{"@type":"ImageObject","inLanguage":"sv-SE","@id":"https:\/\/secure.gravatar.com\/avatar\/c7946ebe5352eb23e1536df4d94297253e40b1915f68dfd0baccd1ec161b537e?s=96&d=mm&r=g","url":"https:\/\/secure.gravatar.com\/avatar\/c7946ebe5352eb23e1536df4d94297253e40b1915f68dfd0baccd1ec161b537e?s=96&d=mm&r=g","contentUrl":"https:\/\/secure.gravatar.com\/avatar\/c7946ebe5352eb23e1536df4d94297253e40b1915f68dfd0baccd1ec161b537e?s=96&d=mm&r=g","caption":"Joha Frondelius"},"url":"https:\/\/wp.kristdemokraterna.se\/katrineholm\/author\/joha\/"}]}},"_links":{"self":[{"href":"https:\/\/wp.kristdemokraterna.se\/katrineholm\/wp-json\/wp\/v2\/posts\/1","targetHints":{"allow":["GET"]}}],"collection":[{"href":"https:\/\/wp.kristdemokraterna.se\/katrineholm\/wp-json\/wp\/v2\/posts"}],"about":[{"href":"https:\/\/wp.kristdemokraterna.se\/katrineholm\/wp-json\/wp\/v2\/types\/post"}],"author":[{"embeddable":true,"href":"https:\/\/wp.kristdemokraterna.se\/katrineholm\/wp-json\/wp\/v2\/users\/759"}],"replies":[{"embeddable":true,"href":"https:\/\/wp.kristdemokraterna.se\/katrineholm\/wp-json\/wp\/v2\/comments?post=1"}],"version-history":[{"count":5,"href":"https:\/\/wp.kristdemokraterna.se\/katrineholm\/wp-json\/wp\/v2\/posts\/1\/revisions"}],"predecessor-version":[{"id":461,"href":"https:\/\/wp.kristdemokraterna.se\/katrineholm\/wp-json\/wp\/v2\/posts\/1\/revisions\/461"}],"wp:attachment":[{"href":"https:\/\/wp.kristdemokraterna.se\/katrineholm\/wp-json\/wp\/v2\/media?parent=1"}],"wp:term":[{"taxonomy":"category","embeddable":true,"href":"https:\/\/wp.kristdemokraterna.se\/katrineholm\/wp-json\/wp\/v2\/categories?post=1"},{"taxonomy":"post_tag","embeddable":true,"href":"https:\/\/wp.kristdemokraterna.se\/katrineholm\/wp-json\/wp\/v2\/tags?post=1"}],"curies":[{"name":"wp","href":"https:\/\/api.w.org\/{rel}","templated":true}]}}