{"id":414,"date":"2018-01-12T12:23:51","date_gmt":"2018-01-12T11:23:51","guid":{"rendered":"http:\/\/wp.kristdemokraterna.se\/katrineholm22\/?p=414"},"modified":"2018-02-05T14:01:37","modified_gmt":"2018-02-05T13:01:37","slug":"katrineholm-gruppbild","status":"publish","type":"post","link":"https:\/\/wp.kristdemokraterna.se\/katrineholm\/katrineholm-gruppbild\/","title":{"rendered":"Katrineholms Kristdemokrater"},"content":{"rendered":"<p><strong>V\u00e5rt m\u00e5l \u00e4r ett samh\u00e4lle d\u00e4r friheten att forma sitt eget liv g\u00e5r hand i hand med ansvaret f\u00f6r sin medm\u00e4nniska. Vi vill bygga ett samh\u00e4lle som h\u00e5ller samman.<\/strong><\/p>\n","protected":false},"excerpt":{"rendered":"<p>V\u00e5rt m\u00e5l \u00e4r ett samh\u00e4lle d\u00e4r friheten att forma sitt eget liv g\u00e5r hand i hand med ansvaret f\u00f6r sin medm\u00e4nniska. Vi vill bygga ett samh\u00e4lle som h\u00e5ller samman.<\/p>\n","protected":false},"author":759,"featured_media":0,"comment_status":"closed","ping_status":"closed","sticky":false,"template":"","format":"standard","meta":{"_acf_changed":false,"footnotes":""},"categories":[4,12,11],"tags":[],"class_list":["post-414","post","type-post","status-publish","format-standard","hentry","category-i-kommunen","category-inlagg-2","category-inlagg"],"acf":[],"yoast_head":"<!-- This site is optimized with the Yoast SEO plugin v27.4 - https:\/\/yoast.com\/product\/yoast-seo-wordpress\/ -->\n<title>Katrineholms Kristdemokrater - Kristdemokraterna i Katrineholm<\/title>\n<meta name=\"robots\" content=\"index, follow, max-snippet:-1, max-image-preview:large, max-video-preview:-1\" \/>\n<link rel=\"canonical\" href=\"https:\/\/wp.kristdemokraterna.se\/katrineholm\/katrineholm-gruppbild\/\" \/>\n<meta property=\"og:locale\" content=\"sv_SE\" \/>\n<meta property=\"og:type\" content=\"article\" \/>\n<meta property=\"og:title\" content=\"Katrineholms Kristdemokrater - Kristdemokraterna i Katrineholm\" \/>\n<meta property=\"og:description\" content=\"V\u00e5rt m\u00e5l \u00e4r ett samh\u00e4lle d\u00e4r friheten att forma sitt eget liv g\u00e5r hand i hand med ansvaret f\u00f6r sin medm\u00e4nniska. Vi vill bygga ett samh\u00e4lle som h\u00e5ller samman.\" \/>\n<meta property=\"og:url\" content=\"https:\/\/wp.kristdemokraterna.se\/katrineholm\/katrineholm-gruppbild\/\" \/>\n<meta property=\"og:site_name\" content=\"Kristdemokraterna i Katrineholm\" \/>\n<meta property=\"article:published_time\" content=\"2018-01-12T11:23:51+00:00\" \/>\n<meta property=\"article:modified_time\" content=\"2018-02-05T13:01:37+00:00\" \/>\n<meta name=\"author\" content=\"Joha Frondelius\" \/>\n<meta name=\"twitter:card\" content=\"summary_large_image\" \/>\n<meta name=\"twitter:label1\" content=\"Skriven av\" \/>\n\t<meta name=\"twitter:data1\" content=\"Joha Frondelius\" \/>\n<script type=\"application\/ld+json\" class=\"yoast-schema-graph\">{\"@context\":\"https:\\\/\\\/schema.org\",\"@graph\":[{\"@type\":\"Article\",\"@id\":\"https:\\\/\\\/wp.kristdemokraterna.se\\\/katrineholm\\\/katrineholm-gruppbild\\\/#article\",\"isPartOf\":{\"@id\":\"https:\\\/\\\/wp.kristdemokraterna.se\\\/katrineholm\\\/katrineholm-gruppbild\\\/\"},\"author\":{\"name\":\"Joha Frondelius\",\"@id\":\"https:\\\/\\\/wp.kristdemokraterna.se\\\/katrineholm\\\/#\\\/schema\\\/person\\\/1d054ac6057909f46e02d8c0d3a45859\"},\"headline\":\"Katrineholms Kristdemokrater\",\"datePublished\":\"2018-01-12T11:23:51+00:00\",\"dateModified\":\"2018-02-05T13:01:37+00:00\",\"mainEntityOfPage\":{\"@id\":\"https:\\\/\\\/wp.kristdemokraterna.se\\\/katrineholm\\\/katrineholm-gruppbild\\\/\"},\"wordCount\":40,\"articleSection\":[\"I Kommunen\",\"inl\u00e4gg\",\"\u00d6vriga inl\u00e4gg\"],\"inLanguage\":\"sv-SE\"},{\"@type\":\"WebPage\",\"@id\":\"https:\\\/\\\/wp.kristdemokraterna.se\\\/katrineholm\\\/katrineholm-gruppbild\\\/\",\"url\":\"https:\\\/\\\/wp.kristdemokraterna.se\\\/katrineholm\\\/katrineholm-gruppbild\\\/\",\"name\":\"Katrineholms Kristdemokrater - Kristdemokraterna i Katrineholm\",\"isPartOf\":{\"@id\":\"https:\\\/\\\/wp.kristdemokraterna.se\\\/katrineholm\\\/#website\"},\"datePublished\":\"2018-01-12T11:23:51+00:00\",\"dateModified\":\"2018-02-05T13:01:37+00:00\",\"author\":{\"@id\":\"https:\\\/\\\/wp.kristdemokraterna.se\\\/katrineholm\\\/#\\\/schema\\\/person\\\/1d054ac6057909f46e02d8c0d3a45859\"},\"breadcrumb\":{\"@id\":\"https:\\\/\\\/wp.kristdemokraterna.se\\\/katrineholm\\\/katrineholm-gruppbild\\\/#breadcrumb\"},\"inLanguage\":\"sv-SE\",\"potentialAction\":[{\"@type\":\"ReadAction\",\"target\":[\"https:\\\/\\\/wp.kristdemokraterna.se\\\/katrineholm\\\/katrineholm-gruppbild\\\/\"]}]},{\"@type\":\"BreadcrumbList\",\"@id\":\"https:\\\/\\\/wp.kristdemokraterna.se\\\/katrineholm\\\/katrineholm-gruppbild\\\/#breadcrumb\",\"itemListElement\":[{\"@type\":\"ListItem\",\"position\":1,\"name\":\"Hem\",\"item\":\"https:\\\/\\\/wp.kristdemokraterna.se\\\/katrineholm\\\/\"},{\"@type\":\"ListItem\",\"position\":2,\"name\":\"Katrineholms Kristdemokrater\"}]},{\"@type\":\"WebSite\",\"@id\":\"https:\\\/\\\/wp.kristdemokraterna.se\\\/katrineholm\\\/#website\",\"url\":\"https:\\\/\\\/wp.kristdemokraterna.se\\\/katrineholm\\\/\",\"name\":\"Kristdemokraterna i Katrineholm\",\"description\":\"En till Kristdemokraterna webbplats\",\"inLanguage\":\"sv-SE\"},{\"@type\":\"Person\",\"@id\":\"https:\\\/\\\/wp.kristdemokraterna.se\\\/katrineholm\\\/#\\\/schema\\\/person\\\/1d054ac6057909f46e02d8c0d3a45859\",\"name\":\"Joha Frondelius\",\"image\":{\"@type\":\"ImageObject\",\"inLanguage\":\"sv-SE\",\"@id\":\"https:\\\/\\\/secure.gravatar.com\\\/avatar\\\/c7946ebe5352eb23e1536df4d94297253e40b1915f68dfd0baccd1ec161b537e?s=96&d=mm&r=g\",\"url\":\"https:\\\/\\\/secure.gravatar.com\\\/avatar\\\/c7946ebe5352eb23e1536df4d94297253e40b1915f68dfd0baccd1ec161b537e?s=96&d=mm&r=g\",\"contentUrl\":\"https:\\\/\\\/secure.gravatar.com\\\/avatar\\\/c7946ebe5352eb23e1536df4d94297253e40b1915f68dfd0baccd1ec161b537e?s=96&d=mm&r=g\",\"caption\":\"Joha Frondelius\"},\"url\":\"https:\\\/\\\/wp.kristdemokraterna.se\\\/katrineholm\\\/author\\\/joha\\\/\"}]}<\/script>\n<!-- \/ Yoast SEO plugin. -->","yoast_head_json":{"title":"Katrineholms Kristdemokrater - Kristdemokraterna i Katrineholm","robots":{"index":"index","follow":"follow","max-snippet":"max-snippet:-1","max-image-preview":"max-image-preview:large","max-video-preview":"max-video-preview:-1"},"canonical":"https:\/\/wp.kristdemokraterna.se\/katrineholm\/katrineholm-gruppbild\/","og_locale":"sv_SE","og_type":"article","og_title":"Katrineholms Kristdemokrater - Kristdemokraterna i Katrineholm","og_description":"V\u00e5rt m\u00e5l \u00e4r ett samh\u00e4lle d\u00e4r friheten att forma sitt eget liv g\u00e5r hand i hand med ansvaret f\u00f6r sin medm\u00e4nniska. Vi vill bygga ett samh\u00e4lle som h\u00e5ller samman.","og_url":"https:\/\/wp.kristdemokraterna.se\/katrineholm\/katrineholm-gruppbild\/","og_site_name":"Kristdemokraterna i Katrineholm","article_published_time":"2018-01-12T11:23:51+00:00","article_modified_time":"2018-02-05T13:01:37+00:00","author":"Joha Frondelius","twitter_card":"summary_large_image","twitter_misc":{"Skriven av":"Joha Frondelius"},"schema":{"@context":"https:\/\/schema.org","@graph":[{"@type":"Article","@id":"https:\/\/wp.kristdemokraterna.se\/katrineholm\/katrineholm-gruppbild\/#article","isPartOf":{"@id":"https:\/\/wp.kristdemokraterna.se\/katrineholm\/katrineholm-gruppbild\/"},"author":{"name":"Joha Frondelius","@id":"https:\/\/wp.kristdemokraterna.se\/katrineholm\/#\/schema\/person\/1d054ac6057909f46e02d8c0d3a45859"},"headline":"Katrineholms Kristdemokrater","datePublished":"2018-01-12T11:23:51+00:00","dateModified":"2018-02-05T13:01:37+00:00","mainEntityOfPage":{"@id":"https:\/\/wp.kristdemokraterna.se\/katrineholm\/katrineholm-gruppbild\/"},"wordCount":40,"articleSection":["I Kommunen","inl\u00e4gg","\u00d6vriga inl\u00e4gg"],"inLanguage":"sv-SE"},{"@type":"WebPage","@id":"https:\/\/wp.kristdemokraterna.se\/katrineholm\/katrineholm-gruppbild\/","url":"https:\/\/wp.kristdemokraterna.se\/katrineholm\/katrineholm-gruppbild\/","name":"Katrineholms Kristdemokrater - Kristdemokraterna i Katrineholm","isPartOf":{"@id":"https:\/\/wp.kristdemokraterna.se\/katrineholm\/#website"},"datePublished":"2018-01-12T11:23:51+00:00","dateModified":"2018-02-05T13:01:37+00:00","author":{"@id":"https:\/\/wp.kristdemokraterna.se\/katrineholm\/#\/schema\/person\/1d054ac6057909f46e02d8c0d3a45859"},"breadcrumb":{"@id":"https:\/\/wp.kristdemokraterna.se\/katrineholm\/katrineholm-gruppbild\/#breadcrumb"},"inLanguage":"sv-SE","potentialAction":[{"@type":"ReadAction","target":["https:\/\/wp.kristdemokraterna.se\/katrineholm\/katrineholm-gruppbild\/"]}]},{"@type":"BreadcrumbList","@id":"https:\/\/wp.kristdemokraterna.se\/katrineholm\/katrineholm-gruppbild\/#breadcrumb","itemListElement":[{"@type":"ListItem","position":1,"name":"Hem","item":"https:\/\/wp.kristdemokraterna.se\/katrineholm\/"},{"@type":"ListItem","position":2,"name":"Katrineholms Kristdemokrater"}]},{"@type":"WebSite","@id":"https:\/\/wp.kristdemokraterna.se\/katrineholm\/#website","url":"https:\/\/wp.kristdemokraterna.se\/katrineholm\/","name":"Kristdemokraterna i Katrineholm","description":"En till Kristdemokraterna webbplats","inLanguage":"sv-SE"},{"@type":"Person","@id":"https:\/\/wp.kristdemokraterna.se\/katrineholm\/#\/schema\/person\/1d054ac6057909f46e02d8c0d3a45859","name":"Joha Frondelius","image":{"@type":"ImageObject","inLanguage":"sv-SE","@id":"https:\/\/secure.gravatar.com\/avatar\/c7946ebe5352eb23e1536df4d94297253e40b1915f68dfd0baccd1ec161b537e?s=96&d=mm&r=g","url":"https:\/\/secure.gravatar.com\/avatar\/c7946ebe5352eb23e1536df4d94297253e40b1915f68dfd0baccd1ec161b537e?s=96&d=mm&r=g","contentUrl":"https:\/\/secure.gravatar.com\/avatar\/c7946ebe5352eb23e1536df4d94297253e40b1915f68dfd0baccd1ec161b537e?s=96&d=mm&r=g","caption":"Joha Frondelius"},"url":"https:\/\/wp.kristdemokraterna.se\/katrineholm\/author\/joha\/"}]}},"_links":{"self":[{"href":"https:\/\/wp.kristdemokraterna.se\/katrineholm\/wp-json\/wp\/v2\/posts\/414","targetHints":{"allow":["GET"]}}],"collection":[{"href":"https:\/\/wp.kristdemokraterna.se\/katrineholm\/wp-json\/wp\/v2\/posts"}],"about":[{"href":"https:\/\/wp.kristdemokraterna.se\/katrineholm\/wp-json\/wp\/v2\/types\/post"}],"author":[{"embeddable":true,"href":"https:\/\/wp.kristdemokraterna.se\/katrineholm\/wp-json\/wp\/v2\/users\/759"}],"replies":[{"embeddable":true,"href":"https:\/\/wp.kristdemokraterna.se\/katrineholm\/wp-json\/wp\/v2\/comments?post=414"}],"version-history":[{"count":8,"href":"https:\/\/wp.kristdemokraterna.se\/katrineholm\/wp-json\/wp\/v2\/posts\/414\/revisions"}],"predecessor-version":[{"id":528,"href":"https:\/\/wp.kristdemokraterna.se\/katrineholm\/wp-json\/wp\/v2\/posts\/414\/revisions\/528"}],"wp:attachment":[{"href":"https:\/\/wp.kristdemokraterna.se\/katrineholm\/wp-json\/wp\/v2\/media?parent=414"}],"wp:term":[{"taxonomy":"category","embeddable":true,"href":"https:\/\/wp.kristdemokraterna.se\/katrineholm\/wp-json\/wp\/v2\/categories?post=414"},{"taxonomy":"post_tag","embeddable":true,"href":"https:\/\/wp.kristdemokraterna.se\/katrineholm\/wp-json\/wp\/v2\/tags?post=414"}],"curies":[{"name":"wp","href":"https:\/\/api.w.org\/{rel}","templated":true}]}}