{"id":492,"date":"2018-01-29T11:05:15","date_gmt":"2018-01-29T10:05:15","guid":{"rendered":"http:\/\/wp.kristdemokraterna.se\/katrineholm2\/?p=492"},"modified":"2018-02-05T13:58:18","modified_gmt":"2018-02-05T12:58:18","slug":"leva-livet-hela-livet","status":"publish","type":"post","link":"https:\/\/wp.kristdemokraterna.se\/katrineholm\/leva-livet-hela-livet\/","title":{"rendered":"Leva livet, hela livet"},"content":{"rendered":"<p>Vi Kristdemokrater vill att alla ska kunna leva ett aktivt liv utifr\u00e5n sina egna f\u00f6ruts\u00e4ttningar. Med inflytande i samh\u00e4llet och \u00f6ver den egna vardagen. Det kan handla om att v\u00e4lja \u00e4ldreboende eller kunna p\u00e5verka vilka tider hemtj\u00e4nstpersonalen kommer.\u00a0 \u00c4ven insatser som g\u00f6rs av familj, v\u00e4nner, kyrkor och andra ideella krafter \u00e4r viktiga. Inte minst f\u00f6r att fylla m\u00e4nniskors behov av n\u00e4rhet och gemenskap. Vi lovar att forts\u00e4tta att arbeta f\u00f6r att vi ska kunna leva livet, hela livet.<\/p>\n","protected":false},"excerpt":{"rendered":"<p>Vi Kristdemokrater vill att alla ska kunna leva ett aktivt liv utifr\u00e5n sina egna f\u00f6ruts\u00e4ttningar. Med inflytande i samh\u00e4llet och \u00f6ver den egna vardagen. Det kan handla om att v\u00e4lja \u00e4ldreboende eller kunna p\u00e5verka vilka tider hemtj\u00e4nstpersonalen kommer.\u00a0 \u00c4ven insatser som g\u00f6rs av familj, v\u00e4nner, kyrkor och andra ideella krafter \u00e4r viktiga. Inte minst f\u00f6r <a class=\"read-more-link\" href=\"https:\/\/wp.kristdemokraterna.se\/katrineholm\/leva-livet-hela-livet\/\">Read More<\/a><\/p>\n","protected":false},"author":444,"featured_media":0,"comment_status":"closed","ping_status":"closed","sticky":false,"template":"","format":"standard","meta":{"_acf_changed":false,"footnotes":""},"categories":[4,12,1],"tags":[],"class_list":["post-492","post","type-post","status-publish","format-standard","hentry","category-i-kommunen","category-inlagg-2","category-okategoriserade"],"acf":[],"yoast_head":"<!-- This site is optimized with the Yoast SEO plugin v27.4 - https:\/\/yoast.com\/product\/yoast-seo-wordpress\/ -->\n<title>Leva livet, hela livet - Kristdemokraterna i Katrineholm<\/title>\n<meta name=\"robots\" content=\"index, follow, max-snippet:-1, max-image-preview:large, max-video-preview:-1\" \/>\n<link rel=\"canonical\" href=\"https:\/\/wp.kristdemokraterna.se\/katrineholm\/leva-livet-hela-livet\/\" \/>\n<meta property=\"og:locale\" content=\"sv_SE\" \/>\n<meta property=\"og:type\" content=\"article\" \/>\n<meta property=\"og:title\" content=\"Leva livet, hela livet - Kristdemokraterna i Katrineholm\" \/>\n<meta property=\"og:description\" content=\"Vi Kristdemokrater vill att alla ska kunna leva ett aktivt liv utifr\u00e5n sina egna f\u00f6ruts\u00e4ttningar. Med inflytande i samh\u00e4llet och \u00f6ver den egna vardagen. Det kan handla om att v\u00e4lja \u00e4ldreboende eller kunna p\u00e5verka vilka tider hemtj\u00e4nstpersonalen kommer.\u00a0 \u00c4ven insatser som g\u00f6rs av familj, v\u00e4nner, kyrkor och andra ideella krafter \u00e4r viktiga. Inte minst f\u00f6r Read More\" \/>\n<meta property=\"og:url\" content=\"https:\/\/wp.kristdemokraterna.se\/katrineholm\/leva-livet-hela-livet\/\" \/>\n<meta property=\"og:site_name\" content=\"Kristdemokraterna i Katrineholm\" \/>\n<meta property=\"article:published_time\" content=\"2018-01-29T10:05:15+00:00\" \/>\n<meta property=\"article:modified_time\" content=\"2018-02-05T12:58:18+00:00\" \/>\n<meta name=\"author\" content=\"helpdesk\" \/>\n<meta name=\"twitter:card\" content=\"summary_large_image\" \/>\n<meta name=\"twitter:label1\" content=\"Skriven av\" \/>\n\t<meta name=\"twitter:data1\" content=\"helpdesk\" \/>\n<script type=\"application\/ld+json\" class=\"yoast-schema-graph\">{\"@context\":\"https:\\\/\\\/schema.org\",\"@graph\":[{\"@type\":\"Article\",\"@id\":\"https:\\\/\\\/wp.kristdemokraterna.se\\\/katrineholm\\\/leva-livet-hela-livet\\\/#article\",\"isPartOf\":{\"@id\":\"https:\\\/\\\/wp.kristdemokraterna.se\\\/katrineholm\\\/leva-livet-hela-livet\\\/\"},\"author\":{\"name\":\"helpdesk\",\"@id\":\"https:\\\/\\\/wp.kristdemokraterna.se\\\/katrineholm\\\/#\\\/schema\\\/person\\\/98d27838d17178471da5e8a56aa604a4\"},\"headline\":\"Leva livet, hela livet\",\"datePublished\":\"2018-01-29T10:05:15+00:00\",\"dateModified\":\"2018-02-05T12:58:18+00:00\",\"mainEntityOfPage\":{\"@id\":\"https:\\\/\\\/wp.kristdemokraterna.se\\\/katrineholm\\\/leva-livet-hela-livet\\\/\"},\"wordCount\":96,\"articleSection\":[\"I Kommunen\",\"inl\u00e4gg\"],\"inLanguage\":\"sv-SE\"},{\"@type\":\"WebPage\",\"@id\":\"https:\\\/\\\/wp.kristdemokraterna.se\\\/katrineholm\\\/leva-livet-hela-livet\\\/\",\"url\":\"https:\\\/\\\/wp.kristdemokraterna.se\\\/katrineholm\\\/leva-livet-hela-livet\\\/\",\"name\":\"Leva livet, hela livet - Kristdemokraterna i Katrineholm\",\"isPartOf\":{\"@id\":\"https:\\\/\\\/wp.kristdemokraterna.se\\\/katrineholm\\\/#website\"},\"datePublished\":\"2018-01-29T10:05:15+00:00\",\"dateModified\":\"2018-02-05T12:58:18+00:00\",\"author\":{\"@id\":\"https:\\\/\\\/wp.kristdemokraterna.se\\\/katrineholm\\\/#\\\/schema\\\/person\\\/98d27838d17178471da5e8a56aa604a4\"},\"breadcrumb\":{\"@id\":\"https:\\\/\\\/wp.kristdemokraterna.se\\\/katrineholm\\\/leva-livet-hela-livet\\\/#breadcrumb\"},\"inLanguage\":\"sv-SE\",\"potentialAction\":[{\"@type\":\"ReadAction\",\"target\":[\"https:\\\/\\\/wp.kristdemokraterna.se\\\/katrineholm\\\/leva-livet-hela-livet\\\/\"]}]},{\"@type\":\"BreadcrumbList\",\"@id\":\"https:\\\/\\\/wp.kristdemokraterna.se\\\/katrineholm\\\/leva-livet-hela-livet\\\/#breadcrumb\",\"itemListElement\":[{\"@type\":\"ListItem\",\"position\":1,\"name\":\"Hem\",\"item\":\"https:\\\/\\\/wp.kristdemokraterna.se\\\/katrineholm\\\/\"},{\"@type\":\"ListItem\",\"position\":2,\"name\":\"Leva livet, hela livet\"}]},{\"@type\":\"WebSite\",\"@id\":\"https:\\\/\\\/wp.kristdemokraterna.se\\\/katrineholm\\\/#website\",\"url\":\"https:\\\/\\\/wp.kristdemokraterna.se\\\/katrineholm\\\/\",\"name\":\"Kristdemokraterna i Katrineholm\",\"description\":\"En till Kristdemokraterna webbplats\",\"inLanguage\":\"sv-SE\"},{\"@type\":\"Person\",\"@id\":\"https:\\\/\\\/wp.kristdemokraterna.se\\\/katrineholm\\\/#\\\/schema\\\/person\\\/98d27838d17178471da5e8a56aa604a4\",\"name\":\"helpdesk\",\"image\":{\"@type\":\"ImageObject\",\"inLanguage\":\"sv-SE\",\"@id\":\"https:\\\/\\\/secure.gravatar.com\\\/avatar\\\/2e747bc9a7d4e5a6ecca7d851e4175129f995f3f6d9ef18734d1ff623abe4a88?s=96&d=mm&r=g\",\"url\":\"https:\\\/\\\/secure.gravatar.com\\\/avatar\\\/2e747bc9a7d4e5a6ecca7d851e4175129f995f3f6d9ef18734d1ff623abe4a88?s=96&d=mm&r=g\",\"contentUrl\":\"https:\\\/\\\/secure.gravatar.com\\\/avatar\\\/2e747bc9a7d4e5a6ecca7d851e4175129f995f3f6d9ef18734d1ff623abe4a88?s=96&d=mm&r=g\",\"caption\":\"helpdesk\"},\"url\":\"https:\\\/\\\/wp.kristdemokraterna.se\\\/katrineholm\\\/author\\\/helpdesk\\\/\"}]}<\/script>\n<!-- \/ Yoast SEO plugin. -->","yoast_head_json":{"title":"Leva livet, hela livet - Kristdemokraterna i Katrineholm","robots":{"index":"index","follow":"follow","max-snippet":"max-snippet:-1","max-image-preview":"max-image-preview:large","max-video-preview":"max-video-preview:-1"},"canonical":"https:\/\/wp.kristdemokraterna.se\/katrineholm\/leva-livet-hela-livet\/","og_locale":"sv_SE","og_type":"article","og_title":"Leva livet, hela livet - Kristdemokraterna i Katrineholm","og_description":"Vi Kristdemokrater vill att alla ska kunna leva ett aktivt liv utifr\u00e5n sina egna f\u00f6ruts\u00e4ttningar. Med inflytande i samh\u00e4llet och \u00f6ver den egna vardagen. Det kan handla om att v\u00e4lja \u00e4ldreboende eller kunna p\u00e5verka vilka tider hemtj\u00e4nstpersonalen kommer.\u00a0 \u00c4ven insatser som g\u00f6rs av familj, v\u00e4nner, kyrkor och andra ideella krafter \u00e4r viktiga. Inte minst f\u00f6r Read More","og_url":"https:\/\/wp.kristdemokraterna.se\/katrineholm\/leva-livet-hela-livet\/","og_site_name":"Kristdemokraterna i Katrineholm","article_published_time":"2018-01-29T10:05:15+00:00","article_modified_time":"2018-02-05T12:58:18+00:00","author":"helpdesk","twitter_card":"summary_large_image","twitter_misc":{"Skriven av":"helpdesk"},"schema":{"@context":"https:\/\/schema.org","@graph":[{"@type":"Article","@id":"https:\/\/wp.kristdemokraterna.se\/katrineholm\/leva-livet-hela-livet\/#article","isPartOf":{"@id":"https:\/\/wp.kristdemokraterna.se\/katrineholm\/leva-livet-hela-livet\/"},"author":{"name":"helpdesk","@id":"https:\/\/wp.kristdemokraterna.se\/katrineholm\/#\/schema\/person\/98d27838d17178471da5e8a56aa604a4"},"headline":"Leva livet, hela livet","datePublished":"2018-01-29T10:05:15+00:00","dateModified":"2018-02-05T12:58:18+00:00","mainEntityOfPage":{"@id":"https:\/\/wp.kristdemokraterna.se\/katrineholm\/leva-livet-hela-livet\/"},"wordCount":96,"articleSection":["I Kommunen","inl\u00e4gg"],"inLanguage":"sv-SE"},{"@type":"WebPage","@id":"https:\/\/wp.kristdemokraterna.se\/katrineholm\/leva-livet-hela-livet\/","url":"https:\/\/wp.kristdemokraterna.se\/katrineholm\/leva-livet-hela-livet\/","name":"Leva livet, hela livet - Kristdemokraterna i Katrineholm","isPartOf":{"@id":"https:\/\/wp.kristdemokraterna.se\/katrineholm\/#website"},"datePublished":"2018-01-29T10:05:15+00:00","dateModified":"2018-02-05T12:58:18+00:00","author":{"@id":"https:\/\/wp.kristdemokraterna.se\/katrineholm\/#\/schema\/person\/98d27838d17178471da5e8a56aa604a4"},"breadcrumb":{"@id":"https:\/\/wp.kristdemokraterna.se\/katrineholm\/leva-livet-hela-livet\/#breadcrumb"},"inLanguage":"sv-SE","potentialAction":[{"@type":"ReadAction","target":["https:\/\/wp.kristdemokraterna.se\/katrineholm\/leva-livet-hela-livet\/"]}]},{"@type":"BreadcrumbList","@id":"https:\/\/wp.kristdemokraterna.se\/katrineholm\/leva-livet-hela-livet\/#breadcrumb","itemListElement":[{"@type":"ListItem","position":1,"name":"Hem","item":"https:\/\/wp.kristdemokraterna.se\/katrineholm\/"},{"@type":"ListItem","position":2,"name":"Leva livet, hela livet"}]},{"@type":"WebSite","@id":"https:\/\/wp.kristdemokraterna.se\/katrineholm\/#website","url":"https:\/\/wp.kristdemokraterna.se\/katrineholm\/","name":"Kristdemokraterna i Katrineholm","description":"En till Kristdemokraterna webbplats","inLanguage":"sv-SE"},{"@type":"Person","@id":"https:\/\/wp.kristdemokraterna.se\/katrineholm\/#\/schema\/person\/98d27838d17178471da5e8a56aa604a4","name":"helpdesk","image":{"@type":"ImageObject","inLanguage":"sv-SE","@id":"https:\/\/secure.gravatar.com\/avatar\/2e747bc9a7d4e5a6ecca7d851e4175129f995f3f6d9ef18734d1ff623abe4a88?s=96&d=mm&r=g","url":"https:\/\/secure.gravatar.com\/avatar\/2e747bc9a7d4e5a6ecca7d851e4175129f995f3f6d9ef18734d1ff623abe4a88?s=96&d=mm&r=g","contentUrl":"https:\/\/secure.gravatar.com\/avatar\/2e747bc9a7d4e5a6ecca7d851e4175129f995f3f6d9ef18734d1ff623abe4a88?s=96&d=mm&r=g","caption":"helpdesk"},"url":"https:\/\/wp.kristdemokraterna.se\/katrineholm\/author\/helpdesk\/"}]}},"_links":{"self":[{"href":"https:\/\/wp.kristdemokraterna.se\/katrineholm\/wp-json\/wp\/v2\/posts\/492","targetHints":{"allow":["GET"]}}],"collection":[{"href":"https:\/\/wp.kristdemokraterna.se\/katrineholm\/wp-json\/wp\/v2\/posts"}],"about":[{"href":"https:\/\/wp.kristdemokraterna.se\/katrineholm\/wp-json\/wp\/v2\/types\/post"}],"author":[{"embeddable":true,"href":"https:\/\/wp.kristdemokraterna.se\/katrineholm\/wp-json\/wp\/v2\/users\/444"}],"replies":[{"embeddable":true,"href":"https:\/\/wp.kristdemokraterna.se\/katrineholm\/wp-json\/wp\/v2\/comments?post=492"}],"version-history":[{"count":7,"href":"https:\/\/wp.kristdemokraterna.se\/katrineholm\/wp-json\/wp\/v2\/posts\/492\/revisions"}],"predecessor-version":[{"id":526,"href":"https:\/\/wp.kristdemokraterna.se\/katrineholm\/wp-json\/wp\/v2\/posts\/492\/revisions\/526"}],"wp:attachment":[{"href":"https:\/\/wp.kristdemokraterna.se\/katrineholm\/wp-json\/wp\/v2\/media?parent=492"}],"wp:term":[{"taxonomy":"category","embeddable":true,"href":"https:\/\/wp.kristdemokraterna.se\/katrineholm\/wp-json\/wp\/v2\/categories?post=492"},{"taxonomy":"post_tag","embeddable":true,"href":"https:\/\/wp.kristdemokraterna.se\/katrineholm\/wp-json\/wp\/v2\/tags?post=492"}],"curies":[{"name":"wp","href":"https:\/\/api.w.org\/{rel}","templated":true}]}}