{"id":498,"date":"2018-01-29T11:07:44","date_gmt":"2018-01-29T10:07:44","guid":{"rendered":"http:\/\/wp.kristdemokraterna.se\/katrineholm2\/?p=498"},"modified":"2018-02-05T13:57:58","modified_gmt":"2018-02-05T12:57:58","slug":"katrineholm-ska-bli-bast-att-vaxa-upp-i-och-malet-ar-att-alla-far-ett-bra-liv-hela-livet","status":"publish","type":"post","link":"https:\/\/wp.kristdemokraterna.se\/katrineholm\/katrineholm-ska-bli-bast-att-vaxa-upp-i-och-malet-ar-att-alla-far-ett-bra-liv-hela-livet\/","title":{"rendered":"Katrineholm ska bli b\u00e4st att v\u00e4xa upp i och m\u00e5let \u00e4r att alla f\u00e5r ett bra liv \u2013 hela livet!"},"content":{"rendered":"<p>V\u00e5r vision \u00e4r att kommunens k\u00e4rnverksamhet skola, v\u00e5rd &amp; omsorg ska uppn\u00e5 en h\u00f6g kvalit\u00e9 och bli omtyckt av alla. Goda villkor f\u00f6r familjerna ger v\u00e5ra barn en bra start i livet. Genom att satsa p\u00e5 de minsta bygger vi ett gott samh\u00e4lle och en b\u00e4ttre framtid f\u00f6r oss alla.<\/p>\n<p>\u2013 B\u00e5de f\u00f6r\u00e4ldrar och barn beh\u00f6ver tid med varandra. D\u00e4rf\u00f6r m\u00e5ste familjer sj\u00e4lva kunna v\u00e4lja det liv som passar dem b\u00e4st. Vi n\u00f6jer oss aldrig med mindre \u00e4n riktigt bra barnomsorg och skola, s\u00e4ger Marian Loley.<\/p>\n","protected":false},"excerpt":{"rendered":"<p>V\u00e5r vision \u00e4r att kommunens k\u00e4rnverksamhet skola, v\u00e5rd &amp; omsorg ska uppn\u00e5 en h\u00f6g kvalit\u00e9 och bli omtyckt av alla. Goda villkor f\u00f6r familjerna ger v\u00e5ra barn en bra start i livet. Genom att satsa p\u00e5 de minsta bygger vi ett gott samh\u00e4lle och en b\u00e4ttre framtid f\u00f6r oss alla. \u2013 B\u00e5de f\u00f6r\u00e4ldrar och barn <a class=\"read-more-link\" href=\"https:\/\/wp.kristdemokraterna.se\/katrineholm\/katrineholm-ska-bli-bast-att-vaxa-upp-i-och-malet-ar-att-alla-far-ett-bra-liv-hela-livet\/\">Read More<\/a><\/p>\n","protected":false},"author":444,"featured_media":0,"comment_status":"closed","ping_status":"closed","sticky":false,"template":"","format":"standard","meta":{"_acf_changed":false,"footnotes":""},"categories":[4,12,10],"tags":[],"class_list":["post-498","post","type-post","status-publish","format-standard","hentry","category-i-kommunen","category-inlagg-2","category-nyheter"],"acf":[],"yoast_head":"<!-- This site is optimized with the Yoast SEO plugin v27.4 - https:\/\/yoast.com\/product\/yoast-seo-wordpress\/ -->\n<title>Katrineholm ska bli b\u00e4st att v\u00e4xa upp i och m\u00e5let \u00e4r att alla f\u00e5r ett bra liv \u2013 hela livet! - Kristdemokraterna i Katrineholm<\/title>\n<meta name=\"robots\" content=\"index, follow, max-snippet:-1, max-image-preview:large, max-video-preview:-1\" \/>\n<link rel=\"canonical\" href=\"https:\/\/wp.kristdemokraterna.se\/katrineholm\/katrineholm-ska-bli-bast-att-vaxa-upp-i-och-malet-ar-att-alla-far-ett-bra-liv-hela-livet\/\" \/>\n<meta property=\"og:locale\" content=\"sv_SE\" \/>\n<meta property=\"og:type\" content=\"article\" \/>\n<meta property=\"og:title\" content=\"Katrineholm ska bli b\u00e4st att v\u00e4xa upp i och m\u00e5let \u00e4r att alla f\u00e5r ett bra liv \u2013 hela livet! - Kristdemokraterna i Katrineholm\" \/>\n<meta property=\"og:description\" content=\"V\u00e5r vision \u00e4r att kommunens k\u00e4rnverksamhet skola, v\u00e5rd &amp; omsorg ska uppn\u00e5 en h\u00f6g kvalit\u00e9 och bli omtyckt av alla. Goda villkor f\u00f6r familjerna ger v\u00e5ra barn en bra start i livet. Genom att satsa p\u00e5 de minsta bygger vi ett gott samh\u00e4lle och en b\u00e4ttre framtid f\u00f6r oss alla. \u2013 B\u00e5de f\u00f6r\u00e4ldrar och barn Read More\" \/>\n<meta property=\"og:url\" content=\"https:\/\/wp.kristdemokraterna.se\/katrineholm\/katrineholm-ska-bli-bast-att-vaxa-upp-i-och-malet-ar-att-alla-far-ett-bra-liv-hela-livet\/\" \/>\n<meta property=\"og:site_name\" content=\"Kristdemokraterna i Katrineholm\" \/>\n<meta property=\"article:published_time\" content=\"2018-01-29T10:07:44+00:00\" \/>\n<meta property=\"article:modified_time\" content=\"2018-02-05T12:57:58+00:00\" \/>\n<meta name=\"author\" content=\"helpdesk\" \/>\n<meta name=\"twitter:card\" content=\"summary_large_image\" \/>\n<meta name=\"twitter:label1\" content=\"Skriven av\" \/>\n\t<meta name=\"twitter:data1\" content=\"helpdesk\" \/>\n\t<meta name=\"twitter:label2\" content=\"Ber\u00e4knad l\u00e4stid\" \/>\n\t<meta name=\"twitter:data2\" content=\"1 minut\" \/>\n<script type=\"application\/ld+json\" class=\"yoast-schema-graph\">{\"@context\":\"https:\\\/\\\/schema.org\",\"@graph\":[{\"@type\":\"Article\",\"@id\":\"https:\\\/\\\/wp.kristdemokraterna.se\\\/katrineholm\\\/katrineholm-ska-bli-bast-att-vaxa-upp-i-och-malet-ar-att-alla-far-ett-bra-liv-hela-livet\\\/#article\",\"isPartOf\":{\"@id\":\"https:\\\/\\\/wp.kristdemokraterna.se\\\/katrineholm\\\/katrineholm-ska-bli-bast-att-vaxa-upp-i-och-malet-ar-att-alla-far-ett-bra-liv-hela-livet\\\/\"},\"author\":{\"name\":\"helpdesk\",\"@id\":\"https:\\\/\\\/wp.kristdemokraterna.se\\\/katrineholm\\\/#\\\/schema\\\/person\\\/98d27838d17178471da5e8a56aa604a4\"},\"headline\":\"Katrineholm ska bli b\u00e4st att v\u00e4xa upp i och m\u00e5let \u00e4r att alla f\u00e5r ett bra liv \u2013 hela livet!\",\"datePublished\":\"2018-01-29T10:07:44+00:00\",\"dateModified\":\"2018-02-05T12:57:58+00:00\",\"mainEntityOfPage\":{\"@id\":\"https:\\\/\\\/wp.kristdemokraterna.se\\\/katrineholm\\\/katrineholm-ska-bli-bast-att-vaxa-upp-i-och-malet-ar-att-alla-far-ett-bra-liv-hela-livet\\\/\"},\"wordCount\":129,\"articleSection\":[\"I Kommunen\",\"inl\u00e4gg\",\"Nyheter\"],\"inLanguage\":\"sv-SE\"},{\"@type\":\"WebPage\",\"@id\":\"https:\\\/\\\/wp.kristdemokraterna.se\\\/katrineholm\\\/katrineholm-ska-bli-bast-att-vaxa-upp-i-och-malet-ar-att-alla-far-ett-bra-liv-hela-livet\\\/\",\"url\":\"https:\\\/\\\/wp.kristdemokraterna.se\\\/katrineholm\\\/katrineholm-ska-bli-bast-att-vaxa-upp-i-och-malet-ar-att-alla-far-ett-bra-liv-hela-livet\\\/\",\"name\":\"Katrineholm ska bli b\u00e4st att v\u00e4xa upp i och m\u00e5let \u00e4r att alla f\u00e5r ett bra liv \u2013 hela livet! - Kristdemokraterna i Katrineholm\",\"isPartOf\":{\"@id\":\"https:\\\/\\\/wp.kristdemokraterna.se\\\/katrineholm\\\/#website\"},\"datePublished\":\"2018-01-29T10:07:44+00:00\",\"dateModified\":\"2018-02-05T12:57:58+00:00\",\"author\":{\"@id\":\"https:\\\/\\\/wp.kristdemokraterna.se\\\/katrineholm\\\/#\\\/schema\\\/person\\\/98d27838d17178471da5e8a56aa604a4\"},\"breadcrumb\":{\"@id\":\"https:\\\/\\\/wp.kristdemokraterna.se\\\/katrineholm\\\/katrineholm-ska-bli-bast-att-vaxa-upp-i-och-malet-ar-att-alla-far-ett-bra-liv-hela-livet\\\/#breadcrumb\"},\"inLanguage\":\"sv-SE\",\"potentialAction\":[{\"@type\":\"ReadAction\",\"target\":[\"https:\\\/\\\/wp.kristdemokraterna.se\\\/katrineholm\\\/katrineholm-ska-bli-bast-att-vaxa-upp-i-och-malet-ar-att-alla-far-ett-bra-liv-hela-livet\\\/\"]}]},{\"@type\":\"BreadcrumbList\",\"@id\":\"https:\\\/\\\/wp.kristdemokraterna.se\\\/katrineholm\\\/katrineholm-ska-bli-bast-att-vaxa-upp-i-och-malet-ar-att-alla-far-ett-bra-liv-hela-livet\\\/#breadcrumb\",\"itemListElement\":[{\"@type\":\"ListItem\",\"position\":1,\"name\":\"Hem\",\"item\":\"https:\\\/\\\/wp.kristdemokraterna.se\\\/katrineholm\\\/\"},{\"@type\":\"ListItem\",\"position\":2,\"name\":\"Katrineholm ska bli b\u00e4st att v\u00e4xa upp i och m\u00e5let \u00e4r att alla f\u00e5r ett bra liv \u2013 hela livet!\"}]},{\"@type\":\"WebSite\",\"@id\":\"https:\\\/\\\/wp.kristdemokraterna.se\\\/katrineholm\\\/#website\",\"url\":\"https:\\\/\\\/wp.kristdemokraterna.se\\\/katrineholm\\\/\",\"name\":\"Kristdemokraterna i Katrineholm\",\"description\":\"En till Kristdemokraterna webbplats\",\"inLanguage\":\"sv-SE\"},{\"@type\":\"Person\",\"@id\":\"https:\\\/\\\/wp.kristdemokraterna.se\\\/katrineholm\\\/#\\\/schema\\\/person\\\/98d27838d17178471da5e8a56aa604a4\",\"name\":\"helpdesk\",\"image\":{\"@type\":\"ImageObject\",\"inLanguage\":\"sv-SE\",\"@id\":\"https:\\\/\\\/secure.gravatar.com\\\/avatar\\\/2e747bc9a7d4e5a6ecca7d851e4175129f995f3f6d9ef18734d1ff623abe4a88?s=96&d=mm&r=g\",\"url\":\"https:\\\/\\\/secure.gravatar.com\\\/avatar\\\/2e747bc9a7d4e5a6ecca7d851e4175129f995f3f6d9ef18734d1ff623abe4a88?s=96&d=mm&r=g\",\"contentUrl\":\"https:\\\/\\\/secure.gravatar.com\\\/avatar\\\/2e747bc9a7d4e5a6ecca7d851e4175129f995f3f6d9ef18734d1ff623abe4a88?s=96&d=mm&r=g\",\"caption\":\"helpdesk\"},\"url\":\"https:\\\/\\\/wp.kristdemokraterna.se\\\/katrineholm\\\/author\\\/helpdesk\\\/\"}]}<\/script>\n<!-- \/ Yoast SEO plugin. -->","yoast_head_json":{"title":"Katrineholm ska bli b\u00e4st att v\u00e4xa upp i och m\u00e5let \u00e4r att alla f\u00e5r ett bra liv \u2013 hela livet! - Kristdemokraterna i Katrineholm","robots":{"index":"index","follow":"follow","max-snippet":"max-snippet:-1","max-image-preview":"max-image-preview:large","max-video-preview":"max-video-preview:-1"},"canonical":"https:\/\/wp.kristdemokraterna.se\/katrineholm\/katrineholm-ska-bli-bast-att-vaxa-upp-i-och-malet-ar-att-alla-far-ett-bra-liv-hela-livet\/","og_locale":"sv_SE","og_type":"article","og_title":"Katrineholm ska bli b\u00e4st att v\u00e4xa upp i och m\u00e5let \u00e4r att alla f\u00e5r ett bra liv \u2013 hela livet! - Kristdemokraterna i Katrineholm","og_description":"V\u00e5r vision \u00e4r att kommunens k\u00e4rnverksamhet skola, v\u00e5rd &amp; omsorg ska uppn\u00e5 en h\u00f6g kvalit\u00e9 och bli omtyckt av alla. Goda villkor f\u00f6r familjerna ger v\u00e5ra barn en bra start i livet. Genom att satsa p\u00e5 de minsta bygger vi ett gott samh\u00e4lle och en b\u00e4ttre framtid f\u00f6r oss alla. \u2013 B\u00e5de f\u00f6r\u00e4ldrar och barn Read More","og_url":"https:\/\/wp.kristdemokraterna.se\/katrineholm\/katrineholm-ska-bli-bast-att-vaxa-upp-i-och-malet-ar-att-alla-far-ett-bra-liv-hela-livet\/","og_site_name":"Kristdemokraterna i Katrineholm","article_published_time":"2018-01-29T10:07:44+00:00","article_modified_time":"2018-02-05T12:57:58+00:00","author":"helpdesk","twitter_card":"summary_large_image","twitter_misc":{"Skriven av":"helpdesk","Ber\u00e4knad l\u00e4stid":"1 minut"},"schema":{"@context":"https:\/\/schema.org","@graph":[{"@type":"Article","@id":"https:\/\/wp.kristdemokraterna.se\/katrineholm\/katrineholm-ska-bli-bast-att-vaxa-upp-i-och-malet-ar-att-alla-far-ett-bra-liv-hela-livet\/#article","isPartOf":{"@id":"https:\/\/wp.kristdemokraterna.se\/katrineholm\/katrineholm-ska-bli-bast-att-vaxa-upp-i-och-malet-ar-att-alla-far-ett-bra-liv-hela-livet\/"},"author":{"name":"helpdesk","@id":"https:\/\/wp.kristdemokraterna.se\/katrineholm\/#\/schema\/person\/98d27838d17178471da5e8a56aa604a4"},"headline":"Katrineholm ska bli b\u00e4st att v\u00e4xa upp i och m\u00e5let \u00e4r att alla f\u00e5r ett bra liv \u2013 hela livet!","datePublished":"2018-01-29T10:07:44+00:00","dateModified":"2018-02-05T12:57:58+00:00","mainEntityOfPage":{"@id":"https:\/\/wp.kristdemokraterna.se\/katrineholm\/katrineholm-ska-bli-bast-att-vaxa-upp-i-och-malet-ar-att-alla-far-ett-bra-liv-hela-livet\/"},"wordCount":129,"articleSection":["I Kommunen","inl\u00e4gg","Nyheter"],"inLanguage":"sv-SE"},{"@type":"WebPage","@id":"https:\/\/wp.kristdemokraterna.se\/katrineholm\/katrineholm-ska-bli-bast-att-vaxa-upp-i-och-malet-ar-att-alla-far-ett-bra-liv-hela-livet\/","url":"https:\/\/wp.kristdemokraterna.se\/katrineholm\/katrineholm-ska-bli-bast-att-vaxa-upp-i-och-malet-ar-att-alla-far-ett-bra-liv-hela-livet\/","name":"Katrineholm ska bli b\u00e4st att v\u00e4xa upp i och m\u00e5let \u00e4r att alla f\u00e5r ett bra liv \u2013 hela livet! - Kristdemokraterna i Katrineholm","isPartOf":{"@id":"https:\/\/wp.kristdemokraterna.se\/katrineholm\/#website"},"datePublished":"2018-01-29T10:07:44+00:00","dateModified":"2018-02-05T12:57:58+00:00","author":{"@id":"https:\/\/wp.kristdemokraterna.se\/katrineholm\/#\/schema\/person\/98d27838d17178471da5e8a56aa604a4"},"breadcrumb":{"@id":"https:\/\/wp.kristdemokraterna.se\/katrineholm\/katrineholm-ska-bli-bast-att-vaxa-upp-i-och-malet-ar-att-alla-far-ett-bra-liv-hela-livet\/#breadcrumb"},"inLanguage":"sv-SE","potentialAction":[{"@type":"ReadAction","target":["https:\/\/wp.kristdemokraterna.se\/katrineholm\/katrineholm-ska-bli-bast-att-vaxa-upp-i-och-malet-ar-att-alla-far-ett-bra-liv-hela-livet\/"]}]},{"@type":"BreadcrumbList","@id":"https:\/\/wp.kristdemokraterna.se\/katrineholm\/katrineholm-ska-bli-bast-att-vaxa-upp-i-och-malet-ar-att-alla-far-ett-bra-liv-hela-livet\/#breadcrumb","itemListElement":[{"@type":"ListItem","position":1,"name":"Hem","item":"https:\/\/wp.kristdemokraterna.se\/katrineholm\/"},{"@type":"ListItem","position":2,"name":"Katrineholm ska bli b\u00e4st att v\u00e4xa upp i och m\u00e5let \u00e4r att alla f\u00e5r ett bra liv \u2013 hela livet!"}]},{"@type":"WebSite","@id":"https:\/\/wp.kristdemokraterna.se\/katrineholm\/#website","url":"https:\/\/wp.kristdemokraterna.se\/katrineholm\/","name":"Kristdemokraterna i Katrineholm","description":"En till Kristdemokraterna webbplats","inLanguage":"sv-SE"},{"@type":"Person","@id":"https:\/\/wp.kristdemokraterna.se\/katrineholm\/#\/schema\/person\/98d27838d17178471da5e8a56aa604a4","name":"helpdesk","image":{"@type":"ImageObject","inLanguage":"sv-SE","@id":"https:\/\/secure.gravatar.com\/avatar\/2e747bc9a7d4e5a6ecca7d851e4175129f995f3f6d9ef18734d1ff623abe4a88?s=96&d=mm&r=g","url":"https:\/\/secure.gravatar.com\/avatar\/2e747bc9a7d4e5a6ecca7d851e4175129f995f3f6d9ef18734d1ff623abe4a88?s=96&d=mm&r=g","contentUrl":"https:\/\/secure.gravatar.com\/avatar\/2e747bc9a7d4e5a6ecca7d851e4175129f995f3f6d9ef18734d1ff623abe4a88?s=96&d=mm&r=g","caption":"helpdesk"},"url":"https:\/\/wp.kristdemokraterna.se\/katrineholm\/author\/helpdesk\/"}]}},"_links":{"self":[{"href":"https:\/\/wp.kristdemokraterna.se\/katrineholm\/wp-json\/wp\/v2\/posts\/498","targetHints":{"allow":["GET"]}}],"collection":[{"href":"https:\/\/wp.kristdemokraterna.se\/katrineholm\/wp-json\/wp\/v2\/posts"}],"about":[{"href":"https:\/\/wp.kristdemokraterna.se\/katrineholm\/wp-json\/wp\/v2\/types\/post"}],"author":[{"embeddable":true,"href":"https:\/\/wp.kristdemokraterna.se\/katrineholm\/wp-json\/wp\/v2\/users\/444"}],"replies":[{"embeddable":true,"href":"https:\/\/wp.kristdemokraterna.se\/katrineholm\/wp-json\/wp\/v2\/comments?post=498"}],"version-history":[{"count":3,"href":"https:\/\/wp.kristdemokraterna.se\/katrineholm\/wp-json\/wp\/v2\/posts\/498\/revisions"}],"predecessor-version":[{"id":525,"href":"https:\/\/wp.kristdemokraterna.se\/katrineholm\/wp-json\/wp\/v2\/posts\/498\/revisions\/525"}],"wp:attachment":[{"href":"https:\/\/wp.kristdemokraterna.se\/katrineholm\/wp-json\/wp\/v2\/media?parent=498"}],"wp:term":[{"taxonomy":"category","embeddable":true,"href":"https:\/\/wp.kristdemokraterna.se\/katrineholm\/wp-json\/wp\/v2\/categories?post=498"},{"taxonomy":"post_tag","embeddable":true,"href":"https:\/\/wp.kristdemokraterna.se\/katrineholm\/wp-json\/wp\/v2\/tags?post=498"}],"curies":[{"name":"wp","href":"https:\/\/api.w.org\/{rel}","templated":true}]}}