{"id":508,"date":"2018-01-29T11:17:54","date_gmt":"2018-01-29T10:17:54","guid":{"rendered":"http:\/\/wp.kristdemokraterna.se\/katrineholm2\/?p=508"},"modified":"2018-02-05T13:55:56","modified_gmt":"2018-02-05T12:55:56","slug":"ett-samhalle-bygger-man-fran-grunden","status":"publish","type":"post","link":"https:\/\/wp.kristdemokraterna.se\/katrineholm\/ett-samhalle-bygger-man-fran-grunden\/","title":{"rendered":"Ett samh\u00e4lle bygger man fr\u00e5n grunden"},"content":{"rendered":"<p>Kristdemokraterna \u00e4r f\u00f6r m\u00e5nga svenskar f\u00f6rknippade med v\u00e5rd, omsorg och sociala fr\u00e5gor. En viktig del av det sociala ansvaret, \u00e4r m\u00f6jligheten till arbete. Arbetsl\u00f6sheten \u00e4r sl\u00f6seri med m\u00e4nskliga resurser och d\u00e4rf\u00f6r \u00e4r full syssels\u00e4ttning f\u00f6r alla som vill och kan arbeta ett viktigt politiskt m\u00e5l. V\u00e5rt syns\u00e4tt \u00e4r att m\u00e4nniskor ska kunna arbeta hundra procent av sin f\u00f6rm\u00e5ga och kunna p\u00e5verka sin personliga ekonomi, s\u00e4ger Joha Frondelius.<\/p>\n","protected":false},"excerpt":{"rendered":"<p>Kristdemokraterna \u00e4r f\u00f6r m\u00e5nga svenskar f\u00f6rknippade med v\u00e5rd, omsorg och sociala fr\u00e5gor. En viktig del av det sociala ansvaret, \u00e4r m\u00f6jligheten till arbete. Arbetsl\u00f6sheten \u00e4r sl\u00f6seri med m\u00e4nskliga resurser och d\u00e4rf\u00f6r \u00e4r full syssels\u00e4ttning f\u00f6r alla som vill och kan arbeta ett viktigt politiskt m\u00e5l. V\u00e5rt syns\u00e4tt \u00e4r att m\u00e4nniskor ska kunna arbeta hundra procent <a class=\"read-more-link\" href=\"https:\/\/wp.kristdemokraterna.se\/katrineholm\/ett-samhalle-bygger-man-fran-grunden\/\">Read More<\/a><\/p>\n","protected":false},"author":444,"featured_media":0,"comment_status":"closed","ping_status":"closed","sticky":false,"template":"","format":"standard","meta":{"_acf_changed":false,"footnotes":""},"categories":[4,12],"tags":[],"class_list":["post-508","post","type-post","status-publish","format-standard","hentry","category-i-kommunen","category-inlagg-2"],"acf":[],"yoast_head":"<!-- This site is optimized with the Yoast SEO plugin v27.4 - https:\/\/yoast.com\/product\/yoast-seo-wordpress\/ -->\n<title>Ett samh\u00e4lle bygger man fr\u00e5n grunden - Kristdemokraterna i Katrineholm<\/title>\n<meta name=\"robots\" content=\"index, follow, max-snippet:-1, max-image-preview:large, max-video-preview:-1\" \/>\n<link rel=\"canonical\" href=\"https:\/\/wp.kristdemokraterna.se\/katrineholm\/ett-samhalle-bygger-man-fran-grunden\/\" \/>\n<meta property=\"og:locale\" content=\"sv_SE\" \/>\n<meta property=\"og:type\" content=\"article\" \/>\n<meta property=\"og:title\" content=\"Ett samh\u00e4lle bygger man fr\u00e5n grunden - Kristdemokraterna i Katrineholm\" \/>\n<meta property=\"og:description\" content=\"Kristdemokraterna \u00e4r f\u00f6r m\u00e5nga svenskar f\u00f6rknippade med v\u00e5rd, omsorg och sociala fr\u00e5gor. En viktig del av det sociala ansvaret, \u00e4r m\u00f6jligheten till arbete. Arbetsl\u00f6sheten \u00e4r sl\u00f6seri med m\u00e4nskliga resurser och d\u00e4rf\u00f6r \u00e4r full syssels\u00e4ttning f\u00f6r alla som vill och kan arbeta ett viktigt politiskt m\u00e5l. V\u00e5rt syns\u00e4tt \u00e4r att m\u00e4nniskor ska kunna arbeta hundra procent Read More\" \/>\n<meta property=\"og:url\" content=\"https:\/\/wp.kristdemokraterna.se\/katrineholm\/ett-samhalle-bygger-man-fran-grunden\/\" \/>\n<meta property=\"og:site_name\" content=\"Kristdemokraterna i Katrineholm\" \/>\n<meta property=\"article:published_time\" content=\"2018-01-29T10:17:54+00:00\" \/>\n<meta property=\"article:modified_time\" content=\"2018-02-05T12:55:56+00:00\" \/>\n<meta name=\"author\" content=\"helpdesk\" \/>\n<meta name=\"twitter:card\" content=\"summary_large_image\" \/>\n<meta name=\"twitter:label1\" content=\"Skriven av\" \/>\n\t<meta name=\"twitter:data1\" content=\"helpdesk\" \/>\n<script type=\"application\/ld+json\" class=\"yoast-schema-graph\">{\"@context\":\"https:\\\/\\\/schema.org\",\"@graph\":[{\"@type\":\"Article\",\"@id\":\"https:\\\/\\\/wp.kristdemokraterna.se\\\/katrineholm\\\/ett-samhalle-bygger-man-fran-grunden\\\/#article\",\"isPartOf\":{\"@id\":\"https:\\\/\\\/wp.kristdemokraterna.se\\\/katrineholm\\\/ett-samhalle-bygger-man-fran-grunden\\\/\"},\"author\":{\"name\":\"helpdesk\",\"@id\":\"https:\\\/\\\/wp.kristdemokraterna.se\\\/katrineholm\\\/#\\\/schema\\\/person\\\/98d27838d17178471da5e8a56aa604a4\"},\"headline\":\"Ett samh\u00e4lle bygger man fr\u00e5n grunden\",\"datePublished\":\"2018-01-29T10:17:54+00:00\",\"dateModified\":\"2018-02-05T12:55:56+00:00\",\"mainEntityOfPage\":{\"@id\":\"https:\\\/\\\/wp.kristdemokraterna.se\\\/katrineholm\\\/ett-samhalle-bygger-man-fran-grunden\\\/\"},\"wordCount\":96,\"articleSection\":[\"I Kommunen\",\"inl\u00e4gg\"],\"inLanguage\":\"sv-SE\"},{\"@type\":\"WebPage\",\"@id\":\"https:\\\/\\\/wp.kristdemokraterna.se\\\/katrineholm\\\/ett-samhalle-bygger-man-fran-grunden\\\/\",\"url\":\"https:\\\/\\\/wp.kristdemokraterna.se\\\/katrineholm\\\/ett-samhalle-bygger-man-fran-grunden\\\/\",\"name\":\"Ett samh\u00e4lle bygger man fr\u00e5n grunden - Kristdemokraterna i Katrineholm\",\"isPartOf\":{\"@id\":\"https:\\\/\\\/wp.kristdemokraterna.se\\\/katrineholm\\\/#website\"},\"datePublished\":\"2018-01-29T10:17:54+00:00\",\"dateModified\":\"2018-02-05T12:55:56+00:00\",\"author\":{\"@id\":\"https:\\\/\\\/wp.kristdemokraterna.se\\\/katrineholm\\\/#\\\/schema\\\/person\\\/98d27838d17178471da5e8a56aa604a4\"},\"breadcrumb\":{\"@id\":\"https:\\\/\\\/wp.kristdemokraterna.se\\\/katrineholm\\\/ett-samhalle-bygger-man-fran-grunden\\\/#breadcrumb\"},\"inLanguage\":\"sv-SE\",\"potentialAction\":[{\"@type\":\"ReadAction\",\"target\":[\"https:\\\/\\\/wp.kristdemokraterna.se\\\/katrineholm\\\/ett-samhalle-bygger-man-fran-grunden\\\/\"]}]},{\"@type\":\"BreadcrumbList\",\"@id\":\"https:\\\/\\\/wp.kristdemokraterna.se\\\/katrineholm\\\/ett-samhalle-bygger-man-fran-grunden\\\/#breadcrumb\",\"itemListElement\":[{\"@type\":\"ListItem\",\"position\":1,\"name\":\"Hem\",\"item\":\"https:\\\/\\\/wp.kristdemokraterna.se\\\/katrineholm\\\/\"},{\"@type\":\"ListItem\",\"position\":2,\"name\":\"Ett samh\u00e4lle bygger man fr\u00e5n grunden\"}]},{\"@type\":\"WebSite\",\"@id\":\"https:\\\/\\\/wp.kristdemokraterna.se\\\/katrineholm\\\/#website\",\"url\":\"https:\\\/\\\/wp.kristdemokraterna.se\\\/katrineholm\\\/\",\"name\":\"Kristdemokraterna i Katrineholm\",\"description\":\"En till Kristdemokraterna webbplats\",\"inLanguage\":\"sv-SE\"},{\"@type\":\"Person\",\"@id\":\"https:\\\/\\\/wp.kristdemokraterna.se\\\/katrineholm\\\/#\\\/schema\\\/person\\\/98d27838d17178471da5e8a56aa604a4\",\"name\":\"helpdesk\",\"image\":{\"@type\":\"ImageObject\",\"inLanguage\":\"sv-SE\",\"@id\":\"https:\\\/\\\/secure.gravatar.com\\\/avatar\\\/2e747bc9a7d4e5a6ecca7d851e4175129f995f3f6d9ef18734d1ff623abe4a88?s=96&d=mm&r=g\",\"url\":\"https:\\\/\\\/secure.gravatar.com\\\/avatar\\\/2e747bc9a7d4e5a6ecca7d851e4175129f995f3f6d9ef18734d1ff623abe4a88?s=96&d=mm&r=g\",\"contentUrl\":\"https:\\\/\\\/secure.gravatar.com\\\/avatar\\\/2e747bc9a7d4e5a6ecca7d851e4175129f995f3f6d9ef18734d1ff623abe4a88?s=96&d=mm&r=g\",\"caption\":\"helpdesk\"},\"url\":\"https:\\\/\\\/wp.kristdemokraterna.se\\\/katrineholm\\\/author\\\/helpdesk\\\/\"}]}<\/script>\n<!-- \/ Yoast SEO plugin. -->","yoast_head_json":{"title":"Ett samh\u00e4lle bygger man fr\u00e5n grunden - Kristdemokraterna i Katrineholm","robots":{"index":"index","follow":"follow","max-snippet":"max-snippet:-1","max-image-preview":"max-image-preview:large","max-video-preview":"max-video-preview:-1"},"canonical":"https:\/\/wp.kristdemokraterna.se\/katrineholm\/ett-samhalle-bygger-man-fran-grunden\/","og_locale":"sv_SE","og_type":"article","og_title":"Ett samh\u00e4lle bygger man fr\u00e5n grunden - Kristdemokraterna i Katrineholm","og_description":"Kristdemokraterna \u00e4r f\u00f6r m\u00e5nga svenskar f\u00f6rknippade med v\u00e5rd, omsorg och sociala fr\u00e5gor. En viktig del av det sociala ansvaret, \u00e4r m\u00f6jligheten till arbete. Arbetsl\u00f6sheten \u00e4r sl\u00f6seri med m\u00e4nskliga resurser och d\u00e4rf\u00f6r \u00e4r full syssels\u00e4ttning f\u00f6r alla som vill och kan arbeta ett viktigt politiskt m\u00e5l. V\u00e5rt syns\u00e4tt \u00e4r att m\u00e4nniskor ska kunna arbeta hundra procent Read More","og_url":"https:\/\/wp.kristdemokraterna.se\/katrineholm\/ett-samhalle-bygger-man-fran-grunden\/","og_site_name":"Kristdemokraterna i Katrineholm","article_published_time":"2018-01-29T10:17:54+00:00","article_modified_time":"2018-02-05T12:55:56+00:00","author":"helpdesk","twitter_card":"summary_large_image","twitter_misc":{"Skriven av":"helpdesk"},"schema":{"@context":"https:\/\/schema.org","@graph":[{"@type":"Article","@id":"https:\/\/wp.kristdemokraterna.se\/katrineholm\/ett-samhalle-bygger-man-fran-grunden\/#article","isPartOf":{"@id":"https:\/\/wp.kristdemokraterna.se\/katrineholm\/ett-samhalle-bygger-man-fran-grunden\/"},"author":{"name":"helpdesk","@id":"https:\/\/wp.kristdemokraterna.se\/katrineholm\/#\/schema\/person\/98d27838d17178471da5e8a56aa604a4"},"headline":"Ett samh\u00e4lle bygger man fr\u00e5n grunden","datePublished":"2018-01-29T10:17:54+00:00","dateModified":"2018-02-05T12:55:56+00:00","mainEntityOfPage":{"@id":"https:\/\/wp.kristdemokraterna.se\/katrineholm\/ett-samhalle-bygger-man-fran-grunden\/"},"wordCount":96,"articleSection":["I Kommunen","inl\u00e4gg"],"inLanguage":"sv-SE"},{"@type":"WebPage","@id":"https:\/\/wp.kristdemokraterna.se\/katrineholm\/ett-samhalle-bygger-man-fran-grunden\/","url":"https:\/\/wp.kristdemokraterna.se\/katrineholm\/ett-samhalle-bygger-man-fran-grunden\/","name":"Ett samh\u00e4lle bygger man fr\u00e5n grunden - Kristdemokraterna i Katrineholm","isPartOf":{"@id":"https:\/\/wp.kristdemokraterna.se\/katrineholm\/#website"},"datePublished":"2018-01-29T10:17:54+00:00","dateModified":"2018-02-05T12:55:56+00:00","author":{"@id":"https:\/\/wp.kristdemokraterna.se\/katrineholm\/#\/schema\/person\/98d27838d17178471da5e8a56aa604a4"},"breadcrumb":{"@id":"https:\/\/wp.kristdemokraterna.se\/katrineholm\/ett-samhalle-bygger-man-fran-grunden\/#breadcrumb"},"inLanguage":"sv-SE","potentialAction":[{"@type":"ReadAction","target":["https:\/\/wp.kristdemokraterna.se\/katrineholm\/ett-samhalle-bygger-man-fran-grunden\/"]}]},{"@type":"BreadcrumbList","@id":"https:\/\/wp.kristdemokraterna.se\/katrineholm\/ett-samhalle-bygger-man-fran-grunden\/#breadcrumb","itemListElement":[{"@type":"ListItem","position":1,"name":"Hem","item":"https:\/\/wp.kristdemokraterna.se\/katrineholm\/"},{"@type":"ListItem","position":2,"name":"Ett samh\u00e4lle bygger man fr\u00e5n grunden"}]},{"@type":"WebSite","@id":"https:\/\/wp.kristdemokraterna.se\/katrineholm\/#website","url":"https:\/\/wp.kristdemokraterna.se\/katrineholm\/","name":"Kristdemokraterna i Katrineholm","description":"En till Kristdemokraterna webbplats","inLanguage":"sv-SE"},{"@type":"Person","@id":"https:\/\/wp.kristdemokraterna.se\/katrineholm\/#\/schema\/person\/98d27838d17178471da5e8a56aa604a4","name":"helpdesk","image":{"@type":"ImageObject","inLanguage":"sv-SE","@id":"https:\/\/secure.gravatar.com\/avatar\/2e747bc9a7d4e5a6ecca7d851e4175129f995f3f6d9ef18734d1ff623abe4a88?s=96&d=mm&r=g","url":"https:\/\/secure.gravatar.com\/avatar\/2e747bc9a7d4e5a6ecca7d851e4175129f995f3f6d9ef18734d1ff623abe4a88?s=96&d=mm&r=g","contentUrl":"https:\/\/secure.gravatar.com\/avatar\/2e747bc9a7d4e5a6ecca7d851e4175129f995f3f6d9ef18734d1ff623abe4a88?s=96&d=mm&r=g","caption":"helpdesk"},"url":"https:\/\/wp.kristdemokraterna.se\/katrineholm\/author\/helpdesk\/"}]}},"_links":{"self":[{"href":"https:\/\/wp.kristdemokraterna.se\/katrineholm\/wp-json\/wp\/v2\/posts\/508","targetHints":{"allow":["GET"]}}],"collection":[{"href":"https:\/\/wp.kristdemokraterna.se\/katrineholm\/wp-json\/wp\/v2\/posts"}],"about":[{"href":"https:\/\/wp.kristdemokraterna.se\/katrineholm\/wp-json\/wp\/v2\/types\/post"}],"author":[{"embeddable":true,"href":"https:\/\/wp.kristdemokraterna.se\/katrineholm\/wp-json\/wp\/v2\/users\/444"}],"replies":[{"embeddable":true,"href":"https:\/\/wp.kristdemokraterna.se\/katrineholm\/wp-json\/wp\/v2\/comments?post=508"}],"version-history":[{"count":3,"href":"https:\/\/wp.kristdemokraterna.se\/katrineholm\/wp-json\/wp\/v2\/posts\/508\/revisions"}],"predecessor-version":[{"id":522,"href":"https:\/\/wp.kristdemokraterna.se\/katrineholm\/wp-json\/wp\/v2\/posts\/508\/revisions\/522"}],"wp:attachment":[{"href":"https:\/\/wp.kristdemokraterna.se\/katrineholm\/wp-json\/wp\/v2\/media?parent=508"}],"wp:term":[{"taxonomy":"category","embeddable":true,"href":"https:\/\/wp.kristdemokraterna.se\/katrineholm\/wp-json\/wp\/v2\/categories?post=508"},{"taxonomy":"post_tag","embeddable":true,"href":"https:\/\/wp.kristdemokraterna.se\/katrineholm\/wp-json\/wp\/v2\/tags?post=508"}],"curies":[{"name":"wp","href":"https:\/\/api.w.org\/{rel}","templated":true}]}}