{"id":4978,"date":"2025-02-17T12:29:02","date_gmt":"2025-02-17T11:29:02","guid":{"rendered":"https:\/\/wp.kristdemokraterna.se\/kdsenior\/?p=4978"},"modified":"2025-02-25T16:28:02","modified_gmt":"2025-02-25T15:28:02","slug":"var-politik-en-politik-med-seniora-ogon","status":"publish","type":"post","link":"https:\/\/wp.kristdemokraterna.se\/kdsenior\/var-politik-en-politik-med-seniora-ogon\/","title":{"rendered":"V\u00e5r politik &#8211; en politik med seniora \u00f6gon"},"content":{"rendered":"<p>I KD Seniors politiska program kan Du l\u00e4sa v\u00e5ra f\u00f6rslag f\u00f6r en b\u00e4ttre seniorpolitik.<br \/>\nDu kan l\u00e4sa det h\u00e4r, och \u00e4ven ladda ned och skriva ut dokumentet.<\/p>\n<p><a href=\"http:\/\/wp.kristdemokraterna.se\/kdsenior\/files\/2025\/02\/kdsenior_varpolitik_241218.pdf\">KDsenior_va\u030arpolitik_241218<\/a><br \/>\nVill du ha mer information skicka ett brev till\u00a0 <a href=\"mailto:info@kdsenior.se\">info@kdsenior.se<\/a><\/p>\n","protected":false},"excerpt":{"rendered":"<p>I KD Seniors politiska program kan Du l\u00e4sa v\u00e5ra f\u00f6rslag f\u00f6r en b\u00e4ttre seniorpolitik. Du kan l\u00e4sa det h\u00e4r, och \u00e4ven ladda ned och skriva ut dokumentet. KDsenior_va\u030arpolitik_241218 Vill du ha mer information skicka ett brev till\u00a0 info@kdsenior.se<\/p>\n","protected":false},"author":444,"featured_media":4278,"comment_status":"closed","ping_status":"closed","sticky":false,"template":"","format":"standard","meta":{"_acf_changed":false,"footnotes":""},"categories":[11],"tags":[],"class_list":["post-4978","post","type-post","status-publish","format-standard","hentry","category-aktuellt"],"acf":[],"yoast_head":"<!-- This site is optimized with the Yoast SEO plugin v27.5 - https:\/\/yoast.com\/product\/yoast-seo-wordpress\/ -->\n<title>V\u00e5r politik - en politik med seniora \u00f6gon - KD Senior<\/title>\n<meta name=\"robots\" content=\"index, follow, max-snippet:-1, max-image-preview:large, max-video-preview:-1\" \/>\n<link rel=\"canonical\" href=\"https:\/\/wp.kristdemokraterna.se\/kdsenior\/var-politik-en-politik-med-seniora-ogon\/\" \/>\n<meta property=\"og:locale\" content=\"sv_SE\" \/>\n<meta property=\"og:type\" content=\"article\" \/>\n<meta property=\"og:title\" content=\"V\u00e5r politik - en politik med seniora \u00f6gon - KD Senior\" \/>\n<meta property=\"og:description\" content=\"I KD Seniors politiska program kan Du l\u00e4sa v\u00e5ra f\u00f6rslag f\u00f6r en b\u00e4ttre seniorpolitik. Du kan l\u00e4sa det h\u00e4r, och \u00e4ven ladda ned och skriva ut dokumentet. KDsenior_va\u030arpolitik_241218 Vill du ha mer information skicka ett brev till\u00a0 info@kdsenior.se\" \/>\n<meta property=\"og:url\" content=\"https:\/\/wp.kristdemokraterna.se\/kdsenior\/var-politik-en-politik-med-seniora-ogon\/\" \/>\n<meta property=\"og:site_name\" content=\"KD Senior\" \/>\n<meta property=\"article:published_time\" content=\"2025-02-17T11:29:02+00:00\" \/>\n<meta property=\"article:modified_time\" content=\"2025-02-25T15:28:02+00:00\" \/>\n<meta name=\"author\" content=\"helpdesk\" \/>\n<meta name=\"twitter:card\" content=\"summary_large_image\" \/>\n<meta name=\"twitter:label1\" content=\"Skriven av\" \/>\n\t<meta name=\"twitter:data1\" content=\"helpdesk\" \/>\n\t<meta name=\"twitter:label2\" content=\"Ber\u00e4knad l\u00e4stid\" \/>\n\t<meta name=\"twitter:data2\" content=\"1 minut\" \/>\n<script type=\"application\/ld+json\" class=\"yoast-schema-graph\">{\"@context\":\"https:\\\/\\\/schema.org\",\"@graph\":[{\"@type\":\"Article\",\"@id\":\"https:\\\/\\\/wp.kristdemokraterna.se\\\/kdsenior\\\/var-politik-en-politik-med-seniora-ogon\\\/#article\",\"isPartOf\":{\"@id\":\"https:\\\/\\\/wp.kristdemokraterna.se\\\/kdsenior\\\/var-politik-en-politik-med-seniora-ogon\\\/\"},\"author\":{\"name\":\"helpdesk\",\"@id\":\"https:\\\/\\\/wp.kristdemokraterna.se\\\/kdsenior\\\/#\\\/schema\\\/person\\\/98d27838d17178471da5e8a56aa604a4\"},\"headline\":\"V\u00e5r politik &#8211; en politik med seniora \u00f6gon\",\"datePublished\":\"2025-02-17T11:29:02+00:00\",\"dateModified\":\"2025-02-25T15:28:02+00:00\",\"mainEntityOfPage\":{\"@id\":\"https:\\\/\\\/wp.kristdemokraterna.se\\\/kdsenior\\\/var-politik-en-politik-med-seniora-ogon\\\/\"},\"wordCount\":58,\"image\":{\"@id\":\"https:\\\/\\\/wp.kristdemokraterna.se\\\/kdsenior\\\/var-politik-en-politik-med-seniora-ogon\\\/#primaryimage\"},\"thumbnailUrl\":\"https:\\\/\\\/wp.kristdemokraterna.se\\\/kdsenior\\\/files\\\/2019\\\/01\\\/standard.png\",\"articleSection\":[\"Aktuellt\"],\"inLanguage\":\"sv-SE\"},{\"@type\":\"WebPage\",\"@id\":\"https:\\\/\\\/wp.kristdemokraterna.se\\\/kdsenior\\\/var-politik-en-politik-med-seniora-ogon\\\/\",\"url\":\"https:\\\/\\\/wp.kristdemokraterna.se\\\/kdsenior\\\/var-politik-en-politik-med-seniora-ogon\\\/\",\"name\":\"V\u00e5r politik - en politik med seniora \u00f6gon - KD Senior\",\"isPartOf\":{\"@id\":\"https:\\\/\\\/wp.kristdemokraterna.se\\\/kdsenior\\\/#website\"},\"primaryImageOfPage\":{\"@id\":\"https:\\\/\\\/wp.kristdemokraterna.se\\\/kdsenior\\\/var-politik-en-politik-med-seniora-ogon\\\/#primaryimage\"},\"image\":{\"@id\":\"https:\\\/\\\/wp.kristdemokraterna.se\\\/kdsenior\\\/var-politik-en-politik-med-seniora-ogon\\\/#primaryimage\"},\"thumbnailUrl\":\"https:\\\/\\\/wp.kristdemokraterna.se\\\/kdsenior\\\/files\\\/2019\\\/01\\\/standard.png\",\"datePublished\":\"2025-02-17T11:29:02+00:00\",\"dateModified\":\"2025-02-25T15:28:02+00:00\",\"author\":{\"@id\":\"https:\\\/\\\/wp.kristdemokraterna.se\\\/kdsenior\\\/#\\\/schema\\\/person\\\/98d27838d17178471da5e8a56aa604a4\"},\"breadcrumb\":{\"@id\":\"https:\\\/\\\/wp.kristdemokraterna.se\\\/kdsenior\\\/var-politik-en-politik-med-seniora-ogon\\\/#breadcrumb\"},\"inLanguage\":\"sv-SE\",\"potentialAction\":[{\"@type\":\"ReadAction\",\"target\":[\"https:\\\/\\\/wp.kristdemokraterna.se\\\/kdsenior\\\/var-politik-en-politik-med-seniora-ogon\\\/\"]}]},{\"@type\":\"ImageObject\",\"inLanguage\":\"sv-SE\",\"@id\":\"https:\\\/\\\/wp.kristdemokraterna.se\\\/kdsenior\\\/var-politik-en-politik-med-seniora-ogon\\\/#primaryimage\",\"url\":\"https:\\\/\\\/wp.kristdemokraterna.se\\\/kdsenior\\\/files\\\/2019\\\/01\\\/standard.png\",\"contentUrl\":\"https:\\\/\\\/wp.kristdemokraterna.se\\\/kdsenior\\\/files\\\/2019\\\/01\\\/standard.png\",\"width\":770,\"height\":390},{\"@type\":\"BreadcrumbList\",\"@id\":\"https:\\\/\\\/wp.kristdemokraterna.se\\\/kdsenior\\\/var-politik-en-politik-med-seniora-ogon\\\/#breadcrumb\",\"itemListElement\":[{\"@type\":\"ListItem\",\"position\":1,\"name\":\"Hem\",\"item\":\"https:\\\/\\\/wp.kristdemokraterna.se\\\/kdsenior\\\/\"},{\"@type\":\"ListItem\",\"position\":2,\"name\":\"V\u00e5r politik &#8211; en politik med seniora \u00f6gon\"}]},{\"@type\":\"WebSite\",\"@id\":\"https:\\\/\\\/wp.kristdemokraterna.se\\\/kdsenior\\\/#website\",\"url\":\"https:\\\/\\\/wp.kristdemokraterna.se\\\/kdsenior\\\/\",\"name\":\"KD Senior\",\"description\":\"Seniorer h\u00e5ller ihop Sverige!\",\"inLanguage\":\"sv-SE\"},{\"@type\":\"Person\",\"@id\":\"https:\\\/\\\/wp.kristdemokraterna.se\\\/kdsenior\\\/#\\\/schema\\\/person\\\/98d27838d17178471da5e8a56aa604a4\",\"name\":\"helpdesk\",\"image\":{\"@type\":\"ImageObject\",\"inLanguage\":\"sv-SE\",\"@id\":\"https:\\\/\\\/secure.gravatar.com\\\/avatar\\\/2e747bc9a7d4e5a6ecca7d851e4175129f995f3f6d9ef18734d1ff623abe4a88?s=96&d=mm&r=g\",\"url\":\"https:\\\/\\\/secure.gravatar.com\\\/avatar\\\/2e747bc9a7d4e5a6ecca7d851e4175129f995f3f6d9ef18734d1ff623abe4a88?s=96&d=mm&r=g\",\"contentUrl\":\"https:\\\/\\\/secure.gravatar.com\\\/avatar\\\/2e747bc9a7d4e5a6ecca7d851e4175129f995f3f6d9ef18734d1ff623abe4a88?s=96&d=mm&r=g\",\"caption\":\"helpdesk\"},\"url\":\"https:\\\/\\\/wp.kristdemokraterna.se\\\/kdsenior\\\/author\\\/helpdesk\\\/\"}]}<\/script>\n<!-- \/ Yoast SEO plugin. -->","yoast_head_json":{"title":"V\u00e5r politik - en politik med seniora \u00f6gon - KD Senior","robots":{"index":"index","follow":"follow","max-snippet":"max-snippet:-1","max-image-preview":"max-image-preview:large","max-video-preview":"max-video-preview:-1"},"canonical":"https:\/\/wp.kristdemokraterna.se\/kdsenior\/var-politik-en-politik-med-seniora-ogon\/","og_locale":"sv_SE","og_type":"article","og_title":"V\u00e5r politik - en politik med seniora \u00f6gon - KD Senior","og_description":"I KD Seniors politiska program kan Du l\u00e4sa v\u00e5ra f\u00f6rslag f\u00f6r en b\u00e4ttre seniorpolitik. Du kan l\u00e4sa det h\u00e4r, och \u00e4ven ladda ned och skriva ut dokumentet. KDsenior_va\u030arpolitik_241218 Vill du ha mer information skicka ett brev till\u00a0 info@kdsenior.se","og_url":"https:\/\/wp.kristdemokraterna.se\/kdsenior\/var-politik-en-politik-med-seniora-ogon\/","og_site_name":"KD Senior","article_published_time":"2025-02-17T11:29:02+00:00","article_modified_time":"2025-02-25T15:28:02+00:00","author":"helpdesk","twitter_card":"summary_large_image","twitter_misc":{"Skriven av":"helpdesk","Ber\u00e4knad l\u00e4stid":"1 minut"},"schema":{"@context":"https:\/\/schema.org","@graph":[{"@type":"Article","@id":"https:\/\/wp.kristdemokraterna.se\/kdsenior\/var-politik-en-politik-med-seniora-ogon\/#article","isPartOf":{"@id":"https:\/\/wp.kristdemokraterna.se\/kdsenior\/var-politik-en-politik-med-seniora-ogon\/"},"author":{"name":"helpdesk","@id":"https:\/\/wp.kristdemokraterna.se\/kdsenior\/#\/schema\/person\/98d27838d17178471da5e8a56aa604a4"},"headline":"V\u00e5r politik &#8211; en politik med seniora \u00f6gon","datePublished":"2025-02-17T11:29:02+00:00","dateModified":"2025-02-25T15:28:02+00:00","mainEntityOfPage":{"@id":"https:\/\/wp.kristdemokraterna.se\/kdsenior\/var-politik-en-politik-med-seniora-ogon\/"},"wordCount":58,"image":{"@id":"https:\/\/wp.kristdemokraterna.se\/kdsenior\/var-politik-en-politik-med-seniora-ogon\/#primaryimage"},"thumbnailUrl":"https:\/\/wp.kristdemokraterna.se\/kdsenior\/files\/2019\/01\/standard.png","articleSection":["Aktuellt"],"inLanguage":"sv-SE"},{"@type":"WebPage","@id":"https:\/\/wp.kristdemokraterna.se\/kdsenior\/var-politik-en-politik-med-seniora-ogon\/","url":"https:\/\/wp.kristdemokraterna.se\/kdsenior\/var-politik-en-politik-med-seniora-ogon\/","name":"V\u00e5r politik - en politik med seniora \u00f6gon - KD Senior","isPartOf":{"@id":"https:\/\/wp.kristdemokraterna.se\/kdsenior\/#website"},"primaryImageOfPage":{"@id":"https:\/\/wp.kristdemokraterna.se\/kdsenior\/var-politik-en-politik-med-seniora-ogon\/#primaryimage"},"image":{"@id":"https:\/\/wp.kristdemokraterna.se\/kdsenior\/var-politik-en-politik-med-seniora-ogon\/#primaryimage"},"thumbnailUrl":"https:\/\/wp.kristdemokraterna.se\/kdsenior\/files\/2019\/01\/standard.png","datePublished":"2025-02-17T11:29:02+00:00","dateModified":"2025-02-25T15:28:02+00:00","author":{"@id":"https:\/\/wp.kristdemokraterna.se\/kdsenior\/#\/schema\/person\/98d27838d17178471da5e8a56aa604a4"},"breadcrumb":{"@id":"https:\/\/wp.kristdemokraterna.se\/kdsenior\/var-politik-en-politik-med-seniora-ogon\/#breadcrumb"},"inLanguage":"sv-SE","potentialAction":[{"@type":"ReadAction","target":["https:\/\/wp.kristdemokraterna.se\/kdsenior\/var-politik-en-politik-med-seniora-ogon\/"]}]},{"@type":"ImageObject","inLanguage":"sv-SE","@id":"https:\/\/wp.kristdemokraterna.se\/kdsenior\/var-politik-en-politik-med-seniora-ogon\/#primaryimage","url":"https:\/\/wp.kristdemokraterna.se\/kdsenior\/files\/2019\/01\/standard.png","contentUrl":"https:\/\/wp.kristdemokraterna.se\/kdsenior\/files\/2019\/01\/standard.png","width":770,"height":390},{"@type":"BreadcrumbList","@id":"https:\/\/wp.kristdemokraterna.se\/kdsenior\/var-politik-en-politik-med-seniora-ogon\/#breadcrumb","itemListElement":[{"@type":"ListItem","position":1,"name":"Hem","item":"https:\/\/wp.kristdemokraterna.se\/kdsenior\/"},{"@type":"ListItem","position":2,"name":"V\u00e5r politik &#8211; en politik med seniora \u00f6gon"}]},{"@type":"WebSite","@id":"https:\/\/wp.kristdemokraterna.se\/kdsenior\/#website","url":"https:\/\/wp.kristdemokraterna.se\/kdsenior\/","name":"KD Senior","description":"Seniorer h\u00e5ller ihop Sverige!","inLanguage":"sv-SE"},{"@type":"Person","@id":"https:\/\/wp.kristdemokraterna.se\/kdsenior\/#\/schema\/person\/98d27838d17178471da5e8a56aa604a4","name":"helpdesk","image":{"@type":"ImageObject","inLanguage":"sv-SE","@id":"https:\/\/secure.gravatar.com\/avatar\/2e747bc9a7d4e5a6ecca7d851e4175129f995f3f6d9ef18734d1ff623abe4a88?s=96&d=mm&r=g","url":"https:\/\/secure.gravatar.com\/avatar\/2e747bc9a7d4e5a6ecca7d851e4175129f995f3f6d9ef18734d1ff623abe4a88?s=96&d=mm&r=g","contentUrl":"https:\/\/secure.gravatar.com\/avatar\/2e747bc9a7d4e5a6ecca7d851e4175129f995f3f6d9ef18734d1ff623abe4a88?s=96&d=mm&r=g","caption":"helpdesk"},"url":"https:\/\/wp.kristdemokraterna.se\/kdsenior\/author\/helpdesk\/"}]}},"_links":{"self":[{"href":"https:\/\/wp.kristdemokraterna.se\/kdsenior\/wp-json\/wp\/v2\/posts\/4978","targetHints":{"allow":["GET"]}}],"collection":[{"href":"https:\/\/wp.kristdemokraterna.se\/kdsenior\/wp-json\/wp\/v2\/posts"}],"about":[{"href":"https:\/\/wp.kristdemokraterna.se\/kdsenior\/wp-json\/wp\/v2\/types\/post"}],"author":[{"embeddable":true,"href":"https:\/\/wp.kristdemokraterna.se\/kdsenior\/wp-json\/wp\/v2\/users\/444"}],"replies":[{"embeddable":true,"href":"https:\/\/wp.kristdemokraterna.se\/kdsenior\/wp-json\/wp\/v2\/comments?post=4978"}],"version-history":[{"count":9,"href":"https:\/\/wp.kristdemokraterna.se\/kdsenior\/wp-json\/wp\/v2\/posts\/4978\/revisions"}],"predecessor-version":[{"id":5660,"href":"https:\/\/wp.kristdemokraterna.se\/kdsenior\/wp-json\/wp\/v2\/posts\/4978\/revisions\/5660"}],"wp:featuredmedia":[{"embeddable":true,"href":"https:\/\/wp.kristdemokraterna.se\/kdsenior\/wp-json\/wp\/v2\/media\/4278"}],"wp:attachment":[{"href":"https:\/\/wp.kristdemokraterna.se\/kdsenior\/wp-json\/wp\/v2\/media?parent=4978"}],"wp:term":[{"taxonomy":"category","embeddable":true,"href":"https:\/\/wp.kristdemokraterna.se\/kdsenior\/wp-json\/wp\/v2\/categories?post=4978"},{"taxonomy":"post_tag","embeddable":true,"href":"https:\/\/wp.kristdemokraterna.se\/kdsenior\/wp-json\/wp\/v2\/tags?post=4978"}],"curies":[{"name":"wp","href":"https:\/\/api.w.org\/{rel}","templated":true}]}}