{"id":633,"date":"2021-09-27T15:18:09","date_gmt":"2021-09-27T13:18:09","guid":{"rendered":"https:\/\/wp.kristdemokraterna.se\/kdseniorstockholm\/?p=633"},"modified":"2021-09-27T15:38:58","modified_gmt":"2021-09-27T13:38:58","slug":"kommuner-ska-ha-ratt-att-anstalla-lakare","status":"publish","type":"post","link":"https:\/\/wp.kristdemokraterna.se\/kdseniorstockholm\/kommuner-ska-ha-ratt-att-anstalla-lakare\/","title":{"rendered":"Kommuner ska ha r\u00e4tt att anst\u00e4lla l\u00e4kare"},"content":{"rendered":"<p>F\u00f6r att garantera en god och s\u00e4ker v\u00e5rd f\u00f6r \u00e4ldre inom \u00e4ldreomsorgen ska kommunerna ha r\u00e4tt att anst\u00e4lla en medicinskt ansvarig l\u00e4kare med geriatrisk kompetens, MAL. \u00c4ven en medicinskt ansvarig person f\u00f6r rehabilitering ska finnas, en MAR. F\u00f6rst\u00e5s ocks\u00e5 en medicinskt ansvarig sjuksk\u00f6terska, MAS.<\/p>\n<p>Alla \u00e4ldre ska ha r\u00e4tt till en fast l\u00e4karkontakt inom prim\u00e4rv\u00e5rden. I \u00e4ldreomsorgen ska den boende ha tillg\u00e5ng till sjuksk\u00f6terska<br \/>\ndygnet runt. Det kan vara fysiskt, digitalt eller per telefon, f\u00f6ruts\u00e4ttningarna skiljer sig \u00f6ver landet, mellan glesbygd och storstad.<\/p>\n<p>Sjuksk\u00f6terskorna ska ha adekvat utbildning inom geriatrik.<\/p>\n","protected":false},"excerpt":{"rendered":"<p>F\u00f6r att garantera en god och s\u00e4ker v\u00e5rd f\u00f6r \u00e4ldre inom \u00e4ldreomsorgen ska kommunerna ha r\u00e4tt att anst\u00e4lla en medicinskt ansvarig l\u00e4kare med geriatrisk kompetens, MAL. \u00c4ven en medicinskt ansvarig person f\u00f6r rehabilitering ska finnas, en MAR. F\u00f6rst\u00e5s ocks\u00e5 en medicinskt ansvarig sjuksk\u00f6terska, MAS. Alla \u00e4ldre ska ha r\u00e4tt till en fast l\u00e4karkontakt inom prim\u00e4rv\u00e5rden. <a class=\"read-more-link\" href=\"https:\/\/wp.kristdemokraterna.se\/kdseniorstockholm\/kommuner-ska-ha-ratt-att-anstalla-lakare\/\">L\u00e4s mer<\/a><\/p>\n","protected":false},"author":985,"featured_media":0,"comment_status":"closed","ping_status":"closed","sticky":false,"template":"","format":"standard","meta":{"_acf_changed":false,"footnotes":""},"categories":[14],"tags":[],"class_list":["post-633","post","type-post","status-publish","format-standard","hentry","category-vard-och-omsorg"],"acf":[],"yoast_head":"<!-- This site is optimized with the Yoast SEO plugin v27.4 - https:\/\/yoast.com\/product\/yoast-seo-wordpress\/ -->\n<title>Kommuner ska ha r\u00e4tt att anst\u00e4lla l\u00e4kare - KDSenior | Stockholm stad &amp; l\u00e4n<\/title>\n<meta name=\"robots\" content=\"index, follow, max-snippet:-1, max-image-preview:large, max-video-preview:-1\" \/>\n<link rel=\"canonical\" href=\"https:\/\/wp.kristdemokraterna.se\/kdseniorstockholm\/kommuner-ska-ha-ratt-att-anstalla-lakare\/\" \/>\n<meta property=\"og:locale\" content=\"sv_SE\" \/>\n<meta property=\"og:type\" content=\"article\" \/>\n<meta property=\"og:title\" content=\"Kommuner ska ha r\u00e4tt att anst\u00e4lla l\u00e4kare - KDSenior | Stockholm stad &amp; l\u00e4n\" \/>\n<meta property=\"og:description\" content=\"F\u00f6r att garantera en god och s\u00e4ker v\u00e5rd f\u00f6r \u00e4ldre inom \u00e4ldreomsorgen ska kommunerna ha r\u00e4tt att anst\u00e4lla en medicinskt ansvarig l\u00e4kare med geriatrisk kompetens, MAL. \u00c4ven en medicinskt ansvarig person f\u00f6r rehabilitering ska finnas, en MAR. F\u00f6rst\u00e5s ocks\u00e5 en medicinskt ansvarig sjuksk\u00f6terska, MAS. Alla \u00e4ldre ska ha r\u00e4tt till en fast l\u00e4karkontakt inom prim\u00e4rv\u00e5rden. L\u00e4s mer\" \/>\n<meta property=\"og:url\" content=\"https:\/\/wp.kristdemokraterna.se\/kdseniorstockholm\/kommuner-ska-ha-ratt-att-anstalla-lakare\/\" \/>\n<meta property=\"og:site_name\" content=\"KDSenior | Stockholm stad &amp; l\u00e4n\" \/>\n<meta property=\"article:published_time\" content=\"2021-09-27T13:18:09+00:00\" \/>\n<meta property=\"article:modified_time\" content=\"2021-09-27T13:38:58+00:00\" \/>\n<meta name=\"author\" content=\"Johnny Johansson\" \/>\n<meta name=\"twitter:card\" content=\"summary_large_image\" \/>\n<meta name=\"twitter:label1\" content=\"Skriven av\" \/>\n\t<meta name=\"twitter:data1\" content=\"Johnny Johansson\" \/>\n\t<meta name=\"twitter:label2\" content=\"Ber\u00e4knad l\u00e4stid\" \/>\n\t<meta name=\"twitter:data2\" content=\"1 minut\" \/>\n<script type=\"application\/ld+json\" class=\"yoast-schema-graph\">{\"@context\":\"https:\\\/\\\/schema.org\",\"@graph\":[{\"@type\":\"Article\",\"@id\":\"https:\\\/\\\/wp.kristdemokraterna.se\\\/kdseniorstockholm\\\/kommuner-ska-ha-ratt-att-anstalla-lakare\\\/#article\",\"isPartOf\":{\"@id\":\"https:\\\/\\\/wp.kristdemokraterna.se\\\/kdseniorstockholm\\\/kommuner-ska-ha-ratt-att-anstalla-lakare\\\/\"},\"author\":{\"name\":\"Johnny Johansson\",\"@id\":\"https:\\\/\\\/wp.kristdemokraterna.se\\\/kdseniorstockholm\\\/#\\\/schema\\\/person\\\/0f195ed23c2ffb0db8824852be05e128\"},\"headline\":\"Kommuner ska ha r\u00e4tt att anst\u00e4lla l\u00e4kare\",\"datePublished\":\"2021-09-27T13:18:09+00:00\",\"dateModified\":\"2021-09-27T13:38:58+00:00\",\"mainEntityOfPage\":{\"@id\":\"https:\\\/\\\/wp.kristdemokraterna.se\\\/kdseniorstockholm\\\/kommuner-ska-ha-ratt-att-anstalla-lakare\\\/\"},\"wordCount\":120,\"articleSection\":[\"V\u00e5rd och omsorg\"],\"inLanguage\":\"sv-SE\"},{\"@type\":\"WebPage\",\"@id\":\"https:\\\/\\\/wp.kristdemokraterna.se\\\/kdseniorstockholm\\\/kommuner-ska-ha-ratt-att-anstalla-lakare\\\/\",\"url\":\"https:\\\/\\\/wp.kristdemokraterna.se\\\/kdseniorstockholm\\\/kommuner-ska-ha-ratt-att-anstalla-lakare\\\/\",\"name\":\"Kommuner ska ha r\u00e4tt att anst\u00e4lla l\u00e4kare - KDSenior | Stockholm stad &amp; l\u00e4n\",\"isPartOf\":{\"@id\":\"https:\\\/\\\/wp.kristdemokraterna.se\\\/kdseniorstockholm\\\/#website\"},\"datePublished\":\"2021-09-27T13:18:09+00:00\",\"dateModified\":\"2021-09-27T13:38:58+00:00\",\"author\":{\"@id\":\"https:\\\/\\\/wp.kristdemokraterna.se\\\/kdseniorstockholm\\\/#\\\/schema\\\/person\\\/0f195ed23c2ffb0db8824852be05e128\"},\"breadcrumb\":{\"@id\":\"https:\\\/\\\/wp.kristdemokraterna.se\\\/kdseniorstockholm\\\/kommuner-ska-ha-ratt-att-anstalla-lakare\\\/#breadcrumb\"},\"inLanguage\":\"sv-SE\",\"potentialAction\":[{\"@type\":\"ReadAction\",\"target\":[\"https:\\\/\\\/wp.kristdemokraterna.se\\\/kdseniorstockholm\\\/kommuner-ska-ha-ratt-att-anstalla-lakare\\\/\"]}]},{\"@type\":\"BreadcrumbList\",\"@id\":\"https:\\\/\\\/wp.kristdemokraterna.se\\\/kdseniorstockholm\\\/kommuner-ska-ha-ratt-att-anstalla-lakare\\\/#breadcrumb\",\"itemListElement\":[{\"@type\":\"ListItem\",\"position\":1,\"name\":\"Hem\",\"item\":\"https:\\\/\\\/wp.kristdemokraterna.se\\\/kdseniorstockholm\\\/\"},{\"@type\":\"ListItem\",\"position\":2,\"name\":\"Kommuner ska ha r\u00e4tt att anst\u00e4lla l\u00e4kare\"}]},{\"@type\":\"WebSite\",\"@id\":\"https:\\\/\\\/wp.kristdemokraterna.se\\\/kdseniorstockholm\\\/#website\",\"url\":\"https:\\\/\\\/wp.kristdemokraterna.se\\\/kdseniorstockholm\\\/\",\"name\":\"KDSenior | Stockholm stad &amp; l\u00e4n\",\"description\":\"En till Kristdemokraterna webbplats\",\"inLanguage\":\"sv-SE\"},{\"@type\":\"Person\",\"@id\":\"https:\\\/\\\/wp.kristdemokraterna.se\\\/kdseniorstockholm\\\/#\\\/schema\\\/person\\\/0f195ed23c2ffb0db8824852be05e128\",\"name\":\"Johnny Johansson\",\"image\":{\"@type\":\"ImageObject\",\"inLanguage\":\"sv-SE\",\"@id\":\"https:\\\/\\\/secure.gravatar.com\\\/avatar\\\/1269870d0764a635843128f91004715dc8f427d3290c502d557cc49dea73642a?s=96&d=mm&r=g\",\"url\":\"https:\\\/\\\/secure.gravatar.com\\\/avatar\\\/1269870d0764a635843128f91004715dc8f427d3290c502d557cc49dea73642a?s=96&d=mm&r=g\",\"contentUrl\":\"https:\\\/\\\/secure.gravatar.com\\\/avatar\\\/1269870d0764a635843128f91004715dc8f427d3290c502d557cc49dea73642a?s=96&d=mm&r=g\",\"caption\":\"Johnny Johansson\"},\"sameAs\":[\"helpdesk\"],\"url\":\"https:\\\/\\\/wp.kristdemokraterna.se\\\/kdseniorstockholm\\\/author\\\/kdseniorabstad\\\/\"}]}<\/script>\n<!-- \/ Yoast SEO plugin. -->","yoast_head_json":{"title":"Kommuner ska ha r\u00e4tt att anst\u00e4lla l\u00e4kare - KDSenior | Stockholm stad &amp; l\u00e4n","robots":{"index":"index","follow":"follow","max-snippet":"max-snippet:-1","max-image-preview":"max-image-preview:large","max-video-preview":"max-video-preview:-1"},"canonical":"https:\/\/wp.kristdemokraterna.se\/kdseniorstockholm\/kommuner-ska-ha-ratt-att-anstalla-lakare\/","og_locale":"sv_SE","og_type":"article","og_title":"Kommuner ska ha r\u00e4tt att anst\u00e4lla l\u00e4kare - KDSenior | Stockholm stad &amp; l\u00e4n","og_description":"F\u00f6r att garantera en god och s\u00e4ker v\u00e5rd f\u00f6r \u00e4ldre inom \u00e4ldreomsorgen ska kommunerna ha r\u00e4tt att anst\u00e4lla en medicinskt ansvarig l\u00e4kare med geriatrisk kompetens, MAL. \u00c4ven en medicinskt ansvarig person f\u00f6r rehabilitering ska finnas, en MAR. F\u00f6rst\u00e5s ocks\u00e5 en medicinskt ansvarig sjuksk\u00f6terska, MAS. Alla \u00e4ldre ska ha r\u00e4tt till en fast l\u00e4karkontakt inom prim\u00e4rv\u00e5rden. L\u00e4s mer","og_url":"https:\/\/wp.kristdemokraterna.se\/kdseniorstockholm\/kommuner-ska-ha-ratt-att-anstalla-lakare\/","og_site_name":"KDSenior | Stockholm stad &amp; l\u00e4n","article_published_time":"2021-09-27T13:18:09+00:00","article_modified_time":"2021-09-27T13:38:58+00:00","author":"Johnny Johansson","twitter_card":"summary_large_image","twitter_misc":{"Skriven av":"Johnny Johansson","Ber\u00e4knad l\u00e4stid":"1 minut"},"schema":{"@context":"https:\/\/schema.org","@graph":[{"@type":"Article","@id":"https:\/\/wp.kristdemokraterna.se\/kdseniorstockholm\/kommuner-ska-ha-ratt-att-anstalla-lakare\/#article","isPartOf":{"@id":"https:\/\/wp.kristdemokraterna.se\/kdseniorstockholm\/kommuner-ska-ha-ratt-att-anstalla-lakare\/"},"author":{"name":"Johnny Johansson","@id":"https:\/\/wp.kristdemokraterna.se\/kdseniorstockholm\/#\/schema\/person\/0f195ed23c2ffb0db8824852be05e128"},"headline":"Kommuner ska ha r\u00e4tt att anst\u00e4lla l\u00e4kare","datePublished":"2021-09-27T13:18:09+00:00","dateModified":"2021-09-27T13:38:58+00:00","mainEntityOfPage":{"@id":"https:\/\/wp.kristdemokraterna.se\/kdseniorstockholm\/kommuner-ska-ha-ratt-att-anstalla-lakare\/"},"wordCount":120,"articleSection":["V\u00e5rd och omsorg"],"inLanguage":"sv-SE"},{"@type":"WebPage","@id":"https:\/\/wp.kristdemokraterna.se\/kdseniorstockholm\/kommuner-ska-ha-ratt-att-anstalla-lakare\/","url":"https:\/\/wp.kristdemokraterna.se\/kdseniorstockholm\/kommuner-ska-ha-ratt-att-anstalla-lakare\/","name":"Kommuner ska ha r\u00e4tt att anst\u00e4lla l\u00e4kare - KDSenior | Stockholm stad &amp; l\u00e4n","isPartOf":{"@id":"https:\/\/wp.kristdemokraterna.se\/kdseniorstockholm\/#website"},"datePublished":"2021-09-27T13:18:09+00:00","dateModified":"2021-09-27T13:38:58+00:00","author":{"@id":"https:\/\/wp.kristdemokraterna.se\/kdseniorstockholm\/#\/schema\/person\/0f195ed23c2ffb0db8824852be05e128"},"breadcrumb":{"@id":"https:\/\/wp.kristdemokraterna.se\/kdseniorstockholm\/kommuner-ska-ha-ratt-att-anstalla-lakare\/#breadcrumb"},"inLanguage":"sv-SE","potentialAction":[{"@type":"ReadAction","target":["https:\/\/wp.kristdemokraterna.se\/kdseniorstockholm\/kommuner-ska-ha-ratt-att-anstalla-lakare\/"]}]},{"@type":"BreadcrumbList","@id":"https:\/\/wp.kristdemokraterna.se\/kdseniorstockholm\/kommuner-ska-ha-ratt-att-anstalla-lakare\/#breadcrumb","itemListElement":[{"@type":"ListItem","position":1,"name":"Hem","item":"https:\/\/wp.kristdemokraterna.se\/kdseniorstockholm\/"},{"@type":"ListItem","position":2,"name":"Kommuner ska ha r\u00e4tt att anst\u00e4lla l\u00e4kare"}]},{"@type":"WebSite","@id":"https:\/\/wp.kristdemokraterna.se\/kdseniorstockholm\/#website","url":"https:\/\/wp.kristdemokraterna.se\/kdseniorstockholm\/","name":"KDSenior | Stockholm stad &amp; l\u00e4n","description":"En till Kristdemokraterna webbplats","inLanguage":"sv-SE"},{"@type":"Person","@id":"https:\/\/wp.kristdemokraterna.se\/kdseniorstockholm\/#\/schema\/person\/0f195ed23c2ffb0db8824852be05e128","name":"Johnny Johansson","image":{"@type":"ImageObject","inLanguage":"sv-SE","@id":"https:\/\/secure.gravatar.com\/avatar\/1269870d0764a635843128f91004715dc8f427d3290c502d557cc49dea73642a?s=96&d=mm&r=g","url":"https:\/\/secure.gravatar.com\/avatar\/1269870d0764a635843128f91004715dc8f427d3290c502d557cc49dea73642a?s=96&d=mm&r=g","contentUrl":"https:\/\/secure.gravatar.com\/avatar\/1269870d0764a635843128f91004715dc8f427d3290c502d557cc49dea73642a?s=96&d=mm&r=g","caption":"Johnny Johansson"},"sameAs":["helpdesk"],"url":"https:\/\/wp.kristdemokraterna.se\/kdseniorstockholm\/author\/kdseniorabstad\/"}]}},"_links":{"self":[{"href":"https:\/\/wp.kristdemokraterna.se\/kdseniorstockholm\/wp-json\/wp\/v2\/posts\/633","targetHints":{"allow":["GET"]}}],"collection":[{"href":"https:\/\/wp.kristdemokraterna.se\/kdseniorstockholm\/wp-json\/wp\/v2\/posts"}],"about":[{"href":"https:\/\/wp.kristdemokraterna.se\/kdseniorstockholm\/wp-json\/wp\/v2\/types\/post"}],"author":[{"embeddable":true,"href":"https:\/\/wp.kristdemokraterna.se\/kdseniorstockholm\/wp-json\/wp\/v2\/users\/985"}],"replies":[{"embeddable":true,"href":"https:\/\/wp.kristdemokraterna.se\/kdseniorstockholm\/wp-json\/wp\/v2\/comments?post=633"}],"version-history":[{"count":1,"href":"https:\/\/wp.kristdemokraterna.se\/kdseniorstockholm\/wp-json\/wp\/v2\/posts\/633\/revisions"}],"predecessor-version":[{"id":634,"href":"https:\/\/wp.kristdemokraterna.se\/kdseniorstockholm\/wp-json\/wp\/v2\/posts\/633\/revisions\/634"}],"wp:attachment":[{"href":"https:\/\/wp.kristdemokraterna.se\/kdseniorstockholm\/wp-json\/wp\/v2\/media?parent=633"}],"wp:term":[{"taxonomy":"category","embeddable":true,"href":"https:\/\/wp.kristdemokraterna.se\/kdseniorstockholm\/wp-json\/wp\/v2\/categories?post=633"},{"taxonomy":"post_tag","embeddable":true,"href":"https:\/\/wp.kristdemokraterna.se\/kdseniorstockholm\/wp-json\/wp\/v2\/tags?post=633"}],"curies":[{"name":"wp","href":"https:\/\/api.w.org\/{rel}","templated":true}]}}