{"id":635,"date":"2021-09-27T15:26:12","date_gmt":"2021-09-27T13:26:12","guid":{"rendered":"https:\/\/wp.kristdemokraterna.se\/kdseniorstockholm\/?p=635"},"modified":"2021-09-27T15:28:19","modified_gmt":"2021-09-27T13:28:19","slug":"palliativ-vard-ska-utvecklas-och-omfatta-alla-som-behover-och-onskar-den","status":"publish","type":"post","link":"https:\/\/wp.kristdemokraterna.se\/kdseniorstockholm\/palliativ-vard-ska-utvecklas-och-omfatta-alla-som-behover-och-onskar-den\/","title":{"rendered":"Palliativ v\u00e5rd ska utvecklas och omfatta alla som beh\u00f6ver och \u00f6nskar den"},"content":{"rendered":"<p>Den palliativa v\u00e5rden ska utvecklas b\u00e5de p\u00e5 de geriatriska avdelningarna, inom prim\u00e4rv\u00e5rden, i omsorgsboenden och i sjukhusansluten hemsjukv\u00e5rd, ASIH.<\/p>\n<p>Det finns flera goda exempel p\u00e5 s\u00e5 kallade hospice i landet, f\u00f6r v\u00e5rd och omsorg i livets slutskede, men det beh\u00f6vs fler. Alla som efterfr\u00e5gar hospice<br \/>\n(eller motsvarande) den sista tiden i livet ska kunna f\u00e5 det. Verksamheten ska kunna drivas i kommunal regi, p\u00e5 sjukhus, av privat utf\u00f6rare eller i stiftelseform.<\/p>\n<p>Den palliativa hemsjukv\u00e5rden fungerar bra i flera regioner men den beh\u00f6ver utvecklas och ut\u00f6kas.<\/p>\n","protected":false},"excerpt":{"rendered":"<p>Den palliativa v\u00e5rden ska utvecklas b\u00e5de p\u00e5 de geriatriska avdelningarna, inom prim\u00e4rv\u00e5rden, i omsorgsboenden och i sjukhusansluten hemsjukv\u00e5rd, ASIH. Det finns flera goda exempel p\u00e5 s\u00e5 kallade hospice i landet, f\u00f6r v\u00e5rd och omsorg i livets slutskede, men det beh\u00f6vs fler. Alla som efterfr\u00e5gar hospice (eller motsvarande) den sista tiden i livet ska kunna f\u00e5 <a class=\"read-more-link\" href=\"https:\/\/wp.kristdemokraterna.se\/kdseniorstockholm\/palliativ-vard-ska-utvecklas-och-omfatta-alla-som-behover-och-onskar-den\/\">L\u00e4s mer<\/a><\/p>\n","protected":false},"author":985,"featured_media":0,"comment_status":"closed","ping_status":"closed","sticky":false,"template":"","format":"standard","meta":{"_acf_changed":false,"footnotes":""},"categories":[14],"tags":[],"class_list":["post-635","post","type-post","status-publish","format-standard","hentry","category-vard-och-omsorg"],"acf":[],"yoast_head":"<!-- This site is optimized with the Yoast SEO plugin v27.4 - https:\/\/yoast.com\/product\/yoast-seo-wordpress\/ -->\n<title>Palliativ v\u00e5rd ska utvecklas och omfatta alla som beh\u00f6ver och \u00f6nskar den - KDSenior | Stockholm stad &amp; l\u00e4n<\/title>\n<meta name=\"robots\" content=\"index, follow, max-snippet:-1, max-image-preview:large, max-video-preview:-1\" \/>\n<link rel=\"canonical\" href=\"https:\/\/wp.kristdemokraterna.se\/kdseniorstockholm\/palliativ-vard-ska-utvecklas-och-omfatta-alla-som-behover-och-onskar-den\/\" \/>\n<meta property=\"og:locale\" content=\"sv_SE\" \/>\n<meta property=\"og:type\" content=\"article\" \/>\n<meta property=\"og:title\" content=\"Palliativ v\u00e5rd ska utvecklas och omfatta alla som beh\u00f6ver och \u00f6nskar den - KDSenior | Stockholm stad &amp; l\u00e4n\" \/>\n<meta property=\"og:description\" content=\"Den palliativa v\u00e5rden ska utvecklas b\u00e5de p\u00e5 de geriatriska avdelningarna, inom prim\u00e4rv\u00e5rden, i omsorgsboenden och i sjukhusansluten hemsjukv\u00e5rd, ASIH. Det finns flera goda exempel p\u00e5 s\u00e5 kallade hospice i landet, f\u00f6r v\u00e5rd och omsorg i livets slutskede, men det beh\u00f6vs fler. Alla som efterfr\u00e5gar hospice (eller motsvarande) den sista tiden i livet ska kunna f\u00e5 L\u00e4s mer\" \/>\n<meta property=\"og:url\" content=\"https:\/\/wp.kristdemokraterna.se\/kdseniorstockholm\/palliativ-vard-ska-utvecklas-och-omfatta-alla-som-behover-och-onskar-den\/\" \/>\n<meta property=\"og:site_name\" content=\"KDSenior | Stockholm stad &amp; l\u00e4n\" \/>\n<meta property=\"article:published_time\" content=\"2021-09-27T13:26:12+00:00\" \/>\n<meta property=\"article:modified_time\" content=\"2021-09-27T13:28:19+00:00\" \/>\n<meta name=\"author\" content=\"Johnny Johansson\" \/>\n<meta name=\"twitter:card\" content=\"summary_large_image\" \/>\n<meta name=\"twitter:label1\" content=\"Skriven av\" \/>\n\t<meta name=\"twitter:data1\" content=\"Johnny Johansson\" \/>\n\t<meta name=\"twitter:label2\" content=\"Ber\u00e4knad l\u00e4stid\" \/>\n\t<meta name=\"twitter:data2\" content=\"1 minut\" \/>\n<script type=\"application\/ld+json\" class=\"yoast-schema-graph\">{\"@context\":\"https:\\\/\\\/schema.org\",\"@graph\":[{\"@type\":\"Article\",\"@id\":\"https:\\\/\\\/wp.kristdemokraterna.se\\\/kdseniorstockholm\\\/palliativ-vard-ska-utvecklas-och-omfatta-alla-som-behover-och-onskar-den\\\/#article\",\"isPartOf\":{\"@id\":\"https:\\\/\\\/wp.kristdemokraterna.se\\\/kdseniorstockholm\\\/palliativ-vard-ska-utvecklas-och-omfatta-alla-som-behover-och-onskar-den\\\/\"},\"author\":{\"name\":\"Johnny Johansson\",\"@id\":\"https:\\\/\\\/wp.kristdemokraterna.se\\\/kdseniorstockholm\\\/#\\\/schema\\\/person\\\/0f195ed23c2ffb0db8824852be05e128\"},\"headline\":\"Palliativ v\u00e5rd ska utvecklas och omfatta alla som beh\u00f6ver och \u00f6nskar den\",\"datePublished\":\"2021-09-27T13:26:12+00:00\",\"dateModified\":\"2021-09-27T13:28:19+00:00\",\"mainEntityOfPage\":{\"@id\":\"https:\\\/\\\/wp.kristdemokraterna.se\\\/kdseniorstockholm\\\/palliativ-vard-ska-utvecklas-och-omfatta-alla-som-behover-och-onskar-den\\\/\"},\"wordCount\":112,\"articleSection\":[\"V\u00e5rd och omsorg\"],\"inLanguage\":\"sv-SE\"},{\"@type\":\"WebPage\",\"@id\":\"https:\\\/\\\/wp.kristdemokraterna.se\\\/kdseniorstockholm\\\/palliativ-vard-ska-utvecklas-och-omfatta-alla-som-behover-och-onskar-den\\\/\",\"url\":\"https:\\\/\\\/wp.kristdemokraterna.se\\\/kdseniorstockholm\\\/palliativ-vard-ska-utvecklas-och-omfatta-alla-som-behover-och-onskar-den\\\/\",\"name\":\"Palliativ v\u00e5rd ska utvecklas och omfatta alla som beh\u00f6ver och \u00f6nskar den - KDSenior | Stockholm stad &amp; l\u00e4n\",\"isPartOf\":{\"@id\":\"https:\\\/\\\/wp.kristdemokraterna.se\\\/kdseniorstockholm\\\/#website\"},\"datePublished\":\"2021-09-27T13:26:12+00:00\",\"dateModified\":\"2021-09-27T13:28:19+00:00\",\"author\":{\"@id\":\"https:\\\/\\\/wp.kristdemokraterna.se\\\/kdseniorstockholm\\\/#\\\/schema\\\/person\\\/0f195ed23c2ffb0db8824852be05e128\"},\"breadcrumb\":{\"@id\":\"https:\\\/\\\/wp.kristdemokraterna.se\\\/kdseniorstockholm\\\/palliativ-vard-ska-utvecklas-och-omfatta-alla-som-behover-och-onskar-den\\\/#breadcrumb\"},\"inLanguage\":\"sv-SE\",\"potentialAction\":[{\"@type\":\"ReadAction\",\"target\":[\"https:\\\/\\\/wp.kristdemokraterna.se\\\/kdseniorstockholm\\\/palliativ-vard-ska-utvecklas-och-omfatta-alla-som-behover-och-onskar-den\\\/\"]}]},{\"@type\":\"BreadcrumbList\",\"@id\":\"https:\\\/\\\/wp.kristdemokraterna.se\\\/kdseniorstockholm\\\/palliativ-vard-ska-utvecklas-och-omfatta-alla-som-behover-och-onskar-den\\\/#breadcrumb\",\"itemListElement\":[{\"@type\":\"ListItem\",\"position\":1,\"name\":\"Hem\",\"item\":\"https:\\\/\\\/wp.kristdemokraterna.se\\\/kdseniorstockholm\\\/\"},{\"@type\":\"ListItem\",\"position\":2,\"name\":\"Palliativ v\u00e5rd ska utvecklas och omfatta alla som beh\u00f6ver och \u00f6nskar den\"}]},{\"@type\":\"WebSite\",\"@id\":\"https:\\\/\\\/wp.kristdemokraterna.se\\\/kdseniorstockholm\\\/#website\",\"url\":\"https:\\\/\\\/wp.kristdemokraterna.se\\\/kdseniorstockholm\\\/\",\"name\":\"KDSenior | Stockholm stad &amp; l\u00e4n\",\"description\":\"En till Kristdemokraterna webbplats\",\"inLanguage\":\"sv-SE\"},{\"@type\":\"Person\",\"@id\":\"https:\\\/\\\/wp.kristdemokraterna.se\\\/kdseniorstockholm\\\/#\\\/schema\\\/person\\\/0f195ed23c2ffb0db8824852be05e128\",\"name\":\"Johnny Johansson\",\"image\":{\"@type\":\"ImageObject\",\"inLanguage\":\"sv-SE\",\"@id\":\"https:\\\/\\\/secure.gravatar.com\\\/avatar\\\/1269870d0764a635843128f91004715dc8f427d3290c502d557cc49dea73642a?s=96&d=mm&r=g\",\"url\":\"https:\\\/\\\/secure.gravatar.com\\\/avatar\\\/1269870d0764a635843128f91004715dc8f427d3290c502d557cc49dea73642a?s=96&d=mm&r=g\",\"contentUrl\":\"https:\\\/\\\/secure.gravatar.com\\\/avatar\\\/1269870d0764a635843128f91004715dc8f427d3290c502d557cc49dea73642a?s=96&d=mm&r=g\",\"caption\":\"Johnny Johansson\"},\"sameAs\":[\"helpdesk\"],\"url\":\"https:\\\/\\\/wp.kristdemokraterna.se\\\/kdseniorstockholm\\\/author\\\/kdseniorabstad\\\/\"}]}<\/script>\n<!-- \/ Yoast SEO plugin. -->","yoast_head_json":{"title":"Palliativ v\u00e5rd ska utvecklas och omfatta alla som beh\u00f6ver och \u00f6nskar den - KDSenior | Stockholm stad &amp; l\u00e4n","robots":{"index":"index","follow":"follow","max-snippet":"max-snippet:-1","max-image-preview":"max-image-preview:large","max-video-preview":"max-video-preview:-1"},"canonical":"https:\/\/wp.kristdemokraterna.se\/kdseniorstockholm\/palliativ-vard-ska-utvecklas-och-omfatta-alla-som-behover-och-onskar-den\/","og_locale":"sv_SE","og_type":"article","og_title":"Palliativ v\u00e5rd ska utvecklas och omfatta alla som beh\u00f6ver och \u00f6nskar den - KDSenior | Stockholm stad &amp; l\u00e4n","og_description":"Den palliativa v\u00e5rden ska utvecklas b\u00e5de p\u00e5 de geriatriska avdelningarna, inom prim\u00e4rv\u00e5rden, i omsorgsboenden och i sjukhusansluten hemsjukv\u00e5rd, ASIH. Det finns flera goda exempel p\u00e5 s\u00e5 kallade hospice i landet, f\u00f6r v\u00e5rd och omsorg i livets slutskede, men det beh\u00f6vs fler. Alla som efterfr\u00e5gar hospice (eller motsvarande) den sista tiden i livet ska kunna f\u00e5 L\u00e4s mer","og_url":"https:\/\/wp.kristdemokraterna.se\/kdseniorstockholm\/palliativ-vard-ska-utvecklas-och-omfatta-alla-som-behover-och-onskar-den\/","og_site_name":"KDSenior | Stockholm stad &amp; l\u00e4n","article_published_time":"2021-09-27T13:26:12+00:00","article_modified_time":"2021-09-27T13:28:19+00:00","author":"Johnny Johansson","twitter_card":"summary_large_image","twitter_misc":{"Skriven av":"Johnny Johansson","Ber\u00e4knad l\u00e4stid":"1 minut"},"schema":{"@context":"https:\/\/schema.org","@graph":[{"@type":"Article","@id":"https:\/\/wp.kristdemokraterna.se\/kdseniorstockholm\/palliativ-vard-ska-utvecklas-och-omfatta-alla-som-behover-och-onskar-den\/#article","isPartOf":{"@id":"https:\/\/wp.kristdemokraterna.se\/kdseniorstockholm\/palliativ-vard-ska-utvecklas-och-omfatta-alla-som-behover-och-onskar-den\/"},"author":{"name":"Johnny Johansson","@id":"https:\/\/wp.kristdemokraterna.se\/kdseniorstockholm\/#\/schema\/person\/0f195ed23c2ffb0db8824852be05e128"},"headline":"Palliativ v\u00e5rd ska utvecklas och omfatta alla som beh\u00f6ver och \u00f6nskar den","datePublished":"2021-09-27T13:26:12+00:00","dateModified":"2021-09-27T13:28:19+00:00","mainEntityOfPage":{"@id":"https:\/\/wp.kristdemokraterna.se\/kdseniorstockholm\/palliativ-vard-ska-utvecklas-och-omfatta-alla-som-behover-och-onskar-den\/"},"wordCount":112,"articleSection":["V\u00e5rd och omsorg"],"inLanguage":"sv-SE"},{"@type":"WebPage","@id":"https:\/\/wp.kristdemokraterna.se\/kdseniorstockholm\/palliativ-vard-ska-utvecklas-och-omfatta-alla-som-behover-och-onskar-den\/","url":"https:\/\/wp.kristdemokraterna.se\/kdseniorstockholm\/palliativ-vard-ska-utvecklas-och-omfatta-alla-som-behover-och-onskar-den\/","name":"Palliativ v\u00e5rd ska utvecklas och omfatta alla som beh\u00f6ver och \u00f6nskar den - KDSenior | Stockholm stad &amp; l\u00e4n","isPartOf":{"@id":"https:\/\/wp.kristdemokraterna.se\/kdseniorstockholm\/#website"},"datePublished":"2021-09-27T13:26:12+00:00","dateModified":"2021-09-27T13:28:19+00:00","author":{"@id":"https:\/\/wp.kristdemokraterna.se\/kdseniorstockholm\/#\/schema\/person\/0f195ed23c2ffb0db8824852be05e128"},"breadcrumb":{"@id":"https:\/\/wp.kristdemokraterna.se\/kdseniorstockholm\/palliativ-vard-ska-utvecklas-och-omfatta-alla-som-behover-och-onskar-den\/#breadcrumb"},"inLanguage":"sv-SE","potentialAction":[{"@type":"ReadAction","target":["https:\/\/wp.kristdemokraterna.se\/kdseniorstockholm\/palliativ-vard-ska-utvecklas-och-omfatta-alla-som-behover-och-onskar-den\/"]}]},{"@type":"BreadcrumbList","@id":"https:\/\/wp.kristdemokraterna.se\/kdseniorstockholm\/palliativ-vard-ska-utvecklas-och-omfatta-alla-som-behover-och-onskar-den\/#breadcrumb","itemListElement":[{"@type":"ListItem","position":1,"name":"Hem","item":"https:\/\/wp.kristdemokraterna.se\/kdseniorstockholm\/"},{"@type":"ListItem","position":2,"name":"Palliativ v\u00e5rd ska utvecklas och omfatta alla som beh\u00f6ver och \u00f6nskar den"}]},{"@type":"WebSite","@id":"https:\/\/wp.kristdemokraterna.se\/kdseniorstockholm\/#website","url":"https:\/\/wp.kristdemokraterna.se\/kdseniorstockholm\/","name":"KDSenior | Stockholm stad &amp; l\u00e4n","description":"En till Kristdemokraterna webbplats","inLanguage":"sv-SE"},{"@type":"Person","@id":"https:\/\/wp.kristdemokraterna.se\/kdseniorstockholm\/#\/schema\/person\/0f195ed23c2ffb0db8824852be05e128","name":"Johnny Johansson","image":{"@type":"ImageObject","inLanguage":"sv-SE","@id":"https:\/\/secure.gravatar.com\/avatar\/1269870d0764a635843128f91004715dc8f427d3290c502d557cc49dea73642a?s=96&d=mm&r=g","url":"https:\/\/secure.gravatar.com\/avatar\/1269870d0764a635843128f91004715dc8f427d3290c502d557cc49dea73642a?s=96&d=mm&r=g","contentUrl":"https:\/\/secure.gravatar.com\/avatar\/1269870d0764a635843128f91004715dc8f427d3290c502d557cc49dea73642a?s=96&d=mm&r=g","caption":"Johnny Johansson"},"sameAs":["helpdesk"],"url":"https:\/\/wp.kristdemokraterna.se\/kdseniorstockholm\/author\/kdseniorabstad\/"}]}},"_links":{"self":[{"href":"https:\/\/wp.kristdemokraterna.se\/kdseniorstockholm\/wp-json\/wp\/v2\/posts\/635","targetHints":{"allow":["GET"]}}],"collection":[{"href":"https:\/\/wp.kristdemokraterna.se\/kdseniorstockholm\/wp-json\/wp\/v2\/posts"}],"about":[{"href":"https:\/\/wp.kristdemokraterna.se\/kdseniorstockholm\/wp-json\/wp\/v2\/types\/post"}],"author":[{"embeddable":true,"href":"https:\/\/wp.kristdemokraterna.se\/kdseniorstockholm\/wp-json\/wp\/v2\/users\/985"}],"replies":[{"embeddable":true,"href":"https:\/\/wp.kristdemokraterna.se\/kdseniorstockholm\/wp-json\/wp\/v2\/comments?post=635"}],"version-history":[{"count":1,"href":"https:\/\/wp.kristdemokraterna.se\/kdseniorstockholm\/wp-json\/wp\/v2\/posts\/635\/revisions"}],"predecessor-version":[{"id":636,"href":"https:\/\/wp.kristdemokraterna.se\/kdseniorstockholm\/wp-json\/wp\/v2\/posts\/635\/revisions\/636"}],"wp:attachment":[{"href":"https:\/\/wp.kristdemokraterna.se\/kdseniorstockholm\/wp-json\/wp\/v2\/media?parent=635"}],"wp:term":[{"taxonomy":"category","embeddable":true,"href":"https:\/\/wp.kristdemokraterna.se\/kdseniorstockholm\/wp-json\/wp\/v2\/categories?post=635"},{"taxonomy":"post_tag","embeddable":true,"href":"https:\/\/wp.kristdemokraterna.se\/kdseniorstockholm\/wp-json\/wp\/v2\/tags?post=635"}],"curies":[{"name":"wp","href":"https:\/\/api.w.org\/{rel}","templated":true}]}}