{"id":677,"date":"2021-09-27T17:19:30","date_gmt":"2021-09-27T15:19:30","guid":{"rendered":"https:\/\/wp.kristdemokraterna.se\/kdseniorstockholm\/?p=677"},"modified":"2021-09-27T17:21:19","modified_gmt":"2021-09-27T15:21:19","slug":"pensionen-en-av-de-viktigaste-fragorna","status":"publish","type":"post","link":"https:\/\/wp.kristdemokraterna.se\/kdseniorstockholm\/pensionen-en-av-de-viktigaste-fragorna\/","title":{"rendered":"Pensionen en av de viktigaste fr\u00e5gorna"},"content":{"rendered":"<p>Pensionsfr\u00e5gan \u00e4r alltid h\u00f6gt prioriterad i Seniorf\u00f6rbundet.<\/p>\n<p>Fr\u00e5gan om pensioner ber\u00f6r alla \u00e5ldrar, b\u00e5de unga och seniorer. Det \u00e4r ytterst en fr\u00e5ga om v\u00e4rderingar. Det \u00e4r ocks\u00e5 en av de viktigaste fr\u00e5gorna f\u00f6r seniorer.<\/p>\n<p>I bred politisk enighet togs beslut om ett nytt pensionssystem 1994. En pensionsgrupp bildades best\u00e5ende av representanter fr\u00e5n de partier som i riksdagen st\u00e4llt<br \/>\nsig bakom beslutet. I dag ing\u00e5r \u00e4ven regeringspartiet MP. V och SD st\u00e5r utanf\u00f6r.<\/p>\n<p>Gruppens uppgift \u00e4r att genomf\u00f6ra, v\u00e4rna och i enighet f\u00f6resl\u00e5 n\u00f6dv\u00e4ndiga f\u00f6r\u00e4ndringar. En bred politisk enighet om pensionerna \u00e4r i grunden positiv. Ett problem \u00e4r dock att pensionsgruppen upplevs som sluten.<br \/>\nSocialdemokraterna har gjort politiska utspel som inte \u00e4r f\u00f6rankrade i den parlamentariska pensionsgruppen.<\/p>\n<p>Den \u00f6ppna debatten lyser med sin fr\u00e5nvaro. Pensionssystemet \u00e4r robust och h\u00e5llbart. Dock beh\u00f6ver justeringar g\u00f6ras i det snart trettio\u00e5riga systemet. Debatt och f\u00f6rslag till f\u00f6rb\u00e4ttringar v\u00e4lkomnas.<\/p>\n<p>Fr\u00e5gor att belysa \u00e4r pensionernas storlek, varf\u00f6r vi i Sverige har l\u00e4gre pensioner \u00e4n i flera j\u00e4mf\u00f6rbara l\u00e4nder, konflikten som uppst\u00e5r d\u00e5 pensionerna i stort sett blir lika f\u00f6r de som inte f\u00f6rv\u00e4rvsarbetat och de som har haft l\u00e5ga inkomster men ett l\u00e5ngt arbetsliv och kvinnor som p\u00e5 grund av barnaf\u00f6dande f\u00e5tt f\u00e4rre arbets\u00e5r och d\u00e4rmed l\u00e4gre pensioner. Det finns fler fr\u00e5gor \u00e4n dessa som beh\u00f6ver belysas och diskuteras.<\/p>\n<p>Skatten p\u00e5 pensionsinkomster har i j\u00e4mf\u00f6relse med f\u00f6rv\u00e4rvsinkomster varit h\u00f6gre. Viktiga steg f\u00f6r att minska den skillnaden har dock tagits. Det kan dock g\u00f6ras mer. Sparandet i pensionsf\u00f6rs\u00e4kringar g\u00f6rs med beskattade pengar och beskattas igen vid uttag fr\u00e5n pensionsf\u00f6rs\u00e4kringen.<\/p>\n<p>Genom h\u00f6jda bostadsbidrag och minskade skatter har pension\u00e4rerna f\u00e5tt en b\u00e4ttre ekonomisk situation. Mer beh\u00f6ver dock g\u00f6ras, s\u00e4rskilt f\u00f6r de som har det s\u00e4mst st\u00e4llt. Det ekonomiska gapet mellan de som f\u00f6rv\u00e4rvsarbetar och pension\u00e4rer m\u00e5ste minska.<\/p>\n","protected":false},"excerpt":{"rendered":"<p>Pensionsfr\u00e5gan \u00e4r alltid h\u00f6gt prioriterad i Seniorf\u00f6rbundet. Fr\u00e5gan om pensioner ber\u00f6r alla \u00e5ldrar, b\u00e5de unga och seniorer. Det \u00e4r ytterst en fr\u00e5ga om v\u00e4rderingar. Det \u00e4r ocks\u00e5 en av de viktigaste fr\u00e5gorna f\u00f6r seniorer. I bred politisk enighet togs beslut om ett nytt pensionssystem 1994. En pensionsgrupp bildades best\u00e5ende av representanter fr\u00e5n de partier som <a class=\"read-more-link\" href=\"https:\/\/wp.kristdemokraterna.se\/kdseniorstockholm\/pensionen-en-av-de-viktigaste-fragorna\/\">L\u00e4s mer<\/a><\/p>\n","protected":false},"author":985,"featured_media":0,"comment_status":"closed","ping_status":"closed","sticky":false,"template":"","format":"standard","meta":{"_acf_changed":false,"footnotes":""},"categories":[21],"tags":[],"class_list":["post-677","post","type-post","status-publish","format-standard","hentry","category-ekonomi"],"acf":[],"yoast_head":"<!-- This site is optimized with the Yoast SEO plugin v27.4 - https:\/\/yoast.com\/product\/yoast-seo-wordpress\/ -->\n<title>Pensionen en av de viktigaste fr\u00e5gorna - KDSenior | Stockholm stad &amp; l\u00e4n<\/title>\n<meta name=\"robots\" content=\"index, follow, max-snippet:-1, max-image-preview:large, max-video-preview:-1\" \/>\n<link rel=\"canonical\" href=\"https:\/\/wp.kristdemokraterna.se\/kdseniorstockholm\/pensionen-en-av-de-viktigaste-fragorna\/\" \/>\n<meta property=\"og:locale\" content=\"sv_SE\" \/>\n<meta property=\"og:type\" content=\"article\" \/>\n<meta property=\"og:title\" content=\"Pensionen en av de viktigaste fr\u00e5gorna - KDSenior | Stockholm stad &amp; l\u00e4n\" \/>\n<meta property=\"og:description\" content=\"Pensionsfr\u00e5gan \u00e4r alltid h\u00f6gt prioriterad i Seniorf\u00f6rbundet. Fr\u00e5gan om pensioner ber\u00f6r alla \u00e5ldrar, b\u00e5de unga och seniorer. Det \u00e4r ytterst en fr\u00e5ga om v\u00e4rderingar. Det \u00e4r ocks\u00e5 en av de viktigaste fr\u00e5gorna f\u00f6r seniorer. I bred politisk enighet togs beslut om ett nytt pensionssystem 1994. En pensionsgrupp bildades best\u00e5ende av representanter fr\u00e5n de partier som L\u00e4s mer\" \/>\n<meta property=\"og:url\" content=\"https:\/\/wp.kristdemokraterna.se\/kdseniorstockholm\/pensionen-en-av-de-viktigaste-fragorna\/\" \/>\n<meta property=\"og:site_name\" content=\"KDSenior | Stockholm stad &amp; l\u00e4n\" \/>\n<meta property=\"article:published_time\" content=\"2021-09-27T15:19:30+00:00\" \/>\n<meta property=\"article:modified_time\" content=\"2021-09-27T15:21:19+00:00\" \/>\n<meta name=\"author\" content=\"Johnny Johansson\" \/>\n<meta name=\"twitter:card\" content=\"summary_large_image\" \/>\n<meta name=\"twitter:label1\" content=\"Skriven av\" \/>\n\t<meta name=\"twitter:data1\" content=\"Johnny Johansson\" \/>\n\t<meta name=\"twitter:label2\" content=\"Ber\u00e4knad l\u00e4stid\" \/>\n\t<meta name=\"twitter:data2\" content=\"2 minuter\" \/>\n<script type=\"application\/ld+json\" class=\"yoast-schema-graph\">{\"@context\":\"https:\\\/\\\/schema.org\",\"@graph\":[{\"@type\":\"Article\",\"@id\":\"https:\\\/\\\/wp.kristdemokraterna.se\\\/kdseniorstockholm\\\/pensionen-en-av-de-viktigaste-fragorna\\\/#article\",\"isPartOf\":{\"@id\":\"https:\\\/\\\/wp.kristdemokraterna.se\\\/kdseniorstockholm\\\/pensionen-en-av-de-viktigaste-fragorna\\\/\"},\"author\":{\"name\":\"Johnny Johansson\",\"@id\":\"https:\\\/\\\/wp.kristdemokraterna.se\\\/kdseniorstockholm\\\/#\\\/schema\\\/person\\\/0f195ed23c2ffb0db8824852be05e128\"},\"headline\":\"Pensionen en av de viktigaste fr\u00e5gorna\",\"datePublished\":\"2021-09-27T15:19:30+00:00\",\"dateModified\":\"2021-09-27T15:21:19+00:00\",\"mainEntityOfPage\":{\"@id\":\"https:\\\/\\\/wp.kristdemokraterna.se\\\/kdseniorstockholm\\\/pensionen-en-av-de-viktigaste-fragorna\\\/\"},\"wordCount\":373,\"articleSection\":[\"Ekonomi\"],\"inLanguage\":\"sv-SE\"},{\"@type\":\"WebPage\",\"@id\":\"https:\\\/\\\/wp.kristdemokraterna.se\\\/kdseniorstockholm\\\/pensionen-en-av-de-viktigaste-fragorna\\\/\",\"url\":\"https:\\\/\\\/wp.kristdemokraterna.se\\\/kdseniorstockholm\\\/pensionen-en-av-de-viktigaste-fragorna\\\/\",\"name\":\"Pensionen en av de viktigaste fr\u00e5gorna - KDSenior | Stockholm stad &amp; l\u00e4n\",\"isPartOf\":{\"@id\":\"https:\\\/\\\/wp.kristdemokraterna.se\\\/kdseniorstockholm\\\/#website\"},\"datePublished\":\"2021-09-27T15:19:30+00:00\",\"dateModified\":\"2021-09-27T15:21:19+00:00\",\"author\":{\"@id\":\"https:\\\/\\\/wp.kristdemokraterna.se\\\/kdseniorstockholm\\\/#\\\/schema\\\/person\\\/0f195ed23c2ffb0db8824852be05e128\"},\"breadcrumb\":{\"@id\":\"https:\\\/\\\/wp.kristdemokraterna.se\\\/kdseniorstockholm\\\/pensionen-en-av-de-viktigaste-fragorna\\\/#breadcrumb\"},\"inLanguage\":\"sv-SE\",\"potentialAction\":[{\"@type\":\"ReadAction\",\"target\":[\"https:\\\/\\\/wp.kristdemokraterna.se\\\/kdseniorstockholm\\\/pensionen-en-av-de-viktigaste-fragorna\\\/\"]}]},{\"@type\":\"BreadcrumbList\",\"@id\":\"https:\\\/\\\/wp.kristdemokraterna.se\\\/kdseniorstockholm\\\/pensionen-en-av-de-viktigaste-fragorna\\\/#breadcrumb\",\"itemListElement\":[{\"@type\":\"ListItem\",\"position\":1,\"name\":\"Hem\",\"item\":\"https:\\\/\\\/wp.kristdemokraterna.se\\\/kdseniorstockholm\\\/\"},{\"@type\":\"ListItem\",\"position\":2,\"name\":\"Pensionen en av de viktigaste fr\u00e5gorna\"}]},{\"@type\":\"WebSite\",\"@id\":\"https:\\\/\\\/wp.kristdemokraterna.se\\\/kdseniorstockholm\\\/#website\",\"url\":\"https:\\\/\\\/wp.kristdemokraterna.se\\\/kdseniorstockholm\\\/\",\"name\":\"KDSenior | Stockholm stad &amp; l\u00e4n\",\"description\":\"En till Kristdemokraterna webbplats\",\"inLanguage\":\"sv-SE\"},{\"@type\":\"Person\",\"@id\":\"https:\\\/\\\/wp.kristdemokraterna.se\\\/kdseniorstockholm\\\/#\\\/schema\\\/person\\\/0f195ed23c2ffb0db8824852be05e128\",\"name\":\"Johnny Johansson\",\"image\":{\"@type\":\"ImageObject\",\"inLanguage\":\"sv-SE\",\"@id\":\"https:\\\/\\\/secure.gravatar.com\\\/avatar\\\/1269870d0764a635843128f91004715dc8f427d3290c502d557cc49dea73642a?s=96&d=mm&r=g\",\"url\":\"https:\\\/\\\/secure.gravatar.com\\\/avatar\\\/1269870d0764a635843128f91004715dc8f427d3290c502d557cc49dea73642a?s=96&d=mm&r=g\",\"contentUrl\":\"https:\\\/\\\/secure.gravatar.com\\\/avatar\\\/1269870d0764a635843128f91004715dc8f427d3290c502d557cc49dea73642a?s=96&d=mm&r=g\",\"caption\":\"Johnny Johansson\"},\"sameAs\":[\"helpdesk\"],\"url\":\"https:\\\/\\\/wp.kristdemokraterna.se\\\/kdseniorstockholm\\\/author\\\/kdseniorabstad\\\/\"}]}<\/script>\n<!-- \/ Yoast SEO plugin. -->","yoast_head_json":{"title":"Pensionen en av de viktigaste fr\u00e5gorna - KDSenior | Stockholm stad &amp; l\u00e4n","robots":{"index":"index","follow":"follow","max-snippet":"max-snippet:-1","max-image-preview":"max-image-preview:large","max-video-preview":"max-video-preview:-1"},"canonical":"https:\/\/wp.kristdemokraterna.se\/kdseniorstockholm\/pensionen-en-av-de-viktigaste-fragorna\/","og_locale":"sv_SE","og_type":"article","og_title":"Pensionen en av de viktigaste fr\u00e5gorna - KDSenior | Stockholm stad &amp; l\u00e4n","og_description":"Pensionsfr\u00e5gan \u00e4r alltid h\u00f6gt prioriterad i Seniorf\u00f6rbundet. Fr\u00e5gan om pensioner ber\u00f6r alla \u00e5ldrar, b\u00e5de unga och seniorer. Det \u00e4r ytterst en fr\u00e5ga om v\u00e4rderingar. Det \u00e4r ocks\u00e5 en av de viktigaste fr\u00e5gorna f\u00f6r seniorer. I bred politisk enighet togs beslut om ett nytt pensionssystem 1994. En pensionsgrupp bildades best\u00e5ende av representanter fr\u00e5n de partier som L\u00e4s mer","og_url":"https:\/\/wp.kristdemokraterna.se\/kdseniorstockholm\/pensionen-en-av-de-viktigaste-fragorna\/","og_site_name":"KDSenior | Stockholm stad &amp; l\u00e4n","article_published_time":"2021-09-27T15:19:30+00:00","article_modified_time":"2021-09-27T15:21:19+00:00","author":"Johnny Johansson","twitter_card":"summary_large_image","twitter_misc":{"Skriven av":"Johnny Johansson","Ber\u00e4knad l\u00e4stid":"2 minuter"},"schema":{"@context":"https:\/\/schema.org","@graph":[{"@type":"Article","@id":"https:\/\/wp.kristdemokraterna.se\/kdseniorstockholm\/pensionen-en-av-de-viktigaste-fragorna\/#article","isPartOf":{"@id":"https:\/\/wp.kristdemokraterna.se\/kdseniorstockholm\/pensionen-en-av-de-viktigaste-fragorna\/"},"author":{"name":"Johnny Johansson","@id":"https:\/\/wp.kristdemokraterna.se\/kdseniorstockholm\/#\/schema\/person\/0f195ed23c2ffb0db8824852be05e128"},"headline":"Pensionen en av de viktigaste fr\u00e5gorna","datePublished":"2021-09-27T15:19:30+00:00","dateModified":"2021-09-27T15:21:19+00:00","mainEntityOfPage":{"@id":"https:\/\/wp.kristdemokraterna.se\/kdseniorstockholm\/pensionen-en-av-de-viktigaste-fragorna\/"},"wordCount":373,"articleSection":["Ekonomi"],"inLanguage":"sv-SE"},{"@type":"WebPage","@id":"https:\/\/wp.kristdemokraterna.se\/kdseniorstockholm\/pensionen-en-av-de-viktigaste-fragorna\/","url":"https:\/\/wp.kristdemokraterna.se\/kdseniorstockholm\/pensionen-en-av-de-viktigaste-fragorna\/","name":"Pensionen en av de viktigaste fr\u00e5gorna - KDSenior | Stockholm stad &amp; l\u00e4n","isPartOf":{"@id":"https:\/\/wp.kristdemokraterna.se\/kdseniorstockholm\/#website"},"datePublished":"2021-09-27T15:19:30+00:00","dateModified":"2021-09-27T15:21:19+00:00","author":{"@id":"https:\/\/wp.kristdemokraterna.se\/kdseniorstockholm\/#\/schema\/person\/0f195ed23c2ffb0db8824852be05e128"},"breadcrumb":{"@id":"https:\/\/wp.kristdemokraterna.se\/kdseniorstockholm\/pensionen-en-av-de-viktigaste-fragorna\/#breadcrumb"},"inLanguage":"sv-SE","potentialAction":[{"@type":"ReadAction","target":["https:\/\/wp.kristdemokraterna.se\/kdseniorstockholm\/pensionen-en-av-de-viktigaste-fragorna\/"]}]},{"@type":"BreadcrumbList","@id":"https:\/\/wp.kristdemokraterna.se\/kdseniorstockholm\/pensionen-en-av-de-viktigaste-fragorna\/#breadcrumb","itemListElement":[{"@type":"ListItem","position":1,"name":"Hem","item":"https:\/\/wp.kristdemokraterna.se\/kdseniorstockholm\/"},{"@type":"ListItem","position":2,"name":"Pensionen en av de viktigaste fr\u00e5gorna"}]},{"@type":"WebSite","@id":"https:\/\/wp.kristdemokraterna.se\/kdseniorstockholm\/#website","url":"https:\/\/wp.kristdemokraterna.se\/kdseniorstockholm\/","name":"KDSenior | Stockholm stad &amp; l\u00e4n","description":"En till Kristdemokraterna webbplats","inLanguage":"sv-SE"},{"@type":"Person","@id":"https:\/\/wp.kristdemokraterna.se\/kdseniorstockholm\/#\/schema\/person\/0f195ed23c2ffb0db8824852be05e128","name":"Johnny Johansson","image":{"@type":"ImageObject","inLanguage":"sv-SE","@id":"https:\/\/secure.gravatar.com\/avatar\/1269870d0764a635843128f91004715dc8f427d3290c502d557cc49dea73642a?s=96&d=mm&r=g","url":"https:\/\/secure.gravatar.com\/avatar\/1269870d0764a635843128f91004715dc8f427d3290c502d557cc49dea73642a?s=96&d=mm&r=g","contentUrl":"https:\/\/secure.gravatar.com\/avatar\/1269870d0764a635843128f91004715dc8f427d3290c502d557cc49dea73642a?s=96&d=mm&r=g","caption":"Johnny Johansson"},"sameAs":["helpdesk"],"url":"https:\/\/wp.kristdemokraterna.se\/kdseniorstockholm\/author\/kdseniorabstad\/"}]}},"_links":{"self":[{"href":"https:\/\/wp.kristdemokraterna.se\/kdseniorstockholm\/wp-json\/wp\/v2\/posts\/677","targetHints":{"allow":["GET"]}}],"collection":[{"href":"https:\/\/wp.kristdemokraterna.se\/kdseniorstockholm\/wp-json\/wp\/v2\/posts"}],"about":[{"href":"https:\/\/wp.kristdemokraterna.se\/kdseniorstockholm\/wp-json\/wp\/v2\/types\/post"}],"author":[{"embeddable":true,"href":"https:\/\/wp.kristdemokraterna.se\/kdseniorstockholm\/wp-json\/wp\/v2\/users\/985"}],"replies":[{"embeddable":true,"href":"https:\/\/wp.kristdemokraterna.se\/kdseniorstockholm\/wp-json\/wp\/v2\/comments?post=677"}],"version-history":[{"count":1,"href":"https:\/\/wp.kristdemokraterna.se\/kdseniorstockholm\/wp-json\/wp\/v2\/posts\/677\/revisions"}],"predecessor-version":[{"id":678,"href":"https:\/\/wp.kristdemokraterna.se\/kdseniorstockholm\/wp-json\/wp\/v2\/posts\/677\/revisions\/678"}],"wp:attachment":[{"href":"https:\/\/wp.kristdemokraterna.se\/kdseniorstockholm\/wp-json\/wp\/v2\/media?parent=677"}],"wp:term":[{"taxonomy":"category","embeddable":true,"href":"https:\/\/wp.kristdemokraterna.se\/kdseniorstockholm\/wp-json\/wp\/v2\/categories?post=677"},{"taxonomy":"post_tag","embeddable":true,"href":"https:\/\/wp.kristdemokraterna.se\/kdseniorstockholm\/wp-json\/wp\/v2\/tags?post=677"}],"curies":[{"name":"wp","href":"https:\/\/api.w.org\/{rel}","templated":true}]}}