{"id":127,"date":"2014-09-03T11:45:19","date_gmt":"2014-09-03T09:45:19","guid":{"rendered":"http:\/\/wp.kristdemokraterna.se\/kinda\/?p=127"},"modified":"2020-07-09T16:10:41","modified_gmt":"2020-07-09T14:10:41","slug":"valdebatt20140902","status":"publish","type":"post","link":"https:\/\/wp.kristdemokraterna.se\/kinda\/valdebatt20140902\/","title":{"rendered":"Valdebatt"},"content":{"rendered":"<p><span class=\"_5yl5\"><span class=\"null\"><img loading=\"lazy\" decoding=\"async\" class=\"alignleft wp-image-128 size-full\" src=\"http:\/\/wp.kristdemokraterna.se\/kinda\/files\/2014\/09\/10647576_840600915963837_1870484355_n.jpg\" alt=\"Foto: Kristdemokraterna Kinda | 10647576_840600915963837_1870484355_n\" width=\"960\" height=\"720\" srcset=\"https:\/\/wp.kristdemokraterna.se\/kinda\/files\/2014\/09\/10647576_840600915963837_1870484355_n.jpg 960w, https:\/\/wp.kristdemokraterna.se\/kinda\/files\/2014\/09\/10647576_840600915963837_1870484355_n-300x225.jpg 300w, https:\/\/wp.kristdemokraterna.se\/kinda\/files\/2014\/09\/10647576_840600915963837_1870484355_n-461x346.jpg 461w, https:\/\/wp.kristdemokraterna.se\/kinda\/files\/2014\/09\/10647576_840600915963837_1870484355_n-149x112.jpg 149w\" sizes=\"auto, (max-width: 960px) 100vw, 960px\" \/><br \/>\nValdebatt i Kisa ig\u00e5r kv\u00e4ll i V\u00e4rg\u00e5rdsskolans nya samlingssal.<\/span><\/span><\/p>\n<p><strong>Pressklipp<\/strong><br \/>\n<a title=\"Intervju i Kindaposten\" href=\"http:\/\/wp.kristdemokraterna.se\/kinda\/intervju-i-kindaposten-20140904\/\">Nio partier av tio i valdebatt<\/a>\u00a0 (<em>LK.Nyheter &#8211; Kinda<\/em>)<\/p>\n","protected":false},"excerpt":{"rendered":"<p>Valdebatt i Kisa ig\u00e5r kv\u00e4ll i V\u00e4rg\u00e5rdsskolans nya samlingssal. Pressklipp Nio partier av tio i valdebatt\u00a0 (LK.Nyheter &#8211; Kinda)<\/p>\n","protected":false},"author":670,"featured_media":0,"comment_status":"closed","ping_status":"closed","sticky":false,"template":"","format":"standard","meta":{"_acf_changed":false,"footnotes":""},"categories":[20],"tags":[10],"class_list":["post-127","post","type-post","status-publish","format-standard","hentry","category-valet","tag-valet2014"],"acf":[],"yoast_head":"<!-- This site is optimized with the Yoast SEO plugin v27.4 - https:\/\/yoast.com\/product\/yoast-seo-wordpress\/ -->\n<title>Valdebatt - Kinda<\/title>\n<meta name=\"robots\" content=\"index, follow, max-snippet:-1, max-image-preview:large, max-video-preview:-1\" \/>\n<link rel=\"canonical\" href=\"https:\/\/wp.kristdemokraterna.se\/kinda\/valdebatt20140902\/\" \/>\n<meta property=\"og:locale\" content=\"sv_SE\" \/>\n<meta property=\"og:type\" content=\"article\" \/>\n<meta property=\"og:title\" content=\"Valdebatt - Kinda\" \/>\n<meta property=\"og:description\" content=\"Valdebatt i Kisa ig\u00e5r kv\u00e4ll i V\u00e4rg\u00e5rdsskolans nya samlingssal. Pressklipp Nio partier av tio i valdebatt\u00a0 (LK.Nyheter &#8211; Kinda)\" \/>\n<meta property=\"og:url\" content=\"https:\/\/wp.kristdemokraterna.se\/kinda\/valdebatt20140902\/\" \/>\n<meta property=\"og:site_name\" content=\"Kinda\" \/>\n<meta property=\"article:published_time\" content=\"2014-09-03T09:45:19+00:00\" \/>\n<meta property=\"article:modified_time\" content=\"2020-07-09T14:10:41+00:00\" \/>\n<meta property=\"og:image\" content=\"http:\/\/wp.kristdemokraterna.se\/kinda\/files\/2014\/09\/10647576_840600915963837_1870484355_n.jpg\" \/>\n<meta name=\"author\" content=\"kinda\" \/>\n<meta name=\"twitter:card\" content=\"summary_large_image\" \/>\n<meta name=\"twitter:label1\" content=\"Skriven av\" \/>\n\t<meta name=\"twitter:data1\" content=\"kinda\" \/>\n<script type=\"application\/ld+json\" class=\"yoast-schema-graph\">{\"@context\":\"https:\\\/\\\/schema.org\",\"@graph\":[{\"@type\":\"Article\",\"@id\":\"https:\\\/\\\/wp.kristdemokraterna.se\\\/kinda\\\/valdebatt20140902\\\/#article\",\"isPartOf\":{\"@id\":\"https:\\\/\\\/wp.kristdemokraterna.se\\\/kinda\\\/valdebatt20140902\\\/\"},\"author\":{\"name\":\"kinda\",\"@id\":\"https:\\\/\\\/wp.kristdemokraterna.se\\\/kinda\\\/#\\\/schema\\\/person\\\/ef5ee36320cb69418cfcb372eb9fbc7d\"},\"headline\":\"Valdebatt\",\"datePublished\":\"2014-09-03T09:45:19+00:00\",\"dateModified\":\"2020-07-09T14:10:41+00:00\",\"mainEntityOfPage\":{\"@id\":\"https:\\\/\\\/wp.kristdemokraterna.se\\\/kinda\\\/valdebatt20140902\\\/\"},\"wordCount\":25,\"image\":{\"@id\":\"https:\\\/\\\/wp.kristdemokraterna.se\\\/kinda\\\/valdebatt20140902\\\/#primaryimage\"},\"thumbnailUrl\":\"http:\\\/\\\/wp.kristdemokraterna.se\\\/kinda\\\/files\\\/2014\\\/09\\\/10647576_840600915963837_1870484355_n.jpg\",\"keywords\":[\"Valet2014\"],\"articleSection\":[\"Valet\"],\"inLanguage\":\"sv-SE\"},{\"@type\":\"WebPage\",\"@id\":\"https:\\\/\\\/wp.kristdemokraterna.se\\\/kinda\\\/valdebatt20140902\\\/\",\"url\":\"https:\\\/\\\/wp.kristdemokraterna.se\\\/kinda\\\/valdebatt20140902\\\/\",\"name\":\"Valdebatt - Kinda\",\"isPartOf\":{\"@id\":\"https:\\\/\\\/wp.kristdemokraterna.se\\\/kinda\\\/#website\"},\"primaryImageOfPage\":{\"@id\":\"https:\\\/\\\/wp.kristdemokraterna.se\\\/kinda\\\/valdebatt20140902\\\/#primaryimage\"},\"image\":{\"@id\":\"https:\\\/\\\/wp.kristdemokraterna.se\\\/kinda\\\/valdebatt20140902\\\/#primaryimage\"},\"thumbnailUrl\":\"http:\\\/\\\/wp.kristdemokraterna.se\\\/kinda\\\/files\\\/2014\\\/09\\\/10647576_840600915963837_1870484355_n.jpg\",\"datePublished\":\"2014-09-03T09:45:19+00:00\",\"dateModified\":\"2020-07-09T14:10:41+00:00\",\"author\":{\"@id\":\"https:\\\/\\\/wp.kristdemokraterna.se\\\/kinda\\\/#\\\/schema\\\/person\\\/ef5ee36320cb69418cfcb372eb9fbc7d\"},\"breadcrumb\":{\"@id\":\"https:\\\/\\\/wp.kristdemokraterna.se\\\/kinda\\\/valdebatt20140902\\\/#breadcrumb\"},\"inLanguage\":\"sv-SE\",\"potentialAction\":[{\"@type\":\"ReadAction\",\"target\":[\"https:\\\/\\\/wp.kristdemokraterna.se\\\/kinda\\\/valdebatt20140902\\\/\"]}]},{\"@type\":\"ImageObject\",\"inLanguage\":\"sv-SE\",\"@id\":\"https:\\\/\\\/wp.kristdemokraterna.se\\\/kinda\\\/valdebatt20140902\\\/#primaryimage\",\"url\":\"https:\\\/\\\/wp.kristdemokraterna.se\\\/kinda\\\/files\\\/2014\\\/09\\\/10647576_840600915963837_1870484355_n.jpg\",\"contentUrl\":\"https:\\\/\\\/wp.kristdemokraterna.se\\\/kinda\\\/files\\\/2014\\\/09\\\/10647576_840600915963837_1870484355_n.jpg\",\"width\":960,\"height\":720},{\"@type\":\"BreadcrumbList\",\"@id\":\"https:\\\/\\\/wp.kristdemokraterna.se\\\/kinda\\\/valdebatt20140902\\\/#breadcrumb\",\"itemListElement\":[{\"@type\":\"ListItem\",\"position\":1,\"name\":\"Hem\",\"item\":\"https:\\\/\\\/wp.kristdemokraterna.se\\\/kinda\\\/\"},{\"@type\":\"ListItem\",\"position\":2,\"name\":\"Valdebatt\"}]},{\"@type\":\"WebSite\",\"@id\":\"https:\\\/\\\/wp.kristdemokraterna.se\\\/kinda\\\/#website\",\"url\":\"https:\\\/\\\/wp.kristdemokraterna.se\\\/kinda\\\/\",\"name\":\"Kinda\",\"description\":\"Kristdemokraterna\",\"inLanguage\":\"sv-SE\"},{\"@type\":\"Person\",\"@id\":\"https:\\\/\\\/wp.kristdemokraterna.se\\\/kinda\\\/#\\\/schema\\\/person\\\/ef5ee36320cb69418cfcb372eb9fbc7d\",\"name\":\"kinda\",\"image\":{\"@type\":\"ImageObject\",\"inLanguage\":\"sv-SE\",\"@id\":\"https:\\\/\\\/secure.gravatar.com\\\/avatar\\\/589f40f78f8838d41db204f39abcea3b0d6abbeb2ac692df62ebf533e560e0eb?s=96&d=mm&r=g\",\"url\":\"https:\\\/\\\/secure.gravatar.com\\\/avatar\\\/589f40f78f8838d41db204f39abcea3b0d6abbeb2ac692df62ebf533e560e0eb?s=96&d=mm&r=g\",\"contentUrl\":\"https:\\\/\\\/secure.gravatar.com\\\/avatar\\\/589f40f78f8838d41db204f39abcea3b0d6abbeb2ac692df62ebf533e560e0eb?s=96&d=mm&r=g\",\"caption\":\"kinda\"},\"url\":\"https:\\\/\\\/wp.kristdemokraterna.se\\\/kinda\\\/author\\\/kinda\\\/\"}]}<\/script>\n<!-- \/ Yoast SEO plugin. -->","yoast_head_json":{"title":"Valdebatt - Kinda","robots":{"index":"index","follow":"follow","max-snippet":"max-snippet:-1","max-image-preview":"max-image-preview:large","max-video-preview":"max-video-preview:-1"},"canonical":"https:\/\/wp.kristdemokraterna.se\/kinda\/valdebatt20140902\/","og_locale":"sv_SE","og_type":"article","og_title":"Valdebatt - Kinda","og_description":"Valdebatt i Kisa ig\u00e5r kv\u00e4ll i V\u00e4rg\u00e5rdsskolans nya samlingssal. Pressklipp Nio partier av tio i valdebatt\u00a0 (LK.Nyheter &#8211; Kinda)","og_url":"https:\/\/wp.kristdemokraterna.se\/kinda\/valdebatt20140902\/","og_site_name":"Kinda","article_published_time":"2014-09-03T09:45:19+00:00","article_modified_time":"2020-07-09T14:10:41+00:00","og_image":[{"url":"http:\/\/wp.kristdemokraterna.se\/kinda\/files\/2014\/09\/10647576_840600915963837_1870484355_n.jpg","type":"","width":"","height":""}],"author":"kinda","twitter_card":"summary_large_image","twitter_misc":{"Skriven av":"kinda"},"schema":{"@context":"https:\/\/schema.org","@graph":[{"@type":"Article","@id":"https:\/\/wp.kristdemokraterna.se\/kinda\/valdebatt20140902\/#article","isPartOf":{"@id":"https:\/\/wp.kristdemokraterna.se\/kinda\/valdebatt20140902\/"},"author":{"name":"kinda","@id":"https:\/\/wp.kristdemokraterna.se\/kinda\/#\/schema\/person\/ef5ee36320cb69418cfcb372eb9fbc7d"},"headline":"Valdebatt","datePublished":"2014-09-03T09:45:19+00:00","dateModified":"2020-07-09T14:10:41+00:00","mainEntityOfPage":{"@id":"https:\/\/wp.kristdemokraterna.se\/kinda\/valdebatt20140902\/"},"wordCount":25,"image":{"@id":"https:\/\/wp.kristdemokraterna.se\/kinda\/valdebatt20140902\/#primaryimage"},"thumbnailUrl":"http:\/\/wp.kristdemokraterna.se\/kinda\/files\/2014\/09\/10647576_840600915963837_1870484355_n.jpg","keywords":["Valet2014"],"articleSection":["Valet"],"inLanguage":"sv-SE"},{"@type":"WebPage","@id":"https:\/\/wp.kristdemokraterna.se\/kinda\/valdebatt20140902\/","url":"https:\/\/wp.kristdemokraterna.se\/kinda\/valdebatt20140902\/","name":"Valdebatt - Kinda","isPartOf":{"@id":"https:\/\/wp.kristdemokraterna.se\/kinda\/#website"},"primaryImageOfPage":{"@id":"https:\/\/wp.kristdemokraterna.se\/kinda\/valdebatt20140902\/#primaryimage"},"image":{"@id":"https:\/\/wp.kristdemokraterna.se\/kinda\/valdebatt20140902\/#primaryimage"},"thumbnailUrl":"http:\/\/wp.kristdemokraterna.se\/kinda\/files\/2014\/09\/10647576_840600915963837_1870484355_n.jpg","datePublished":"2014-09-03T09:45:19+00:00","dateModified":"2020-07-09T14:10:41+00:00","author":{"@id":"https:\/\/wp.kristdemokraterna.se\/kinda\/#\/schema\/person\/ef5ee36320cb69418cfcb372eb9fbc7d"},"breadcrumb":{"@id":"https:\/\/wp.kristdemokraterna.se\/kinda\/valdebatt20140902\/#breadcrumb"},"inLanguage":"sv-SE","potentialAction":[{"@type":"ReadAction","target":["https:\/\/wp.kristdemokraterna.se\/kinda\/valdebatt20140902\/"]}]},{"@type":"ImageObject","inLanguage":"sv-SE","@id":"https:\/\/wp.kristdemokraterna.se\/kinda\/valdebatt20140902\/#primaryimage","url":"https:\/\/wp.kristdemokraterna.se\/kinda\/files\/2014\/09\/10647576_840600915963837_1870484355_n.jpg","contentUrl":"https:\/\/wp.kristdemokraterna.se\/kinda\/files\/2014\/09\/10647576_840600915963837_1870484355_n.jpg","width":960,"height":720},{"@type":"BreadcrumbList","@id":"https:\/\/wp.kristdemokraterna.se\/kinda\/valdebatt20140902\/#breadcrumb","itemListElement":[{"@type":"ListItem","position":1,"name":"Hem","item":"https:\/\/wp.kristdemokraterna.se\/kinda\/"},{"@type":"ListItem","position":2,"name":"Valdebatt"}]},{"@type":"WebSite","@id":"https:\/\/wp.kristdemokraterna.se\/kinda\/#website","url":"https:\/\/wp.kristdemokraterna.se\/kinda\/","name":"Kinda","description":"Kristdemokraterna","inLanguage":"sv-SE"},{"@type":"Person","@id":"https:\/\/wp.kristdemokraterna.se\/kinda\/#\/schema\/person\/ef5ee36320cb69418cfcb372eb9fbc7d","name":"kinda","image":{"@type":"ImageObject","inLanguage":"sv-SE","@id":"https:\/\/secure.gravatar.com\/avatar\/589f40f78f8838d41db204f39abcea3b0d6abbeb2ac692df62ebf533e560e0eb?s=96&d=mm&r=g","url":"https:\/\/secure.gravatar.com\/avatar\/589f40f78f8838d41db204f39abcea3b0d6abbeb2ac692df62ebf533e560e0eb?s=96&d=mm&r=g","contentUrl":"https:\/\/secure.gravatar.com\/avatar\/589f40f78f8838d41db204f39abcea3b0d6abbeb2ac692df62ebf533e560e0eb?s=96&d=mm&r=g","caption":"kinda"},"url":"https:\/\/wp.kristdemokraterna.se\/kinda\/author\/kinda\/"}]}},"_links":{"self":[{"href":"https:\/\/wp.kristdemokraterna.se\/kinda\/wp-json\/wp\/v2\/posts\/127","targetHints":{"allow":["GET"]}}],"collection":[{"href":"https:\/\/wp.kristdemokraterna.se\/kinda\/wp-json\/wp\/v2\/posts"}],"about":[{"href":"https:\/\/wp.kristdemokraterna.se\/kinda\/wp-json\/wp\/v2\/types\/post"}],"author":[{"embeddable":true,"href":"https:\/\/wp.kristdemokraterna.se\/kinda\/wp-json\/wp\/v2\/users\/670"}],"replies":[{"embeddable":true,"href":"https:\/\/wp.kristdemokraterna.se\/kinda\/wp-json\/wp\/v2\/comments?post=127"}],"version-history":[{"count":9,"href":"https:\/\/wp.kristdemokraterna.se\/kinda\/wp-json\/wp\/v2\/posts\/127\/revisions"}],"predecessor-version":[{"id":164,"href":"https:\/\/wp.kristdemokraterna.se\/kinda\/wp-json\/wp\/v2\/posts\/127\/revisions\/164"}],"wp:attachment":[{"href":"https:\/\/wp.kristdemokraterna.se\/kinda\/wp-json\/wp\/v2\/media?parent=127"}],"wp:term":[{"taxonomy":"category","embeddable":true,"href":"https:\/\/wp.kristdemokraterna.se\/kinda\/wp-json\/wp\/v2\/categories?post=127"},{"taxonomy":"post_tag","embeddable":true,"href":"https:\/\/wp.kristdemokraterna.se\/kinda\/wp-json\/wp\/v2\/tags?post=127"}],"curies":[{"name":"wp","href":"https:\/\/api.w.org\/{rel}","templated":true}]}}