{"id":249,"date":"2014-09-30T17:00:17","date_gmt":"2014-09-30T15:00:17","guid":{"rendered":"http:\/\/wp.kristdemokraterna.se\/kinda\/?p=249"},"modified":"2020-07-09T16:09:37","modified_gmt":"2020-07-09T14:09:37","slug":"pressmeddelande-20140930","status":"publish","type":"post","link":"https:\/\/wp.kristdemokraterna.se\/kinda\/pressmeddelande-20140930\/","title":{"rendered":"Pressmeddelande"},"content":{"rendered":"<h1>PRESSINFORMATION<\/h1>\n<p>Valet till kommunfullm\u00e4ktige i Kinda 2014 innebar att Socialdemokraterna \u00f6kade ett mandat medan Kristdemokrater och Moderater beh\u00f6ll sina mandat fr\u00e5n f\u00f6rra valet. Detta uppfattar vi som ett tydligt f\u00f6rtroende fr\u00e5n v\u00e4ljarna\u00a0 till att ta ansvar och bilda en gemensam koalition f\u00f6r att leda Kindapolitiken under de n\u00e4rmaste fyra \u00e5ren. Vi var alla tydliga i valr\u00f6relsen med att den politiska ledningen i Kinda beh\u00f6ver f\u00f6rnyas och d\u00e4rf\u00f6r gl\u00e4der vi oss mycket n\u00e4r vi idag kan meddela officiellt att v\u00e5ra tre partier har inlett f\u00f6rhandlingar om hur vi tillsammans ska kunna\u00a0 bilda en ny majoritet f\u00f6r att leda Kinda och genomf\u00f6ra s\u00e5 mycket som m\u00f6jligt av resten av v\u00e5ra vall\u00f6ften.<\/p>\n<p>Vi kommer under den n\u00e4rmaste tiden att arbeta intensivt med att skapa ett helt nytt gemensamt lag till n\u00e4mnder, kommunstyrelse och fullm\u00e4ktige med inriktning mot kompetens, engagemang och god samarbetsanda.Vi \u00e4r ocks\u00e5 \u00f6verens om att v\u00e5r politik kommer att pr\u00e4glas av utveckling f\u00f6r Kindas b\u00e4sta med l\u00e5ngsiktighet, stabilitet och god ekonomisk hush\u00e5llning som fr\u00e4msta honn\u00f6rsord. Kommunens k\u00e4rnverksamhet inom skola och omsorg kommer att st\u00e5 i f\u00f6rgrunden och i arbetet med utveckling av hela Kinda betonar vi att alla\u00a0 kommundelar och samh\u00e4llen\u00a0 ska utvecklas utifr\u00e5n sina f\u00f6ruts\u00e4ttningar.<\/p>\n<p>Detta block\u00f6verskridande samarbete \u00e4r en stor m\u00f6jlighet f\u00f6r l\u00e5ngsiktig politisk stabilitet i Kinda men ocks\u00e5 en utmaning genom skiljaktigheter i v\u00e5ra partiers ideologi.<br \/>\nEn gemensam bed\u00f6mning \u00e4r dock att vi\u00a0 i nul\u00e4get inte ser n\u00e5gra fallgropar som vi skulle ha sv\u00e5rt att hantera gemensamt inom en god samarbetsanda. Av diskussionerna hittills kan konstateras att engagemanget f\u00f6r Kinda f\u00f6renar oss mer \u00e4n de ideologiska skiljaktigheterna. Vi har ocks\u00e5 erfarenheten av gott samarbete mellan v\u00e5ra partier fr\u00e5n tidigare i kommunpolitiken\u00a0 och vi k\u00e4nner oss s\u00e4kra p\u00e5 att goda personliga relationer, respekt och \u00f6dmjukhet\u00a0 f\u00f6r varandra och f\u00f6r vad som \u00e4r b\u00e4st f\u00f6r Kinda kommer att f\u00f6rena oss till ett starkt team f\u00f6r Kindas framtid.<\/p>\n<p>Kisa\u00a0 den\u00a0 30 september\u00a0 2014<\/p>\n<p>Kristdemokraterna\u00a0\u00a0\u00a0\u00a0\u00a0\u00a0\u00a0\u00a0\u00a0\u00a0\u00a0\u00a0\u00a0\u00a0\u00a0\u00a0\u00a0\u00a0\u00a0\u00a0\u00a0\u00a0\u00a0\u00a0\u00a0\u00a0\u00a0\u00a0\u00a0 Socialdemokraterna\u00a0\u00a0\u00a0\u00a0\u00a0\u00a0\u00a0\u00a0\u00a0\u00a0\u00a0\u00a0\u00a0\u00a0\u00a0\u00a0\u00a0\u00a0\u00a0\u00a0 Moderaterna<\/p>\n<p>Lena\u00a0 Johansson K\u00e4cker\u00a0\u00a0\u00a0\u00a0\u00a0\u00a0\u00a0\u00a0\u00a0\u00a0\u00a0\u00a0\u00a0\u00a0\u00a0\u00a0\u00a0\u00a0\u00a0\u00a0 Hans M\u00e5hagen\u00a0\u00a0\u00a0\u00a0\u00a0\u00a0\u00a0\u00a0\u00a0\u00a0\u00a0\u00a0\u00a0\u00a0\u00a0\u00a0\u00a0\u00a0\u00a0\u00a0\u00a0\u00a0\u00a0\u00a0\u00a0\u00a0\u00a0 Bj\u00f6rn Hoflund<\/p>\n<p>&gt; <a href=\"http:\/\/wp.kristdemokraterna.se\/kinda\/files\/2014\/09\/pressinformation_20140930.pdf\" target=\"_blank\" rel=\"noopener noreferrer\">pressinformation_20140930<\/a>\u00a0 (<em>pdf<\/em>)<\/p>\n","protected":false},"excerpt":{"rendered":"<p>PRESSINFORMATION Valet till kommunfullm\u00e4ktige i Kinda 2014 innebar att Socialdemokraterna \u00f6kade ett mandat medan Kristdemokrater och Moderater beh\u00f6ll sina mandat fr\u00e5n f\u00f6rra valet. Detta uppfattar vi som ett tydligt f\u00f6rtroende fr\u00e5n v\u00e4ljarna\u00a0 till att ta ansvar och bilda en gemensam koalition f\u00f6r att leda Kindapolitiken under de n\u00e4rmaste fyra \u00e5ren. Vi var alla tydliga i <a class=\"read-more-link\" href=\"https:\/\/wp.kristdemokraterna.se\/kinda\/pressmeddelande-20140930\/\">Read More<\/a><\/p>\n","protected":false},"author":670,"featured_media":0,"comment_status":"closed","ping_status":"closed","sticky":false,"template":"","format":"standard","meta":{"_acf_changed":false,"footnotes":""},"categories":[8,20],"tags":[12,10],"class_list":["post-249","post","type-post","status-publish","format-standard","hentry","category-pressmeddelande","category-valet","tag-pressmeddelande","tag-valet2014"],"acf":[],"yoast_head":"<!-- This site is optimized with the Yoast SEO plugin v27.4 - https:\/\/yoast.com\/product\/yoast-seo-wordpress\/ -->\n<title>Pressmeddelande - Kinda<\/title>\n<meta name=\"robots\" content=\"index, follow, max-snippet:-1, max-image-preview:large, max-video-preview:-1\" \/>\n<link rel=\"canonical\" href=\"https:\/\/wp.kristdemokraterna.se\/kinda\/pressmeddelande-20140930\/\" \/>\n<meta property=\"og:locale\" content=\"sv_SE\" \/>\n<meta property=\"og:type\" content=\"article\" \/>\n<meta property=\"og:title\" content=\"Pressmeddelande - Kinda\" \/>\n<meta property=\"og:description\" content=\"PRESSINFORMATION Valet till kommunfullm\u00e4ktige i Kinda 2014 innebar att Socialdemokraterna \u00f6kade ett mandat medan Kristdemokrater och Moderater beh\u00f6ll sina mandat fr\u00e5n f\u00f6rra valet. Detta uppfattar vi som ett tydligt f\u00f6rtroende fr\u00e5n v\u00e4ljarna\u00a0 till att ta ansvar och bilda en gemensam koalition f\u00f6r att leda Kindapolitiken under de n\u00e4rmaste fyra \u00e5ren. Vi var alla tydliga i Read More\" \/>\n<meta property=\"og:url\" content=\"https:\/\/wp.kristdemokraterna.se\/kinda\/pressmeddelande-20140930\/\" \/>\n<meta property=\"og:site_name\" content=\"Kinda\" \/>\n<meta property=\"article:published_time\" content=\"2014-09-30T15:00:17+00:00\" \/>\n<meta property=\"article:modified_time\" content=\"2020-07-09T14:09:37+00:00\" \/>\n<meta name=\"author\" content=\"kinda\" \/>\n<meta name=\"twitter:card\" content=\"summary_large_image\" \/>\n<meta name=\"twitter:label1\" content=\"Skriven av\" \/>\n\t<meta name=\"twitter:data1\" content=\"kinda\" \/>\n\t<meta name=\"twitter:label2\" content=\"Ber\u00e4knad l\u00e4stid\" \/>\n\t<meta name=\"twitter:data2\" content=\"2 minuter\" \/>\n<script type=\"application\/ld+json\" class=\"yoast-schema-graph\">{\"@context\":\"https:\\\/\\\/schema.org\",\"@graph\":[{\"@type\":\"Article\",\"@id\":\"https:\\\/\\\/wp.kristdemokraterna.se\\\/kinda\\\/pressmeddelande-20140930\\\/#article\",\"isPartOf\":{\"@id\":\"https:\\\/\\\/wp.kristdemokraterna.se\\\/kinda\\\/pressmeddelande-20140930\\\/\"},\"author\":{\"name\":\"kinda\",\"@id\":\"https:\\\/\\\/wp.kristdemokraterna.se\\\/kinda\\\/#\\\/schema\\\/person\\\/ef5ee36320cb69418cfcb372eb9fbc7d\"},\"headline\":\"Pressmeddelande\",\"datePublished\":\"2014-09-30T15:00:17+00:00\",\"dateModified\":\"2020-07-09T14:09:37+00:00\",\"mainEntityOfPage\":{\"@id\":\"https:\\\/\\\/wp.kristdemokraterna.se\\\/kinda\\\/pressmeddelande-20140930\\\/\"},\"wordCount\":388,\"keywords\":[\"Pressmeddelande\",\"Valet2014\"],\"articleSection\":[\"Pressmeddelande\",\"Valet\"],\"inLanguage\":\"sv-SE\"},{\"@type\":\"WebPage\",\"@id\":\"https:\\\/\\\/wp.kristdemokraterna.se\\\/kinda\\\/pressmeddelande-20140930\\\/\",\"url\":\"https:\\\/\\\/wp.kristdemokraterna.se\\\/kinda\\\/pressmeddelande-20140930\\\/\",\"name\":\"Pressmeddelande - Kinda\",\"isPartOf\":{\"@id\":\"https:\\\/\\\/wp.kristdemokraterna.se\\\/kinda\\\/#website\"},\"datePublished\":\"2014-09-30T15:00:17+00:00\",\"dateModified\":\"2020-07-09T14:09:37+00:00\",\"author\":{\"@id\":\"https:\\\/\\\/wp.kristdemokraterna.se\\\/kinda\\\/#\\\/schema\\\/person\\\/ef5ee36320cb69418cfcb372eb9fbc7d\"},\"breadcrumb\":{\"@id\":\"https:\\\/\\\/wp.kristdemokraterna.se\\\/kinda\\\/pressmeddelande-20140930\\\/#breadcrumb\"},\"inLanguage\":\"sv-SE\",\"potentialAction\":[{\"@type\":\"ReadAction\",\"target\":[\"https:\\\/\\\/wp.kristdemokraterna.se\\\/kinda\\\/pressmeddelande-20140930\\\/\"]}]},{\"@type\":\"BreadcrumbList\",\"@id\":\"https:\\\/\\\/wp.kristdemokraterna.se\\\/kinda\\\/pressmeddelande-20140930\\\/#breadcrumb\",\"itemListElement\":[{\"@type\":\"ListItem\",\"position\":1,\"name\":\"Hem\",\"item\":\"https:\\\/\\\/wp.kristdemokraterna.se\\\/kinda\\\/\"},{\"@type\":\"ListItem\",\"position\":2,\"name\":\"Pressmeddelande\"}]},{\"@type\":\"WebSite\",\"@id\":\"https:\\\/\\\/wp.kristdemokraterna.se\\\/kinda\\\/#website\",\"url\":\"https:\\\/\\\/wp.kristdemokraterna.se\\\/kinda\\\/\",\"name\":\"Kinda\",\"description\":\"Kristdemokraterna\",\"inLanguage\":\"sv-SE\"},{\"@type\":\"Person\",\"@id\":\"https:\\\/\\\/wp.kristdemokraterna.se\\\/kinda\\\/#\\\/schema\\\/person\\\/ef5ee36320cb69418cfcb372eb9fbc7d\",\"name\":\"kinda\",\"image\":{\"@type\":\"ImageObject\",\"inLanguage\":\"sv-SE\",\"@id\":\"https:\\\/\\\/secure.gravatar.com\\\/avatar\\\/589f40f78f8838d41db204f39abcea3b0d6abbeb2ac692df62ebf533e560e0eb?s=96&d=mm&r=g\",\"url\":\"https:\\\/\\\/secure.gravatar.com\\\/avatar\\\/589f40f78f8838d41db204f39abcea3b0d6abbeb2ac692df62ebf533e560e0eb?s=96&d=mm&r=g\",\"contentUrl\":\"https:\\\/\\\/secure.gravatar.com\\\/avatar\\\/589f40f78f8838d41db204f39abcea3b0d6abbeb2ac692df62ebf533e560e0eb?s=96&d=mm&r=g\",\"caption\":\"kinda\"},\"url\":\"https:\\\/\\\/wp.kristdemokraterna.se\\\/kinda\\\/author\\\/kinda\\\/\"}]}<\/script>\n<!-- \/ Yoast SEO plugin. -->","yoast_head_json":{"title":"Pressmeddelande - Kinda","robots":{"index":"index","follow":"follow","max-snippet":"max-snippet:-1","max-image-preview":"max-image-preview:large","max-video-preview":"max-video-preview:-1"},"canonical":"https:\/\/wp.kristdemokraterna.se\/kinda\/pressmeddelande-20140930\/","og_locale":"sv_SE","og_type":"article","og_title":"Pressmeddelande - Kinda","og_description":"PRESSINFORMATION Valet till kommunfullm\u00e4ktige i Kinda 2014 innebar att Socialdemokraterna \u00f6kade ett mandat medan Kristdemokrater och Moderater beh\u00f6ll sina mandat fr\u00e5n f\u00f6rra valet. Detta uppfattar vi som ett tydligt f\u00f6rtroende fr\u00e5n v\u00e4ljarna\u00a0 till att ta ansvar och bilda en gemensam koalition f\u00f6r att leda Kindapolitiken under de n\u00e4rmaste fyra \u00e5ren. Vi var alla tydliga i Read More","og_url":"https:\/\/wp.kristdemokraterna.se\/kinda\/pressmeddelande-20140930\/","og_site_name":"Kinda","article_published_time":"2014-09-30T15:00:17+00:00","article_modified_time":"2020-07-09T14:09:37+00:00","author":"kinda","twitter_card":"summary_large_image","twitter_misc":{"Skriven av":"kinda","Ber\u00e4knad l\u00e4stid":"2 minuter"},"schema":{"@context":"https:\/\/schema.org","@graph":[{"@type":"Article","@id":"https:\/\/wp.kristdemokraterna.se\/kinda\/pressmeddelande-20140930\/#article","isPartOf":{"@id":"https:\/\/wp.kristdemokraterna.se\/kinda\/pressmeddelande-20140930\/"},"author":{"name":"kinda","@id":"https:\/\/wp.kristdemokraterna.se\/kinda\/#\/schema\/person\/ef5ee36320cb69418cfcb372eb9fbc7d"},"headline":"Pressmeddelande","datePublished":"2014-09-30T15:00:17+00:00","dateModified":"2020-07-09T14:09:37+00:00","mainEntityOfPage":{"@id":"https:\/\/wp.kristdemokraterna.se\/kinda\/pressmeddelande-20140930\/"},"wordCount":388,"keywords":["Pressmeddelande","Valet2014"],"articleSection":["Pressmeddelande","Valet"],"inLanguage":"sv-SE"},{"@type":"WebPage","@id":"https:\/\/wp.kristdemokraterna.se\/kinda\/pressmeddelande-20140930\/","url":"https:\/\/wp.kristdemokraterna.se\/kinda\/pressmeddelande-20140930\/","name":"Pressmeddelande - Kinda","isPartOf":{"@id":"https:\/\/wp.kristdemokraterna.se\/kinda\/#website"},"datePublished":"2014-09-30T15:00:17+00:00","dateModified":"2020-07-09T14:09:37+00:00","author":{"@id":"https:\/\/wp.kristdemokraterna.se\/kinda\/#\/schema\/person\/ef5ee36320cb69418cfcb372eb9fbc7d"},"breadcrumb":{"@id":"https:\/\/wp.kristdemokraterna.se\/kinda\/pressmeddelande-20140930\/#breadcrumb"},"inLanguage":"sv-SE","potentialAction":[{"@type":"ReadAction","target":["https:\/\/wp.kristdemokraterna.se\/kinda\/pressmeddelande-20140930\/"]}]},{"@type":"BreadcrumbList","@id":"https:\/\/wp.kristdemokraterna.se\/kinda\/pressmeddelande-20140930\/#breadcrumb","itemListElement":[{"@type":"ListItem","position":1,"name":"Hem","item":"https:\/\/wp.kristdemokraterna.se\/kinda\/"},{"@type":"ListItem","position":2,"name":"Pressmeddelande"}]},{"@type":"WebSite","@id":"https:\/\/wp.kristdemokraterna.se\/kinda\/#website","url":"https:\/\/wp.kristdemokraterna.se\/kinda\/","name":"Kinda","description":"Kristdemokraterna","inLanguage":"sv-SE"},{"@type":"Person","@id":"https:\/\/wp.kristdemokraterna.se\/kinda\/#\/schema\/person\/ef5ee36320cb69418cfcb372eb9fbc7d","name":"kinda","image":{"@type":"ImageObject","inLanguage":"sv-SE","@id":"https:\/\/secure.gravatar.com\/avatar\/589f40f78f8838d41db204f39abcea3b0d6abbeb2ac692df62ebf533e560e0eb?s=96&d=mm&r=g","url":"https:\/\/secure.gravatar.com\/avatar\/589f40f78f8838d41db204f39abcea3b0d6abbeb2ac692df62ebf533e560e0eb?s=96&d=mm&r=g","contentUrl":"https:\/\/secure.gravatar.com\/avatar\/589f40f78f8838d41db204f39abcea3b0d6abbeb2ac692df62ebf533e560e0eb?s=96&d=mm&r=g","caption":"kinda"},"url":"https:\/\/wp.kristdemokraterna.se\/kinda\/author\/kinda\/"}]}},"_links":{"self":[{"href":"https:\/\/wp.kristdemokraterna.se\/kinda\/wp-json\/wp\/v2\/posts\/249","targetHints":{"allow":["GET"]}}],"collection":[{"href":"https:\/\/wp.kristdemokraterna.se\/kinda\/wp-json\/wp\/v2\/posts"}],"about":[{"href":"https:\/\/wp.kristdemokraterna.se\/kinda\/wp-json\/wp\/v2\/types\/post"}],"author":[{"embeddable":true,"href":"https:\/\/wp.kristdemokraterna.se\/kinda\/wp-json\/wp\/v2\/users\/670"}],"replies":[{"embeddable":true,"href":"https:\/\/wp.kristdemokraterna.se\/kinda\/wp-json\/wp\/v2\/comments?post=249"}],"version-history":[{"count":6,"href":"https:\/\/wp.kristdemokraterna.se\/kinda\/wp-json\/wp\/v2\/posts\/249\/revisions"}],"predecessor-version":[{"id":487,"href":"https:\/\/wp.kristdemokraterna.se\/kinda\/wp-json\/wp\/v2\/posts\/249\/revisions\/487"}],"wp:attachment":[{"href":"https:\/\/wp.kristdemokraterna.se\/kinda\/wp-json\/wp\/v2\/media?parent=249"}],"wp:term":[{"taxonomy":"category","embeddable":true,"href":"https:\/\/wp.kristdemokraterna.se\/kinda\/wp-json\/wp\/v2\/categories?post=249"},{"taxonomy":"post_tag","embeddable":true,"href":"https:\/\/wp.kristdemokraterna.se\/kinda\/wp-json\/wp\/v2\/tags?post=249"}],"curies":[{"name":"wp","href":"https:\/\/api.w.org\/{rel}","templated":true}]}}