{"id":561,"date":"2023-02-26T22:00:17","date_gmt":"2023-02-26T21:00:17","guid":{"rendered":"https:\/\/wp.kristdemokraterna.se\/kinda\/?p=561"},"modified":"2023-03-10T07:37:48","modified_gmt":"2023-03-10T06:37:48","slug":"rapport-fran-arsmotet-2023","status":"publish","type":"post","link":"https:\/\/wp.kristdemokraterna.se\/kinda\/rapport-fran-arsmotet-2023\/","title":{"rendered":"Rapport fr\u00e5n \u00e5rsm\u00f6tet 2023"},"content":{"rendered":"<div dir=\"auto\"><strong>Idag var sista dagen att h\u00e5lla \u00e5rsm\u00f6te i partiavdelning om stadgarna ska f\u00f6ljas, och det ska de ju! S\u00e5 p\u00e5 eftermiddagen var det dags \u00e4ven o KD Kinda.<\/strong><\/div>\n<div dir=\"auto\">D\u00e4rf\u00f6r \u00e4r vi glada att Per Larsson, ett av KD:s tv\u00e5 regionr\u00e5d i majoritet kunde komma och ber\u00e4tta om arbetet. Dessutom fick han \u00e4ran att leda \u00e5rsm\u00f6tesf\u00f6rhandlingarna och det gick f\u00f6rst\u00e5s str\u00e5lande. Tack Per f\u00f6r din insats!<\/div>\n<div dir=\"auto\">\n<p>Styrelsen blev omvald, tv\u00e5 motioner till \u00e5rets riksting var n\u00e5gra av dagens \u00e4renden, f\u00f6rutom gott fika f\u00f6rst\u00e5s!<\/p>\n<p><img loading=\"lazy\" decoding=\"async\" class=\"alignnone wp-image-566\" src=\"http:\/\/wp.kristdemokraterna.se\/kinda\/files\/2023\/02\/e813a405-7896-43f0-9213-67f7e4186b4c.jpeg\" alt=\"\" width=\"440\" height=\"422\" srcset=\"https:\/\/wp.kristdemokraterna.se\/kinda\/files\/2023\/02\/e813a405-7896-43f0-9213-67f7e4186b4c.jpeg 2048w, https:\/\/wp.kristdemokraterna.se\/kinda\/files\/2023\/02\/e813a405-7896-43f0-9213-67f7e4186b4c-300x287.jpeg 300w, https:\/\/wp.kristdemokraterna.se\/kinda\/files\/2023\/02\/e813a405-7896-43f0-9213-67f7e4186b4c-1024x981.jpeg 1024w, https:\/\/wp.kristdemokraterna.se\/kinda\/files\/2023\/02\/e813a405-7896-43f0-9213-67f7e4186b4c-768x736.jpeg 768w, https:\/\/wp.kristdemokraterna.se\/kinda\/files\/2023\/02\/e813a405-7896-43f0-9213-67f7e4186b4c-1536x1472.jpeg 1536w, https:\/\/wp.kristdemokraterna.se\/kinda\/files\/2023\/02\/e813a405-7896-43f0-9213-67f7e4186b4c-209x200.jpeg 209w, https:\/\/wp.kristdemokraterna.se\/kinda\/files\/2023\/02\/e813a405-7896-43f0-9213-67f7e4186b4c-370x354.jpeg 370w, https:\/\/wp.kristdemokraterna.se\/kinda\/files\/2023\/02\/e813a405-7896-43f0-9213-67f7e4186b4c-770x738.jpeg 770w, https:\/\/wp.kristdemokraterna.se\/kinda\/files\/2023\/02\/e813a405-7896-43f0-9213-67f7e4186b4c-450x431.jpeg 450w, https:\/\/wp.kristdemokraterna.se\/kinda\/files\/2023\/02\/e813a405-7896-43f0-9213-67f7e4186b4c-280x268.jpeg 280w, https:\/\/wp.kristdemokraterna.se\/kinda\/files\/2023\/02\/e813a405-7896-43f0-9213-67f7e4186b4c-340x326.jpeg 340w, https:\/\/wp.kristdemokraterna.se\/kinda\/files\/2023\/02\/e813a405-7896-43f0-9213-67f7e4186b4c-200x192.jpeg 200w, https:\/\/wp.kristdemokraterna.se\/kinda\/files\/2023\/02\/e813a405-7896-43f0-9213-67f7e4186b4c-58x56.jpeg 58w\" sizes=\"auto, (max-width: 440px) 100vw, 440px\" \/><\/p>\n<\/div>\n<div dir=\"auto\"><img loading=\"lazy\" decoding=\"async\" class=\"alignnone wp-image-565\" src=\"http:\/\/wp.kristdemokraterna.se\/kinda\/files\/2023\/02\/08ee4510-40fe-492a-bded-71ea638c189f.jpeg\" alt=\"\" width=\"440\" height=\"363\" srcset=\"https:\/\/wp.kristdemokraterna.se\/kinda\/files\/2023\/02\/08ee4510-40fe-492a-bded-71ea638c189f.jpeg 2048w, https:\/\/wp.kristdemokraterna.se\/kinda\/files\/2023\/02\/08ee4510-40fe-492a-bded-71ea638c189f-300x248.jpeg 300w, https:\/\/wp.kristdemokraterna.se\/kinda\/files\/2023\/02\/08ee4510-40fe-492a-bded-71ea638c189f-1024x845.jpeg 1024w, https:\/\/wp.kristdemokraterna.se\/kinda\/files\/2023\/02\/08ee4510-40fe-492a-bded-71ea638c189f-768x634.jpeg 768w, https:\/\/wp.kristdemokraterna.se\/kinda\/files\/2023\/02\/08ee4510-40fe-492a-bded-71ea638c189f-1536x1268.jpeg 1536w, https:\/\/wp.kristdemokraterna.se\/kinda\/files\/2023\/02\/08ee4510-40fe-492a-bded-71ea638c189f-242x200.jpeg 242w, https:\/\/wp.kristdemokraterna.se\/kinda\/files\/2023\/02\/08ee4510-40fe-492a-bded-71ea638c189f-370x305.jpeg 370w, https:\/\/wp.kristdemokraterna.se\/kinda\/files\/2023\/02\/08ee4510-40fe-492a-bded-71ea638c189f-770x635.jpeg 770w, https:\/\/wp.kristdemokraterna.se\/kinda\/files\/2023\/02\/08ee4510-40fe-492a-bded-71ea638c189f-450x371.jpeg 450w, https:\/\/wp.kristdemokraterna.se\/kinda\/files\/2023\/02\/08ee4510-40fe-492a-bded-71ea638c189f-280x231.jpeg 280w, https:\/\/wp.kristdemokraterna.se\/kinda\/files\/2023\/02\/08ee4510-40fe-492a-bded-71ea638c189f-340x281.jpeg 340w, https:\/\/wp.kristdemokraterna.se\/kinda\/files\/2023\/02\/08ee4510-40fe-492a-bded-71ea638c189f-200x165.jpeg 200w, https:\/\/wp.kristdemokraterna.se\/kinda\/files\/2023\/02\/08ee4510-40fe-492a-bded-71ea638c189f-68x56.jpeg 68w\" sizes=\"auto, (max-width: 440px) 100vw, 440px\" \/><\/div>\n<div dir=\"auto\">\n<p><img loading=\"lazy\" decoding=\"async\" class=\"alignnone wp-image-564\" src=\"http:\/\/wp.kristdemokraterna.se\/kinda\/files\/2023\/02\/8313d917-5e1b-4593-9f51-45ff07a132cf.jpeg\" alt=\"\" width=\"440\" height=\"305\" srcset=\"https:\/\/wp.kristdemokraterna.se\/kinda\/files\/2023\/02\/8313d917-5e1b-4593-9f51-45ff07a132cf.jpeg 640w, https:\/\/wp.kristdemokraterna.se\/kinda\/files\/2023\/02\/8313d917-5e1b-4593-9f51-45ff07a132cf-300x208.jpeg 300w, https:\/\/wp.kristdemokraterna.se\/kinda\/files\/2023\/02\/8313d917-5e1b-4593-9f51-45ff07a132cf-288x200.jpeg 288w, https:\/\/wp.kristdemokraterna.se\/kinda\/files\/2023\/02\/8313d917-5e1b-4593-9f51-45ff07a132cf-370x257.jpeg 370w, https:\/\/wp.kristdemokraterna.se\/kinda\/files\/2023\/02\/8313d917-5e1b-4593-9f51-45ff07a132cf-450x312.jpeg 450w, https:\/\/wp.kristdemokraterna.se\/kinda\/files\/2023\/02\/8313d917-5e1b-4593-9f51-45ff07a132cf-280x194.jpeg 280w, https:\/\/wp.kristdemokraterna.se\/kinda\/files\/2023\/02\/8313d917-5e1b-4593-9f51-45ff07a132cf-340x236.jpeg 340w, https:\/\/wp.kristdemokraterna.se\/kinda\/files\/2023\/02\/8313d917-5e1b-4593-9f51-45ff07a132cf-200x139.jpeg 200w, https:\/\/wp.kristdemokraterna.se\/kinda\/files\/2023\/02\/8313d917-5e1b-4593-9f51-45ff07a132cf-81x56.jpeg 81w\" sizes=\"auto, (max-width: 440px) 100vw, 440px\" \/><\/p>\n<p><img loading=\"lazy\" decoding=\"async\" class=\"alignnone wp-image-563\" src=\"http:\/\/wp.kristdemokraterna.se\/kinda\/files\/2023\/02\/6d1fa209-a632-40be-bf63-be1050c62ff9.jpeg\" alt=\"\" width=\"440\" height=\"363\" srcset=\"https:\/\/wp.kristdemokraterna.se\/kinda\/files\/2023\/02\/6d1fa209-a632-40be-bf63-be1050c62ff9.jpeg 640w, https:\/\/wp.kristdemokraterna.se\/kinda\/files\/2023\/02\/6d1fa209-a632-40be-bf63-be1050c62ff9-300x248.jpeg 300w, https:\/\/wp.kristdemokraterna.se\/kinda\/files\/2023\/02\/6d1fa209-a632-40be-bf63-be1050c62ff9-242x200.jpeg 242w, https:\/\/wp.kristdemokraterna.se\/kinda\/files\/2023\/02\/6d1fa209-a632-40be-bf63-be1050c62ff9-370x305.jpeg 370w, https:\/\/wp.kristdemokraterna.se\/kinda\/files\/2023\/02\/6d1fa209-a632-40be-bf63-be1050c62ff9-450x371.jpeg 450w, https:\/\/wp.kristdemokraterna.se\/kinda\/files\/2023\/02\/6d1fa209-a632-40be-bf63-be1050c62ff9-280x231.jpeg 280w, https:\/\/wp.kristdemokraterna.se\/kinda\/files\/2023\/02\/6d1fa209-a632-40be-bf63-be1050c62ff9-340x281.jpeg 340w, https:\/\/wp.kristdemokraterna.se\/kinda\/files\/2023\/02\/6d1fa209-a632-40be-bf63-be1050c62ff9-200x165.jpeg 200w, https:\/\/wp.kristdemokraterna.se\/kinda\/files\/2023\/02\/6d1fa209-a632-40be-bf63-be1050c62ff9-68x56.jpeg 68w\" sizes=\"auto, (max-width: 440px) 100vw, 440px\" \/><\/p>\n<\/div>\n<div dir=\"auto\"><\/div>\n<p>&nbsp;<\/p>\n","protected":false},"excerpt":{"rendered":"<p>Idag var sista dagen att h\u00e5lla \u00e5rsm\u00f6te i partiavdelning om stadgarna ska f\u00f6ljas, och det ska de ju! S\u00e5 p\u00e5 eftermiddagen var det dags \u00e4ven o KD Kinda. D\u00e4rf\u00f6r \u00e4r vi glada att Per Larsson, ett av KD:s tv\u00e5 regionr\u00e5d i majoritet kunde komma och ber\u00e4tta om arbetet. Dessutom fick han \u00e4ran att leda \u00e5rsm\u00f6tesf\u00f6rhandlingarna <a class=\"read-more-link\" href=\"https:\/\/wp.kristdemokraterna.se\/kinda\/rapport-fran-arsmotet-2023\/\">Read More<\/a><\/p>\n","protected":false},"author":670,"featured_media":0,"comment_status":"closed","ping_status":"closed","sticky":false,"template":"","format":"standard","meta":{"_acf_changed":false,"footnotes":""},"categories":[21,13],"tags":[22],"class_list":["post-561","post","type-post","status-publish","format-standard","hentry","category-arsmote","category-inlagg","tag-arsmote"],"acf":[],"yoast_head":"<!-- This site is optimized with the Yoast SEO plugin v27.4 - https:\/\/yoast.com\/product\/yoast-seo-wordpress\/ -->\n<title>Rapport fr\u00e5n \u00e5rsm\u00f6tet 2023 - Kinda<\/title>\n<meta name=\"robots\" content=\"index, follow, max-snippet:-1, max-image-preview:large, max-video-preview:-1\" \/>\n<link rel=\"canonical\" href=\"https:\/\/wp.kristdemokraterna.se\/kinda\/rapport-fran-arsmotet-2023\/\" \/>\n<meta property=\"og:locale\" content=\"sv_SE\" \/>\n<meta property=\"og:type\" content=\"article\" \/>\n<meta property=\"og:title\" content=\"Rapport fr\u00e5n \u00e5rsm\u00f6tet 2023 - Kinda\" \/>\n<meta property=\"og:description\" content=\"Idag var sista dagen att h\u00e5lla \u00e5rsm\u00f6te i partiavdelning om stadgarna ska f\u00f6ljas, och det ska de ju! S\u00e5 p\u00e5 eftermiddagen var det dags \u00e4ven o KD Kinda. D\u00e4rf\u00f6r \u00e4r vi glada att Per Larsson, ett av KD:s tv\u00e5 regionr\u00e5d i majoritet kunde komma och ber\u00e4tta om arbetet. Dessutom fick han \u00e4ran att leda \u00e5rsm\u00f6tesf\u00f6rhandlingarna Read More\" \/>\n<meta property=\"og:url\" content=\"https:\/\/wp.kristdemokraterna.se\/kinda\/rapport-fran-arsmotet-2023\/\" \/>\n<meta property=\"og:site_name\" content=\"Kinda\" \/>\n<meta property=\"article:published_time\" content=\"2023-02-26T21:00:17+00:00\" \/>\n<meta property=\"article:modified_time\" content=\"2023-03-10T06:37:48+00:00\" \/>\n<meta property=\"og:image\" content=\"http:\/\/wp.kristdemokraterna.se\/kinda\/files\/2023\/02\/e813a405-7896-43f0-9213-67f7e4186b4c.jpeg\" \/>\n<meta name=\"author\" content=\"kinda\" \/>\n<meta name=\"twitter:card\" content=\"summary_large_image\" \/>\n<meta name=\"twitter:label1\" content=\"Skriven av\" \/>\n\t<meta name=\"twitter:data1\" content=\"kinda\" \/>\n\t<meta name=\"twitter:label2\" content=\"Ber\u00e4knad l\u00e4stid\" \/>\n\t<meta name=\"twitter:data2\" content=\"2 minuter\" \/>\n<script type=\"application\/ld+json\" class=\"yoast-schema-graph\">{\"@context\":\"https:\\\/\\\/schema.org\",\"@graph\":[{\"@type\":\"Article\",\"@id\":\"https:\\\/\\\/wp.kristdemokraterna.se\\\/kinda\\\/rapport-fran-arsmotet-2023\\\/#article\",\"isPartOf\":{\"@id\":\"https:\\\/\\\/wp.kristdemokraterna.se\\\/kinda\\\/rapport-fran-arsmotet-2023\\\/\"},\"author\":{\"name\":\"kinda\",\"@id\":\"https:\\\/\\\/wp.kristdemokraterna.se\\\/kinda\\\/#\\\/schema\\\/person\\\/ef5ee36320cb69418cfcb372eb9fbc7d\"},\"headline\":\"Rapport fr\u00e5n \u00e5rsm\u00f6tet 2023\",\"datePublished\":\"2023-02-26T21:00:17+00:00\",\"dateModified\":\"2023-03-10T06:37:48+00:00\",\"mainEntityOfPage\":{\"@id\":\"https:\\\/\\\/wp.kristdemokraterna.se\\\/kinda\\\/rapport-fran-arsmotet-2023\\\/\"},\"wordCount\":106,\"image\":{\"@id\":\"https:\\\/\\\/wp.kristdemokraterna.se\\\/kinda\\\/rapport-fran-arsmotet-2023\\\/#primaryimage\"},\"thumbnailUrl\":\"http:\\\/\\\/wp.kristdemokraterna.se\\\/kinda\\\/files\\\/2023\\\/02\\\/e813a405-7896-43f0-9213-67f7e4186b4c.jpeg\",\"keywords\":[\"\u00c5rsm\u00f6te\"],\"articleSection\":[\"\u00c5rsm\u00f6te\",\"Inl\u00e4gg\"],\"inLanguage\":\"sv-SE\"},{\"@type\":\"WebPage\",\"@id\":\"https:\\\/\\\/wp.kristdemokraterna.se\\\/kinda\\\/rapport-fran-arsmotet-2023\\\/\",\"url\":\"https:\\\/\\\/wp.kristdemokraterna.se\\\/kinda\\\/rapport-fran-arsmotet-2023\\\/\",\"name\":\"Rapport fr\u00e5n \u00e5rsm\u00f6tet 2023 - Kinda\",\"isPartOf\":{\"@id\":\"https:\\\/\\\/wp.kristdemokraterna.se\\\/kinda\\\/#website\"},\"primaryImageOfPage\":{\"@id\":\"https:\\\/\\\/wp.kristdemokraterna.se\\\/kinda\\\/rapport-fran-arsmotet-2023\\\/#primaryimage\"},\"image\":{\"@id\":\"https:\\\/\\\/wp.kristdemokraterna.se\\\/kinda\\\/rapport-fran-arsmotet-2023\\\/#primaryimage\"},\"thumbnailUrl\":\"http:\\\/\\\/wp.kristdemokraterna.se\\\/kinda\\\/files\\\/2023\\\/02\\\/e813a405-7896-43f0-9213-67f7e4186b4c.jpeg\",\"datePublished\":\"2023-02-26T21:00:17+00:00\",\"dateModified\":\"2023-03-10T06:37:48+00:00\",\"author\":{\"@id\":\"https:\\\/\\\/wp.kristdemokraterna.se\\\/kinda\\\/#\\\/schema\\\/person\\\/ef5ee36320cb69418cfcb372eb9fbc7d\"},\"breadcrumb\":{\"@id\":\"https:\\\/\\\/wp.kristdemokraterna.se\\\/kinda\\\/rapport-fran-arsmotet-2023\\\/#breadcrumb\"},\"inLanguage\":\"sv-SE\",\"potentialAction\":[{\"@type\":\"ReadAction\",\"target\":[\"https:\\\/\\\/wp.kristdemokraterna.se\\\/kinda\\\/rapport-fran-arsmotet-2023\\\/\"]}]},{\"@type\":\"ImageObject\",\"inLanguage\":\"sv-SE\",\"@id\":\"https:\\\/\\\/wp.kristdemokraterna.se\\\/kinda\\\/rapport-fran-arsmotet-2023\\\/#primaryimage\",\"url\":\"http:\\\/\\\/wp.kristdemokraterna.se\\\/kinda\\\/files\\\/2023\\\/02\\\/e813a405-7896-43f0-9213-67f7e4186b4c.jpeg\",\"contentUrl\":\"http:\\\/\\\/wp.kristdemokraterna.se\\\/kinda\\\/files\\\/2023\\\/02\\\/e813a405-7896-43f0-9213-67f7e4186b4c.jpeg\"},{\"@type\":\"BreadcrumbList\",\"@id\":\"https:\\\/\\\/wp.kristdemokraterna.se\\\/kinda\\\/rapport-fran-arsmotet-2023\\\/#breadcrumb\",\"itemListElement\":[{\"@type\":\"ListItem\",\"position\":1,\"name\":\"Hem\",\"item\":\"https:\\\/\\\/wp.kristdemokraterna.se\\\/kinda\\\/\"},{\"@type\":\"ListItem\",\"position\":2,\"name\":\"Rapport fr\u00e5n \u00e5rsm\u00f6tet 2023\"}]},{\"@type\":\"WebSite\",\"@id\":\"https:\\\/\\\/wp.kristdemokraterna.se\\\/kinda\\\/#website\",\"url\":\"https:\\\/\\\/wp.kristdemokraterna.se\\\/kinda\\\/\",\"name\":\"Kinda\",\"description\":\"Kristdemokraterna\",\"inLanguage\":\"sv-SE\"},{\"@type\":\"Person\",\"@id\":\"https:\\\/\\\/wp.kristdemokraterna.se\\\/kinda\\\/#\\\/schema\\\/person\\\/ef5ee36320cb69418cfcb372eb9fbc7d\",\"name\":\"kinda\",\"image\":{\"@type\":\"ImageObject\",\"inLanguage\":\"sv-SE\",\"@id\":\"https:\\\/\\\/secure.gravatar.com\\\/avatar\\\/589f40f78f8838d41db204f39abcea3b0d6abbeb2ac692df62ebf533e560e0eb?s=96&d=mm&r=g\",\"url\":\"https:\\\/\\\/secure.gravatar.com\\\/avatar\\\/589f40f78f8838d41db204f39abcea3b0d6abbeb2ac692df62ebf533e560e0eb?s=96&d=mm&r=g\",\"contentUrl\":\"https:\\\/\\\/secure.gravatar.com\\\/avatar\\\/589f40f78f8838d41db204f39abcea3b0d6abbeb2ac692df62ebf533e560e0eb?s=96&d=mm&r=g\",\"caption\":\"kinda\"},\"url\":\"https:\\\/\\\/wp.kristdemokraterna.se\\\/kinda\\\/author\\\/kinda\\\/\"}]}<\/script>\n<!-- \/ Yoast SEO plugin. -->","yoast_head_json":{"title":"Rapport fr\u00e5n \u00e5rsm\u00f6tet 2023 - Kinda","robots":{"index":"index","follow":"follow","max-snippet":"max-snippet:-1","max-image-preview":"max-image-preview:large","max-video-preview":"max-video-preview:-1"},"canonical":"https:\/\/wp.kristdemokraterna.se\/kinda\/rapport-fran-arsmotet-2023\/","og_locale":"sv_SE","og_type":"article","og_title":"Rapport fr\u00e5n \u00e5rsm\u00f6tet 2023 - Kinda","og_description":"Idag var sista dagen att h\u00e5lla \u00e5rsm\u00f6te i partiavdelning om stadgarna ska f\u00f6ljas, och det ska de ju! S\u00e5 p\u00e5 eftermiddagen var det dags \u00e4ven o KD Kinda. D\u00e4rf\u00f6r \u00e4r vi glada att Per Larsson, ett av KD:s tv\u00e5 regionr\u00e5d i majoritet kunde komma och ber\u00e4tta om arbetet. Dessutom fick han \u00e4ran att leda \u00e5rsm\u00f6tesf\u00f6rhandlingarna Read More","og_url":"https:\/\/wp.kristdemokraterna.se\/kinda\/rapport-fran-arsmotet-2023\/","og_site_name":"Kinda","article_published_time":"2023-02-26T21:00:17+00:00","article_modified_time":"2023-03-10T06:37:48+00:00","og_image":[{"url":"http:\/\/wp.kristdemokraterna.se\/kinda\/files\/2023\/02\/e813a405-7896-43f0-9213-67f7e4186b4c.jpeg","type":"","width":"","height":""}],"author":"kinda","twitter_card":"summary_large_image","twitter_misc":{"Skriven av":"kinda","Ber\u00e4knad l\u00e4stid":"2 minuter"},"schema":{"@context":"https:\/\/schema.org","@graph":[{"@type":"Article","@id":"https:\/\/wp.kristdemokraterna.se\/kinda\/rapport-fran-arsmotet-2023\/#article","isPartOf":{"@id":"https:\/\/wp.kristdemokraterna.se\/kinda\/rapport-fran-arsmotet-2023\/"},"author":{"name":"kinda","@id":"https:\/\/wp.kristdemokraterna.se\/kinda\/#\/schema\/person\/ef5ee36320cb69418cfcb372eb9fbc7d"},"headline":"Rapport fr\u00e5n \u00e5rsm\u00f6tet 2023","datePublished":"2023-02-26T21:00:17+00:00","dateModified":"2023-03-10T06:37:48+00:00","mainEntityOfPage":{"@id":"https:\/\/wp.kristdemokraterna.se\/kinda\/rapport-fran-arsmotet-2023\/"},"wordCount":106,"image":{"@id":"https:\/\/wp.kristdemokraterna.se\/kinda\/rapport-fran-arsmotet-2023\/#primaryimage"},"thumbnailUrl":"http:\/\/wp.kristdemokraterna.se\/kinda\/files\/2023\/02\/e813a405-7896-43f0-9213-67f7e4186b4c.jpeg","keywords":["\u00c5rsm\u00f6te"],"articleSection":["\u00c5rsm\u00f6te","Inl\u00e4gg"],"inLanguage":"sv-SE"},{"@type":"WebPage","@id":"https:\/\/wp.kristdemokraterna.se\/kinda\/rapport-fran-arsmotet-2023\/","url":"https:\/\/wp.kristdemokraterna.se\/kinda\/rapport-fran-arsmotet-2023\/","name":"Rapport fr\u00e5n \u00e5rsm\u00f6tet 2023 - Kinda","isPartOf":{"@id":"https:\/\/wp.kristdemokraterna.se\/kinda\/#website"},"primaryImageOfPage":{"@id":"https:\/\/wp.kristdemokraterna.se\/kinda\/rapport-fran-arsmotet-2023\/#primaryimage"},"image":{"@id":"https:\/\/wp.kristdemokraterna.se\/kinda\/rapport-fran-arsmotet-2023\/#primaryimage"},"thumbnailUrl":"http:\/\/wp.kristdemokraterna.se\/kinda\/files\/2023\/02\/e813a405-7896-43f0-9213-67f7e4186b4c.jpeg","datePublished":"2023-02-26T21:00:17+00:00","dateModified":"2023-03-10T06:37:48+00:00","author":{"@id":"https:\/\/wp.kristdemokraterna.se\/kinda\/#\/schema\/person\/ef5ee36320cb69418cfcb372eb9fbc7d"},"breadcrumb":{"@id":"https:\/\/wp.kristdemokraterna.se\/kinda\/rapport-fran-arsmotet-2023\/#breadcrumb"},"inLanguage":"sv-SE","potentialAction":[{"@type":"ReadAction","target":["https:\/\/wp.kristdemokraterna.se\/kinda\/rapport-fran-arsmotet-2023\/"]}]},{"@type":"ImageObject","inLanguage":"sv-SE","@id":"https:\/\/wp.kristdemokraterna.se\/kinda\/rapport-fran-arsmotet-2023\/#primaryimage","url":"http:\/\/wp.kristdemokraterna.se\/kinda\/files\/2023\/02\/e813a405-7896-43f0-9213-67f7e4186b4c.jpeg","contentUrl":"http:\/\/wp.kristdemokraterna.se\/kinda\/files\/2023\/02\/e813a405-7896-43f0-9213-67f7e4186b4c.jpeg"},{"@type":"BreadcrumbList","@id":"https:\/\/wp.kristdemokraterna.se\/kinda\/rapport-fran-arsmotet-2023\/#breadcrumb","itemListElement":[{"@type":"ListItem","position":1,"name":"Hem","item":"https:\/\/wp.kristdemokraterna.se\/kinda\/"},{"@type":"ListItem","position":2,"name":"Rapport fr\u00e5n \u00e5rsm\u00f6tet 2023"}]},{"@type":"WebSite","@id":"https:\/\/wp.kristdemokraterna.se\/kinda\/#website","url":"https:\/\/wp.kristdemokraterna.se\/kinda\/","name":"Kinda","description":"Kristdemokraterna","inLanguage":"sv-SE"},{"@type":"Person","@id":"https:\/\/wp.kristdemokraterna.se\/kinda\/#\/schema\/person\/ef5ee36320cb69418cfcb372eb9fbc7d","name":"kinda","image":{"@type":"ImageObject","inLanguage":"sv-SE","@id":"https:\/\/secure.gravatar.com\/avatar\/589f40f78f8838d41db204f39abcea3b0d6abbeb2ac692df62ebf533e560e0eb?s=96&d=mm&r=g","url":"https:\/\/secure.gravatar.com\/avatar\/589f40f78f8838d41db204f39abcea3b0d6abbeb2ac692df62ebf533e560e0eb?s=96&d=mm&r=g","contentUrl":"https:\/\/secure.gravatar.com\/avatar\/589f40f78f8838d41db204f39abcea3b0d6abbeb2ac692df62ebf533e560e0eb?s=96&d=mm&r=g","caption":"kinda"},"url":"https:\/\/wp.kristdemokraterna.se\/kinda\/author\/kinda\/"}]}},"_links":{"self":[{"href":"https:\/\/wp.kristdemokraterna.se\/kinda\/wp-json\/wp\/v2\/posts\/561","targetHints":{"allow":["GET"]}}],"collection":[{"href":"https:\/\/wp.kristdemokraterna.se\/kinda\/wp-json\/wp\/v2\/posts"}],"about":[{"href":"https:\/\/wp.kristdemokraterna.se\/kinda\/wp-json\/wp\/v2\/types\/post"}],"author":[{"embeddable":true,"href":"https:\/\/wp.kristdemokraterna.se\/kinda\/wp-json\/wp\/v2\/users\/670"}],"replies":[{"embeddable":true,"href":"https:\/\/wp.kristdemokraterna.se\/kinda\/wp-json\/wp\/v2\/comments?post=561"}],"version-history":[{"count":6,"href":"https:\/\/wp.kristdemokraterna.se\/kinda\/wp-json\/wp\/v2\/posts\/561\/revisions"}],"predecessor-version":[{"id":571,"href":"https:\/\/wp.kristdemokraterna.se\/kinda\/wp-json\/wp\/v2\/posts\/561\/revisions\/571"}],"wp:attachment":[{"href":"https:\/\/wp.kristdemokraterna.se\/kinda\/wp-json\/wp\/v2\/media?parent=561"}],"wp:term":[{"taxonomy":"category","embeddable":true,"href":"https:\/\/wp.kristdemokraterna.se\/kinda\/wp-json\/wp\/v2\/categories?post=561"},{"taxonomy":"post_tag","embeddable":true,"href":"https:\/\/wp.kristdemokraterna.se\/kinda\/wp-json\/wp\/v2\/tags?post=561"}],"curies":[{"name":"wp","href":"https:\/\/api.w.org\/{rel}","templated":true}]}}