{"id":192,"date":"2013-11-19T22:44:13","date_gmt":"2013-11-19T21:44:13","guid":{"rendered":"http:\/\/wp.kristdemokraterna.se\/klippan\/?p=192"},"modified":"2018-08-14T21:52:16","modified_gmt":"2018-08-14T19:52:16","slug":"gemensam-vallokal","status":"publish","type":"post","link":"https:\/\/wp.kristdemokraterna.se\/klippan\/gemensam-vallokal\/","title":{"rendered":"Gemensam vallokal"},"content":{"rendered":"<blockquote><p><span style=\"font-family: Arial\">Under de senaste m\u00e5naderna har f\u00f6retr\u00e4dare f\u00f6r de fyra partierna inom Alliansen tr\u00e4ffats under gemytliga former i syfte att skapa tillit och f\u00f6rtroende som grund f\u00f6r ett fortsatt Alliansstyre i Klippan.<br \/>\n<\/span><span style=\"font-family: Arial\">Kristdemokraterna, Moderaterna och Folkpartiet \u00e4r \u00f6verens om att genomf\u00f6ra valkampanjen tillsammans.\u00a0<\/span><\/p><\/blockquote>\n<p><span style=\"font-family: Arial\">Vi kommer att \u00f6ppna v\u00e5r gemensamma vallokal p\u00e5 Storgatan 44\u00a0<\/span><span style=\"font-family: Arial\">(Old corner) i samband med Julskyltningen den 1\/12.<\/span><\/p>\n<p><strong>F\u00f6r samverkan i Klippan:<\/strong><br \/>\nBodil Andersson (Kd) \u00a0 \u00a0 \u00a0 \u00a0 \u00a0 \u00a0Hans-Bertil Sinclair (M) \u00a0 \u00a0 \u00a0 \u00a0 \u00a0 \u00a0Richard Johansson (Fp)<br \/>\n0739-134539 \u00a0 \u00a0 \u00a0 \u00a0 \u00a0 \u00a0 \u00a0 \u00a0 \u00a0 \u00a0 \u00a0 \u00a0\u00a00734-398715 \u00a0 \u00a0 \u00a0 \u00a0 \u00a0 \u00a0 \u00a0 \u00a0 \u00a0 \u00a0 \u00a0 \u00a0 \u00a0 \u00a00732-454660<br \/>\n<a href=\"http:\/\/wp.kristdemokraterna.se\/klippan\/files\/2013\/11\/logga-KD.jpg\"><img loading=\"lazy\" decoding=\"async\" class=\"alignnone wp-image-193\" src=\"http:\/\/wp.kristdemokraterna.se\/klippan\/files\/2013\/11\/logga-KD.jpg\" alt=\"logga KD\" width=\"100\" height=\"100\" \/><\/a>\u00a0 \u00a0 \u00a0 \u00a0 \u00a0 \u00a0 \u00a0 \u00a0 \u00a0 <a href=\"http:\/\/wp.kristdemokraterna.se\/klippan\/files\/2013\/11\/moderaterna-logga.jpg\"><img loading=\"lazy\" decoding=\"async\" class=\"alignnone wp-image-194\" src=\"http:\/\/wp.kristdemokraterna.se\/klippan\/files\/2013\/11\/moderaterna-logga.jpg\" alt=\"moderaterna logga\" width=\"100\" height=\"100\" srcset=\"https:\/\/wp.kristdemokraterna.se\/klippan\/files\/2013\/11\/moderaterna-logga.jpg 131w, https:\/\/wp.kristdemokraterna.se\/klippan\/files\/2013\/11\/moderaterna-logga-112x112.jpg 112w\" sizes=\"auto, (max-width: 100px) 100vw, 100px\" \/><\/a>\u00a0 \u00a0 \u00a0 \u00a0 \u00a0 \u00a0 \u00a0 \u00a0 \u00a0 \u00a0\u00a0<a href=\"http:\/\/wp.kristdemokraterna.se\/klippan\/files\/2013\/11\/folkpartiet-logga2.jpg\"><img loading=\"lazy\" decoding=\"async\" class=\"alignnone wp-image-198\" src=\"http:\/\/wp.kristdemokraterna.se\/klippan\/files\/2013\/11\/folkpartiet-logga2-150x150.jpg\" alt=\"folkpartiet logga\" width=\"100\" height=\"100\" srcset=\"https:\/\/wp.kristdemokraterna.se\/klippan\/files\/2013\/11\/folkpartiet-logga2-150x150.jpg 150w, https:\/\/wp.kristdemokraterna.se\/klippan\/files\/2013\/11\/folkpartiet-logga2-112x112.jpg 112w, https:\/\/wp.kristdemokraterna.se\/klippan\/files\/2013\/11\/folkpartiet-logga2.jpg 160w\" sizes=\"auto, (max-width: 100px) 100vw, 100px\" \/><\/a><\/p>\n","protected":false},"excerpt":{"rendered":"<p>Under de senaste m\u00e5naderna har f\u00f6retr\u00e4dare f\u00f6r de fyra partierna inom Alliansen tr\u00e4ffats under gemytliga former i syfte att skapa tillit och f\u00f6rtroende som grund f\u00f6r ett fortsatt Alliansstyre i Klippan. Kristdemokraterna, Moderaterna och Folkpartiet \u00e4r \u00f6verens om att genomf\u00f6ra valkampanjen tillsammans.\u00a0 Vi kommer att \u00f6ppna v\u00e5r gemensamma vallokal p\u00e5 Storgatan 44\u00a0(Old corner) i samband <a class=\"read-more-link\" href=\"https:\/\/wp.kristdemokraterna.se\/klippan\/gemensam-vallokal\/\">Read More<\/a><\/p>\n","protected":false},"author":477,"featured_media":0,"comment_status":"closed","ping_status":"closed","sticky":false,"template":"","format":"standard","meta":{"_acf_changed":false,"footnotes":""},"categories":[1],"tags":[],"class_list":["post-192","post","type-post","status-publish","format-standard","hentry","category-okategoriserade"],"acf":[],"yoast_head":"<!-- This site is optimized with the Yoast SEO plugin v27.5 - https:\/\/yoast.com\/product\/yoast-seo-wordpress\/ -->\n<title>Gemensam vallokal - Klippan<\/title>\n<meta name=\"robots\" content=\"index, follow, max-snippet:-1, max-image-preview:large, max-video-preview:-1\" \/>\n<link rel=\"canonical\" href=\"https:\/\/wp.kristdemokraterna.se\/klippan\/gemensam-vallokal\/\" \/>\n<meta property=\"og:locale\" content=\"sv_SE\" \/>\n<meta property=\"og:type\" content=\"article\" \/>\n<meta property=\"og:title\" content=\"Gemensam vallokal - Klippan\" \/>\n<meta property=\"og:description\" content=\"Under de senaste m\u00e5naderna har f\u00f6retr\u00e4dare f\u00f6r de fyra partierna inom Alliansen tr\u00e4ffats under gemytliga former i syfte att skapa tillit och f\u00f6rtroende som grund f\u00f6r ett fortsatt Alliansstyre i Klippan. Kristdemokraterna, Moderaterna och Folkpartiet \u00e4r \u00f6verens om att genomf\u00f6ra valkampanjen tillsammans.\u00a0 Vi kommer att \u00f6ppna v\u00e5r gemensamma vallokal p\u00e5 Storgatan 44\u00a0(Old corner) i samband Read More\" \/>\n<meta property=\"og:url\" content=\"https:\/\/wp.kristdemokraterna.se\/klippan\/gemensam-vallokal\/\" \/>\n<meta property=\"og:site_name\" content=\"Klippan\" \/>\n<meta property=\"article:published_time\" content=\"2013-11-19T21:44:13+00:00\" \/>\n<meta property=\"article:modified_time\" content=\"2018-08-14T19:52:16+00:00\" \/>\n<meta property=\"og:image\" content=\"http:\/\/wp.kristdemokraterna.se\/klippan\/files\/2013\/11\/logga-KD.jpg\" \/>\n<meta name=\"author\" content=\"klippan\" \/>\n<meta name=\"twitter:card\" content=\"summary_large_image\" \/>\n<meta name=\"twitter:label1\" content=\"Skriven av\" \/>\n\t<meta name=\"twitter:data1\" content=\"klippan\" \/>\n<script type=\"application\/ld+json\" class=\"yoast-schema-graph\">{\"@context\":\"https:\\\/\\\/schema.org\",\"@graph\":[{\"@type\":\"Article\",\"@id\":\"https:\\\/\\\/wp.kristdemokraterna.se\\\/klippan\\\/gemensam-vallokal\\\/#article\",\"isPartOf\":{\"@id\":\"https:\\\/\\\/wp.kristdemokraterna.se\\\/klippan\\\/gemensam-vallokal\\\/\"},\"author\":{\"name\":\"klippan\",\"@id\":\"https:\\\/\\\/wp.kristdemokraterna.se\\\/klippan\\\/#\\\/schema\\\/person\\\/7d98c45cdb8f672d1f67ceac8bb6f68f\"},\"headline\":\"Gemensam vallokal\",\"datePublished\":\"2013-11-19T21:44:13+00:00\",\"dateModified\":\"2018-08-14T19:52:16+00:00\",\"mainEntityOfPage\":{\"@id\":\"https:\\\/\\\/wp.kristdemokraterna.se\\\/klippan\\\/gemensam-vallokal\\\/\"},\"wordCount\":86,\"image\":{\"@id\":\"https:\\\/\\\/wp.kristdemokraterna.se\\\/klippan\\\/gemensam-vallokal\\\/#primaryimage\"},\"thumbnailUrl\":\"http:\\\/\\\/wp.kristdemokraterna.se\\\/klippan\\\/files\\\/2013\\\/11\\\/logga-KD.jpg\",\"inLanguage\":\"sv-SE\"},{\"@type\":\"WebPage\",\"@id\":\"https:\\\/\\\/wp.kristdemokraterna.se\\\/klippan\\\/gemensam-vallokal\\\/\",\"url\":\"https:\\\/\\\/wp.kristdemokraterna.se\\\/klippan\\\/gemensam-vallokal\\\/\",\"name\":\"Gemensam vallokal - Klippan\",\"isPartOf\":{\"@id\":\"https:\\\/\\\/wp.kristdemokraterna.se\\\/klippan\\\/#website\"},\"primaryImageOfPage\":{\"@id\":\"https:\\\/\\\/wp.kristdemokraterna.se\\\/klippan\\\/gemensam-vallokal\\\/#primaryimage\"},\"image\":{\"@id\":\"https:\\\/\\\/wp.kristdemokraterna.se\\\/klippan\\\/gemensam-vallokal\\\/#primaryimage\"},\"thumbnailUrl\":\"http:\\\/\\\/wp.kristdemokraterna.se\\\/klippan\\\/files\\\/2013\\\/11\\\/logga-KD.jpg\",\"datePublished\":\"2013-11-19T21:44:13+00:00\",\"dateModified\":\"2018-08-14T19:52:16+00:00\",\"author\":{\"@id\":\"https:\\\/\\\/wp.kristdemokraterna.se\\\/klippan\\\/#\\\/schema\\\/person\\\/7d98c45cdb8f672d1f67ceac8bb6f68f\"},\"breadcrumb\":{\"@id\":\"https:\\\/\\\/wp.kristdemokraterna.se\\\/klippan\\\/gemensam-vallokal\\\/#breadcrumb\"},\"inLanguage\":\"sv-SE\",\"potentialAction\":[{\"@type\":\"ReadAction\",\"target\":[\"https:\\\/\\\/wp.kristdemokraterna.se\\\/klippan\\\/gemensam-vallokal\\\/\"]}]},{\"@type\":\"ImageObject\",\"inLanguage\":\"sv-SE\",\"@id\":\"https:\\\/\\\/wp.kristdemokraterna.se\\\/klippan\\\/gemensam-vallokal\\\/#primaryimage\",\"url\":\"https:\\\/\\\/wp.kristdemokraterna.se\\\/klippan\\\/files\\\/2013\\\/11\\\/logga-KD.jpg\",\"contentUrl\":\"https:\\\/\\\/wp.kristdemokraterna.se\\\/klippan\\\/files\\\/2013\\\/11\\\/logga-KD.jpg\",\"width\":90,\"height\":90},{\"@type\":\"BreadcrumbList\",\"@id\":\"https:\\\/\\\/wp.kristdemokraterna.se\\\/klippan\\\/gemensam-vallokal\\\/#breadcrumb\",\"itemListElement\":[{\"@type\":\"ListItem\",\"position\":1,\"name\":\"Hem\",\"item\":\"https:\\\/\\\/wp.kristdemokraterna.se\\\/klippan\\\/\"},{\"@type\":\"ListItem\",\"position\":2,\"name\":\"Gemensam vallokal\"}]},{\"@type\":\"WebSite\",\"@id\":\"https:\\\/\\\/wp.kristdemokraterna.se\\\/klippan\\\/#website\",\"url\":\"https:\\\/\\\/wp.kristdemokraterna.se\\\/klippan\\\/\",\"name\":\"Klippan\",\"description\":\"En till Kristdemokraterna webbplats\",\"inLanguage\":\"sv-SE\"},{\"@type\":\"Person\",\"@id\":\"https:\\\/\\\/wp.kristdemokraterna.se\\\/klippan\\\/#\\\/schema\\\/person\\\/7d98c45cdb8f672d1f67ceac8bb6f68f\",\"name\":\"klippan\",\"image\":{\"@type\":\"ImageObject\",\"inLanguage\":\"sv-SE\",\"@id\":\"https:\\\/\\\/secure.gravatar.com\\\/avatar\\\/c15534d9060eae6804b69ce13a7b0a1c3dbc2100970b48ddfd5782623228b696?s=96&r=g\",\"url\":\"https:\\\/\\\/secure.gravatar.com\\\/avatar\\\/c15534d9060eae6804b69ce13a7b0a1c3dbc2100970b48ddfd5782623228b696?s=96&r=g\",\"contentUrl\":\"https:\\\/\\\/secure.gravatar.com\\\/avatar\\\/c15534d9060eae6804b69ce13a7b0a1c3dbc2100970b48ddfd5782623228b696?s=96&r=g\",\"caption\":\"klippan\"},\"url\":\"https:\\\/\\\/wp.kristdemokraterna.se\\\/klippan\\\/author\\\/klippan\\\/\"}]}<\/script>\n<!-- \/ Yoast SEO plugin. -->","yoast_head_json":{"title":"Gemensam vallokal - Klippan","robots":{"index":"index","follow":"follow","max-snippet":"max-snippet:-1","max-image-preview":"max-image-preview:large","max-video-preview":"max-video-preview:-1"},"canonical":"https:\/\/wp.kristdemokraterna.se\/klippan\/gemensam-vallokal\/","og_locale":"sv_SE","og_type":"article","og_title":"Gemensam vallokal - Klippan","og_description":"Under de senaste m\u00e5naderna har f\u00f6retr\u00e4dare f\u00f6r de fyra partierna inom Alliansen tr\u00e4ffats under gemytliga former i syfte att skapa tillit och f\u00f6rtroende som grund f\u00f6r ett fortsatt Alliansstyre i Klippan. Kristdemokraterna, Moderaterna och Folkpartiet \u00e4r \u00f6verens om att genomf\u00f6ra valkampanjen tillsammans.\u00a0 Vi kommer att \u00f6ppna v\u00e5r gemensamma vallokal p\u00e5 Storgatan 44\u00a0(Old corner) i samband Read More","og_url":"https:\/\/wp.kristdemokraterna.se\/klippan\/gemensam-vallokal\/","og_site_name":"Klippan","article_published_time":"2013-11-19T21:44:13+00:00","article_modified_time":"2018-08-14T19:52:16+00:00","og_image":[{"url":"http:\/\/wp.kristdemokraterna.se\/klippan\/files\/2013\/11\/logga-KD.jpg","type":"","width":"","height":""}],"author":"klippan","twitter_card":"summary_large_image","twitter_misc":{"Skriven av":"klippan"},"schema":{"@context":"https:\/\/schema.org","@graph":[{"@type":"Article","@id":"https:\/\/wp.kristdemokraterna.se\/klippan\/gemensam-vallokal\/#article","isPartOf":{"@id":"https:\/\/wp.kristdemokraterna.se\/klippan\/gemensam-vallokal\/"},"author":{"name":"klippan","@id":"https:\/\/wp.kristdemokraterna.se\/klippan\/#\/schema\/person\/7d98c45cdb8f672d1f67ceac8bb6f68f"},"headline":"Gemensam vallokal","datePublished":"2013-11-19T21:44:13+00:00","dateModified":"2018-08-14T19:52:16+00:00","mainEntityOfPage":{"@id":"https:\/\/wp.kristdemokraterna.se\/klippan\/gemensam-vallokal\/"},"wordCount":86,"image":{"@id":"https:\/\/wp.kristdemokraterna.se\/klippan\/gemensam-vallokal\/#primaryimage"},"thumbnailUrl":"http:\/\/wp.kristdemokraterna.se\/klippan\/files\/2013\/11\/logga-KD.jpg","inLanguage":"sv-SE"},{"@type":"WebPage","@id":"https:\/\/wp.kristdemokraterna.se\/klippan\/gemensam-vallokal\/","url":"https:\/\/wp.kristdemokraterna.se\/klippan\/gemensam-vallokal\/","name":"Gemensam vallokal - Klippan","isPartOf":{"@id":"https:\/\/wp.kristdemokraterna.se\/klippan\/#website"},"primaryImageOfPage":{"@id":"https:\/\/wp.kristdemokraterna.se\/klippan\/gemensam-vallokal\/#primaryimage"},"image":{"@id":"https:\/\/wp.kristdemokraterna.se\/klippan\/gemensam-vallokal\/#primaryimage"},"thumbnailUrl":"http:\/\/wp.kristdemokraterna.se\/klippan\/files\/2013\/11\/logga-KD.jpg","datePublished":"2013-11-19T21:44:13+00:00","dateModified":"2018-08-14T19:52:16+00:00","author":{"@id":"https:\/\/wp.kristdemokraterna.se\/klippan\/#\/schema\/person\/7d98c45cdb8f672d1f67ceac8bb6f68f"},"breadcrumb":{"@id":"https:\/\/wp.kristdemokraterna.se\/klippan\/gemensam-vallokal\/#breadcrumb"},"inLanguage":"sv-SE","potentialAction":[{"@type":"ReadAction","target":["https:\/\/wp.kristdemokraterna.se\/klippan\/gemensam-vallokal\/"]}]},{"@type":"ImageObject","inLanguage":"sv-SE","@id":"https:\/\/wp.kristdemokraterna.se\/klippan\/gemensam-vallokal\/#primaryimage","url":"https:\/\/wp.kristdemokraterna.se\/klippan\/files\/2013\/11\/logga-KD.jpg","contentUrl":"https:\/\/wp.kristdemokraterna.se\/klippan\/files\/2013\/11\/logga-KD.jpg","width":90,"height":90},{"@type":"BreadcrumbList","@id":"https:\/\/wp.kristdemokraterna.se\/klippan\/gemensam-vallokal\/#breadcrumb","itemListElement":[{"@type":"ListItem","position":1,"name":"Hem","item":"https:\/\/wp.kristdemokraterna.se\/klippan\/"},{"@type":"ListItem","position":2,"name":"Gemensam vallokal"}]},{"@type":"WebSite","@id":"https:\/\/wp.kristdemokraterna.se\/klippan\/#website","url":"https:\/\/wp.kristdemokraterna.se\/klippan\/","name":"Klippan","description":"En till Kristdemokraterna webbplats","inLanguage":"sv-SE"},{"@type":"Person","@id":"https:\/\/wp.kristdemokraterna.se\/klippan\/#\/schema\/person\/7d98c45cdb8f672d1f67ceac8bb6f68f","name":"klippan","image":{"@type":"ImageObject","inLanguage":"sv-SE","@id":"https:\/\/secure.gravatar.com\/avatar\/c15534d9060eae6804b69ce13a7b0a1c3dbc2100970b48ddfd5782623228b696?s=96&r=g","url":"https:\/\/secure.gravatar.com\/avatar\/c15534d9060eae6804b69ce13a7b0a1c3dbc2100970b48ddfd5782623228b696?s=96&r=g","contentUrl":"https:\/\/secure.gravatar.com\/avatar\/c15534d9060eae6804b69ce13a7b0a1c3dbc2100970b48ddfd5782623228b696?s=96&r=g","caption":"klippan"},"url":"https:\/\/wp.kristdemokraterna.se\/klippan\/author\/klippan\/"}]}},"_links":{"self":[{"href":"https:\/\/wp.kristdemokraterna.se\/klippan\/wp-json\/wp\/v2\/posts\/192","targetHints":{"allow":["GET"]}}],"collection":[{"href":"https:\/\/wp.kristdemokraterna.se\/klippan\/wp-json\/wp\/v2\/posts"}],"about":[{"href":"https:\/\/wp.kristdemokraterna.se\/klippan\/wp-json\/wp\/v2\/types\/post"}],"author":[{"embeddable":true,"href":"https:\/\/wp.kristdemokraterna.se\/klippan\/wp-json\/wp\/v2\/users\/477"}],"replies":[{"embeddable":true,"href":"https:\/\/wp.kristdemokraterna.se\/klippan\/wp-json\/wp\/v2\/comments?post=192"}],"version-history":[{"count":5,"href":"https:\/\/wp.kristdemokraterna.se\/klippan\/wp-json\/wp\/v2\/posts\/192\/revisions"}],"predecessor-version":[{"id":898,"href":"https:\/\/wp.kristdemokraterna.se\/klippan\/wp-json\/wp\/v2\/posts\/192\/revisions\/898"}],"wp:attachment":[{"href":"https:\/\/wp.kristdemokraterna.se\/klippan\/wp-json\/wp\/v2\/media?parent=192"}],"wp:term":[{"taxonomy":"category","embeddable":true,"href":"https:\/\/wp.kristdemokraterna.se\/klippan\/wp-json\/wp\/v2\/categories?post=192"},{"taxonomy":"post_tag","embeddable":true,"href":"https:\/\/wp.kristdemokraterna.se\/klippan\/wp-json\/wp\/v2\/tags?post=192"}],"curies":[{"name":"wp","href":"https:\/\/api.w.org\/{rel}","templated":true}]}}